{"id":412,"date":"2013-12-04T10:00:39","date_gmt":"2013-12-04T12:00:39","guid":{"rendered":"http:\/\/cfcontabil.com\/cf\/?p=412"},"modified":"2013-12-04T10:00:39","modified_gmt":"2013-12-04T12:00:39","slug":"agendamento-da-opcao-pelo-simples-nacional-2014","status":"publish","type":"post","link":"http:\/\/cfcontabil.com\/cf\/agendamento-da-opcao-pelo-simples-nacional-2014\/","title":{"rendered":"Agendamento da Op\u00e7\u00e3o pelo Simples Nacional 2014"},"content":{"rendered":"<p style=\"text-align: justify\">Bom dia, prezados!<\/p>\n<p style=\"text-align: justify\">O recado hoje \u00e9 bem r\u00e1pido. Gostar\u00edamos de lembr\u00e1-los que <strong>j\u00e1\u00a0est\u00e1 dispon\u00edvel o servi\u00e7o de agendamento da op\u00e7\u00e3o pelo Simples Nacional para o ano-calend\u00e1rio 2014.\u00a0<\/strong><\/p>\n<p><img data-recalc-dims=\"1\" height=\"3001\" width=\"300\" decoding=\"async\" class=\"aligncenter\" alt=\"\" src=\"https:\/\/i0.wp.com\/www.mauronegruni.com.br\/wp-content\/uploads\/2013\/09\/simplesNacional2192-300x3001.jpg?resize=300%2C3001\" \/><\/p>\n<p>&nbsp;<\/p>\n<p>Confira maiores detalhes!<\/p>\n<p style=\"text-align: justify\"><!--more--><\/p>\n<p style=\"text-align: center\"><strong>Agendamento para o ano-calend\u00e1rio 2014<\/strong><\/p>\n<p style=\"text-align: justify\">Conforme \u00e9 explicado pela Receita Federal, esse servi\u00e7o objetiva facilitar o processo de ingresso no regime tribut\u00e1rio simplificado Simples Nacional. Assim o contribuinte pode manifestar o seu interesse pela op\u00e7\u00e3o para o ano subsequente, antecipando as verifica\u00e7\u00f5es de pend\u00eancias impeditivas ao ingresso no Regime. Dessa forma, o contribuinte poder\u00e1 dispor de mais tempo para regularizar as pend\u00eancias porventura identificadas.<\/p>\n<p style=\"text-align: justify\">A funcionalidade est\u00e1 dispon\u00edvel para o p\u00fablico desde o dia 1\u00ba (primeiro) de novembro, <strong>permanecendo no ar at\u00e9 o \u00faltimo dia \u00fatil de dezembro de 2013<\/strong>.\u00a0Pode ser feito pelas empresas ainda n\u00e3o optantes por meio do <a title=\"Portal Simples Nacional\" href=\"http:\/\/www8.receita.fazenda.gov.br\/SimplesNacional\/\" target=\"_blank\" rel=\"noopener noreferrer\">Portal do Simples Nacional<\/a>, na coluna \u00e0 direita do sitio da Receita. Basta clicar em &#8220;Simples &#8211; Servi\u00e7os&#8221;, &#8220;Op\u00e7\u00e3o&#8221;, &#8220;Agendamento de Op\u00e7\u00e3o pelo Simples Nacional&#8221;.<\/p>\n<p style=\"text-align: justify\">N\u00e3o havendo pend\u00eancias, a solicita\u00e7\u00e3o de op\u00e7\u00e3o para 2014 j\u00e1 estar\u00e1 confirmada. No dia 1\u00ba\u00a0(primeiro) de janeiro de 2014, ser\u00e1 gerado o registro da op\u00e7\u00e3o pelo Simples Nacional, automaticamente.<\/p>\n<p style=\"text-align: justify\">Caso sejam identificadas pend\u00eancias, o agendamento n\u00e3o ser\u00e1 aceito. O contribuinte poder\u00e1 regularizar essas pend\u00eancias e proceder com um novo agendamento at\u00e9\u00a0o pen\u00faltimo dia \u00fatil de dezembro deste ano. Ap\u00f3s este prazo, a empresa ainda poder\u00e1 solicitar a op\u00e7\u00e3o pelo Simples Nacional at\u00e9 o \u00faltimo dia \u00fatil do m\u00eas de janeiro.<\/p>\n<p style=\"text-align: justify\">No mesmo per\u00edodo do agendamento, \u00e9 poss\u00edvel o cancelamento do agendamento da op\u00e7\u00e3o por meio de aplicativo disponibilizado no Portal do Simples Nacional.<\/p>\n<p style=\"text-align: justify\">Vale frisar que n\u00e3o haver\u00e1 agendamento para <a title=\"Portal do Empreendedor\" href=\"http:\/\/www.portaldoempreendedor.gov.br\/\" target=\"_blank\" rel=\"noopener noreferrer\">op\u00e7\u00e3o pelo SIMEI<\/a>, bem como n\u00e3o haver\u00e1 agendamento para empresas em in\u00edcio de atividade.<\/p>\n<p style=\"text-align: justify\">O m\u00eas de op\u00e7\u00e3o pelo Simples caso o agendamento <strong>n\u00e3o se confirme<\/strong> em 2014 ser\u00e1 em <strong>janeiro de 2015<\/strong>.<\/p>\n<p><img data-recalc-dims=\"1\" decoding=\"async\" class=\"aligncenter\" alt=\"\" src=\"https:\/\/i0.wp.com\/www.exactus.com.br\/wp-content\/uploads\/2012\/11\/simples_nacional.jpg?w=1170\" \/><\/p>\n<p style=\"text-align: justify\"><span style=\"font-size: 10px\"><em>Fonte: RFB<\/em><\/span><\/p>\n","protected":false},"excerpt":{"rendered":"<p>Bom dia, prezados! O recado hoje \u00e9 bem r\u00e1pido. Gostar\u00edamos de lembr\u00e1-los que j\u00e1\u00a0est\u00e1 dispon\u00edvel o servi\u00e7o de agendamento da op\u00e7\u00e3o pelo Simples Nacional para o ano-calend\u00e1rio 2014.\u00a0 &nbsp; Confira maiores detalhes!<\/p>\n","protected":false},"author":2,"featured_media":0,"comment_status":"open","ping_status":"open","sticky":false,"template":"","format":"standard","meta":{"jetpack_post_was_ever_published":false,"_jetpack_newsletter_access":"","_jetpack_dont_email_post_to_subs":false,"_jetpack_newsletter_tier_id":0,"_jetpack_memberships_contains_paywalled_content":false,"_jetpack_memberships_contains_paid_content":false,"footnotes":"","jetpack_publicize_message":"","jetpack_publicize_feature_enabled":true,"jetpack_social_post_already_shared":true,"jetpack_social_options":{"image_generator_settings":{"template":"highway","default_image_id":0,"font":"","enabled":false},"version":2}},"categories":[69,46,22],"tags":[21,128,36,129,130,131],"class_list":["post-412","post","type-post","status-publish","format-standard","hentry","category-contabilidade-2","category-df","category-geral","tag-contabilidade","tag-escrita-fiscal","tag-receita-federal","tag-regime-especial","tag-simples-nacional","tag-tributacao"],"jetpack_publicize_connections":[],"jetpack_featured_media_url":"","jetpack_sharing_enabled":true,"jetpack_shortlink":"https:\/\/wp.me\/p2wklX-6E","jetpack-related-posts":[{"id":1208,"url":"http:\/\/cfcontabil.com\/cf\/opcao-para-2017-simples-nacional-simei\/","url_meta":{"origin":412,"position":0},"title":"Op\u00e7\u00e3o Para 2017: SIMPLES NACIONAL &#8211; SIMEI","author":"Ab\u00edlio Gon\u00e7alves","date":"16 de janeiro de 2017","format":false,"excerpt":"O prazo de op\u00e7\u00e3o pelo regime do \u201cSimples Nacional\u201d e do \u201cSIMEI\u201d encerrar\u00e1 no dia 31.01.2017. A op\u00e7\u00e3o poder\u00e1 ser realizada para o contribuinte que se enquadrar nas defini\u00e7\u00f5es do artigo 3\u00b0 da Lei Complementar n\u00b0 123\/2006 e n\u00e3o se enquadrar nas veda\u00e7\u00f5es listadas no artigo 17. O local para\u2026","rel":"","context":"Em &quot;Departamento Fiscal&quot;","block_context":{"text":"Departamento Fiscal","link":"http:\/\/cfcontabil.com\/cf\/category\/df\/"},"img":{"alt_text":"","src":"https:\/\/i0.wp.com\/jornalocal.com.br\/site\/wp-content\/uploads\/2012\/01\/2012_01_3108_09_0431493simplesncaional.jpg?resize=350%2C200","width":350,"height":200},"classes":[]},{"id":2047,"url":"http:\/\/cfcontabil.com\/cf\/empresas-que-nao-regularizaram-pendencias-sao-excluidas-do-simples\/","url_meta":{"origin":412,"position":1},"title":"Empresas que n\u00e3o regularizaram pend\u00eancias s\u00e3o exclu\u00eddas do Simples","author":"Ab\u00edlio Gon\u00e7alves","date":"14 de janeiro de 2020","format":false,"excerpt":"Contribuinte que resolver situa\u00e7\u00e3o poder\u00e1 pedir reinclus\u00e3o no regime As micro e pequenas empresas que n\u00e3o regularizaram as pend\u00eancias com o Simples Nacional \u2013 regime tribut\u00e1rio especial para pequenos neg\u00f3cios \u2013 foram exclu\u00eddas do programa no in\u00edcio de 2020 (dia 1\u00ba). Elas ter\u00e3o at\u00e9 31 de janeiro para resolverem a\u2026","rel":"","context":"Em \"Exclus\u00e3o\"","block_context":{"text":"Exclus\u00e3o","link":"http:\/\/cfcontabil.com\/cf\/tag\/exclusao\/"},"img":{"alt_text":"","src":"https:\/\/i0.wp.com\/cfcontabil.com\/cf\/wp-content\/uploads\/2020\/01\/exclusao-simples-nacional.jpg?fit=600%2C310&resize=350%2C200","width":350,"height":200,"srcset":"https:\/\/i0.wp.com\/cfcontabil.com\/cf\/wp-content\/uploads\/2020\/01\/exclusao-simples-nacional.jpg?fit=600%2C310&resize=350%2C200 1x, https:\/\/i0.wp.com\/cfcontabil.com\/cf\/wp-content\/uploads\/2020\/01\/exclusao-simples-nacional.jpg?fit=600%2C310&resize=525%2C300 1.5x"},"classes":[]},{"id":2401,"url":"http:\/\/cfcontabil.com\/cf\/pequenas-empresas-tem-ate-o-dia-29-de-janeiro-para-aderir-ao-simples-nacional\/","url_meta":{"origin":412,"position":2},"title":"Pequenas empresas t\u00eam at\u00e9 o dia 29 de janeiro para aderir ao Simples Nacional","author":"Ab\u00edlio Gon\u00e7alves","date":"12 de janeiro de 2021","format":false,"excerpt":"Solicita\u00e7\u00e3o \u00e9 realizada somente pela internet e pode ser feita tanto por empresas j\u00e1 em atividade como para as que est\u00e3o em in\u00edcio de funcionamento. As microempresas e empresas de pequeno porte t\u00eam at\u00e9 o dia 29 de janeiro para optar pelo regime tribut\u00e1rio do Simples Nacional. A solicita\u00e7\u00e3o pode\u2026","rel":"","context":"Em &quot;Contabilidade em geral&quot;","block_context":{"text":"Contabilidade em geral","link":"http:\/\/cfcontabil.com\/cf\/category\/contabilidade-2\/"},"img":{"alt_text":"","src":"https:\/\/i0.wp.com\/cfcontabil.com\/cf\/wp-content\/uploads\/2020\/11\/Simples_Blog.jpg.600x335_q85_box-022957556_crop_detail.jpg?fit=600%2C335&resize=350%2C200","width":350,"height":200,"srcset":"https:\/\/i0.wp.com\/cfcontabil.com\/cf\/wp-content\/uploads\/2020\/11\/Simples_Blog.jpg.600x335_q85_box-022957556_crop_detail.jpg?fit=600%2C335&resize=350%2C200 1x, https:\/\/i0.wp.com\/cfcontabil.com\/cf\/wp-content\/uploads\/2020\/11\/Simples_Blog.jpg.600x335_q85_box-022957556_crop_detail.jpg?fit=600%2C335&resize=525%2C300 1.5x"},"classes":[]},{"id":861,"url":"http:\/\/cfcontabil.com\/cf\/opcao-pelo-simples-nacional\/","url_meta":{"origin":412,"position":3},"title":"Op\u00e7\u00e3o pelo Simples Nacional","author":"Ab\u00edlio Gon\u00e7alves","date":"23 de janeiro de 2017","format":false,"excerpt":"Podem optar pelo Simples Nacional as microempresas (ME) e empresas de pequeno porte (EPP) que n\u00e3o incorram em nenhuma das veda\u00e7\u00f5es previstas na Lei Complementar 123, de 2006. A empresa poder\u00e1 fazer novo pedido de op\u00e7\u00e3o pelo Simples Nacional at\u00e9 o dia 31\/01\/2017. Conhe\u00e7a os detalhes previstos para a situa\u00e7\u00e3o\u2026","rel":"","context":"Em &quot;Consultoria Empresarial&quot;","block_context":{"text":"Consultoria Empresarial","link":"http:\/\/cfcontabil.com\/cf\/category\/consultoria\/"},"img":{"alt_text":"","src":"https:\/\/i0.wp.com\/cfcontabil.com\/cf\/wp-content\/uploads\/2017\/01\/simples-1.jpg?fit=520%2C271&resize=350%2C200","width":350,"height":200},"classes":[]},{"id":1950,"url":"http:\/\/cfcontabil.com\/cf\/pequenos-devem-regularizar-debitos-com-a-receita\/","url_meta":{"origin":412,"position":4},"title":"Pequenos devem regularizar d\u00e9bitos com a Receita","author":"Ab\u00edlio Gon\u00e7alves","date":"27 de novembro de 2019","format":false,"excerpt":"Empresas optantes pelo Simples Nacional com irregularidades t\u00eam at\u00e9 30 dias para quitar d\u00edvidas. Exclus\u00e3o ter\u00e1 efeitos a partir de 2020 A Receita Federal notifica micro e pequenas empresas optantes pelo Simples Nacional com d\u00e9bitos junto \u00e0 Secretaria Especial da Receita Federal ou \u00e0 Procuradoria-Geral da Fazenda Nacional. Ap\u00f3s conhecimento\u2026","rel":"","context":"Em &quot;Departamento Fiscal&quot;","block_context":{"text":"Departamento Fiscal","link":"http:\/\/cfcontabil.com\/cf\/category\/df\/"},"img":{"alt_text":"","src":"https:\/\/i0.wp.com\/cfcontabil.com\/cf\/wp-content\/uploads\/2019\/11\/simples-nacional-empresa.jpg?fit=660%2C350&resize=350%2C200","width":350,"height":200,"srcset":"https:\/\/i0.wp.com\/cfcontabil.com\/cf\/wp-content\/uploads\/2019\/11\/simples-nacional-empresa.jpg?fit=660%2C350&resize=350%2C200 1x, https:\/\/i0.wp.com\/cfcontabil.com\/cf\/wp-content\/uploads\/2019\/11\/simples-nacional-empresa.jpg?fit=660%2C350&resize=525%2C300 1.5x"},"classes":[]},{"id":1869,"url":"http:\/\/cfcontabil.com\/cf\/receita-federal-ameaca-17-mil-empresas-por-dividas-no-df\/","url_meta":{"origin":412,"position":5},"title":"Receita Federal amea\u00e7a 17 mil empresas por d\u00edvidas no DF","author":"Ab\u00edlio Gon\u00e7alves","date":"11 de novembro de 2019","format":false,"excerpt":"Inadimpl\u00eancia deve ser quitada at\u00e9 fim do ano para que empresariado n\u00e3o seja for\u00e7ado a deixar o Simples Nacional e ver riscos ao neg\u00f3cio Receita Federal\u00a0decidiu mirar em 17.304 microempresas e empresas de pequeno porte do Distrito Federal que optaram pelo sistema\u00a0Simples Nacional\u00a0e mant\u00eam d\u00edvidas com o Fisco nacional. A\u2026","rel":"","context":"Em &quot;Departamento Fiscal&quot;","block_context":{"text":"Departamento Fiscal","link":"http:\/\/cfcontabil.com\/cf\/category\/df\/"},"img":{"alt_text":"","src":"https:\/\/i0.wp.com\/cfcontabil.com\/cf\/wp-content\/uploads\/2017\/02\/receita-federal-1-1.png?fit=702%2C325&resize=350%2C200","width":350,"height":200,"srcset":"https:\/\/i0.wp.com\/cfcontabil.com\/cf\/wp-content\/uploads\/2017\/02\/receita-federal-1-1.png?fit=702%2C325&resize=350%2C200 1x, https:\/\/i0.wp.com\/cfcontabil.com\/cf\/wp-content\/uploads\/2017\/02\/receita-federal-1-1.png?fit=702%2C325&resize=525%2C300 1.5x, https:\/\/i0.wp.com\/cfcontabil.com\/cf\/wp-content\/uploads\/2017\/02\/receita-federal-1-1.png?fit=702%2C325&resize=700%2C400 2x"},"classes":[]}],"jetpack_likes_enabled":true,"_links":{"self":[{"href":"http:\/\/cfcontabil.com\/cf\/wp-json\/wp\/v2\/posts\/412","targetHints":{"allow":["GET"]}}],"collection":[{"href":"http:\/\/cfcontabil.com\/cf\/wp-json\/wp\/v2\/posts"}],"about":[{"href":"http:\/\/cfcontabil.com\/cf\/wp-json\/wp\/v2\/types\/post"}],"author":[{"embeddable":true,"href":"http:\/\/cfcontabil.com\/cf\/wp-json\/wp\/v2\/users\/2"}],"replies":[{"embeddable":true,"href":"http:\/\/cfcontabil.com\/cf\/wp-json\/wp\/v2\/comments?post=412"}],"version-history":[{"count":0,"href":"http:\/\/cfcontabil.com\/cf\/wp-json\/wp\/v2\/posts\/412\/revisions"}],"wp:attachment":[{"href":"http:\/\/cfcontabil.com\/cf\/wp-json\/wp\/v2\/media?parent=412"}],"wp:term":[{"taxonomy":"category","embeddable":true,"href":"http:\/\/cfcontabil.com\/cf\/wp-json\/wp\/v2\/categories?post=412"},{"taxonomy":"post_tag","embeddable":true,"href":"http:\/\/cfcontabil.com\/cf\/wp-json\/wp\/v2\/tags?post=412"}],"curies":[{"name":"wp","href":"https:\/\/api.w.org\/{rel}","templated":true}]}}