{"id":416,"date":"2013-12-05T10:35:25","date_gmt":"2013-12-05T12:35:25","guid":{"rendered":"http:\/\/cfcontabil.com\/cf\/?p=416"},"modified":"2013-12-05T10:35:25","modified_gmt":"2013-12-05T12:35:25","slug":"valorizeocontador","status":"publish","type":"post","link":"http:\/\/cfcontabil.com\/cf\/valorizeocontador\/","title":{"rendered":"#ValorizeOContador"},"content":{"rendered":"<p><img data-recalc-dims=\"1\" decoding=\"async\" alt=\"\" src=\"https:\/\/i0.wp.com\/fbcdn-sphotos-a-a.akamaihd.net\/hphotos-ak-frc3\/1480710_243928282432593_1725187483_n.jpg?w=580&#038;ssl=1\"  \/><\/p>\n<p style=\"text-align: center;\"><strong>Hoje a partir das 16h vamos todos participar do Twitta\u00e7o #ValorizeOContador!<\/strong><\/p>\n<p><strong><img data-recalc-dims=\"1\" decoding=\"async\" alt=\"\" src=\"https:\/\/i0.wp.com\/fbcdn-sphotos-f-a.akamaihd.net\/hphotos-ak-frc1\/1457515_243930579099030_1952845362_n.jpg?w=580&#038;ssl=1\"  \/>\u00a0<\/strong><\/p>\n<p style=\"text-align: center;\"><span style=\"font-size: 14px;\"><strong>E deixe uma mensagem valorizando o trabalho da contabilidade!<\/strong><\/span><\/p>\n<p><span style=\"font-size: 14px;\"><strong><img data-recalc-dims=\"1\" decoding=\"async\" alt=\"\" src=\"https:\/\/i0.wp.com\/fbcdn-sphotos-b-a.akamaihd.net\/hphotos-ak-prn2\/1471272_244546635704091_800845820_n.jpg?w=580&#038;ssl=1\"  \/>\u00a0<!--more--><\/strong><\/span><\/p>\n<p>Fonte:\u00a0http:\/\/www.facebook.com\/AnoDaContabilidade<\/p>\n<p><img data-recalc-dims=\"1\" decoding=\"async\" alt=\"\" src=\"https:\/\/i0.wp.com\/fbcdn-sphotos-f-a.akamaihd.net\/hphotos-ak-prn2\/1459780_242493599242728_1593628449_n.jpg?w=580&#038;ssl=1\"  \/><\/p>\n<p><img data-recalc-dims=\"1\" decoding=\"async\" alt=\"\" src=\"https:\/\/i0.wp.com\/fbcdn-sphotos-g-a.akamaihd.net\/hphotos-ak-prn1\/935912_191394384352650_370487580_n.jpg?w=580&#038;ssl=1\"  \/><\/p>\n","protected":false},"excerpt":{"rendered":"<p>Hoje a partir das 16h vamos todos participar do Twitta\u00e7o #ValorizeOContador! \u00a0 E deixe uma mensagem valorizando o trabalho da contabilidade! \u00a0<\/p>\n","protected":false},"author":3,"featured_media":0,"comment_status":"open","ping_status":"open","sticky":false,"template":"","format":"standard","meta":{"jetpack_post_was_ever_published":false,"_jetpack_newsletter_access":"","_jetpack_dont_email_post_to_subs":false,"_jetpack_newsletter_tier_id":0,"_jetpack_memberships_contains_paywalled_content":false,"_jetpack_memberships_contains_paid_content":false,"footnotes":"","jetpack_publicize_message":"","jetpack_publicize_feature_enabled":true,"jetpack_social_post_already_shared":true,"jetpack_social_options":{"image_generator_settings":{"template":"highway","default_image_id":0,"font":"","enabled":false},"version":2}},"categories":[69,22],"tags":[132,133,21,134,135,136,137],"class_list":["post-416","post","type-post","status-publish","format-standard","hentry","category-contabilidade-2","category-geral","tag-account","tag-ano","tag-contabilidade","tag-contador","tag-twittaco","tag-twitter","tag-valorize"],"jetpack_publicize_connections":[],"jetpack_featured_media_url":"","jetpack_sharing_enabled":true,"jetpack_shortlink":"https:\/\/wp.me\/p2wklX-6I","jetpack-related-posts":[{"id":367,"url":"http:\/\/cfcontabil.com\/cf\/o-contador-na-era-tecnologica\/","url_meta":{"origin":416,"position":0},"title":"O Contador na Era Tecnol\u00f3gica","author":"Vin\u00edcius Moizinho","date":"18 de setembro de 2013","format":false,"excerpt":"Bom dia, prezados! \u00c9 fato que a internacionaliza\u00e7\u00e3o das normas cont\u00e1beis deu ao contador outro perfil. A ultrapassada imagem que vinculada ao contador brasileiro, como sendo o guarda-livros de caneta atr\u00e1s da orelha, n\u00e3o passa hoje de folclore e caricatura. A abertura dos mercados globais tornou a Contabilidade a quarta\u2026","rel":"","context":"Em &quot;Consultoria Empresarial&quot;","block_context":{"text":"Consultoria Empresarial","link":"http:\/\/cfcontabil.com\/cf\/category\/consultoria\/"},"img":{"alt_text":"","src":"https:\/\/i0.wp.com\/www.serkat.com.br\/img\/topo\/servicos.jpg?resize=350%2C200","width":350,"height":200},"classes":[]},{"id":1091,"url":"http:\/\/cfcontabil.com\/cf\/quando-a-contabilidade-alcanca-a-diretoria-das-empresas\/","url_meta":{"origin":416,"position":1},"title":"Quando a contabilidade alcan\u00e7a a diretoria das empresas","author":"Ab\u00edlio Gon\u00e7alves","date":"28 de mar\u00e7o de 2017","format":false,"excerpt":"Durante s\u00e9culos a contabilidade foi encarada por muitos executivos como sendo um \u201cmal necess\u00e1rio\u201d para atender a reguladores e \u00e0s autoridades fiscais. Para muitos, a contabilidade n\u00e3o merecia considera\u00e7\u00e3o por ser uma ci\u00eancia que sempre olhava para a empresa pelo \u201cretrovisor\u201d, privilegiando o passado ao inv\u00e9s do futuro. Estes, infelizmente,\u2026","rel":"","context":"Em &quot;Geral&quot;","block_context":{"text":"Geral","link":"http:\/\/cfcontabil.com\/cf\/category\/geral\/"},"img":{"alt_text":"","src":"https:\/\/i0.wp.com\/cfcontabil.com\/cf\/wp-content\/uploads\/2017\/03\/placa-diretoria-D_NQ_NP_14395-MLB209863706_6078-F-1.jpg?fit=1200%2C266&resize=350%2C200","width":350,"height":200,"srcset":"https:\/\/i0.wp.com\/cfcontabil.com\/cf\/wp-content\/uploads\/2017\/03\/placa-diretoria-D_NQ_NP_14395-MLB209863706_6078-F-1.jpg?fit=1200%2C266&resize=350%2C200 1x, https:\/\/i0.wp.com\/cfcontabil.com\/cf\/wp-content\/uploads\/2017\/03\/placa-diretoria-D_NQ_NP_14395-MLB209863706_6078-F-1.jpg?fit=1200%2C266&resize=525%2C300 1.5x, https:\/\/i0.wp.com\/cfcontabil.com\/cf\/wp-content\/uploads\/2017\/03\/placa-diretoria-D_NQ_NP_14395-MLB209863706_6078-F-1.jpg?fit=1200%2C266&resize=700%2C400 2x, https:\/\/i0.wp.com\/cfcontabil.com\/cf\/wp-content\/uploads\/2017\/03\/placa-diretoria-D_NQ_NP_14395-MLB209863706_6078-F-1.jpg?fit=1200%2C266&resize=1050%2C600 3x"},"classes":[]},{"id":1278,"url":"http:\/\/cfcontabil.com\/cf\/novo-canal-de-atendimento-whatsapp-cf-contabil\/","url_meta":{"origin":416,"position":2},"title":"Novo Canal de Atendimento &#8211; WhatsApp CF Cont\u00e1bil","author":"Ab\u00edlio Gon\u00e7alves","date":"21 de agosto de 2017","format":false,"excerpt":"","rel":"","context":"Em &quot;Geral&quot;","block_context":{"text":"Geral","link":"http:\/\/cfcontabil.com\/cf\/category\/geral\/"},"img":{"alt_text":"","src":"https:\/\/i0.wp.com\/cfcontabil.com\/cf\/wp-content\/uploads\/2017\/08\/WhatsAppCFCont%C3%A1bil.png?resize=350%2C200","width":350,"height":200,"srcset":"https:\/\/i0.wp.com\/cfcontabil.com\/cf\/wp-content\/uploads\/2017\/08\/WhatsAppCFCont%C3%A1bil.png?resize=350%2C200 1x, https:\/\/i0.wp.com\/cfcontabil.com\/cf\/wp-content\/uploads\/2017\/08\/WhatsAppCFCont%C3%A1bil.png?resize=525%2C300 1.5x"},"classes":[]},{"id":1027,"url":"http:\/\/cfcontabil.com\/cf\/homenagem-ao-contabilista-convite\/","url_meta":{"origin":416,"position":3},"title":"Homenagem ao Contabilista (convite)","author":"Vin\u00edcius Moizinho","date":"25 de setembro de 2012","format":false,"excerpt":"","rel":"","context":"Em &quot;Geral&quot;","block_context":{"text":"Geral","link":"http:\/\/cfcontabil.com\/cf\/category\/geral\/"},"img":{"alt_text":"","src":"https:\/\/i0.wp.com\/cfcontabil.com\/cf\/wp-content\/uploads\/2012\/09\/Convite.jpg?resize=350%2C200","width":350,"height":200,"srcset":"https:\/\/i0.wp.com\/cfcontabil.com\/cf\/wp-content\/uploads\/2012\/09\/Convite.jpg?resize=350%2C200 1x, https:\/\/i0.wp.com\/cfcontabil.com\/cf\/wp-content\/uploads\/2012\/09\/Convite.jpg?resize=525%2C300 1.5x"},"classes":[]},{"id":2006,"url":"http:\/\/cfcontabil.com\/cf\/zorra-e-alvo-de-nota-de-repudio-do-conselho-federal-de-contabilidade\/","url_meta":{"origin":416,"position":4},"title":"&#8216;Zorra&#8217; \u00e9 alvo de nota de rep\u00fadio do Conselho Federal de Contabilidade","author":"Ab\u00edlio Gon\u00e7alves","date":"11 de dezembro de 2019","format":false,"excerpt":"Esquete de humor\u00edstico da Globo mostrou contador vencendo o 'Trof\u00e9u N\u00e3o Fede e Nem Cheira' O\u00a0Conselho Federal\u00a0de\u00a0Contabilidade\u00a0divulgou uma nota de rep\u00fadio ao\u00a0Zorra, programa de\u00a0humor\u00a0da\u00a0Globo, nesta ter\u00e7a-feira, 10. O motivo foi uma\u00a0esquete\u00a0exibida no \u00faltimo s\u00e1bado, 7, em que o\u00a0\"Trof\u00e9u N\u00e3o Fede e Nem Cheira\"\u00a0\u00e9 entregue a um contador, interpretado por\u00a0Welder Rodrigues.\u2026","rel":"","context":"Em &quot;Geral&quot;","block_context":{"text":"Geral","link":"http:\/\/cfcontabil.com\/cf\/category\/geral\/"},"img":{"alt_text":"","src":"https:\/\/i0.wp.com\/cfcontabil.com\/cf\/wp-content\/uploads\/2019\/12\/CFC.png?fit=500%2C250&resize=350%2C200","width":350,"height":200},"classes":[]},{"id":1202,"url":"http:\/\/cfcontabil.com\/cf\/2013-ano-da-contabilidade-no-brasil\/","url_meta":{"origin":416,"position":5},"title":"2013: ano da Contabilidade no Brasil","author":"Vin\u00edcius Moizinho","date":"9 de janeiro de 2013","format":false,"excerpt":"\u00a0 O ano de 2013 ser\u00e1, sem d\u00favida, um dos mais importantes para a Contabilidade brasileira. Lideran\u00e7as e \u00f3rg\u00e3os ligados \u00e0 profiss\u00e3o est\u00e3o se unindo para que toda a sociedade saiba e reconhe\u00e7a o verdadeiro papel do profissional da contabilidade. \u00a0 \u00a0 \u00a0 Conhe\u00e7a, a seguir, um pouco do projeto.\u2026","rel":"","context":"Em &quot;Consultoria Empresarial&quot;","block_context":{"text":"Consultoria Empresarial","link":"http:\/\/cfcontabil.com\/cf\/category\/consultoria\/"},"img":{"alt_text":"Ano da Contabilidade no Brasil","src":"http:\/\/www.crcsc.org.br\/arquivosSGC\/BANNER_20121211103353Ano20da20Contabilidade.jpg&w=418&h=238&c=s","width":350,"height":200},"classes":[]}],"jetpack_likes_enabled":true,"_links":{"self":[{"href":"http:\/\/cfcontabil.com\/cf\/wp-json\/wp\/v2\/posts\/416","targetHints":{"allow":["GET"]}}],"collection":[{"href":"http:\/\/cfcontabil.com\/cf\/wp-json\/wp\/v2\/posts"}],"about":[{"href":"http:\/\/cfcontabil.com\/cf\/wp-json\/wp\/v2\/types\/post"}],"author":[{"embeddable":true,"href":"http:\/\/cfcontabil.com\/cf\/wp-json\/wp\/v2\/users\/3"}],"replies":[{"embeddable":true,"href":"http:\/\/cfcontabil.com\/cf\/wp-json\/wp\/v2\/comments?post=416"}],"version-history":[{"count":0,"href":"http:\/\/cfcontabil.com\/cf\/wp-json\/wp\/v2\/posts\/416\/revisions"}],"wp:attachment":[{"href":"http:\/\/cfcontabil.com\/cf\/wp-json\/wp\/v2\/media?parent=416"}],"wp:term":[{"taxonomy":"category","embeddable":true,"href":"http:\/\/cfcontabil.com\/cf\/wp-json\/wp\/v2\/categories?post=416"},{"taxonomy":"post_tag","embeddable":true,"href":"http:\/\/cfcontabil.com\/cf\/wp-json\/wp\/v2\/tags?post=416"}],"curies":[{"name":"wp","href":"https:\/\/api.w.org\/{rel}","templated":true}]}}