{"id":430,"date":"2014-01-15T16:39:52","date_gmt":"2014-01-15T18:39:52","guid":{"rendered":"http:\/\/cfcontabil.com\/cf\/?p=430"},"modified":"2014-01-15T16:39:52","modified_gmt":"2014-01-15T18:39:52","slug":"esocial-o-que-e-e-a-quem-interessa","status":"publish","type":"post","link":"http:\/\/cfcontabil.com\/cf\/esocial-o-que-e-e-a-quem-interessa\/","title":{"rendered":"eSocial: o que \u00e9 e a quem interessa"},"content":{"rendered":"<p style=\"text-align: justify\">Boa tarde, prezados.<\/p>\n<p style=\"text-align: justify\">Para a conversa de hoje trazemos um dos assuntos mais interessantes de 2014, a implanta\u00e7\u00e3o do maior e mais ambicioso projeto do SPED: o SPED Social ou eSocial.<\/p>\n<p style=\"text-align: justify\">O projeto, que envolve a Receita Federal, o Minist\u00e9rio do Trabalho, o INSS e a Caixa Econ\u00f4mica Federal, \u00e9 audacioso. Mas do que se trata? A quem interessa? Quem deve estar atento \u00e0 sua implanta\u00e7\u00e3o?<\/p>\n<p>\u00a0<img data-recalc-dims=\"1\" decoding=\"async\" class=\"aligncenter\" alt=\"\" src=\"https:\/\/i0.wp.com\/www.blognasajon.com.br\/wp-content\/uploads\/2013\/09\/esocial-13747598731.png?w=1170\" \/><\/p>\n<p>Confira!<\/p>\n<p><!--more--><\/p>\n<p style=\"text-align: center\"><strong>O que \u00e9 eSocial e quem est\u00e1 obrigado?<\/strong><\/p>\n<p style=\"text-align: justify\">A eSocial \u00e9 um projeto do governo federal que vai unificar o envio de informa\u00e7\u00f5es pelo empregador em rela\u00e7\u00e3o aos seus empregados. No inicio do m\u00eas de junho de 2013, j\u00e1 foi disponibilizado para os empregadores dom\u00e9sticos o portal eSocial (www.esocial.gov.br).<\/p>\n<p style=\"text-align: justify\">A partir da regulamenta\u00e7\u00e3o da Emenda Constitucional n\u00ba 72\/2013, a vers\u00e3o ter\u00e1 car\u00e1ter obrigat\u00f3rio e outros recursos estar\u00e3o dispon\u00edveis para que o empregador possa cumprir com suas obriga\u00e7\u00f5es.<\/p>\n<p style=\"text-align: justify\">Quando for implantado em sua totalidade, a eSocial ser\u00e1 estendido aos demais empregadores, pessoas f\u00edsicas e jur\u00eddicas, trazendo diversas vantagens em rela\u00e7\u00e3o \u00e0 sistem\u00e1tica atual, tais como:<\/p>\n<p style=\"text-align: justify\">&#8211; Atendimento a diversos \u00f3rg\u00e3os do governo com uma \u00fanica fonte de informa\u00e7\u00f5es, para o cumprimento das diversas obriga\u00e7\u00f5es trabalhistas, previdenci\u00e1rias e tribut\u00e1rias atualmente existentes;<\/p>\n<p style=\"text-align: justify\">&#8211; Integra\u00e7\u00e3o dos sistemas informatizados das empresas com o ambiente nacional da eSocial, possibilitando a automa\u00e7\u00e3o na transmiss\u00e3o das informa\u00e7\u00f5es dos empregadores;<\/p>\n<p style=\"text-align: justify\">&#8211; Padroniza\u00e7\u00e3o e integra\u00e7\u00e3o dos cadastros das pessoas f\u00edsicas e jur\u00eddicas no \u00e2mbito dos \u00f3rg\u00e3os participantes do projeto.<\/p>\n<p><img data-recalc-dims=\"1\" decoding=\"async\" class=\"aligncenter\" alt=\"\" src=\"https:\/\/i0.wp.com\/www.gsw.com.br\/campanhas\/esocial\/img\/com-esocial.png?w=1170\" \/><\/p>\n<p style=\"text-align: justify\">O projeto eSocial \u00e9 uma a\u00e7\u00e3o conjunta dos seguintes \u00f3rg\u00e3os e entidades do governo federal: Caixa Econ\u00f4mica Federal, Instituto Nacional do Seguro Social (INSS), Minist\u00e9rio da Previd\u00eancia (MPS), Minist\u00e9rio do Trabalho e Emprego (MTE), Secretaria da Receita Federal do Brasil (RFB). O Minist\u00e9rio do Planejamento tamb\u00e9m participa do projeto, promovendo assessoria aos demais entes na equaliza\u00e7\u00e3o dos diversos interesses de cada \u00f3rg\u00e3o e gerenciando a condu\u00e7\u00e3o do projeto.<\/p>\n<p style=\"text-align: justify\">Como todo projeto do Governo Federal, a eSocial n\u00e3o ser\u00e1 de cunho optativo, mas sim impositivo, sendo um importante avan\u00e7o para a racionaliza\u00e7\u00e3o de tempo, j\u00e1 que o contribuinte s\u00f3 precisar\u00e1 prestar as informa\u00e7\u00f5es uma \u00fanica vez, sendo que essas podem ser classificadas em tr\u00eas tipos:<\/p>\n<p style=\"text-align: justify\">a) Eventos trabalhistas: \u00e9 uma a\u00e7\u00e3o ou situa\u00e7\u00e3o advinda da rela\u00e7\u00e3o entre empregador e trabalhador, como por exemplo, a admiss\u00e3o de empregado, altera\u00e7\u00e3o de sal\u00e1rio, exposi\u00e7\u00e3o do trabalhador a agentes nocivos etc.;<\/p>\n<p style=\"text-align: justify\">b) Folha de Pagamento;<\/p>\n<p style=\"text-align: justify\">c) Outras informa\u00e7\u00f5es tribut\u00e1rias, trabalhistas e previdenci\u00e1rias: s\u00e3o aquelas previstas na lei n\u00ba 8212, de 1991, e em Normas Regulamentadoras do Minist\u00e9rio do Trabalho e Emprego (MTE).<\/p>\n<p><img data-recalc-dims=\"1\" decoding=\"async\" class=\"aligncenter\" alt=\"\" src=\"https:\/\/i0.wp.com\/www.senior.com.br\/wp-content\/uploads\/2014\/01\/esocial_download.png?w=1170\" \/><\/p>\n<p style=\"text-align: justify\"><strong>Como funcionar\u00e1?<\/strong><\/p>\n<p style=\"text-align: justify\">O empregador ira gerar um arquivo eletr\u00f4nico contendo as informa\u00e7\u00f5es previstas nos leiautes, assinado digitalmente, transformando-o em um documento eletr\u00f4nico nos termos da legisla\u00e7\u00e3o brasileira vigente de maneira a garantir a integridade dos dados e a autoria do emissor. Esse arquivo eletr\u00f4nico \u00e9 transmitido pela internet para o ambiente nacional da eSocial, que, ap\u00f3s verificar a integridade formal, emitir\u00e1 o protocolo de recebimento e o enviar\u00e1 ao empregador.<\/p>\n<p style=\"text-align: justify\">O cronograma de obrigatoriedade de todos os empregadores foi definido pela Receita Federal.\u00a0Este foi oficializado atrav\u00e9s de publica\u00e7\u00e3o de ato pr\u00f3prio no Di\u00e1rio Oficial da Uni\u00e3o em Janeiro deste ano, englobando todas as empresas, inclusive aquelas participantes do Simples Nacional, <a title=\"Cronograma do eSocial - Portal SISPRO\" href=\"http:\/\/www.sispro.com.br\/noticias\/cronograma-do-esocial.html\" target=\"_blank\" rel=\"noopener noreferrer\">conforme o quadro abaixo<\/a> (Prazos oficiais para CAIXA ECON\u00d4MICA FEDERAL &#8211; CIRCULAR CEF n 642 \u2013 D.O.U. de 07\/01\/2014):<\/p>\n<p><strong>Produtor Rural<\/strong>, <strong>pessoa f\u00edsica<\/strong> e <strong>segurado especial<\/strong><br \/>\n&#8211; O cadastramento inicial deve ser feito at\u00e9 30\/04\/2014;<br \/>\n&#8211; O envio de eventos mensais de folha e apura\u00e7\u00e3o de tributos deve iniciar a partir da compet\u00eancia Maio de 2014;<br \/>\n&#8211; Substitui\u00e7\u00e3o da GFIP a partir de 05\/2014.<\/p>\n<p>Empresas tributadas pelo <strong>Lucro Real<\/strong><br \/>\n&#8211; O cadastramento inicial deve ser feito at\u00e9 30\/06\/2014;<br \/>\n&#8211; O envio de eventos mensais de folha e apura\u00e7\u00e3o de tributos deve iniciar \u00a0a partir da compet\u00eancia Julho de 2014;<br \/>\n&#8211; Substitui\u00e7\u00e3o da GFIP a partir de 11\/2014.<\/p>\n<p>Empresas tributadas pelo <strong>Lucro Presumido<\/strong> e Empresas do<strong> Simples Nacional<\/strong><br \/>\n&#8211; O cadastramento inicial deve ser feito at\u00e9 30\/11\/2014;<br \/>\n&#8211; O envio de eventos mensais de folha e apura\u00e7\u00e3o de tributos deve iniciar \u00a0a partir da compet\u00eancia Novembro de 2014;<br \/>\n&#8211; Substitui\u00e7\u00e3o da GFIP a partir de 01\/2015.<\/p>\n<p style=\"text-align: justify\">Para as empresas em geral, a escritura\u00e7\u00e3o do eSocial ser\u00e1 feita atrav\u00e9s de arquivos digitais, que dever\u00e3o ser transmitidos ao ambiente nacional utilizando a tecnologia de webservice. As empresas dever\u00e3o transmitir suas informa\u00e7\u00f5es atrav\u00e9s de arquivos gerados em seus sistemas de inform\u00e1tica (ERP), utilizando leiautes padronizados tamb\u00e9m aprovados no in\u00edcio deste m\u00eas.<\/p>\n<p style=\"text-align: center\"><img data-recalc-dims=\"1\" fetchpriority=\"high\" decoding=\"async\" class=\"aligncenter\" alt=\"\" src=\"https:\/\/i0.wp.com\/www.lg.com.br\/esocial\/images\/telas.jpg?resize=607%2C389\" width=\"607\" height=\"389\" \/><\/p>\n<p style=\"text-align: justify\">N\u00e3o h\u00e1 duvidas que esse sistema seja chamado, em breve, como o maior projeto de implanta\u00e7\u00e3o da Receita Federal, principalmente no quesito controles e normas na contrata\u00e7\u00e3o de pessoa f\u00edsica e jur\u00eddica, assim como, no controle de norma de seguran\u00e7a e medicina do trabalho, processos trabalhistas e tribut\u00e1rios. O FISCO ter\u00e1 todo o detalhamento da composi\u00e7\u00e3o das rubricas e c\u00e1lculos de incid\u00eancia do INSS, FGTS, RAT, FAP dentre outras, fato esse somente poss\u00edvel quando em dilig\u00eancia a pr\u00f3pria empresa.<\/p>\n<p style=\"text-align: justify\">Todavia, para equalizar as informa\u00e7\u00f5es, haver\u00e1 modifica\u00e7\u00f5es do atual modelo de identifica\u00e7\u00e3o. A partir da data de entrada em vigor da eSocial, os empregadores ser\u00e3o identificados apenas pelo CNPJ, se pessoa jur\u00eddica, e apenas pelo CPF, se pessoa f\u00edsica. No lugar da matr\u00edcula CEI para as pessoas f\u00edsicas, foi criado o Cadastro de Atividades da Pessoa F\u00edsica (CAEPF), que ser\u00e1 um n\u00famero sequencial, acoplado ao n\u00famero do CPF. A pessoa f\u00edsica dever\u00e1 providenciar registro no CAEPF, obedecendo a normas previstas em ato normativo pr\u00f3prio a ser publicado oportunamente.<\/p>\n<p style=\"text-align: justify\">No lugar da matr\u00edcula CEI para as obras de constru\u00e7\u00e3o civil, foi criado o Cadastro Nacional de Obras (CNO), que ser\u00e1 sempre acoplado a um CNPJ ou CPF. As matr\u00edculas CEI existentes na data de implanta\u00e7\u00e3o da eSocial relativas a obras compor\u00e3o o cadastro inicial do CNO.<\/p>\n<p style=\"text-align: justify\">Os trabalhadores, por sua vez, ter\u00e3o como identificadores obrigat\u00f3rios o CPF e o NIS (NIT, PIS ou PASEP). O par \u201cCPF x NIS\u201d dever\u00e1 estar consistente com o Cadastro Nacional de Informa\u00e7\u00f5es Sociais (CNIS) e ser\u00e1 validado no ato da transmiss\u00e3o. Sua inconsist\u00eancia gerar\u00e1 recusa no recebimento da informa\u00e7\u00e3o.<\/p>\n<p style=\"text-align: justify\">Os empregadores dever\u00e3o dar aten\u00e7\u00e3o especial \u00e0s informa\u00e7\u00f5es cadastrais de seus trabalhadores, certificando-se de sua consist\u00eancia com o CNIS e, se necess\u00e1rio, proceder a regulariza\u00e7\u00e3o das inconsist\u00eancias antes da data de entrada em vigor da eSocial.<\/p>\n<p style=\"text-align: justify\">Com rela\u00e7\u00e3o ao documento de arrecada\u00e7\u00e3o, h\u00e1 previs\u00e3o da substitui\u00e7\u00e3o da forma de recolhimento do INSS, que hoje \u00e9 feito atrav\u00e9s da Guia de Previd\u00eancia Social (GPS). Ser\u00e1 realizado, ent\u00e3o, pelo Documento de Arrecada\u00e7\u00e3o de Receitas Federais (DARF), por\u00e9m, com essa altera\u00e7\u00e3o, est\u00e1 previsto uma nova obriga\u00e7\u00e3o aos empregadores CNPJ e CEI que \u00e9 a DCTF Prev.<\/p>\n<p><img data-recalc-dims=\"1\" decoding=\"async\" class=\"aligncenter\" alt=\"\" src=\"https:\/\/i0.wp.com\/www.crcpi.org.br\/novo\/wp-content\/uploads\/2013\/12\/esocial-20131105-112123.png?w=1170\" \/><\/p>\n<p style=\"text-align: justify\"><strong>Por onde come\u00e7ar?<\/strong><\/p>\n<p style=\"text-align: justify\">Para atender esse novo cen\u00e1rio, recomendamos a revis\u00e3o das rotinas atuais, cadastros de empregados, fornecedores, c\u00e1lculos dos tribut\u00e1rios, laudos t\u00e9cnicos, adicional de periculosidade ou insalubridade dentre todo o universo de informa\u00e7\u00f5es, pois compartilhar informa\u00e7\u00f5es em tempo real requer acima de tudo informa\u00e7\u00f5es precisas e revis\u00e3o das rotinas.<\/p>\n<p style=\"text-align: justify\">Acima de tudo, \u00e9 preciso observar, desde j\u00e1, se os processos internos de cada empresa est\u00e3o de acordo com as legisla\u00e7\u00f5es trabalhistas e tribut\u00e1rias. Se todas as informa\u00e7\u00f5es de processos trabalhistas, de afastamento de funcion\u00e1rios, dentre outras, est\u00e3o devidamente registradas em sistema eletr\u00f4nico ou \u00e0 disposi\u00e7\u00e3o. \u00a0Se sua equipe est\u00e1 capacitada para esse novo cen\u00e1rio, repleto de informa\u00e7\u00f5es complementares e pass\u00edveis de verifica\u00e7\u00e3o.<\/p>\n<p style=\"text-align: justify\">Leve em considera\u00e7\u00e3o que ser\u00e3o dezenas de eventos relativos a cada funcion\u00e1rio, que incluem registros de f\u00e9rias, folha de pagamento, altera\u00e7\u00f5es de fun\u00e7\u00e3o e sal\u00e1rio, hor\u00e1rio, pagamento de obriga\u00e7\u00f5es, entre muitos outros. \u00c9\u00a0crucial que as empresas invistam em tecnologia e treinamento para serem capazes de compreender e controlar o novo sistema em sua totalidade.<\/p>\n<p style=\"text-align: justify\">Como muito bem lembra Marli Vit\u00f3ria Ruaro, coordenadora de projetos da SISPRO, junho \u00e9 o m\u00eas da Copa no Brasil. &#8220;Para que a torcida fique tranquila, o eSocial tem que estar em dia!&#8221;, ela diria.<\/p>\n<p><img data-recalc-dims=\"1\" decoding=\"async\" class=\"alignnone\" alt=\"\" src=\"https:\/\/i0.wp.com\/www.contmatic.com.br\/imagens\/images\/IMAGEM_Proposto_pelo_eSocial.jpg?resize=559%2C540\" width=\"559\" height=\"540\" \/><\/p>\n<p><span style=\"font-size: 10px\">Fonte: <em>Editorial ITC, com informa\u00e7\u00f5es do site IG, do blog Zetta Brasil e do portal Converg\u00eancia Digital. Adaptado.\u00a0<\/em><\/span><\/p>\n","protected":false},"excerpt":{"rendered":"<p>Boa tarde, prezados. Para a conversa de hoje trazemos um dos assuntos mais interessantes de 2014, a implanta\u00e7\u00e3o do maior e mais ambicioso projeto do SPED: o SPED Social ou eSocial. O projeto, que envolve a Receita Federal, o Minist\u00e9rio do Trabalho, o INSS e a Caixa Econ\u00f4mica Federal, \u00e9 audacioso. Mas do que se [&hellip;]<\/p>\n","protected":false},"author":2,"featured_media":0,"comment_status":"open","ping_status":"open","sticky":false,"template":"","format":"standard","meta":{"jetpack_post_was_ever_published":false,"_jetpack_newsletter_access":"","_jetpack_dont_email_post_to_subs":false,"_jetpack_newsletter_tier_id":0,"_jetpack_memberships_contains_paywalled_content":false,"_jetpack_memberships_contains_paid_content":false,"footnotes":"","jetpack_publicize_message":"","jetpack_publicize_feature_enabled":true,"jetpack_social_post_already_shared":true,"jetpack_social_options":{"image_generator_settings":{"template":"highway","default_image_id":0,"font":"","enabled":false},"version":2}},"categories":[60,69,29],"tags":[59,21,78,139,36],"class_list":["post-430","post","type-post","status-publish","format-standard","hentry","category-consultoria","category-contabilidade-2","category-dp","tag-consultoria-2","tag-contabilidade","tag-esocial","tag-obrigacoes-acessorias","tag-receita-federal"],"jetpack_publicize_connections":[],"jetpack_featured_media_url":"","jetpack_sharing_enabled":true,"jetpack_shortlink":"https:\/\/wp.me\/p2wklX-6W","jetpack-related-posts":[{"id":1333,"url":"http:\/\/cfcontabil.com\/cf\/esocial-comite-gestor-aprova-reformulacao-em-calendario\/","url_meta":{"origin":430,"position":0},"title":"eSocial: Comit\u00ea Gestor aprova reformula\u00e7\u00e3o em calend\u00e1rio","author":"Ab\u00edlio Gon\u00e7alves","date":"20 de junho de 2018","format":false,"excerpt":"Reuni\u00e3o do dia 14 de junho com Subsecret\u00e1rio de Fiscaliza\u00e7\u00e3o da Receita Federal, I\u00e1garo Jung Martins O Comit\u00ea Gestor do eSocial decidiu na tarde de ontem aprovar a reformula\u00e7\u00e3o do calend\u00e1rio de implementa\u00e7\u00e3o do m\u00f3dulo eSocial. A medida atendeu ao pedido da Fenacon, em conjunto com o Conselho Federal de\u2026","rel":"","context":"Em &quot;Departamento Pessoal&quot;","block_context":{"text":"Departamento Pessoal","link":"http:\/\/cfcontabil.com\/cf\/category\/dp\/"},"img":{"alt_text":"","src":"https:\/\/i0.wp.com\/cfcontabil.com\/cf\/wp-content\/uploads\/2017\/06\/esocial-pasta-1.jpg?fit=1000%2C591&resize=350%2C200","width":350,"height":200,"srcset":"https:\/\/i0.wp.com\/cfcontabil.com\/cf\/wp-content\/uploads\/2017\/06\/esocial-pasta-1.jpg?fit=1000%2C591&resize=350%2C200 1x, https:\/\/i0.wp.com\/cfcontabil.com\/cf\/wp-content\/uploads\/2017\/06\/esocial-pasta-1.jpg?fit=1000%2C591&resize=525%2C300 1.5x, https:\/\/i0.wp.com\/cfcontabil.com\/cf\/wp-content\/uploads\/2017\/06\/esocial-pasta-1.jpg?fit=1000%2C591&resize=700%2C400 2x"},"classes":[]},{"id":905,"url":"http:\/\/cfcontabil.com\/cf\/esocial-permitira-que-governo-federal-intensifique-fiscalizacoes\/","url_meta":{"origin":430,"position":1},"title":"eSocial permitir\u00e1 que Governo Federal intensifique fiscaliza\u00e7\u00f5es","author":"Ab\u00edlio Gon\u00e7alves","date":"28 de janeiro de 2017","format":false,"excerpt":"Helio Donin Jr. afirmou que Minist\u00e9rio do Trabalho s\u00f3 tem capacidade para fiscalizar 3% das empresas Unificar as informa\u00e7\u00f5es e cruzar a base de dados para poder identificar poss\u00edveis irregularidades e atuar com a fiscaliza\u00e7\u00e3o \u00e9 um dos objetivos do Governo Federal com a implementa\u00e7\u00e3o do eSocial. Foi o que\u2026","rel":"","context":"Em &quot;Departamento Pessoal&quot;","block_context":{"text":"Departamento Pessoal","link":"http:\/\/cfcontabil.com\/cf\/category\/dp\/"},"img":{"alt_text":"","src":"https:\/\/i0.wp.com\/cfcontabil.com\/cf\/wp-content\/uploads\/2016\/03\/E-social-1-1.jpg?fit=660%2C271&resize=350%2C200","width":350,"height":200,"srcset":"https:\/\/i0.wp.com\/cfcontabil.com\/cf\/wp-content\/uploads\/2016\/03\/E-social-1-1.jpg?fit=660%2C271&resize=350%2C200 1x, https:\/\/i0.wp.com\/cfcontabil.com\/cf\/wp-content\/uploads\/2016\/03\/E-social-1-1.jpg?fit=660%2C271&resize=525%2C300 1.5x"},"classes":[]},{"id":1348,"url":"http:\/\/cfcontabil.com\/cf\/empresas-relatam-dificuldades-e-despreparo-na-implantacao-do-esocial\/","url_meta":{"origin":430,"position":2},"title":"Empresas relatam dificuldades e despreparo na implanta\u00e7\u00e3o do eSocial","author":"Ab\u00edlio Gon\u00e7alves","date":"13 de agosto de 2018","format":false,"excerpt":"Para n\u00e3o deixar de cumprir prazos, escrit\u00f3rios e condom\u00ednios contrataram servi\u00e7os e funcion\u00e1rios nas \u00e1reas de TI e recursos humanos; governo diz que toma provid\u00eancias para facilitar o uso da ferramenta. Fonte: G1 Ang\u00e9lica Arbex, diretora de relacionamento da Lello Condom\u00ednios: empresa levou 4 meses para corrigir inconsist\u00eancias de dados\u2026","rel":"","context":"Em &quot;Departamento Pessoal&quot;","block_context":{"text":"Departamento Pessoal","link":"http:\/\/cfcontabil.com\/cf\/category\/dp\/"},"img":{"alt_text":"","src":"https:\/\/i0.wp.com\/cfcontabil.com\/cf\/wp-content\/uploads\/2017\/06\/esocial-462x234-1.png?fit=462%2C234&resize=350%2C200","width":350,"height":200},"classes":[]},{"id":1178,"url":"http:\/\/cfcontabil.com\/cf\/veja-as-obrigacoes-trabalhistas-a-serem-extintas-com-o-esocial\/","url_meta":{"origin":430,"position":3},"title":"Veja as obriga\u00e7\u00f5es trabalhistas a serem extintas com o eSocial","author":"Ab\u00edlio Gon\u00e7alves","date":"13 de junho de 2017","format":false,"excerpt":"Com a implementa\u00e7\u00e3o, a transmiss\u00e3o das informa\u00e7\u00f5es ser\u00e1 feita de forma \u00fanica e centralizada Atualmente as informa\u00e7\u00f5es geradas pelos Departamentos Pessoais das empresas s\u00e3o transmitidas a diversos \u00f3rg\u00e3os diferentes, como a Caixa Econ\u00f4mica Federal (CEF), Instituto Nacional do Seguro Social (INSS), o Minist\u00e9rio da Previd\u00eancia (MPS), o Minist\u00e9rio do Trabalho\u2026","rel":"","context":"Em &quot;Departamento Pessoal&quot;","block_context":{"text":"Departamento Pessoal","link":"http:\/\/cfcontabil.com\/cf\/category\/dp\/"},"img":{"alt_text":"","src":"https:\/\/i0.wp.com\/cfcontabil.com\/cf\/wp-content\/uploads\/2016\/03\/E-social-1-1.jpg?fit=660%2C271&resize=350%2C200","width":350,"height":200,"srcset":"https:\/\/i0.wp.com\/cfcontabil.com\/cf\/wp-content\/uploads\/2016\/03\/E-social-1-1.jpg?fit=660%2C271&resize=350%2C200 1x, https:\/\/i0.wp.com\/cfcontabil.com\/cf\/wp-content\/uploads\/2016\/03\/E-social-1-1.jpg?fit=660%2C271&resize=525%2C300 1.5x"},"classes":[]},{"id":1374,"url":"http:\/\/cfcontabil.com\/cf\/receita-federal-intensifica-esclarecimentos-sobre-esocial\/","url_meta":{"origin":430,"position":4},"title":"Receita Federal intensifica esclarecimentos sobre eSocial","author":"Ab\u00edlio Gon\u00e7alves","date":"30 de agosto de 2018","format":false,"excerpt":"Servi\u00e7o gratuito funciona de segunda \u00e0 sexta-feira, das 7h \u00e0s 19h Com objetivo de intensificar informa\u00e7\u00f5es e esclarecer d\u00favidas sobre o funcionamento do Sistema de Escritura\u00e7\u00e3o Digital das Obriga\u00e7\u00f5es Fiscais, Previd\u00eanci\u00e1rias e Trabalhistas (eSocial), a Receita Federal disponibilizou mais uma ferramenta de comunica\u00e7\u00e3o, o servi\u00e7o de 0800. O canal aceitar\u00e1\u2026","rel":"","context":"Em &quot;Departamento Pessoal&quot;","block_context":{"text":"Departamento Pessoal","link":"http:\/\/cfcontabil.com\/cf\/category\/dp\/"},"img":{"alt_text":"","src":"https:\/\/i0.wp.com\/cfcontabil.com\/cf\/wp-content\/uploads\/2017\/02\/receita-federal-1-1.png?fit=702%2C325&resize=350%2C200","width":350,"height":200,"srcset":"https:\/\/i0.wp.com\/cfcontabil.com\/cf\/wp-content\/uploads\/2017\/02\/receita-federal-1-1.png?fit=702%2C325&resize=350%2C200 1x, https:\/\/i0.wp.com\/cfcontabil.com\/cf\/wp-content\/uploads\/2017\/02\/receita-federal-1-1.png?fit=702%2C325&resize=525%2C300 1.5x, https:\/\/i0.wp.com\/cfcontabil.com\/cf\/wp-content\/uploads\/2017\/02\/receita-federal-1-1.png?fit=702%2C325&resize=700%2C400 2x"},"classes":[]},{"id":1244,"url":"http:\/\/cfcontabil.com\/cf\/esocial-libera-ambiente-de-testes-para-empresas\/","url_meta":{"origin":430,"position":5},"title":"eSocial libera ambiente de testes para empresas","author":"Ab\u00edlio Gon\u00e7alves","date":"30 de junho de 2017","format":false,"excerpt":"Processo ocorrer\u00e1 em duas etapas e contemplar\u00e1, neste primeiro momento, empresas de TI. A partir de segunda-feira (26), empresas de tecnologia de informa\u00e7\u00e3o podem testar o eSocial, um sistema para facilitar a administra\u00e7\u00e3o de informa\u00e7\u00f5es relativas aos trabalhadores. As empresas v\u00e3o ter um ganho de produtividade e redu\u00e7\u00e3o de processos.\u2026","rel":"","context":"Em &quot;Departamento Pessoal&quot;","block_context":{"text":"Departamento Pessoal","link":"http:\/\/cfcontabil.com\/cf\/category\/dp\/"},"img":{"alt_text":"","src":"https:\/\/i0.wp.com\/cfcontabil.com\/cf\/wp-content\/uploads\/2017\/06\/esocial-pasta-1.jpg?fit=1000%2C591&resize=350%2C200","width":350,"height":200,"srcset":"https:\/\/i0.wp.com\/cfcontabil.com\/cf\/wp-content\/uploads\/2017\/06\/esocial-pasta-1.jpg?fit=1000%2C591&resize=350%2C200 1x, https:\/\/i0.wp.com\/cfcontabil.com\/cf\/wp-content\/uploads\/2017\/06\/esocial-pasta-1.jpg?fit=1000%2C591&resize=525%2C300 1.5x, https:\/\/i0.wp.com\/cfcontabil.com\/cf\/wp-content\/uploads\/2017\/06\/esocial-pasta-1.jpg?fit=1000%2C591&resize=700%2C400 2x"},"classes":[]}],"jetpack_likes_enabled":true,"_links":{"self":[{"href":"http:\/\/cfcontabil.com\/cf\/wp-json\/wp\/v2\/posts\/430","targetHints":{"allow":["GET"]}}],"collection":[{"href":"http:\/\/cfcontabil.com\/cf\/wp-json\/wp\/v2\/posts"}],"about":[{"href":"http:\/\/cfcontabil.com\/cf\/wp-json\/wp\/v2\/types\/post"}],"author":[{"embeddable":true,"href":"http:\/\/cfcontabil.com\/cf\/wp-json\/wp\/v2\/users\/2"}],"replies":[{"embeddable":true,"href":"http:\/\/cfcontabil.com\/cf\/wp-json\/wp\/v2\/comments?post=430"}],"version-history":[{"count":0,"href":"http:\/\/cfcontabil.com\/cf\/wp-json\/wp\/v2\/posts\/430\/revisions"}],"wp:attachment":[{"href":"http:\/\/cfcontabil.com\/cf\/wp-json\/wp\/v2\/media?parent=430"}],"wp:term":[{"taxonomy":"category","embeddable":true,"href":"http:\/\/cfcontabil.com\/cf\/wp-json\/wp\/v2\/categories?post=430"},{"taxonomy":"post_tag","embeddable":true,"href":"http:\/\/cfcontabil.com\/cf\/wp-json\/wp\/v2\/tags?post=430"}],"curies":[{"name":"wp","href":"https:\/\/api.w.org\/{rel}","templated":true}]}}