{"id":550,"date":"2014-08-11T12:04:42","date_gmt":"2014-08-11T15:04:42","guid":{"rendered":"http:\/\/cfcontabil.com\/cf\/?p=550"},"modified":"2014-08-11T12:04:42","modified_gmt":"2014-08-11T15:04:42","slug":"simples-nacional-alteracoes-promovidas-pela-lei-complementar-1472014","status":"publish","type":"post","link":"http:\/\/cfcontabil.com\/cf\/simples-nacional-alteracoes-promovidas-pela-lei-complementar-1472014\/","title":{"rendered":"Simples Nacional: altera\u00e7\u00f5es promovidas pela Lei Complementar 147\/2014"},"content":{"rendered":"<p style=\"text-align: justify\"><img data-recalc-dims=\"1\" decoding=\"async\" class=\"aligncenter\" src=\"https:\/\/i0.wp.com\/www.femicro-pe.org.br\/femicro\/site\/wp-content\/uploads\/2014\/07\/Simples-nacional.jpg?w=1170\" alt=\"\" \/><\/p>\n<p style=\"text-align: justify\">A <strong>Lei Complementar n\u00ba 14<\/strong>7, de 7 de agosto de 2014, alterou a Lei Complementar n\u00ba 123, de 2006, que institui o Estatuto da Micro e Pequena Empresa e disp\u00f5e sobre o Simples Nacional. As altera\u00e7\u00f5es ser\u00e3o objeto de regulamenta\u00e7\u00e3o pelo Comit\u00ea Gestor do Simples Nacional (CGSN).<\/p>\n<p style=\"text-align: justify\">Com a universaliza\u00e7\u00e3o ao Simples Nacional, que foi aprovada pelo Senado Federal, por unanimidade, em julho deste ano, mais de 140 atividades, que n\u00e3o est\u00e3o atualmente contempladas, poder\u00e3o aderir a esse modelo de tributa\u00e7\u00e3o no pr\u00f3ximo ano. O crit\u00e9rio geral para aderir ao Simples passar\u00e1 a ser o faturamento das empresas, que pode chegar a at\u00e9 R$ 3,6 milh\u00f5es por ano.<\/p>\n<p style=\"text-align: justify\"><!--more--><\/p>\n<p style=\"text-align: justify\">As principais modifica\u00e7\u00f5es est\u00e3o descritas a seguir:<\/p>\n<p style=\"text-align: justify\"><strong>Novas Atividades<\/strong><\/p>\n<p style=\"text-align: justify\">A LC 147\/2014 prev\u00ea que a ME ou EPP que exer\u00e7a as seguintes atividades poder\u00e3o optar pelo Simples Nacional a partir de <strong>01\/01\/2015<\/strong> (*):<\/p>\n<p style=\"text-align: justify\">a) Tributadas com base nos Anexos I ou II da LC 123\/2006: Produ\u00e7\u00e3o e com\u00e9rcio atacadista de refrigerantes (*)<\/p>\n<p style=\"text-align: justify\">b) Tributadas com base no Anexo III da LC 123\/2006:<br \/>\na. Fisioterapia (*)<br \/>\nb. Corretagem de seguros (*)<br \/>\nc. Servi\u00e7o de transporte intermunicipal e interestadual de passageiros, na modalidade fluvial, ou quando possuir caracter\u00edsticas de transporte urbano ou metropolitano ou realizar-se sob fretamento cont\u00ednuo em \u00e1rea metropolitana para o transporte de estudantes e trabalhadores (retirando-se o ISS e acrescentando-se o ICMS)<\/p>\n<p style=\"text-align: justify\">c) Tributada com base no Anexo IV da LC 123\/2006: Servi\u00e7os Advocat\u00edcios (*)<\/p>\n<p style=\"text-align: justify\">d) Tributadas com base no (novo) Anexo VI da LC 123\/2006:<br \/>\na. Medicina, inclusive laboratorial e enfermagem<br \/>\nb. Medicina veterin\u00e1ria<br \/>\nc. Odontologia<br \/>\nd. Psicologia, psican\u00e1lise, terapia ocupacional, acupuntura, podologia, fonoaudiologia e de cl\u00ednicas de nutri\u00e7\u00e3o, de vacina\u00e7\u00e3o e bancos de leite<br \/>\ne. Servi\u00e7os de comissaria, de despachantes, de tradu\u00e7\u00e3o e de interpreta\u00e7\u00e3o<br \/>\nf. Arquitetura, engenharia, medi\u00e7\u00e3o, cartografia, topografia, geologia, geod\u00e9sia, testes, suporte e an\u00e1lises t\u00e9cnicas e tecnol\u00f3gicas, pesquisa, design, desenho e agronomia<br \/>\ng. Representa\u00e7\u00e3o comercial e demais atividades de intermedia\u00e7\u00e3o de neg\u00f3cios e servi\u00e7os de terceiros<br \/>\nh. Per\u00edcia, leil\u00e3o e avalia\u00e7\u00e3o<br \/>\ni. Auditoria, economia, consultoria, gest\u00e3o, organiza\u00e7\u00e3o, controle e administra\u00e7\u00e3o<br \/>\nj. Jornalismo e publicidade<br \/>\nk. Agenciamento, exceto de m\u00e3o-de-obra<br \/>\nl. Outras atividades do setor de servi\u00e7os que tenham por finalidade a presta\u00e7\u00e3o de servi\u00e7os decorrentes do exerc\u00edcio de atividade intelectual, de natureza t\u00e9cnica, cient\u00edfica, desportiva, art\u00edstica ou cultural, que constitua profiss\u00e3o regulamentada ou n\u00e3o, desde que n\u00e3o sujeitas \u00e0 tributa\u00e7\u00e3o na forma dos Anexos III, IV ou V da LC 123\/2006.<\/p>\n<p style=\"text-align: justify\">(*) <em>As empresas que exer\u00e7am as atividades de produ\u00e7\u00e3o e com\u00e9rcio atacadista de refrigerantes, fisioterapia, corretagem de seguros e servi\u00e7os advocat\u00edcios, constitu\u00eddas depois da regulamenta\u00e7\u00e3o da LC 147\/2014 por parte do CGSN, poder\u00e3o optar pelo Simples Nacional ainda em 2014.\u00a0As empresas j\u00e1 existentes desses setores e aquelas que exer\u00e7am as demais atividades acima citadas poder\u00e3o optar pelo Simples Nacional a partir de 2015.<\/em><\/p>\n<p style=\"text-align: justify\"><strong>Anexo VI da LC 123\/2006<\/strong><\/p>\n<p style=\"text-align: justify\">O novo ANEXO VI da LC 123\/2006, vigente a partir de 01\/01\/2015, prev\u00ea al\u00edquotas entre 16,93% e 22,45%.<\/p>\n<p style=\"text-align: justify\"><strong>Limite extra para exporta\u00e7\u00e3o de servi\u00e7os<\/strong><\/p>\n<p style=\"text-align: justify\">A partir de 2015, o limite extra para que a EPP tenha incentivos para exportar passar\u00e1 a abranger mercadorias e servi\u00e7os. Dessa forma, a empresa poder\u00e1 auferir receita bruta anual de at\u00e9 R$ 7,2 milh\u00f5es, sendo R$ 3,6 milh\u00f5es no mercado interno e R$ 3,6 milh\u00f5es em exporta\u00e7\u00e3o de mercadorias e servi\u00e7os.<\/p>\n<p style=\"text-align: justify\"><strong>Baixa de empresas<\/strong><\/p>\n<p style=\"text-align: justify\">Poder\u00e1 haver a baixa de empresas mesmo com pend\u00eancias ou d\u00e9bitos tribut\u00e1rios, a qualquer tempo. O pedido de baixa importa responsabilidade solid\u00e1ria dos empres\u00e1rios, dos titulares, dos s\u00f3cios e dos administradores no per\u00edodo da ocorr\u00eancia dos respectivos fatos geradores.<\/p>\n<p style=\"text-align: justify\"><strong>MEI \u2013 Contrata\u00e7\u00e3o por empresas<\/strong><\/p>\n<p style=\"text-align: justify\">Para a empresa que contrata MEI para prestar servi\u00e7os diferentes de hidr\u00e1ulica, eletricidade, pintura, alvenaria, carpintaria e de manuten\u00e7\u00e3o ou reparo de ve\u00edculos, extinguiu-se a obriga\u00e7\u00e3o de registro na GFIP e recolhimento da cota patronal de 20% (o art. 12 da LC 147\/2014 revogou retroativamente essa obrigatoriedade). Todavia, quando houver os elementos da rela\u00e7\u00e3o de emprego, o MEI dever\u00e1 ser considerado empregado para todos os efeitos.<\/p>\n<p style=\"text-align: justify\">Adicionalmente, a LC 123\/2006 estabelece que o MEI, a ME e a EPP n\u00e3o podem prestar servi\u00e7os na modalidade de cess\u00e3o de m\u00e3o-de-obra.<\/p>\n<p style=\"text-align: justify\"><strong>Outras mudan\u00e7as<\/strong><\/p>\n<p style=\"text-align: justify\">Outra vantagem da atualiza\u00e7\u00e3o da Lei do Simples \u00e9, segundo o Sebrae, a desburocratiza\u00e7\u00e3o. De acordo com o \u00f3rg\u00e3o, haver\u00e1 um cadastro \u00fanico por CNPJ, dispensando os demais cadastros estaduais e municipais. De acordo com o governo, tamb\u00e9m haver\u00e1 simplifica\u00e7\u00e3o dos procedimentos de abertura e fechamento das empresas, fazendo com que o prazo para essas opera\u00e7\u00f5es &#8220;diminua sensivelmente&#8221;.<\/p>\n<p style=\"text-align: justify\">&#8220;Al\u00e9m disso, a nova Lei tamb\u00e9m protege o Microempreendedor Individual (MEI), categoria que fatura por ano at\u00e9 R$ 60 mil, de cobran\u00e7as indevidas realizadas por conselhos de classe, por exemplo, e ainda, pro\u00edbe que as concession\u00e1rias de servi\u00e7os p\u00fablicos aumentem as tarifas do MEI por conta da modifica\u00e7\u00e3o de sua condi\u00e7\u00e3o de pessoa f\u00edsica para pessoa jur\u00eddica&#8221;, informou o Sebrae.<\/p>\n<p style=\"text-align: justify\">A nova lei tamb\u00e9m disciplina a substitui\u00e7\u00e3o tribut\u00e1ria para os pequenos neg\u00f3cios, isentando algumas atividades. Ser\u00e3o mantidos na substitui\u00e7\u00e3o tribut\u00e1ria, de acordo com o governo, um &#8220;n\u00famero limitado de setores&#8221;. Atualmente, as secretarias da Fazenda dos estados cobram antecipadamente o ICMS dos produtos adquiridos pelos empreendedores. Isso significa que o empres\u00e1rio paga esse tributo antes mesmo de saber se vender\u00e1 as mercadorias, explicou o Sebrae.<\/p>\n<p style=\"text-align: justify\">Dentre os beneficiados pelo fim da substitui\u00e7\u00e3o tribut\u00e1ria est\u00e3o os pequenos neg\u00f3cios dos segmentos de vestu\u00e1rio e confec\u00e7\u00f5es, m\u00f3veis, couro e cal\u00e7ados, brinquedos, decora\u00e7\u00e3o, cama e mesa, produtos \u00f3ticos, implementos agr\u00edcolas, instrumentos musicais, artigos esportivos, alimentos, papelaria, materiais de constru\u00e7\u00e3o, olarias e bebidas n\u00e3o alco\u00f3licas.<\/p>\n<p style=\"text-align: justify\"><strong>Novas altera\u00e7\u00f5es em estudo<\/strong><\/p>\n<p style=\"text-align: justify\">A universaliza\u00e7\u00e3o do Simples Nacional ainda nem come\u00e7ou a valer, pois ter\u00e1 in\u00edcio somente em 2015, mas o governo federal j\u00e1 est\u00e1 avaliando novas altera\u00e7\u00f5es nas regras do programa.<\/p>\n<p style=\"text-align: justify\">De acordo com a SMPE, \u00f3rg\u00e3o ligado \u00e0 Presid\u00eancia da Rep\u00fablica, foi encomendada uma pesquisa a algumas institui\u00e7\u00f5es (FGV, Universidade de S\u00e3o Paulo e Insper) para rever todas tabelas de tributa\u00e7\u00e3o para as empresas do programa e fazer uma an\u00e1lise sobre os impactos na arrecada\u00e7\u00e3o. O resultado deve ser apresentado em 90 dias, quando ser\u00e1 enviada uma nova proposta ao Congresso Nacional, informou o governo federal.<\/p>\n<p style=\"text-align: justify\">O estudo, ainda segundo a SMPE, tamb\u00e9m vai analisar a cria\u00e7\u00e3o de um m\u00e9todo para reajuste peri\u00f3dico do teto para que as empresas se enquadrem no Simples Nacional, que atualmente, \u00e9 de R$ 3,6 milh\u00f5es. A \u00faltima corre\u00e7\u00e3o do limite foi em 2011.<\/p>\n<p style=\"text-align: justify\">Outro ponto em avalia\u00e7\u00e3o, ainda segundo informou o governo federal, \u00e9 um mecanismo para criar o Simples de Transi\u00e7\u00e3o e tornar a sa\u00edda do Simples Nacional &#8220;menos brusca em termos de aumento de impostos e obriga\u00e7\u00f5es acess\u00f3rias&#8221;. As empresas que n\u00e3o se enquadrarem no Simples Nacional devem optar entre os regimes do Lucro Real ou do Lucro Presumido.<\/p>\n<p style=\"text-align: justify\">No caso do Lucro Presumido, a apura\u00e7\u00e3o do IRPJ e da CSLL tem por base de c\u00e1lculo uma margem de lucro prefixada pela legisla\u00e7\u00e3o, de acordo com a atividade da empresa. J\u00e1 no Lucro Real, a empresa deve calcular o IRPJ e a CSLL sobre o lucro efetivamente auferido (com os ajustes previstos na legisla\u00e7\u00e3o).<\/p>\n<p style=\"text-align: justify\">Fontes: <a title=\"Altera\u00e7\u00f5es do Simples Nacional 2014\" href=\"http:\/\/www.receita.fazenda.gov.br\/AutomaticoSRFsinot\/2014\/08\/08\/2014_08_08_10_37_45_436253485.html\" target=\"_blank\" rel=\"noopener noreferrer\">Receita Federal<\/a>\u00a0e <a title=\"Amplia\u00e7\u00e3o do Simples Nacional\" href=\"http:\/\/g1.globo.com\/economia\/pme\/noticia\/2014\/08\/lei-que-amplia-simples-nacional-e-publicada-no-diario-oficial.html\" target=\"_blank\" rel=\"noopener noreferrer\">G1<\/a><\/p>\n","protected":false},"excerpt":{"rendered":"<p>A Lei Complementar n\u00ba 147, de 7 de agosto de 2014, alterou a Lei Complementar n\u00ba 123, de 2006, que institui o Estatuto da Micro e Pequena Empresa e disp\u00f5e sobre o Simples Nacional. As altera\u00e7\u00f5es ser\u00e3o objeto de regulamenta\u00e7\u00e3o pelo Comit\u00ea Gestor do Simples Nacional (CGSN). Com a universaliza\u00e7\u00e3o ao Simples Nacional, que foi [&hellip;]<\/p>\n","protected":false},"author":2,"featured_media":0,"comment_status":"open","ping_status":"open","sticky":false,"template":"","format":"standard","meta":{"jetpack_post_was_ever_published":false,"_jetpack_newsletter_access":"","_jetpack_dont_email_post_to_subs":false,"_jetpack_newsletter_tier_id":0,"_jetpack_memberships_contains_paywalled_content":false,"_jetpack_memberships_contains_paid_content":false,"footnotes":"","jetpack_publicize_message":"","jetpack_publicize_feature_enabled":true,"jetpack_social_post_already_shared":true,"jetpack_social_options":{"image_generator_settings":{"template":"highway","default_image_id":0,"font":"","enabled":false},"version":2}},"categories":[60,69,46,22],"tags":[21,130,131],"class_list":["post-550","post","type-post","status-publish","format-standard","hentry","category-consultoria","category-contabilidade-2","category-df","category-geral","tag-contabilidade","tag-simples-nacional","tag-tributacao"],"jetpack_publicize_connections":[],"jetpack_featured_media_url":"","jetpack_sharing_enabled":true,"jetpack_shortlink":"https:\/\/wp.me\/p2wklX-8S","jetpack-related-posts":[{"id":1122,"url":"http:\/\/cfcontabil.com\/cf\/tributacao-dos-saloes-de-beleza-no-simples-nacional\/","url_meta":{"origin":550,"position":0},"title":"Tributa\u00e7\u00e3o dos sal\u00f5es de beleza no Simples Nacional","author":"Ab\u00edlio Gon\u00e7alves","date":"13 de abril de 2017","format":false,"excerpt":"Tendo em vista a publica\u00e7\u00e3o da Lei Complementar n\u00b0 155 e da Lei n\u00b0 13.352, ambas de 27 de outubro de 2016, estipulando regras sobre o c\u00f4mputo da receita bruta dos sal\u00f5es de beleza, esclarecemos que, no \u00e2mbito do Simples Nacional, essas regras ter\u00e3o validade a partir de 1\u00b0 de\u2026","rel":"","context":"Em &quot;Consultoria Empresarial&quot;","block_context":{"text":"Consultoria Empresarial","link":"http:\/\/cfcontabil.com\/cf\/category\/consultoria\/"},"img":{"alt_text":"","src":"https:\/\/i0.wp.com\/cfcontabil.com\/cf\/wp-content\/uploads\/2017\/01\/simples-1.jpg?fit=520%2C271&resize=350%2C200","width":350,"height":200},"classes":[]},{"id":2401,"url":"http:\/\/cfcontabil.com\/cf\/pequenas-empresas-tem-ate-o-dia-29-de-janeiro-para-aderir-ao-simples-nacional\/","url_meta":{"origin":550,"position":1},"title":"Pequenas empresas t\u00eam at\u00e9 o dia 29 de janeiro para aderir ao Simples Nacional","author":"Ab\u00edlio Gon\u00e7alves","date":"12 de janeiro de 2021","format":false,"excerpt":"Solicita\u00e7\u00e3o \u00e9 realizada somente pela internet e pode ser feita tanto por empresas j\u00e1 em atividade como para as que est\u00e3o em in\u00edcio de funcionamento. As microempresas e empresas de pequeno porte t\u00eam at\u00e9 o dia 29 de janeiro para optar pelo regime tribut\u00e1rio do Simples Nacional. A solicita\u00e7\u00e3o pode\u2026","rel":"","context":"Em &quot;Contabilidade em geral&quot;","block_context":{"text":"Contabilidade em geral","link":"http:\/\/cfcontabil.com\/cf\/category\/contabilidade-2\/"},"img":{"alt_text":"","src":"https:\/\/i0.wp.com\/cfcontabil.com\/cf\/wp-content\/uploads\/2020\/11\/Simples_Blog.jpg.600x335_q85_box-022957556_crop_detail.jpg?fit=600%2C335&resize=350%2C200","width":350,"height":200,"srcset":"https:\/\/i0.wp.com\/cfcontabil.com\/cf\/wp-content\/uploads\/2020\/11\/Simples_Blog.jpg.600x335_q85_box-022957556_crop_detail.jpg?fit=600%2C335&resize=350%2C200 1x, https:\/\/i0.wp.com\/cfcontabil.com\/cf\/wp-content\/uploads\/2020\/11\/Simples_Blog.jpg.600x335_q85_box-022957556_crop_detail.jpg?fit=600%2C335&resize=525%2C300 1.5x"},"classes":[]},{"id":412,"url":"http:\/\/cfcontabil.com\/cf\/agendamento-da-opcao-pelo-simples-nacional-2014\/","url_meta":{"origin":550,"position":2},"title":"Agendamento da Op\u00e7\u00e3o pelo Simples Nacional 2014","author":"Vin\u00edcius Moizinho","date":"4 de dezembro de 2013","format":false,"excerpt":"Bom dia, prezados! O recado hoje \u00e9 bem r\u00e1pido. Gostar\u00edamos de lembr\u00e1-los que j\u00e1\u00a0est\u00e1 dispon\u00edvel o servi\u00e7o de agendamento da op\u00e7\u00e3o pelo Simples Nacional para o ano-calend\u00e1rio 2014.\u00a0 \u00a0 Confira maiores detalhes! Agendamento para o ano-calend\u00e1rio 2014 Conforme \u00e9 explicado pela Receita Federal, esse servi\u00e7o objetiva facilitar o processo de\u2026","rel":"","context":"Em &quot;Contabilidade em geral&quot;","block_context":{"text":"Contabilidade em geral","link":"http:\/\/cfcontabil.com\/cf\/category\/contabilidade-2\/"},"img":{"alt_text":"","src":"https:\/\/i0.wp.com\/www.mauronegruni.com.br\/wp-content\/uploads\/2013\/09\/simplesNacional2192-300x3001.jpg?resize=350%2C200","width":350,"height":200},"classes":[]},{"id":1950,"url":"http:\/\/cfcontabil.com\/cf\/pequenos-devem-regularizar-debitos-com-a-receita\/","url_meta":{"origin":550,"position":3},"title":"Pequenos devem regularizar d\u00e9bitos com a Receita","author":"Ab\u00edlio Gon\u00e7alves","date":"27 de novembro de 2019","format":false,"excerpt":"Empresas optantes pelo Simples Nacional com irregularidades t\u00eam at\u00e9 30 dias para quitar d\u00edvidas. Exclus\u00e3o ter\u00e1 efeitos a partir de 2020 A Receita Federal notifica micro e pequenas empresas optantes pelo Simples Nacional com d\u00e9bitos junto \u00e0 Secretaria Especial da Receita Federal ou \u00e0 Procuradoria-Geral da Fazenda Nacional. Ap\u00f3s conhecimento\u2026","rel":"","context":"Em &quot;Departamento Fiscal&quot;","block_context":{"text":"Departamento Fiscal","link":"http:\/\/cfcontabil.com\/cf\/category\/df\/"},"img":{"alt_text":"","src":"https:\/\/i0.wp.com\/cfcontabil.com\/cf\/wp-content\/uploads\/2019\/11\/simples-nacional-empresa.jpg?fit=660%2C350&resize=350%2C200","width":350,"height":200,"srcset":"https:\/\/i0.wp.com\/cfcontabil.com\/cf\/wp-content\/uploads\/2019\/11\/simples-nacional-empresa.jpg?fit=660%2C350&resize=350%2C200 1x, https:\/\/i0.wp.com\/cfcontabil.com\/cf\/wp-content\/uploads\/2019\/11\/simples-nacional-empresa.jpg?fit=660%2C350&resize=525%2C300 1.5x"},"classes":[]},{"id":687,"url":"http:\/\/cfcontabil.com\/cf\/empresas-do-simples-devem-entregar-a-defis-ate-31-de-marco\/","url_meta":{"origin":550,"position":4},"title":"Empresas do Simples devem entregar a Defis at\u00e9 31 de mar\u00e7o","author":"Ab\u00edlio Gon\u00e7alves","date":"20 de mar\u00e7o de 2016","format":false,"excerpt":"Termina em 31 de mar\u00e7o o prazo para a entrega da Declara\u00e7\u00e3o de Informa\u00e7\u00f5es Socioecon\u00f4micas e Fiscais - DEFIS, relacionada \u00e0s empresas do Simples Nacional em situa\u00e7\u00e3o normal, e referente ao ano-calend\u00e1rio 2015. A Defis deve ser preenchida e transmitida pela Internet, por meio do aplicativo dispon\u00edvel na RFB, no\u2026","rel":"","context":"Em &quot;Consultoria Empresarial&quot;","block_context":{"text":"Consultoria Empresarial","link":"http:\/\/cfcontabil.com\/cf\/category\/consultoria\/"},"img":{"alt_text":"","src":"https:\/\/i0.wp.com\/cfcontabil.com\/cf\/wp-content\/uploads\/2016\/03\/DEFIS-Simples-1.png?fit=615%2C300&resize=350%2C200","width":350,"height":200,"srcset":"https:\/\/i0.wp.com\/cfcontabil.com\/cf\/wp-content\/uploads\/2016\/03\/DEFIS-Simples-1.png?fit=615%2C300&resize=350%2C200 1x, https:\/\/i0.wp.com\/cfcontabil.com\/cf\/wp-content\/uploads\/2016\/03\/DEFIS-Simples-1.png?fit=615%2C300&resize=525%2C300 1.5x"},"classes":[]},{"id":1404,"url":"http:\/\/cfcontabil.com\/cf\/o-papel-do-profissional-da-contabilidade-na-2a-fase-do-esocial\/","url_meta":{"origin":550,"position":5},"title":"O papel do profissional da contabilidade na 2\u00aa fase do eSocial","author":"Ab\u00edlio Gon\u00e7alves","date":"18 de outubro de 2018","format":false,"excerpt":"\u00c9 importante orientar o empres\u00e1rio para que os dados dos seus funcion\u00e1rios estejam organizados Fonte: CFC - Por Andr\u00e9a Rosa\u00a0Com informa\u00e7\u00f5es da Receita Federal do Brasil A segunda fase do eSocial teve in\u00edcio nesta quarta-feira (10), abrangendo entidades empresariais com faturamento de at\u00e9 R$ 78 milh\u00f5es no ano de 2016\u2026","rel":"","context":"Em &quot;Departamento Pessoal&quot;","block_context":{"text":"Departamento Pessoal","link":"http:\/\/cfcontabil.com\/cf\/category\/dp\/"},"img":{"alt_text":"","src":"https:\/\/i0.wp.com\/cfcontabil.com\/cf\/wp-content\/uploads\/2017\/06\/esocial-pasta-1.jpg?fit=1000%2C591&resize=350%2C200","width":350,"height":200,"srcset":"https:\/\/i0.wp.com\/cfcontabil.com\/cf\/wp-content\/uploads\/2017\/06\/esocial-pasta-1.jpg?fit=1000%2C591&resize=350%2C200 1x, https:\/\/i0.wp.com\/cfcontabil.com\/cf\/wp-content\/uploads\/2017\/06\/esocial-pasta-1.jpg?fit=1000%2C591&resize=525%2C300 1.5x, https:\/\/i0.wp.com\/cfcontabil.com\/cf\/wp-content\/uploads\/2017\/06\/esocial-pasta-1.jpg?fit=1000%2C591&resize=700%2C400 2x"},"classes":[]}],"jetpack_likes_enabled":true,"_links":{"self":[{"href":"http:\/\/cfcontabil.com\/cf\/wp-json\/wp\/v2\/posts\/550","targetHints":{"allow":["GET"]}}],"collection":[{"href":"http:\/\/cfcontabil.com\/cf\/wp-json\/wp\/v2\/posts"}],"about":[{"href":"http:\/\/cfcontabil.com\/cf\/wp-json\/wp\/v2\/types\/post"}],"author":[{"embeddable":true,"href":"http:\/\/cfcontabil.com\/cf\/wp-json\/wp\/v2\/users\/2"}],"replies":[{"embeddable":true,"href":"http:\/\/cfcontabil.com\/cf\/wp-json\/wp\/v2\/comments?post=550"}],"version-history":[{"count":0,"href":"http:\/\/cfcontabil.com\/cf\/wp-json\/wp\/v2\/posts\/550\/revisions"}],"wp:attachment":[{"href":"http:\/\/cfcontabil.com\/cf\/wp-json\/wp\/v2\/media?parent=550"}],"wp:term":[{"taxonomy":"category","embeddable":true,"href":"http:\/\/cfcontabil.com\/cf\/wp-json\/wp\/v2\/categories?post=550"},{"taxonomy":"post_tag","embeddable":true,"href":"http:\/\/cfcontabil.com\/cf\/wp-json\/wp\/v2\/tags?post=550"}],"curies":[{"name":"wp","href":"https:\/\/api.w.org\/{rel}","templated":true}]}}