{"id":554,"date":"2014-08-14T15:19:56","date_gmt":"2014-08-14T18:19:56","guid":{"rendered":"http:\/\/cfcontabil.com\/cf\/?p=554"},"modified":"2014-08-14T15:19:56","modified_gmt":"2014-08-14T18:19:56","slug":"saiba-quais-sao-os-tributos-que-todo-empreendedor-precisa-conhecer","status":"publish","type":"post","link":"http:\/\/cfcontabil.com\/cf\/saiba-quais-sao-os-tributos-que-todo-empreendedor-precisa-conhecer\/","title":{"rendered":"Saiba quais s\u00e3o os tributos que todo empreendedor precisa conhecer"},"content":{"rendered":"<p><img decoding=\"async\" class=\"aligncenter\" src=\"http:\/\/2.bp.blogspot.com\/_rBiG_FVVbZo\/TAhAlG2HRsI\/AAAAAAAAACY\/gXYYiO5_i8k\/s400\/untitled.bmp\" alt=\"\" \/><\/p>\n<p>&nbsp;<\/p>\n<p style=\"text-align: justify\">Uma boa administra\u00e7\u00e3o tribut\u00e1ria desde o come\u00e7o do neg\u00f3cio pode fazer diferen\u00e7a no sucesso. Confira a excelente compila\u00e7\u00e3o sobre o assunto publicada pela Endeavor Brasil e redistribu\u00edda pelo Di\u00e1rio Catarinense.<\/p>\n<p style=\"text-align: justify\">\n<p><!--more--><\/p>\n<p>&nbsp;<\/p>\n<p style=\"text-align: justify\"><em>N\u00e3o \u00e9 incomum ouvir dizer que o Brasil \u00e9 o \u201cpa\u00eds dos impostos\u201d, mas \u00e9 importante ter claro que essa \u00e9 uma parte do desafio que voc\u00ea assumiu ao decidir abrir seu neg\u00f3cio. Uma empresa com problemas fiscais pode ter muitas dificuldades, como para a entrada de um s\u00f3cio estrat\u00e9gico, para receber recursos de entidades como o Banco Nacional de Desenvolvimento Econ\u00f4mico e Social (BNDES) ou institui\u00e7\u00f5es financeiras de primeira linha e at\u00e9 mesmo impedir a venda ou o fechamento da empresa.<\/em><\/p>\n<p style=\"text-align: justify\"><em>Assim, come\u00e7ar certo facilita muito as coisas para voc\u00ea quando o seu neg\u00f3cio entra em fase de crescimento. Por isso, \u00e9 preciso planejar a melhor maneira de se navegar no \u201cmundo tribut\u00e1rio\u201d de maneira alinhada aos objetivos da sua empresa.<\/em><\/p>\n<p style=\"text-align: justify\"><em>Eduardo Borges, s\u00f3cio do escrit\u00f3rio Prado Borges Advogados, especializado na \u00e1rea tribut\u00e1ria, aconselha: a<\/em><em>ntes de abrir sua empresa, o empreendedor deve considerar, na forma\u00e7\u00e3o dos pre\u00e7os e na proje\u00e7\u00e3o da margem de lucro, especialmente, o peso dos tributos incidentes sobre:<\/em><\/p>\n<p style=\"text-align: justify\"><em>1) as receitas de venda de produtos e servi\u00e7os (IPI, ICMS, ISS, PIS\/COFINS e contribui\u00e7\u00f5es previdenci\u00e1rias),<\/em><\/p>\n<p style=\"text-align: justify\"><em>2) as importa\u00e7\u00f5es de bens, servi\u00e7os e tecnologia (Imposto de Importa\u00e7\u00e3o, IPI, PIS\/COFINS, CIDE, ICMS e ISS),<\/em><\/p>\n<p style=\"text-align: justify\"><em>3) a folha de sal\u00e1rios (contribui\u00e7\u00f5es previdenci\u00e1rias),<\/em><\/p>\n<p style=\"text-align: justify\"><em>4) o patrim\u00f4nio (ITR, IPTU e IPVA),<\/em><\/p>\n<p style=\"text-align: justify\"><em>5) o exerc\u00edcio de certas atividades reguladas (ex: taxa da Anatel, FUST, FUNTEL) e, finalmente,<\/em><\/p>\n<p style=\"text-align: justify\"><em>6) o lucro (IRPJ e CSL).<\/em><\/p>\n<p><img data-recalc-dims=\"1\" decoding=\"async\" class=\"aligncenter\" src=\"https:\/\/i0.wp.com\/www.quantocustaobrasil.com.br\/img\/campanha.jpg?w=1170\" alt=\"\" \/><\/p>\n<p style=\"text-align: justify\"><em>A incid\u00eancia desses tributos varia em fun\u00e7\u00e3o do setor de atua\u00e7\u00e3o e do porte da empresa. Esses tributos tamb\u00e9m podem ser classificados conforme os n\u00edveis de governo que os recolhem. Para facilitar, detalhamos abaixo alguns dos principais tributos sobre empresas do pa\u00eds:<\/em><\/p>\n<p style=\"text-align: justify\">\n<p style=\"text-align: justify\"><em><strong>Principais tributos federais<\/strong>:<\/em><\/p>\n<p style=\"text-align: justify\"><em><strong>IRPJ<\/strong> (Imposto de Renda Pessoa Jur\u00eddica): como foi dito, incide sobre o lucro da empresa, com uma al\u00edquota de 15%, mais um adicional de 10% sobre a parcela do lucro que exceder o montante mensal estipulado. O IRPJ \u00e9 retido pelos clientes no momento do pagamento das faturas.<\/em><\/p>\n<p style=\"text-align: justify\"><em><strong>CSLL<\/strong> (Contribui\u00e7\u00e3o Social sobre o Lucro L\u00edquido): assim como o IRPJ, incide sobre o lucro real do neg\u00f3cio, com al\u00edquota de 9%.<\/em><\/p>\n<p style=\"text-align: justify\"><em><strong>COFINS<\/strong> (Contribui\u00e7\u00e3o para Financiamento da Seguridade Social) e <strong>PIS<\/strong> (Programa de Integra\u00e7\u00e3o Social) \/PASEP (Programa de Forma\u00e7\u00e3o do Patrim\u00f4nio do Servidor P\u00fablico): s\u00e3o contribui\u00e7\u00f5es que incidem sobre a receita bruta da empresa, em geral, com al\u00edquota combinada de 3,65% (3% de COFINS e 0,65% de PIS\/PASEP). Assim como o IRPJ, o PIS\/COFINS tamb\u00e9m \u00e9 retido pelos clientes no momento do pagamento das faturas.<\/em><\/p>\n<p style=\"text-align: justify\"><em><strong>IPI<\/strong> (Imposto sobre Produtos Industrializados): \u00e9 um importo sobre produtos industrializados, que s\u00e3o tributados no momento em que saem da f\u00e1brica. As al\u00edquotas variam bastante por produto e, em m\u00e9dia, ficam entre 10% e 12%.<\/em><\/p>\n<p style=\"text-align: justify\">\n<p style=\"text-align: justify\"><em><strong>Principal tributo estadual<\/strong>:<\/em><\/p>\n<p style=\"text-align: justify\"><em><strong>ICMS<\/strong> (Importo sobre Circula\u00e7\u00e3o de Mercadorias e Servi\u00e7os): \u00e9 parecido com o IPI, mas que pode incidir tamb\u00e9m sobre alguns servi\u00e7os. Varia bastante por tipo de produto ou servi\u00e7o. Dica: consulte a Secretaria da Fazenda do seu Estado para saber qual \u00e9 a al\u00edquota que incide sobre ICMS do seu produto ou servi\u00e7o. Fique atento, pois o ICMS \u00e9 recolhido antecipadamente pelos seus fornecedores, por isso \u00e9 pago por substitui\u00e7\u00e3o tribut\u00e1ria.<\/em><\/p>\n<p style=\"text-align: justify\">\n<p style=\"text-align: justify\"><em><strong>Principal tributo municipal<\/strong>:<\/em><\/p>\n<p style=\"text-align: justify\"><em><strong>ISS<\/strong> (Importo sobre Servi\u00e7os de Qualquer Natureza): incide sobre presta\u00e7\u00e3o dos servi\u00e7os listados na Lei Complementar n\u00ba116\/03. A al\u00edquota em m\u00e9dia varia entre 2% e 5%. Segundo Eduardo Borges, alguns munic\u00edpios cobram o ISS com base no regime de caixa (\u00e0 medida do recebimento da receita); outros, sob o regime de compet\u00eancia (\u00e0 medida da realiza\u00e7\u00e3o do faturamento). Na maioria dos casos, o ISS \u00e9 devido ao munic\u00edpio em que estiver efetivamente situado o estabelecimento prestador. Entretanto, em rela\u00e7\u00e3o a determinados tipos de servi\u00e7o, o ISS ser\u00e1 devido ao munic\u00edpio em que for prestado, a exemplo dos servi\u00e7os de constru\u00e7\u00e3o, limpeza, varri\u00e7\u00e3o etc.<\/em><\/p>\n<p style=\"text-align: justify\">\n<p><img data-recalc-dims=\"1\" decoding=\"async\" class=\"aligncenter\" src=\"https:\/\/i0.wp.com\/3.bp.blogspot.com\/-LiYWxaaIbCU\/TjV7RAwUsLI\/AAAAAAAAARs\/6fS4tqedsvM\/s1600\/Contabilidade%2BTribut%25C3%25A1ria%2B3.jpg?w=1170\" alt=\"\" \/><\/p>\n<p>&nbsp;<\/p>\n<p>Publica\u00e7\u00f5es originais de <a title=\"Diario Catarinense\" href=\"http:\/\/diariocatarinense.clicrbs.com.br\/sc\/\" target=\"_blank\" rel=\"noopener noreferrer\">Di\u00e1rio Catarinense<\/a> e <a title=\"Endeavor Brasil\" href=\"http:\/\/www.endeavor.org.br\/\" target=\"_blank\" rel=\"noopener noreferrer\">Endeavor Brasil<\/a><\/p>\n","protected":false},"excerpt":{"rendered":"<p>&nbsp; Uma boa administra\u00e7\u00e3o tribut\u00e1ria desde o come\u00e7o do neg\u00f3cio pode fazer diferen\u00e7a no sucesso. Confira a excelente compila\u00e7\u00e3o sobre o assunto publicada pela Endeavor Brasil e redistribu\u00edda pelo Di\u00e1rio Catarinense.<\/p>\n","protected":false},"author":2,"featured_media":0,"comment_status":"open","ping_status":"open","sticky":false,"template":"","format":"standard","meta":{"jetpack_post_was_ever_published":false,"_jetpack_newsletter_access":"","_jetpack_dont_email_post_to_subs":false,"_jetpack_newsletter_tier_id":0,"_jetpack_memberships_contains_paywalled_content":false,"_jetpack_memberships_contains_paid_content":false,"footnotes":"","jetpack_publicize_message":"","jetpack_publicize_feature_enabled":true,"jetpack_social_post_already_shared":true,"jetpack_social_options":{"image_generator_settings":{"template":"highway","default_image_id":0,"font":"","enabled":false},"version":2}},"categories":[60,69,46],"tags":[149,150,125,127],"class_list":["post-554","post","type-post","status-publish","format-standard","hentry","category-consultoria","category-contabilidade-2","category-df","tag-carga-tributaria","tag-contabilidade-fiscal","tag-impostos","tag-tributos"],"jetpack_publicize_connections":[],"jetpack_featured_media_url":"","jetpack_sharing_enabled":true,"jetpack_shortlink":"https:\/\/wp.me\/p2wklX-8W","jetpack-related-posts":[{"id":119,"url":"http:\/\/cfcontabil.com\/cf\/tecnologia-na-governanca-triburaria\/","url_meta":{"origin":554,"position":0},"title":"Tecnologia na Governan\u00e7a Tribur\u00e1ria","author":"Vin\u00edcius Moizinho","date":"22 de agosto de 2012","format":false,"excerpt":"Bom dia, prezados! Hoje trago a voc\u00eas um excelente artigo produzido por\u00a0Luciano Silva, atual diretor executivo da SPL Fiscal, empresa especializada na presta\u00e7\u00e3o de servi\u00e7os de terceiriza\u00e7\u00e3o de processos fiscais. Nele o autor aborta a import\u00e2ncia do controle tribut\u00e1rio para as empresas brasileiras, destacando como contribuintes podem se beneficiar com\u2026","rel":"","context":"Em &quot;Geral&quot;","block_context":{"text":"Geral","link":"http:\/\/cfcontabil.com\/cf\/category\/geral\/"},"img":{"alt_text":"","src":"https:\/\/i0.wp.com\/thumbs.dreamstime.com\/thumblarge_545\/12865050587MYJsS.jpg?resize=350%2C200","width":350,"height":200},"classes":[]},{"id":1878,"url":"http:\/\/cfcontabil.com\/cf\/empresario-vitima-do-fisco\/","url_meta":{"origin":554,"position":1},"title":"Empres\u00e1rio vitima do fisco","author":"Ab\u00edlio Gon\u00e7alves","date":"13 de novembro de 2019","format":false,"excerpt":"As leis aplicadas no resultado de uma fiscaliza\u00e7\u00e3o pelo fisco penaliza o empres\u00e1rio As leis aplicadas no resultado de uma fiscaliza\u00e7\u00e3o pelo fisco penaliza o empres\u00e1rio pelo crime contra a ordem tribut\u00e1ria, n\u00e3o est\u00e3o vinculadas as normas que disciplinam a escritura\u00e7\u00e3o fiscal e cont\u00e1bil. As autoridades envolvidas n\u00e3o podem aceitar\u2026","rel":"","context":"Em &quot;Consultoria Empresarial&quot;","block_context":{"text":"Consultoria Empresarial","link":"http:\/\/cfcontabil.com\/cf\/category\/consultoria\/"},"img":{"alt_text":"","src":"https:\/\/i0.wp.com\/cfcontabil.com\/cf\/wp-content\/uploads\/2019\/11\/dinheiro-nota-real.jpg?fit=678%2C452&resize=350%2C200","width":350,"height":200,"srcset":"https:\/\/i0.wp.com\/cfcontabil.com\/cf\/wp-content\/uploads\/2019\/11\/dinheiro-nota-real.jpg?fit=678%2C452&resize=350%2C200 1x, https:\/\/i0.wp.com\/cfcontabil.com\/cf\/wp-content\/uploads\/2019\/11\/dinheiro-nota-real.jpg?fit=678%2C452&resize=525%2C300 1.5x"},"classes":[]},{"id":367,"url":"http:\/\/cfcontabil.com\/cf\/o-contador-na-era-tecnologica\/","url_meta":{"origin":554,"position":2},"title":"O Contador na Era Tecnol\u00f3gica","author":"Vin\u00edcius Moizinho","date":"18 de setembro de 2013","format":false,"excerpt":"Bom dia, prezados! \u00c9 fato que a internacionaliza\u00e7\u00e3o das normas cont\u00e1beis deu ao contador outro perfil. A ultrapassada imagem que vinculada ao contador brasileiro, como sendo o guarda-livros de caneta atr\u00e1s da orelha, n\u00e3o passa hoje de folclore e caricatura. A abertura dos mercados globais tornou a Contabilidade a quarta\u2026","rel":"","context":"Em &quot;Consultoria Empresarial&quot;","block_context":{"text":"Consultoria Empresarial","link":"http:\/\/cfcontabil.com\/cf\/category\/consultoria\/"},"img":{"alt_text":"","src":"https:\/\/i0.wp.com\/www.serkat.com.br\/img\/topo\/servicos.jpg?resize=350%2C200","width":350,"height":200},"classes":[]},{"id":3522,"url":"http:\/\/cfcontabil.com\/cf\/reforma-tributaria-por-que-fazer-um-diagnostico-do-seu-negocio-agora\/","url_meta":{"origin":554,"position":3},"title":"Reforma Tribut\u00e1ria: por que fazer um diagn\u00f3stico do seu neg\u00f3cio agora?","author":"Ab\u00edlio Gon\u00e7alves","date":"18 de mar\u00e7o de 2026","format":false,"excerpt":"A Reforma Tribut\u00e1ria j\u00e1 saiu do papel e come\u00e7a a impactar o dia a dia das empresas brasileiras nos pr\u00f3ximos anos, com a cria\u00e7\u00e3o do IBS, da CBS e do Imposto Seletivo, que substituem uma s\u00e9rie de tributos atuais sobre consumo como ICMS, ISS, PIS e Cofins.Na pr\u00e1tica, isso significa\u2026","rel":"","context":"Em &quot;Geral&quot;","block_context":{"text":"Geral","link":"http:\/\/cfcontabil.com\/cf\/category\/geral\/"},"img":{"alt_text":"","src":"https:\/\/i0.wp.com\/cfcontabil.com\/cf\/wp-content\/uploads\/2026\/03\/reformatrabalhistacapa-scaled.jpg?fit=1200%2C674&resize=350%2C200","width":350,"height":200,"srcset":"https:\/\/i0.wp.com\/cfcontabil.com\/cf\/wp-content\/uploads\/2026\/03\/reformatrabalhistacapa-scaled.jpg?fit=1200%2C674&resize=350%2C200 1x, https:\/\/i0.wp.com\/cfcontabil.com\/cf\/wp-content\/uploads\/2026\/03\/reformatrabalhistacapa-scaled.jpg?fit=1200%2C674&resize=525%2C300 1.5x, https:\/\/i0.wp.com\/cfcontabil.com\/cf\/wp-content\/uploads\/2026\/03\/reformatrabalhistacapa-scaled.jpg?fit=1200%2C674&resize=700%2C400 2x, https:\/\/i0.wp.com\/cfcontabil.com\/cf\/wp-content\/uploads\/2026\/03\/reformatrabalhistacapa-scaled.jpg?fit=1200%2C674&resize=1050%2C600 3x"},"classes":[]},{"id":1267,"url":"http:\/\/cfcontabil.com\/cf\/termina-em-31-de-julho-prazo-de-entrega-da-escrituracao-contabil-fiscal\/","url_meta":{"origin":554,"position":4},"title":"Termina em 31 de julho prazo de entrega da Escritura\u00e7\u00e3o Cont\u00e1bil Fiscal","author":"Ab\u00edlio Gon\u00e7alves","date":"28 de julho de 2017","format":false,"excerpt":"Diretor da Fenacon recomenda que n\u00e3o seja deixada para o \u00faltimo dia Empresas que n\u00e3o enviarem as informa\u00e7\u00f5es \u00e0 Receita Federal at\u00e9 a data final ficar\u00e3o impedidas de emitir certid\u00e3o negativa de d\u00e9bitos e ter\u00e3o de pagar multa O prazo de entrega da Escritura\u00e7\u00e3o Cont\u00e1bil Fiscal (ECF) termina no \u00faltimo\u2026","rel":"","context":"Em &quot;Departamento Fiscal&quot;","block_context":{"text":"Departamento Fiscal","link":"http:\/\/cfcontabil.com\/cf\/category\/df\/"},"img":{"alt_text":"","src":"https:\/\/i0.wp.com\/cfcontabil.com\/cf\/wp-content\/uploads\/2017\/07\/ecf-1406658540-1-1.jpg?fit=800%2C588&resize=350%2C200","width":350,"height":200,"srcset":"https:\/\/i0.wp.com\/cfcontabil.com\/cf\/wp-content\/uploads\/2017\/07\/ecf-1406658540-1-1.jpg?fit=800%2C588&resize=350%2C200 1x, https:\/\/i0.wp.com\/cfcontabil.com\/cf\/wp-content\/uploads\/2017\/07\/ecf-1406658540-1-1.jpg?fit=800%2C588&resize=525%2C300 1.5x, https:\/\/i0.wp.com\/cfcontabil.com\/cf\/wp-content\/uploads\/2017\/07\/ecf-1406658540-1-1.jpg?fit=800%2C588&resize=700%2C400 2x"},"classes":[]},{"id":1871,"url":"http:\/\/cfcontabil.com\/cf\/impostos-dificultam-pequenos-e-medios-negocios-dizem-empresarios\/","url_meta":{"origin":554,"position":5},"title":"Impostos dificultam pequenos e m\u00e9dios neg\u00f3cios, dizem empres\u00e1rios","author":"Ab\u00edlio Gon\u00e7alves","date":"11 de novembro de 2019","format":false,"excerpt":"Levantamento foi realizado pelo Inper com 1.287 empreendedores A carga tribut\u00e1ria \u00e9 o principal entrave para a evolu\u00e7\u00e3o de pequenos e m\u00e9dios neg\u00f3cios no Brasil. A avalia\u00e7\u00e3o de empreendedores dos setores de com\u00e9rcio, ind\u00fastria e servi\u00e7os consta de levantamento realizado pelo Centro de Estudos em Neg\u00f3cios do Insper, com apoio\u2026","rel":"","context":"Em &quot;Departamento Fiscal&quot;","block_context":{"text":"Departamento Fiscal","link":"http:\/\/cfcontabil.com\/cf\/category\/df\/"},"img":{"alt_text":"","src":"https:\/\/i0.wp.com\/cfcontabil.com\/cf\/wp-content\/uploads\/2019\/10\/imposto.jpg?fit=715%2C300&resize=350%2C200","width":350,"height":200,"srcset":"https:\/\/i0.wp.com\/cfcontabil.com\/cf\/wp-content\/uploads\/2019\/10\/imposto.jpg?fit=715%2C300&resize=350%2C200 1x, https:\/\/i0.wp.com\/cfcontabil.com\/cf\/wp-content\/uploads\/2019\/10\/imposto.jpg?fit=715%2C300&resize=525%2C300 1.5x, https:\/\/i0.wp.com\/cfcontabil.com\/cf\/wp-content\/uploads\/2019\/10\/imposto.jpg?fit=715%2C300&resize=700%2C400 2x"},"classes":[]}],"jetpack_likes_enabled":true,"_links":{"self":[{"href":"http:\/\/cfcontabil.com\/cf\/wp-json\/wp\/v2\/posts\/554","targetHints":{"allow":["GET"]}}],"collection":[{"href":"http:\/\/cfcontabil.com\/cf\/wp-json\/wp\/v2\/posts"}],"about":[{"href":"http:\/\/cfcontabil.com\/cf\/wp-json\/wp\/v2\/types\/post"}],"author":[{"embeddable":true,"href":"http:\/\/cfcontabil.com\/cf\/wp-json\/wp\/v2\/users\/2"}],"replies":[{"embeddable":true,"href":"http:\/\/cfcontabil.com\/cf\/wp-json\/wp\/v2\/comments?post=554"}],"version-history":[{"count":0,"href":"http:\/\/cfcontabil.com\/cf\/wp-json\/wp\/v2\/posts\/554\/revisions"}],"wp:attachment":[{"href":"http:\/\/cfcontabil.com\/cf\/wp-json\/wp\/v2\/media?parent=554"}],"wp:term":[{"taxonomy":"category","embeddable":true,"href":"http:\/\/cfcontabil.com\/cf\/wp-json\/wp\/v2\/categories?post=554"},{"taxonomy":"post_tag","embeddable":true,"href":"http:\/\/cfcontabil.com\/cf\/wp-json\/wp\/v2\/tags?post=554"}],"curies":[{"name":"wp","href":"https:\/\/api.w.org\/{rel}","templated":true}]}}