{"id":611,"date":"2015-09-10T14:27:42","date_gmt":"2015-09-10T17:27:42","guid":{"rendered":"http:\/\/cfcontabil.com\/cf\/?p=611"},"modified":"2015-09-10T14:27:42","modified_gmt":"2015-09-10T17:27:42","slug":"x-convencao-de-contabildade-do-distrito-federal","status":"publish","type":"post","link":"http:\/\/cfcontabil.com\/cf\/x-convencao-de-contabildade-do-distrito-federal\/","title":{"rendered":"X Conven\u00e7\u00e3o de Contabildade do Distrito Federal"},"content":{"rendered":"<p style=\"text-align: center;\"><span style=\"font-size: 18pt;\"><strong>\u201cCom a Contabilidade o Brasil se faz Transparente\u201d<\/strong><\/span><\/p>\n<p style=\"text-align: justify;\"><span style=\"font-size: 14pt;\">Com este tema que o Conselho Regional de Contabilidade do Distrito Federal (CRCDF) realizou a <strong>X Conven\u00e7\u00e3o de Contabilidade do<img data-recalc-dims=\"1\" fetchpriority=\"high\" decoding=\"async\" data-attachment-id=\"612\" data-permalink=\"http:\/\/cfcontabil.com\/cf\/xconvencaocontabilidadedf-tema\/\" data-orig-file=\"https:\/\/i0.wp.com\/cfcontabil.com\/cf\/wp-content\/uploads\/2015\/09\/xconvencaocontabilidadedf-tema-2.png?fit=600%2C600\" data-orig-size=\"600,600\" data-comments-opened=\"1\" data-image-meta=\"{&quot;aperture&quot;:&quot;0&quot;,&quot;credit&quot;:&quot;&quot;,&quot;camera&quot;:&quot;&quot;,&quot;caption&quot;:&quot;&quot;,&quot;created_timestamp&quot;:&quot;0&quot;,&quot;copyright&quot;:&quot;&quot;,&quot;focal_length&quot;:&quot;0&quot;,&quot;iso&quot;:&quot;0&quot;,&quot;shutter_speed&quot;:&quot;0&quot;,&quot;title&quot;:&quot;&quot;,&quot;orientation&quot;:&quot;0&quot;}\" data-image-title=\"xconvencaocontabilidadedf-tema\" data-image-description=\"\" data-image-caption=\"\" data-large-file=\"https:\/\/i0.wp.com\/cfcontabil.com\/cf\/wp-content\/uploads\/2015\/09\/xconvencaocontabilidadedf-tema-2.png?fit=600%2C600\" class=\"alignright wp-image-612\" src=\"https:\/\/i0.wp.com\/cfcontabil.com\/cf\/wp-content\/uploads\/2015\/09\/xconvencaocontabilidadedf-tema.png?resize=399%2C399\" alt=\"xconvencaocontabilidadedf-tema\" width=\"399\" height=\"399\" \/> Distrito Federal<\/strong>, \u00a0nos dias 20 e 21 de agosto\u00a0na sede da LBV, situada na SGAS 915 Sul.<br \/>\n<\/span><\/p>\n<p style=\"text-align: justify;\">A Conven\u00e7\u00e3o de\u00a0Contabilidade \u00e9 um dos eventos mais tradicionais do CRCDF, tendo sua primeira edi\u00e7\u00e3o sido realizada em agosto de 1995. Para a edi\u00e7\u00e3o de 2015, s\u00e3o esperados cerca de 350 participantes, de acordo com o\u00a0coordenador da Comiss\u00e3o Organizadora o evento, o Vice-presidente de Desenvolvimento Profissional da entidade, Adriano Marrocos.<\/p>\n<p style=\"text-align: justify;\">Organizada em F\u00f3runs de discuss\u00f5es nas \u00e1reas tem\u00e1ticas da Auditoria, Empresas Cont\u00e1beis, Per\u00edcia e Setor P\u00fablico, cada um ministrado por renomados especialistas das respectivas especialidades.\u00a0E em cada f\u00f3rum ocorreram\u00a0oficinas e pain\u00e9is com estudantes das Institui\u00e7\u00f5es de Ensino Superior (IES) da regi\u00e3o.<\/p>\n<p style=\"text-align: justify;\">A CF Cont\u00e1bil esteve presente em dois f\u00f3runs: Empresas Cont\u00e1beis e Per\u00edcia. Saiba mais sobre o evento:<\/p>\n<p style=\"text-align: justify;\"><!--more--><\/p>\n<p style=\"text-align: justify;\"><a href=\"https:\/\/i0.wp.com\/cfcontabil.com\/cf\/wp-content\/uploads\/2015\/09\/xconvencaocontabilidadedf-programacao.png\"><img data-recalc-dims=\"1\" decoding=\"async\" data-attachment-id=\"613\" data-permalink=\"http:\/\/cfcontabil.com\/cf\/xconvencaocontabilidadedf-programacao\/\" data-orig-file=\"https:\/\/i0.wp.com\/cfcontabil.com\/cf\/wp-content\/uploads\/2015\/09\/xconvencaocontabilidadedf-programacao-2.png?fit=480%2C480\" data-orig-size=\"480,480\" data-comments-opened=\"1\" data-image-meta=\"{&quot;aperture&quot;:&quot;0&quot;,&quot;credit&quot;:&quot;&quot;,&quot;camera&quot;:&quot;&quot;,&quot;caption&quot;:&quot;&quot;,&quot;created_timestamp&quot;:&quot;0&quot;,&quot;copyright&quot;:&quot;&quot;,&quot;focal_length&quot;:&quot;0&quot;,&quot;iso&quot;:&quot;0&quot;,&quot;shutter_speed&quot;:&quot;0&quot;,&quot;title&quot;:&quot;&quot;,&quot;orientation&quot;:&quot;0&quot;}\" data-image-title=\"xconvencaocontabilidadedf-programacao\" data-image-description=\"\" data-image-caption=\"\" data-large-file=\"https:\/\/i0.wp.com\/cfcontabil.com\/cf\/wp-content\/uploads\/2015\/09\/xconvencaocontabilidadedf-programacao-2.png?fit=480%2C480\" class=\"aligncenter size-full wp-image-613\" src=\"https:\/\/i0.wp.com\/cfcontabil.com\/cf\/wp-content\/uploads\/2015\/09\/xconvencaocontabilidadedf-programacao.png?resize=480%2C480\" alt=\"xconvencaocontabilidadedf-programacao\" width=\"480\" height=\"480\" \/><\/a><\/p>\n<p style=\"text-align: justify;\">O CRCDF preparou tr\u00eas palestras especiais para os profissionais da Contabilidade \u2013 duas palestras magnas na noite de abertura e uma motivacional, que ocorreu no\u00a0fechamento do evento.<\/p>\n<p style=\"text-align: justify;\">As da abertura foram\u00a0ministradas por:<\/p>\n<p>\u2022\u00a0<strong>Domingos Poubel de Castro<\/strong> \u2013 falou\u00a0sobre A Efic\u00e1cia do Controle do Gasto P\u00fablico: Da Teoria \u00e0 Pr\u00e1tica no Brasil.<\/p>\n<p style=\"text-align: justify;\"><a href=\"https:\/\/i0.wp.com\/cfcontabil.com\/cf\/wp-content\/uploads\/2015\/09\/xconvencaocontabilidadedf-domingos.png\"><img data-recalc-dims=\"1\" decoding=\"async\" data-attachment-id=\"614\" data-permalink=\"http:\/\/cfcontabil.com\/cf\/xconvencaocontabilidadedf-domingos\/\" data-orig-file=\"https:\/\/i0.wp.com\/cfcontabil.com\/cf\/wp-content\/uploads\/2015\/09\/xconvencaocontabilidadedf-domingos-2.png?fit=480%2C480\" data-orig-size=\"480,480\" data-comments-opened=\"1\" data-image-meta=\"{&quot;aperture&quot;:&quot;0&quot;,&quot;credit&quot;:&quot;&quot;,&quot;camera&quot;:&quot;&quot;,&quot;caption&quot;:&quot;&quot;,&quot;created_timestamp&quot;:&quot;0&quot;,&quot;copyright&quot;:&quot;&quot;,&quot;focal_length&quot;:&quot;0&quot;,&quot;iso&quot;:&quot;0&quot;,&quot;shutter_speed&quot;:&quot;0&quot;,&quot;title&quot;:&quot;&quot;,&quot;orientation&quot;:&quot;0&quot;}\" data-image-title=\"xconvencaocontabilidadedf-domingos\" data-image-description=\"\" data-image-caption=\"\" data-large-file=\"https:\/\/i0.wp.com\/cfcontabil.com\/cf\/wp-content\/uploads\/2015\/09\/xconvencaocontabilidadedf-domingos-2.png?fit=480%2C480\" class=\"alignleft wp-image-614\" src=\"https:\/\/i0.wp.com\/cfcontabil.com\/cf\/wp-content\/uploads\/2015\/09\/xconvencaocontabilidadedf-domingos.png?resize=349%2C349\" alt=\"xconvencaocontabilidadedf-domingos\" width=\"349\" height=\"349\" \/><\/a>Domingos Poubel de Castro \u00e9 Contador e Economista, com P\u00f3s-gradua\u00e7\u00e3o em Auditoria. Professor de Contabilidade P\u00fablica e de P\u00f3s-gradua\u00e7\u00e3o em Auditoria Interna e Externa, j\u00e1 foi Secret\u00e1rio-adjunto da Secretaria do Tesouro Nacional e auditor do Banco Central do Brasil, al\u00e9m de Contador respons\u00e1vel pelo Balan\u00e7o Geral da Uni\u00e3o e tamb\u00e9m pelas contas do Presidente da Rep\u00fablica e \u00e9 atual gerente nacional de Or\u00e7amento e Contabilidade do Sebrae.<\/p>\n<p>&nbsp;<\/p>\n<p>\u2022\u00a0<strong>Alessandro Saad<\/strong> \u2013 com o\u00a0tema: O Novo Perfil do Empreendedor Brasileiro.<\/p>\n<p style=\"text-align: justify;\"><img data-recalc-dims=\"1\" loading=\"lazy\" decoding=\"async\" data-attachment-id=\"615\" data-permalink=\"http:\/\/cfcontabil.com\/cf\/xconvencaocontabilidadedf-alessandro\/\" data-orig-file=\"https:\/\/i0.wp.com\/cfcontabil.com\/cf\/wp-content\/uploads\/2015\/09\/xconvencaocontabilidadedf-alessandro-2.png?fit=480%2C480\" data-orig-size=\"480,480\" data-comments-opened=\"1\" data-image-meta=\"{&quot;aperture&quot;:&quot;0&quot;,&quot;credit&quot;:&quot;&quot;,&quot;camera&quot;:&quot;&quot;,&quot;caption&quot;:&quot;&quot;,&quot;created_timestamp&quot;:&quot;0&quot;,&quot;copyright&quot;:&quot;&quot;,&quot;focal_length&quot;:&quot;0&quot;,&quot;iso&quot;:&quot;0&quot;,&quot;shutter_speed&quot;:&quot;0&quot;,&quot;title&quot;:&quot;&quot;,&quot;orientation&quot;:&quot;0&quot;}\" data-image-title=\"xconvencaocontabilidadedf-alessandro\" data-image-description=\"\" data-image-caption=\"\" data-large-file=\"https:\/\/i0.wp.com\/cfcontabil.com\/cf\/wp-content\/uploads\/2015\/09\/xconvencaocontabilidadedf-alessandro-2.png?fit=480%2C480\" class=\"alignright wp-image-615\" src=\"https:\/\/i0.wp.com\/cfcontabil.com\/cf\/wp-content\/uploads\/2015\/09\/xconvencaocontabilidadedf-alessandro.png?resize=386%2C386\" alt=\"xconvencaocontabilidadedf-alessandro\" width=\"386\" height=\"386\" \/>Alessandro Saad \u00e9 administrador de empresas, p\u00f3s-graduado em Marketing e Mestre em Comunica\u00e7\u00e3o e Mercados, com especializa\u00e7\u00e3o em Inova\u00e7\u00e3o pela UC Berkeley e em Empreendedorismo pela Babson College, ambas nos EUA. Empreendedor, \u00e9 s\u00f3cio da empresa respons\u00e1vel pela cria\u00e7\u00e3o da categoria de cervejas gourmet no Brasil, ex-presidente do Comit\u00ea de Neg\u00f3cios Internacionais e Investimentos da Brukcham C\u00e2mara de Com\u00e9rcio e Ind\u00fastria Brasil-Reino Unido e ex-diretor conselheiro da Associa\u00e7\u00e3o Comercial de S\u00e3o Paulo. Atualmente, \u00e9 diretor de conte\u00fado da Academia da Estrat\u00e9gia, empresa especializada em educa\u00e7\u00e3o corporativa.<\/p>\n<p style=\"text-align: justify;\"><a href=\"https:\/\/i0.wp.com\/cfcontabil.com\/cf\/wp-content\/uploads\/2015\/09\/xconvencaocontabilidadedf-adrianaalbuquerque.png\"><img data-recalc-dims=\"1\" loading=\"lazy\" decoding=\"async\" data-attachment-id=\"616\" data-permalink=\"http:\/\/cfcontabil.com\/cf\/xconvencaocontabilidadedf-adrianaalbuquerque\/\" data-orig-file=\"https:\/\/i0.wp.com\/cfcontabil.com\/cf\/wp-content\/uploads\/2015\/09\/xconvencaocontabilidadedf-adrianaalbuquerque-2.png?fit=600%2C601\" data-orig-size=\"600,601\" data-comments-opened=\"1\" data-image-meta=\"{&quot;aperture&quot;:&quot;0&quot;,&quot;credit&quot;:&quot;&quot;,&quot;camera&quot;:&quot;&quot;,&quot;caption&quot;:&quot;&quot;,&quot;created_timestamp&quot;:&quot;0&quot;,&quot;copyright&quot;:&quot;&quot;,&quot;focal_length&quot;:&quot;0&quot;,&quot;iso&quot;:&quot;0&quot;,&quot;shutter_speed&quot;:&quot;0&quot;,&quot;title&quot;:&quot;&quot;,&quot;orientation&quot;:&quot;0&quot;}\" data-image-title=\"xconvencaocontabilidadedf-adrianaalbuquerque\" data-image-description=\"\" data-image-caption=\"\" data-large-file=\"https:\/\/i0.wp.com\/cfcontabil.com\/cf\/wp-content\/uploads\/2015\/09\/xconvencaocontabilidadedf-adrianaalbuquerque-2.png?fit=600%2C601\" class=\"alignleft wp-image-616\" src=\"https:\/\/i0.wp.com\/cfcontabil.com\/cf\/wp-content\/uploads\/2015\/09\/xconvencaocontabilidadedf-adrianaalbuquerque.png?resize=289%2C290\" alt=\"xconvencaocontabilidadedf-adrianaalbuquerque\" width=\"289\" height=\"290\" \/><\/a>J\u00e1 a palestra de encerramento ficou por conta da coaching Adriana Albuquerque, que abordou o tema: As Tr\u00eas Decis\u00f5es Essenciais \u2013 Neg\u00f3cios, Carreira &amp; Sucesso. Psic\u00f3loga e professora de p\u00f3s-gradua\u00e7\u00e3o com MBA em gest\u00e3o de pessoas, empresarial e de projetos, Adriana Albuquerque \u00e9 uma das palestrantes mais requisitadas para conven\u00e7\u00f5es nacionais e internacionais em todo o pa\u00eds. Foi destaque do Conarh 2013, o maior congresso de gest\u00e3o de pessoas do mundo, e em 2014 realizou uma turn\u00ea de palestras no Jap\u00e3o, experi\u00eancia marco em sua carreira internacional.<\/p>\n<p style=\"text-align: justify;\">Al\u00e9m de um estande especial \u201cEspa\u00e7o Cient\u00edfico \u2013 Momento com o Autor\u201d, que contou com \u00a0uma\u00a0exposi\u00e7\u00e3o de obras sobre Ci\u00eancias Cont\u00e1beis e temas afins, onde ocorreu algumas\u00a0sess\u00f5es de aut\u00f3grafos de renomados autores durante o evento, proporcionando a intera\u00e7\u00e3o com os participantes.<\/p>\n<p style=\"text-align: center;\"><strong>Transpar\u00eancia<\/strong><strong><br \/>\n<\/strong>\u201cO tema escolhido para este ano est\u00e1 em sintonia fina com as preocupa\u00e7\u00f5es que assolam o pa\u00eds no momento e, ao mesmo tempo, com a s\u00e9rie de esfor\u00e7os que o sistema cont\u00e1bil Brasileiro (Conselho Federal de Contabilidade\/CFC e Conselhos Regionais de Contabilidade\/CRCs) vem fazendo para consolidar a import\u00e2ncia dos mecanismos de transpar\u00eancia na presta\u00e7\u00e3o de contas \u2013 tanto de governos e \u00f3rg\u00e3os p\u00fablicos quanto de empresas privadas, entidades sociais e mesmo pessoas f\u00edsicas\u201d, ressalta a Presidente do CRCDF, Sandra Batista.<\/p>\n<p style=\"text-align: justify;\">Ela enfatiza que a Conven\u00e7\u00e3o tamb\u00e9m ocorre num momento em que o mercado est\u00e1 bastante aquecido para a atividade cont\u00e1bil. \u201cNa verdade, nunca esteve t\u00e3o aquecido para a nossa \u00e1rea como agora\u201d, afirma, lembrando que isso se deve a uma combina\u00e7\u00e3o de fatores, dentre os principais:<\/p>\n<p>\u2022\u00a0a internacionaliza\u00e7\u00e3o das normas cont\u00e1beis (o Brasil vem se adaptando desde 2007);<\/p>\n<p>\u2022\u00a0a edi\u00e7\u00e3o de leis que estabeleceram novas responsabilidades para os Contadores (no combate \u00e0 lavagem de dinheiro e na presta\u00e7\u00e3o de contas eleitorais, por exemplo);<\/p>\n<p>\u2022\u00a0o uso disseminado de informa\u00e7\u00f5es digitais por empresas e \u00f3rg\u00e3os p\u00fablicos \u2013 caso da Escritura\u00e7\u00e3o Digital Cont\u00e1bil e Fiscal (SPED, ECD e ECF) -, o que permite ao Contador integrar boa parte dos dados num mesmo trabalho e, inclusive, trabalhar on line e<\/p>\n<p>\u2022\u00a0o novo C\u00f3digo Civil Brasileiro, que entrar\u00e1 em vigor em mar\u00e7o de 2016.<\/p>\n<p>\u201cComo estar preparado para atender com qualidade os clientes nessa nova realidade, se atualizar para entender as implica\u00e7\u00f5es e exig\u00eancias da legisla\u00e7\u00e3o mais recente e conhecer as principais mudan\u00e7as que afetam as v\u00e1rias especialidades da Contabilidade \u00e9 o que vamos debater na X Conven\u00e7\u00e3o\u201d, resume a presidente do CRCDF. \u201cJunto com a quest\u00e3o da Transpar\u00eancia, s\u00e3o debates fundamentais que estamos proporcionando para o profissional cont\u00e1bil que quer se tornar realmente competitivo nesse mercado aquecido. Esperamos a presen\u00e7a e a participa\u00e7\u00e3o ativa de todos os Contadores e T\u00e9cnicos do DF nessas discuss\u00f5es!\u201d.<\/p>\n<p><strong>F\u00f3runs da Conven\u00e7\u00e3o<\/strong><\/p>\n<p>No F\u00f3rum da\u00a0Auditoria,\u00a0os temas de debate ser\u00e3o sobre o gerenciamento de risco na auditoria; a governan\u00e7a na preven\u00e7\u00e3o \u00e0 fraude; e a preven\u00e7\u00e3o da lavagem de dinheiro e combate ao financiamento do terrorismo. Com os palestrantes:<br \/>\n1)\u00a0Cl\u00e1udio Peixoto<br \/>\n2)\u00a0Dermeval Bicalho Carvalho<br \/>\n3)\u00a0Ricardo Li\u00e1o<\/p>\n<p>J\u00e1 no F\u00f3rum das\u00a0Empresas Cont\u00e1beis, os debates se dar\u00e3o em torno do e-Social e seu impacto nas organiza\u00e7\u00f5es cont\u00e1beis; da divulga\u00e7\u00e3o cont\u00e1bil 2015: os mitos e desafios para as empresas de servi\u00e7os do setor; e an\u00e1lise da Lei 12.973\/2014, com o foco na distin\u00e7\u00e3o da contabilidade societ\u00e1ria da contabilidade fiscal e na distribui\u00e7\u00e3o de Lucro. Os temas ficar\u00e3o a cargo dos especialistas:<br \/>\n1)\u00a0\u00c2ngelo M\u00e1rcio Leandro da Costa<br \/>\n2)\u00a0Jos\u00e9 Ant\u00f4nio de Fran\u00e7a<br \/>\n3)\u00a0Marcelo Sanchez<\/p>\n<p>No F\u00f3rum da\u00a0Per\u00edcia,\u00a0os temas abordados v\u00e3o dos mitos e verdades da Tabela Price \u00e0 escolha do perito contador, qualidade dos laudos periciais e expectativas de magistrados do DF, passando pelos pedidos de esclarecimentos de laudos periciais e seus reflexos no trabalho pericial cont\u00e1bil e no Judici\u00e1rio. Os palestrantes s\u00e3o os seguintes:<br \/>\n1)\u00a0Edilson Enedino das Chagas<br \/>\n2)\u00a0Fl\u00e1vio Renato Jaquet Rostirola<br \/>\n3) Ivam Ricardo Peleias<br \/>\n4) Martinho Maur\u00edcio Gomes Ornelas<br \/>\n5)\u00a0Robson da Silva Britto<\/p>\n<p>O F\u00f3rum do\u00a0Setor P\u00fablico, por sua vez, ir\u00e1 debater os temas: Entendendo os resultados Prim\u00e1rio e Nominal; a experi\u00eancia do Brasil como membro do IFAC (<em>International Federation of Accountants<\/em> \u2013 Federa\u00e7\u00e3o Internacional de Contabilistas);e o sistema de informa\u00e7\u00e3o de custos: a resposta da Contabilidade. As palestras ser\u00e3o ministradas por:<br \/>\n1)\u00a0Leonardo Silveira do Nascimento<br \/>\n2)\u00a0Marilson Dantas e<br \/>\n3)\u00a0Paulo Henrique Feij\u00f3<\/p>\n<p>Participantes da CF Cont\u00e1bil: Ab\u00edlio Gon\u00e7alves (propriet\u00e1rio) e Juc\u00e9lia Martins (esposa e Departamento de Pessoal)<\/p>\n<p><img loading=\"lazy\" decoding=\"async\" class=\"aligncenter\" src=\"https:\/\/scontent-gru1-1.xx.fbcdn.net\/hphotos-xpf1\/v\/t1.0-9\/11863316_1148195375195292_1208590735179279851_n.jpg?oh=8b591798ff9192c5da80b98578cd6c3b&amp;oe=566C47AC\" alt=\"\" width=\"960\" height=\"960\" \/><\/p>\n","protected":false},"excerpt":{"rendered":"<p>\u201cCom a Contabilidade o Brasil se faz Transparente\u201d Com este tema que o Conselho Regional de Contabilidade do Distrito Federal (CRCDF) realizou a X Conven\u00e7\u00e3o de Contabilidade do Distrito Federal, \u00a0nos dias 20 e 21 de agosto\u00a0na sede da LBV, situada na SGAS 915 Sul. A Conven\u00e7\u00e3o de\u00a0Contabilidade \u00e9 um dos eventos mais tradicionais do [&hellip;]<\/p>\n","protected":false},"author":3,"featured_media":612,"comment_status":"open","ping_status":"open","sticky":false,"template":"","format":"standard","meta":{"jetpack_post_was_ever_published":false,"_jetpack_newsletter_access":"","_jetpack_dont_email_post_to_subs":false,"_jetpack_newsletter_tier_id":0,"_jetpack_memberships_contains_paywalled_content":false,"_jetpack_memberships_contains_paid_content":false,"footnotes":"","jetpack_publicize_message":"","jetpack_publicize_feature_enabled":true,"jetpack_social_post_already_shared":true,"jetpack_social_options":{"image_generator_settings":{"template":"highway","default_image_id":0,"font":"","enabled":false},"version":2}},"categories":[60,69,22],"tags":[119,21,171,172,71,173],"class_list":["post-611","post","type-post","status-publish","format-standard","has-post-thumbnail","hentry","category-consultoria","category-contabilidade-2","category-geral","tag-brasil","tag-contabilidade","tag-convencao","tag-distrito","tag-federal","tag-transparencia"],"jetpack_publicize_connections":[],"jetpack_featured_media_url":"https:\/\/i0.wp.com\/cfcontabil.com\/cf\/wp-content\/uploads\/2015\/09\/xconvencaocontabilidadedf-tema-2.png?fit=600%2C600","jetpack_sharing_enabled":true,"jetpack_shortlink":"https:\/\/wp.me\/p2wklX-9R","jetpack-related-posts":[{"id":545,"url":"http:\/\/cfcontabil.com\/cf\/distrito-federal-omissao-de-livro-fiscal-eletronico\/","url_meta":{"origin":611,"position":0},"title":"Distrito Federal &#8211; Omiss\u00e3o de Livro Fiscal Eletr\u00f4nico","author":"Vin\u00edcius Moizinho","date":"30 de julho de 2014","format":"image","excerpt":"","rel":"","context":"Em &quot;Contabilidade em geral&quot;","block_context":{"text":"Contabilidade em geral","link":"http:\/\/cfcontabil.com\/cf\/category\/contabilidade-2\/"},"img":{"alt_text":"","src":"https:\/\/i0.wp.com\/cfcontabil.com\/cf\/wp-content\/uploads\/2014\/08\/CF-CONTABIL-placa1-2.jpg?fit=1200%2C675&resize=350%2C200","width":350,"height":200,"srcset":"https:\/\/i0.wp.com\/cfcontabil.com\/cf\/wp-content\/uploads\/2014\/08\/CF-CONTABIL-placa1-2.jpg?fit=1200%2C675&resize=350%2C200 1x, https:\/\/i0.wp.com\/cfcontabil.com\/cf\/wp-content\/uploads\/2014\/08\/CF-CONTABIL-placa1-2.jpg?fit=1200%2C675&resize=525%2C300 1.5x, https:\/\/i0.wp.com\/cfcontabil.com\/cf\/wp-content\/uploads\/2014\/08\/CF-CONTABIL-placa1-2.jpg?fit=1200%2C675&resize=700%2C400 2x, https:\/\/i0.wp.com\/cfcontabil.com\/cf\/wp-content\/uploads\/2014\/08\/CF-CONTABIL-placa1-2.jpg?fit=1200%2C675&resize=1050%2C600 3x"},"classes":[]},{"id":3006,"url":"http:\/\/cfcontabil.com\/cf\/contabil-summit-brasilia-2024-transformando-desafios-em-oportunidades\/","url_meta":{"origin":611,"position":1},"title":"Cont\u00e1bil Summit Bras\u00edlia 2024: Transformando Desafios em Oportunidades\u00a0","author":"Ab\u00edlio Gon\u00e7alves","date":"22 de julho de 2024","format":false,"excerpt":"No dia 17 de julho, o audit\u00f3rio Sicoob (SIG) foi palco de um evento imperd\u00edvel para empreendedores do setor cont\u00e1bil. Organizado pelo Conselho Regional de Contabilidade do Distrito Federal (CRCDF) e SICOOB Executive, o Cont\u00e1bil Summit Bras\u00edlia reuniu grandes nomes do setor para um dia repleto de palestras sobre gest\u00e3o,\u2026","rel":"","context":"Em &quot;Contabilidade em geral&quot;","block_context":{"text":"Contabilidade em geral","link":"http:\/\/cfcontabil.com\/cf\/category\/contabilidade-2\/"},"img":{"alt_text":"","src":"https:\/\/i0.wp.com\/cfcontabil.com\/cf\/wp-content\/uploads\/2024\/07\/Contabil-Summit-Brasilia.png?fit=1200%2C602&resize=350%2C200","width":350,"height":200,"srcset":"https:\/\/i0.wp.com\/cfcontabil.com\/cf\/wp-content\/uploads\/2024\/07\/Contabil-Summit-Brasilia.png?fit=1200%2C602&resize=350%2C200 1x, https:\/\/i0.wp.com\/cfcontabil.com\/cf\/wp-content\/uploads\/2024\/07\/Contabil-Summit-Brasilia.png?fit=1200%2C602&resize=525%2C300 1.5x, https:\/\/i0.wp.com\/cfcontabil.com\/cf\/wp-content\/uploads\/2024\/07\/Contabil-Summit-Brasilia.png?fit=1200%2C602&resize=700%2C400 2x, https:\/\/i0.wp.com\/cfcontabil.com\/cf\/wp-content\/uploads\/2024\/07\/Contabil-Summit-Brasilia.png?fit=1200%2C602&resize=1050%2C600 3x"},"classes":[]},{"id":424,"url":"http:\/\/cfcontabil.com\/cf\/recesso-e-ferias-coletivas-2013\/","url_meta":{"origin":611,"position":2},"title":"Recesso e F\u00e9rias Coletivas 2013","author":"Vin\u00edcius Moizinho","date":"20 de dezembro de 2013","format":false,"excerpt":"","rel":"","context":"Em &quot;Consultoria Empresarial&quot;","block_context":{"text":"Consultoria Empresarial","link":"http:\/\/cfcontabil.com\/cf\/category\/consultoria\/"},"img":{"alt_text":"","src":"","width":0,"height":0},"classes":[]},{"id":316,"url":"http:\/\/cfcontabil.com\/cf\/caso-cachoeira-braco-direito-nao-e-contador\/","url_meta":{"origin":611,"position":3},"title":"Caso Cachoeira: \u201cBra\u00e7o direito\u201d N\u00c3O \u00e9 Contador","author":"Vin\u00edcius Moizinho","date":"25 de janeiro de 2013","format":false,"excerpt":"Bom dia, prezados! Hoje venho lhes trazer uma informa\u00e7\u00e3o relevante que, infelizmente, tem sido negligenciada pela m\u00eddia em geral. \u00c9 a respeito de Geovani Pereira da Silva, preso por ser considerado o contador da quadrilha desmantelada pela Pol\u00edcia Federal na resolu\u00e7\u00e3o do Caso\u00a0Carlinhos Cachoeira. O Conselho Regional de Contabilidade do\u2026","rel":"","context":"Em &quot;Geral&quot;","block_context":{"text":"Geral","link":"http:\/\/cfcontabil.com\/cf\/category\/geral\/"},"img":{"alt_text":"Conselho Regional de Contabilidade do DF","src":"https:\/\/i0.wp.com\/api.ning.com\/files\/dp5RmXzcyHBAaTQGxS-th1QSkWv34NNAjXClDAZf9qtJost6xYP2BTF5WlAXh7b50XStOJdvLZ1G7XiG3i0pF1KC7TJGeZ7G\/LogoCRCDF_peq.gif?resize=350%2C200","width":350,"height":200},"classes":[]},{"id":540,"url":"http:\/\/cfcontabil.com\/cf\/programa-de-recuperacao-de-creditos-tributarios-do-distrito-federal-recuperadf\/","url_meta":{"origin":611,"position":4},"title":"PROGRAMA DE RECUPERA\u00c7\u00c3O DE CR\u00c9DITOS TRIBUT\u00c1RIOS DO DISTRITO FEDERAL (RECUPERA\/DF)","author":"Vin\u00edcius Moizinho","date":"25 de julho de 2014","format":false,"excerpt":"O Governador do Distrito Federal, atrav\u00e9s do Decreto n\u00ba 35.648\/2014 (DOE de 23\/07\/2014), regulamentou a Lei n\u00ba 5.365\/2014, que institui a terceira fase do Programa de Recupera\u00e7\u00e3o de Cr\u00e9ditos Tribut\u00e1rios do Distrito Federal (RECUPERA-DF), destinado a promover a recupera\u00e7\u00e3o e a regulariza\u00e7\u00e3o de cr\u00e9ditos tribut\u00e1rios, inscritos ou n\u00e3o em d\u00edvida\u2026","rel":"","context":"Em &quot;Contabilidade em geral&quot;","block_context":{"text":"Contabilidade em geral","link":"http:\/\/cfcontabil.com\/cf\/category\/contabilidade-2\/"},"img":{"alt_text":"","src":"","width":0,"height":0},"classes":[]},{"id":563,"url":"http:\/\/cfcontabil.com\/cf\/como-ter-uma-boa-contabilidade-na-sua-empresa\/","url_meta":{"origin":611,"position":5},"title":"Como ter uma boa contabilidade na sua empresa","author":"Vin\u00edcius Moizinho","date":"17 de novembro de 2014","format":"aside","excerpt":"\u00c9 importante encarar a contabilidade como uma ferramenta que contribui para o gerenciamento do neg\u00f3cio, independente do tamanho ou ramo de atividade da empresa. Pensar dessa forma traz muitas vantagens corporativas, principalmente quanto \u00e0 transpar\u00eancia das transa\u00e7\u00f5es e a real apura\u00e7\u00e3o do lucro ou preju\u00edzo. A primeira dica e a\u2026","rel":"","context":"Em &quot;Geral&quot;","block_context":{"text":"Geral","link":"http:\/\/cfcontabil.com\/cf\/category\/geral\/"},"img":{"alt_text":"","src":"","width":0,"height":0},"classes":[]}],"jetpack_likes_enabled":true,"_links":{"self":[{"href":"http:\/\/cfcontabil.com\/cf\/wp-json\/wp\/v2\/posts\/611","targetHints":{"allow":["GET"]}}],"collection":[{"href":"http:\/\/cfcontabil.com\/cf\/wp-json\/wp\/v2\/posts"}],"about":[{"href":"http:\/\/cfcontabil.com\/cf\/wp-json\/wp\/v2\/types\/post"}],"author":[{"embeddable":true,"href":"http:\/\/cfcontabil.com\/cf\/wp-json\/wp\/v2\/users\/3"}],"replies":[{"embeddable":true,"href":"http:\/\/cfcontabil.com\/cf\/wp-json\/wp\/v2\/comments?post=611"}],"version-history":[{"count":0,"href":"http:\/\/cfcontabil.com\/cf\/wp-json\/wp\/v2\/posts\/611\/revisions"}],"wp:featuredmedia":[{"embeddable":true,"href":"http:\/\/cfcontabil.com\/cf\/wp-json\/wp\/v2\/media\/612"}],"wp:attachment":[{"href":"http:\/\/cfcontabil.com\/cf\/wp-json\/wp\/v2\/media?parent=611"}],"wp:term":[{"taxonomy":"category","embeddable":true,"href":"http:\/\/cfcontabil.com\/cf\/wp-json\/wp\/v2\/categories?post=611"},{"taxonomy":"post_tag","embeddable":true,"href":"http:\/\/cfcontabil.com\/cf\/wp-json\/wp\/v2\/tags?post=611"}],"curies":[{"name":"wp","href":"https:\/\/api.w.org\/{rel}","templated":true}]}}