{"id":634,"date":"2016-03-01T14:48:59","date_gmt":"2016-03-01T17:48:59","guid":{"rendered":"http:\/\/cfcontabil.com\/cf\/?p=634"},"modified":"2016-03-01T14:48:59","modified_gmt":"2016-03-01T17:48:59","slug":"ex-funcionarias-podem-pegar-5-anos-de-cadeia-por-acordo-de-falsa-demissao","status":"publish","type":"post","link":"http:\/\/cfcontabil.com\/cf\/ex-funcionarias-podem-pegar-5-anos-de-cadeia-por-acordo-de-falsa-demissao\/","title":{"rendered":"Ex-funcion\u00e1rias podem pegar 5 anos de cadeia por acordo de falsa demiss\u00e3o"},"content":{"rendered":"<p><a href=\"https:\/\/i0.wp.com\/cfcontabil.com\/cf\/wp-content\/uploads\/2016\/03\/demissao.jpg\" rel=\"attachment wp-att-635\"><img data-recalc-dims=\"1\" fetchpriority=\"high\" decoding=\"async\" data-attachment-id=\"635\" data-permalink=\"http:\/\/cfcontabil.com\/cf\/demissao\/\" data-orig-file=\"https:\/\/i0.wp.com\/cfcontabil.com\/cf\/wp-content\/uploads\/2016\/03\/demissao-2.jpg?fit=640%2C395\" data-orig-size=\"640,395\" data-comments-opened=\"1\" data-image-meta=\"{&quot;aperture&quot;:&quot;0&quot;,&quot;credit&quot;:&quot;&quot;,&quot;camera&quot;:&quot;&quot;,&quot;caption&quot;:&quot;&quot;,&quot;created_timestamp&quot;:&quot;0&quot;,&quot;copyright&quot;:&quot;&quot;,&quot;focal_length&quot;:&quot;0&quot;,&quot;iso&quot;:&quot;0&quot;,&quot;shutter_speed&quot;:&quot;0&quot;,&quot;title&quot;:&quot;&quot;,&quot;orientation&quot;:&quot;0&quot;}\" data-image-title=\"demissao\" data-image-description=\"\" data-image-caption=\"\" data-large-file=\"https:\/\/i0.wp.com\/cfcontabil.com\/cf\/wp-content\/uploads\/2016\/03\/demissao-2.jpg?fit=640%2C395\" class=\"size-full wp-image-635 aligncenter\" src=\"https:\/\/i0.wp.com\/cfcontabil.com\/cf\/wp-content\/uploads\/2016\/03\/demissao.jpg?resize=640%2C395\" alt=\"demissao\" width=\"640\" height=\"395\" \/><\/a><\/p>\n<p style=\"text-align: justify;\">Duas trabalhadoras e sua ex-empresa devem responder na Justi\u00e7a por crime de estelionato. A raz\u00e3o \u00e9 terem supostamente feito um acordo para demiss\u00e3o sem justa causa.<\/p>\n<p style=\"text-align: justify;\">A Justi\u00e7a do Trabalho de Mato Grosso determinou que duas ex-funcion\u00e1rias da empresa de limpeza Norte Sul devolvessem o valor do seguro-desemprego. A pena vai de um a cinco anos de pris\u00e3o e multa.<\/p>\n<p style=\"text-align: justify;\">Quando um funcion\u00e1rio pede demiss\u00e3o, ele perde alguns direitos que teria se fosse mandado embora sem justa causa, como a multa de 40% do Fundo de Garantia e o direito de sacar o valor, al\u00e9m da possibilidade de receber o seguro-desemprego.<\/p>\n<p style=\"text-align: justify;\"><!--more--><\/p>\n<p style=\"text-align: justify;\"><strong>Pr\u00e1tica comum e ilegal<\/strong><\/p>\n<p style=\"text-align: justify;\">Por causa disso, muitos entram em acordo com a empresa, pedindo para serem mandados embora. Em troca, devolvem o valor da multa do FGTS. Essa pr\u00e1tica \u00e9 comum, mas ilegal; \u00e9 uma fraude, que sai da esfera trabalhista e vai para a criminal, afirma o advogado trabalhista Julian Duran, s\u00f3cio do escrit\u00f3rio Gutierrez Duran.<\/p>\n<p style=\"text-align: justify;\">Uma das ex-funcion\u00e1rias da Norte Sul havia entrado com a\u00e7\u00e3o trabalhista contra a empresa alegando, entre outras coisas, que teria sido for\u00e7ada a devolver a multa de 40% do FGTS, ap\u00f3s a Norte Sul reter o pagamento do saldo de seu sal\u00e1rio e o vale-alimenta\u00e7\u00e3o.<\/p>\n<p style=\"text-align: justify;\">Durante audi\u00eancia do caso, outra ex-funcion\u00e1ria testemunhou e disse que fez o acordo com a empresa para sair do servi\u00e7o, concordando em devolver a multa. Ela disse que a colega que moveu a a\u00e7\u00e3o teria feito o mesmo.<\/p>\n<p style=\"text-align: justify;\"><strong>Confiss\u00e3o espont\u00e2nea<\/strong><\/p>\n<p style=\"text-align: justify;\">A Justi\u00e7a entendeu as declara\u00e7\u00f5es como uma confiss\u00e3o pessoal e espont\u00e2nea. A ju\u00edza do caso, Graziele Lima, da 1\u00aa Vara do Trabalho de V\u00e1rzea Grande (MT), determinou que elas devolvam as parcelas do seguro-desemprego. Tamb\u00e9m informou formalmente a Pol\u00edcia Federal e o Minist\u00e9rio P\u00fablico Federal sobre o poss\u00edvel crime cometido pelas trabalhadoras e pela empresa.<\/p>\n<p style=\"text-align: justify;\">A ju\u00edza afirmou que j\u00e1 realizou pelo menos outras 15 audi\u00eancias em processos movidos por trabalhadores contra a Norte Sul por causa da devolu\u00e7\u00e3o da multa do Fundo de Garantia. \u201cSomente nesse caso, todavia, foi poss\u00edvel identificar claramente que n\u00e3o se tratou de uma dispensa injusta por parte da empresa, mas sim do chamado acordo para ser demitido\u201d, disse.<\/p>\n<p style=\"text-align: justify;\">A Norte Sul n\u00e3o foi encontrada para comentar o caso at\u00e9 a publica\u00e7\u00e3o desta reportagem.<\/p>\n<p style=\"text-align: justify;\"><strong>Pris\u00e3o e multa<\/strong><\/p>\n<p style=\"text-align: justify;\">Segundo Julian Duran, o funcion\u00e1rio e os respons\u00e1veis legais pela empresa que fingirem uma demiss\u00e3o podem responder criminalmente por estelionato, com pena que varia de um a cinco anos de pris\u00e3o e multa.<\/p>\n<p style=\"text-align: justify;\">A empresa ainda pode sofrer puni\u00e7\u00f5es administrativas, como multas ou ser impedida de emitir certid\u00f5es ou participar de licita\u00e7\u00f5es p\u00fablicas, por exemplo.<\/p>\n<p style=\"text-align: justify;\">O problema, segundo Duran, \u00e9 conseguir comprovar que houve o acordo, o que \u00e9 raro. Isso pode acontecer com o depoimento de testemunhas ou a comprova\u00e7\u00e3o de que o funcion\u00e1rio devolveu a multa do FGTS.<\/p>\n<p style=\"text-align: justify;\"><strong>Funcion\u00e1rio insatisfeito<\/strong><\/p>\n<p style=\"text-align: justify;\">Do ponto de vista da empresa, \u00e9 um risco e um gasto a mais desnecess\u00e1rio, afirma Duran.<\/p>\n<p style=\"text-align: justify;\">Muitas aceitam o acordo por medo de manter um funcion\u00e1rio insatisfeito. Ele diz que, nesses casos, o empregado pode ser demitido por justa causa, caso comece a desempenhar mal suas fun\u00e7\u00f5es de prop\u00f3sito, por exemplo.<\/p>\n<p style=\"text-align: justify;\">Al\u00e9m disso, como o acordo \u00e9 ilegal e n\u00e3o \u00e9 colocado no papel, nada garante que o funcion\u00e1rio v\u00e1, de fato, devolver a multa do FGTS.<\/p>\n<p>Fonte: <a href=\"http:\/\/economia.uol.com.br\/empregos-e-carreiras\/noticias\/redacao\/2015\/12\/29\/ex-funcionarias-podem-pegar-5-anos-de-cadeia-por-acordo-de-falsa-demissao.htm\" target=\"_blank\" rel=\"noopener noreferrer\">UOL<\/a><\/p>\n","protected":false},"excerpt":{"rendered":"<p>Duas trabalhadoras e sua ex-empresa devem responder na Justi\u00e7a por crime de estelionato. A raz\u00e3o \u00e9 terem supostamente feito um acordo para demiss\u00e3o sem justa causa. A Justi\u00e7a do Trabalho de Mato Grosso determinou que duas ex-funcion\u00e1rias da empresa de limpeza Norte Sul devolvessem o valor do seguro-desemprego. A pena vai de um a cinco [&hellip;]<\/p>\n","protected":false},"author":3,"featured_media":636,"comment_status":"open","ping_status":"open","sticky":false,"template":"","format":"standard","meta":{"jetpack_post_was_ever_published":false,"_jetpack_newsletter_access":"","_jetpack_dont_email_post_to_subs":false,"_jetpack_newsletter_tier_id":0,"_jetpack_memberships_contains_paywalled_content":false,"_jetpack_memberships_contains_paid_content":false,"footnotes":"","jetpack_publicize_message":"","jetpack_publicize_feature_enabled":true,"jetpack_social_post_already_shared":true,"jetpack_social_options":{"image_generator_settings":{"template":"highway","default_image_id":0,"font":"","enabled":false},"version":2}},"categories":[29],"tags":[177,178,179,180,181,45],"class_list":["post-634","post","type-post","status-publish","format-standard","has-post-thumbnail","hentry","category-dp","tag-confissao","tag-demissao","tag-funcionario","tag-justica","tag-multa","tag-trabalho"],"jetpack_publicize_connections":[],"jetpack_featured_media_url":"https:\/\/i0.wp.com\/cfcontabil.com\/cf\/wp-content\/uploads\/2016\/03\/pedido-de-demissao-2.jpg?fit=340%2C195","jetpack_sharing_enabled":true,"jetpack_shortlink":"https:\/\/wp.me\/p2wklX-ae","jetpack-related-posts":[{"id":713,"url":"http:\/\/cfcontabil.com\/cf\/multa-do-fgts-pode-ameacar-trabalhadores\/","url_meta":{"origin":634,"position":0},"title":"Multa do FGTS pode amea\u00e7ar trabalhadores","author":"Ab\u00edlio Gon\u00e7alves","date":"31 de mar\u00e7o de 2016","format":false,"excerpt":"Manter um colaborar por mais de 30 anos pode render um \u201cpr\u00eamio\u201d amargo para as empresas brasileiras. Tramita no Senado Federal um projeto de lei que visa aumentar a multa do Fundo de Garantia por Tempo de Servi\u00e7o (FGTS) em at\u00e9 15% para empresas que mantiverem funcion\u00e1rios em seus quadros\u2026","rel":"","context":"Em &quot;Consultoria Empresarial&quot;","block_context":{"text":"Consultoria Empresarial","link":"http:\/\/cfcontabil.com\/cf\/category\/consultoria\/"},"img":{"alt_text":"","src":"https:\/\/i0.wp.com\/cfcontabil.com\/cf\/wp-content\/uploads\/2016\/03\/FGTS-1.jpg?fit=715%2C270&resize=350%2C200","width":350,"height":200,"srcset":"https:\/\/i0.wp.com\/cfcontabil.com\/cf\/wp-content\/uploads\/2016\/03\/FGTS-1.jpg?fit=715%2C270&resize=350%2C200 1x, https:\/\/i0.wp.com\/cfcontabil.com\/cf\/wp-content\/uploads\/2016\/03\/FGTS-1.jpg?fit=715%2C270&resize=525%2C300 1.5x, https:\/\/i0.wp.com\/cfcontabil.com\/cf\/wp-content\/uploads\/2016\/03\/FGTS-1.jpg?fit=715%2C270&resize=700%2C400 2x"},"classes":[]},{"id":2102,"url":"http:\/\/cfcontabil.com\/cf\/calculo-trabalhista-sabe-o-que-e\/","url_meta":{"origin":634,"position":1},"title":"C\u00e1lculo trabalhista: sabe o que \u00e9?","author":"Ab\u00edlio Gon\u00e7alves","date":"17 de fevereiro de 2020","format":false,"excerpt":"C\u00e1lculo trabalhista \u00e9 a conta que se refere aos valores que envolvem uma rescis\u00e3o de contrato de trabalho. Portanto, \u00e9 essencial que a empresa ou seu departamento de pessoal tenha conhecimento dos direitos do trabalhador para que todos os valores devidos sejam pagos corretamente. Reconhecer os tipos de c\u00e1lculos e\u2026","rel":"","context":"Em &quot;Departamento Pessoal&quot;","block_context":{"text":"Departamento Pessoal","link":"http:\/\/cfcontabil.com\/cf\/category\/dp\/"},"img":{"alt_text":"","src":"https:\/\/i0.wp.com\/cfcontabil.com\/cf\/wp-content\/uploads\/2020\/02\/calculos-trabalhistas.jpg?fit=900%2C450&resize=350%2C200","width":350,"height":200,"srcset":"https:\/\/i0.wp.com\/cfcontabil.com\/cf\/wp-content\/uploads\/2020\/02\/calculos-trabalhistas.jpg?fit=900%2C450&resize=350%2C200 1x, https:\/\/i0.wp.com\/cfcontabil.com\/cf\/wp-content\/uploads\/2020\/02\/calculos-trabalhistas.jpg?fit=900%2C450&resize=525%2C300 1.5x, https:\/\/i0.wp.com\/cfcontabil.com\/cf\/wp-content\/uploads\/2020\/02\/calculos-trabalhistas.jpg?fit=900%2C450&resize=700%2C400 2x"},"classes":[]},{"id":2015,"url":"http:\/\/cfcontabil.com\/cf\/governo-extingue-multa-de-10-sobre-fgts-paga-por-empresas\/","url_meta":{"origin":634,"position":2},"title":"Governo extingue multa de 10% sobre FGTS paga por empresas","author":"Ab\u00edlio Gon\u00e7alves","date":"13 de dezembro de 2019","format":false,"excerpt":"Lei publicada no Di\u00e1rio Oficial autoriza saque-anivers\u00e1rio e traz mudan\u00e7as no Fundo, entre elas, o fim da contribui\u00e7\u00e3o em caso de demiss\u00e3o sem justa causa As empresas passar\u00e3o a pagar menos encargos em casos de demiss\u00e3o sem justa causa. A\u00a0Lei n\u00ba 13.932, publicada no DOU (Di\u00e1rio Oficial da Uni\u00e3o) nesta\u2026","rel":"","context":"Em &quot;Departamento Pessoal&quot;","block_context":{"text":"Departamento Pessoal","link":"http:\/\/cfcontabil.com\/cf\/category\/dp\/"},"img":{"alt_text":"","src":"https:\/\/i0.wp.com\/cfcontabil.com\/cf\/wp-content\/uploads\/2019\/12\/FGTS-ctps.jpg?fit=600%2C335&resize=350%2C200","width":350,"height":200,"srcset":"https:\/\/i0.wp.com\/cfcontabil.com\/cf\/wp-content\/uploads\/2019\/12\/FGTS-ctps.jpg?fit=600%2C335&resize=350%2C200 1x, https:\/\/i0.wp.com\/cfcontabil.com\/cf\/wp-content\/uploads\/2019\/12\/FGTS-ctps.jpg?fit=600%2C335&resize=525%2C300 1.5x"},"classes":[]},{"id":1802,"url":"http:\/\/cfcontabil.com\/cf\/cobrancas-do-fgts-so-poderao-ser-feitas-para-dividas-de-ate-5-anos\/","url_meta":{"origin":634,"position":3},"title":"Cobran\u00e7as do FGTS s\u00f3 poder\u00e3o ser feitas para d\u00edvidas de at\u00e9 5 anos","author":"Ab\u00edlio Gon\u00e7alves","date":"21 de outubro de 2019","format":false,"excerpt":"Uma medida aprovada em 2014 pelo STF reduziu o prazo de cobran\u00e7a de 30 anos para cinco anos. Atualmente, mais de 220 mil empresas est\u00e3o devendo. A partir de novembro, o trabalhador s\u00f3 poder\u00e1 entrar na Justi\u00e7a do Trabalho para cobrar pend\u00eancias do\u00a0Fundo de Garantia do Tempo de Servi\u00e7o (FGTS)\u00a0dos\u2026","rel":"","context":"Em &quot;Departamento Pessoal&quot;","block_context":{"text":"Departamento Pessoal","link":"http:\/\/cfcontabil.com\/cf\/category\/dp\/"},"img":{"alt_text":"","src":"https:\/\/i0.wp.com\/cfcontabil.com\/cf\/wp-content\/uploads\/2019\/10\/FGTS-TRABALHADOR-AGENCIA.jpg?fit=1200%2C1006&resize=350%2C200","width":350,"height":200,"srcset":"https:\/\/i0.wp.com\/cfcontabil.com\/cf\/wp-content\/uploads\/2019\/10\/FGTS-TRABALHADOR-AGENCIA.jpg?fit=1200%2C1006&resize=350%2C200 1x, https:\/\/i0.wp.com\/cfcontabil.com\/cf\/wp-content\/uploads\/2019\/10\/FGTS-TRABALHADOR-AGENCIA.jpg?fit=1200%2C1006&resize=525%2C300 1.5x, https:\/\/i0.wp.com\/cfcontabil.com\/cf\/wp-content\/uploads\/2019\/10\/FGTS-TRABALHADOR-AGENCIA.jpg?fit=1200%2C1006&resize=700%2C400 2x, https:\/\/i0.wp.com\/cfcontabil.com\/cf\/wp-content\/uploads\/2019\/10\/FGTS-TRABALHADOR-AGENCIA.jpg?fit=1200%2C1006&resize=1050%2C600 3x"},"classes":[]},{"id":1410,"url":"http:\/\/cfcontabil.com\/cf\/multas-do-esocial-situacoes-que-podem-gerar-penalidades\/","url_meta":{"origin":634,"position":4},"title":"Multas do eSocial: situa\u00e7\u00f5es que podem gerar penalidades","author":"Ab\u00edlio Gon\u00e7alves","date":"19 de outubro de 2018","format":false,"excerpt":"O eSocial j\u00e1 est\u00e1 sendo implementado nas empresas de todo o pa\u00eds, desde janeiro de 2018. Apesar das garantias de mais praticidade e cumprimento dos direitos trabalhistas, nem todo mundo est\u00e1 se adequando \u00e0 plataforma. Se a sua empresa est\u00e1 com alguma dificuldade, \u00e9 bom correr atr\u00e1s de solu\u00e7\u00f5es para\u2026","rel":"","context":"Em &quot;Departamento Pessoal&quot;","block_context":{"text":"Departamento Pessoal","link":"http:\/\/cfcontabil.com\/cf\/category\/dp\/"},"img":{"alt_text":"","src":"https:\/\/i0.wp.com\/cfcontabil.com\/cf\/wp-content\/uploads\/2018\/10\/esocial-24-09-2-750x430-1.jpg?fit=750%2C430&resize=350%2C200","width":350,"height":200,"srcset":"https:\/\/i0.wp.com\/cfcontabil.com\/cf\/wp-content\/uploads\/2018\/10\/esocial-24-09-2-750x430-1.jpg?fit=750%2C430&resize=350%2C200 1x, https:\/\/i0.wp.com\/cfcontabil.com\/cf\/wp-content\/uploads\/2018\/10\/esocial-24-09-2-750x430-1.jpg?fit=750%2C430&resize=525%2C300 1.5x, https:\/\/i0.wp.com\/cfcontabil.com\/cf\/wp-content\/uploads\/2018\/10\/esocial-24-09-2-750x430-1.jpg?fit=750%2C430&resize=700%2C400 2x"},"classes":[]},{"id":856,"url":"http:\/\/cfcontabil.com\/cf\/tire-suas-duvidas-sobre-o-reajuste-do-seguro-desemprego\/","url_meta":{"origin":634,"position":5},"title":"Tire suas d\u00favidas sobre o reajuste do seguro-desemprego","author":"Ab\u00edlio Gon\u00e7alves","date":"25 de janeiro de 2017","format":false,"excerpt":"Benef\u00edcio do seguro-desemprego come\u00e7ou a ser pago com reajuste a partir de\u00a0ter\u00e7a-feira (17) O Minist\u00e9rio do Trabalho liberou o lote de pagamento do Seguro-Desemprego com o reajuste das parcelas. Os novos valores levam em conta o sal\u00e1rio m\u00ednimo a partir de 1\u00b0 de janeiro de 2017 e a varia\u00e7\u00e3o do\u2026","rel":"","context":"Em &quot;Departamento Pessoal&quot;","block_context":{"text":"Departamento Pessoal","link":"http:\/\/cfcontabil.com\/cf\/category\/dp\/"},"img":{"alt_text":"","src":"https:\/\/i0.wp.com\/cfcontabil.com\/cf\/wp-content\/uploads\/2017\/01\/CTPStrabalho-1.jpg?fit=1200%2C781&resize=350%2C200","width":350,"height":200,"srcset":"https:\/\/i0.wp.com\/cfcontabil.com\/cf\/wp-content\/uploads\/2017\/01\/CTPStrabalho-1.jpg?fit=1200%2C781&resize=350%2C200 1x, https:\/\/i0.wp.com\/cfcontabil.com\/cf\/wp-content\/uploads\/2017\/01\/CTPStrabalho-1.jpg?fit=1200%2C781&resize=525%2C300 1.5x, https:\/\/i0.wp.com\/cfcontabil.com\/cf\/wp-content\/uploads\/2017\/01\/CTPStrabalho-1.jpg?fit=1200%2C781&resize=700%2C400 2x, https:\/\/i0.wp.com\/cfcontabil.com\/cf\/wp-content\/uploads\/2017\/01\/CTPStrabalho-1.jpg?fit=1200%2C781&resize=1050%2C600 3x"},"classes":[]}],"jetpack_likes_enabled":true,"_links":{"self":[{"href":"http:\/\/cfcontabil.com\/cf\/wp-json\/wp\/v2\/posts\/634","targetHints":{"allow":["GET"]}}],"collection":[{"href":"http:\/\/cfcontabil.com\/cf\/wp-json\/wp\/v2\/posts"}],"about":[{"href":"http:\/\/cfcontabil.com\/cf\/wp-json\/wp\/v2\/types\/post"}],"author":[{"embeddable":true,"href":"http:\/\/cfcontabil.com\/cf\/wp-json\/wp\/v2\/users\/3"}],"replies":[{"embeddable":true,"href":"http:\/\/cfcontabil.com\/cf\/wp-json\/wp\/v2\/comments?post=634"}],"version-history":[{"count":0,"href":"http:\/\/cfcontabil.com\/cf\/wp-json\/wp\/v2\/posts\/634\/revisions"}],"wp:featuredmedia":[{"embeddable":true,"href":"http:\/\/cfcontabil.com\/cf\/wp-json\/wp\/v2\/media\/636"}],"wp:attachment":[{"href":"http:\/\/cfcontabil.com\/cf\/wp-json\/wp\/v2\/media?parent=634"}],"wp:term":[{"taxonomy":"category","embeddable":true,"href":"http:\/\/cfcontabil.com\/cf\/wp-json\/wp\/v2\/categories?post=634"},{"taxonomy":"post_tag","embeddable":true,"href":"http:\/\/cfcontabil.com\/cf\/wp-json\/wp\/v2\/tags?post=634"}],"curies":[{"name":"wp","href":"https:\/\/api.w.org\/{rel}","templated":true}]}}