{"id":639,"date":"2016-03-07T08:39:46","date_gmt":"2016-03-07T11:39:46","guid":{"rendered":"http:\/\/cfcontabil.com\/cf\/?p=639"},"modified":"2016-03-07T08:39:46","modified_gmt":"2016-03-07T11:39:46","slug":"app-do-ir-tem-problemas-e-receita-que-pede-usuarios-baixem-nova-versao","status":"publish","type":"post","link":"http:\/\/cfcontabil.com\/cf\/app-do-ir-tem-problemas-e-receita-que-pede-usuarios-baixem-nova-versao\/","title":{"rendered":"App do IR tem problemas e Receita que pede usu\u00e1rios baixem nova vers\u00e3o"},"content":{"rendered":"<p>Quem j\u00e1 transferiu a declara\u00e7\u00e3o, n\u00e3o precisa fazer a atualiza\u00e7\u00e3o.<\/p>\n<p>No entanto, quem preencheu a declara\u00e7\u00e3o, mas ainda n\u00e3o enviou, precisa baixar o update.<\/p>\n<p><a href=\"https:\/\/i0.wp.com\/cfcontabil.com\/cf\/wp-content\/uploads\/2016\/03\/receitafederal.png\" rel=\"attachment wp-att-641\"><img data-recalc-dims=\"1\" fetchpriority=\"high\" decoding=\"async\" data-attachment-id=\"641\" data-permalink=\"http:\/\/cfcontabil.com\/cf\/receitafederal\/\" data-orig-file=\"https:\/\/i0.wp.com\/cfcontabil.com\/cf\/wp-content\/uploads\/2016\/03\/receitafederal-2.png?fit=600%2C476\" data-orig-size=\"600,476\" data-comments-opened=\"1\" data-image-meta=\"{&quot;aperture&quot;:&quot;0&quot;,&quot;credit&quot;:&quot;&quot;,&quot;camera&quot;:&quot;&quot;,&quot;caption&quot;:&quot;&quot;,&quot;created_timestamp&quot;:&quot;0&quot;,&quot;copyright&quot;:&quot;&quot;,&quot;focal_length&quot;:&quot;0&quot;,&quot;iso&quot;:&quot;0&quot;,&quot;shutter_speed&quot;:&quot;0&quot;,&quot;title&quot;:&quot;&quot;,&quot;orientation&quot;:&quot;0&quot;}\" data-image-title=\"receitafederal\" data-image-description=\"\" data-image-caption=\"\" data-large-file=\"https:\/\/i0.wp.com\/cfcontabil.com\/cf\/wp-content\/uploads\/2016\/03\/receitafederal-2.png?fit=600%2C476\" class=\"alignleft size-full wp-image-641\" src=\"https:\/\/i0.wp.com\/cfcontabil.com\/cf\/wp-content\/uploads\/2016\/03\/receitafederal.png?resize=600%2C476\" alt=\"receitafederal\" width=\"600\" height=\"476\" \/><\/a><\/p>\n<p><!--more--><\/p>\n<p class=\"p1\">A Receita Federal informou nesta quinta-feira, 3\/3, que os contribuintes que n\u00e3o ainda entregaram a declara\u00e7\u00e3o do Imposto de Renda 2016 precisam baixar uma nova vers\u00e3o do aplicativo.<\/p>\n<p class=\"p1\">Como aponta a Folha de S.Paulo, quem j\u00e1 transferiu a declara\u00e7\u00e3o deste ano (cerca de 600 mil pessoas), n\u00e3o precisa se preocupar em baixar o programa novamente ou refazer o processo.<\/p>\n<p class=\"p1\">No entanto, quem preencheu a declara\u00e7\u00e3o, de forma completa ou parcial, mas ainda n\u00e3o enviou, precisa baixar a nova vers\u00e3o.\u00a0A Receita destaca ainda que nenhuma informa\u00e7\u00e3o ser\u00e1 perdida, j\u00e1 que os dados ser\u00e3o transferidos para essa edi\u00e7\u00e3o atualizada.<\/p>\n<p class=\"p1\">Os contribuintes podem entregar a declara\u00e7\u00e3o do IR 2016 at\u00e9 o pr\u00f3ximo dia 29 de abril.\u00a0Este ano a estimativa \u00e9 que 28,5 milh\u00f5es de declara\u00e7\u00f5es de IRPF ser\u00e3o entregues, ante 27,8 milh\u00f5es no ano passado.<\/p>\n<p class=\"p1\">Vale lembrar que existe tamb\u00e9m a possibilidade de declarar o IR online, diretamente na p\u00e1gina da Receita Federal (com certificado digital).<\/p>\n<p class=\"p1\">Fonte: <a href=\"http:\/\/idgnow.com.br\/internet\/2016\/03\/04\/app-do-ir-tem-problemas-e-receita-que-pede-usuarios-baixem-nova-versao\/\" target=\"_blank\" rel=\"noopener noreferrer\">IDG Now!<\/a><\/p>\n","protected":false},"excerpt":{"rendered":"<p>Quem j\u00e1 transferiu a declara\u00e7\u00e3o, n\u00e3o precisa fazer a atualiza\u00e7\u00e3o. No entanto, quem preencheu a declara\u00e7\u00e3o, mas ainda n\u00e3o enviou, precisa baixar o update.<\/p>\n","protected":false},"author":3,"featured_media":1479,"comment_status":"open","ping_status":"open","sticky":false,"template":"","format":"standard","meta":{"jetpack_post_was_ever_published":false,"_jetpack_newsletter_access":"","_jetpack_dont_email_post_to_subs":false,"_jetpack_newsletter_tier_id":0,"_jetpack_memberships_contains_paywalled_content":false,"_jetpack_memberships_contains_paid_content":false,"footnotes":"","jetpack_publicize_message":"","jetpack_publicize_feature_enabled":true,"jetpack_social_post_already_shared":true,"jetpack_social_options":{"image_generator_settings":{"template":"highway","default_image_id":0,"font":"","enabled":false},"version":2}},"categories":[60],"tags":[182,71,108,115,74,111],"class_list":["post-639","post","type-post","status-publish","format-standard","has-post-thumbnail","hentry","category-consultoria","tag-182","tag-federal","tag-imposto","tag-irpf","tag-receita","tag-renda"],"jetpack_publicize_connections":[],"jetpack_featured_media_url":"https:\/\/i0.wp.com\/cfcontabil.com\/cf\/wp-content\/uploads\/2016\/03\/receita-federal-lanca-nova-versao-do-aplicativo-cnpj-para-dispositivos-moveis-474x234-2.png?fit=474%2C234","jetpack_sharing_enabled":true,"jetpack_shortlink":"https:\/\/wp.me\/p2wklX-aj","jetpack-related-posts":[{"id":1458,"url":"http:\/\/cfcontabil.com\/cf\/irpf-2019-regras-liberadas-mas-contribuintes-terao-uma-semana-a-menos-para-entrega\/","url_meta":{"origin":639,"position":0},"title":"IRPF 2019 &#8211; Regras liberadas, mas contribuintes ter\u00e3o uma semana a menos para entrega","author":"Ab\u00edlio Gon\u00e7alves","date":"22 de fevereiro de 2019","format":false,"excerpt":"Em 2018, estavam obrigados a acertar as contas com o le\u00e3o todos os contribuintes que receberam mais de R$ 28.559,70 no ano anterior. Publicadas as regras hoje (22.02) no Di\u00e1rio Oficial da Uni\u00e3o. Quem ganhou mais de R$ 28.559,70 em 2018 \u00e9 obrigado a fazer a declara\u00e7\u00e3o do Imposto de\u2026","rel":"","context":"Em &quot;Geral&quot;","block_context":{"text":"Geral","link":"http:\/\/cfcontabil.com\/cf\/category\/geral\/"},"img":{"alt_text":"","src":"https:\/\/i0.wp.com\/cfcontabil.com\/cf\/wp-content\/uploads\/2017\/02\/irpfrfb-1.jpg?fit=640%2C340&resize=350%2C200","width":350,"height":200,"srcset":"https:\/\/i0.wp.com\/cfcontabil.com\/cf\/wp-content\/uploads\/2017\/02\/irpfrfb-1.jpg?fit=640%2C340&resize=350%2C200 1x, https:\/\/i0.wp.com\/cfcontabil.com\/cf\/wp-content\/uploads\/2017\/02\/irpfrfb-1.jpg?fit=640%2C340&resize=525%2C300 1.5x"},"classes":[]},{"id":2137,"url":"http:\/\/cfcontabil.com\/cf\/mais-de-16-mi-de-contribuintes-ja-entregaram-declaracao-do-ir\/","url_meta":{"origin":639,"position":1},"title":"Mais de 1,6 mi de contribuintes j\u00e1 entregaram declara\u00e7\u00e3o do IR","author":"Ab\u00edlio Gon\u00e7alves","date":"6 de mar\u00e7o de 2020","format":false,"excerpt":"Receita Federal espera receber 32 milh\u00f5es de declara\u00e7\u00f5es em 2020 No quarto dia de entrega da declara\u00e7\u00e3o do Imposto de Renda Pessoa F\u00edsica (IRPF) 2020, pouco mais de 1,6 milh\u00e3o de contribuintes acertaram as contas com o Le\u00e3o. Esse \u00e9 o n\u00famero de documentos enviados desde a \u00faltima\u00a0segunda-feira (2) at\u00e9\u2026","rel":"","context":"Em &quot;Departamento Fiscal&quot;","block_context":{"text":"Departamento Fiscal","link":"http:\/\/cfcontabil.com\/cf\/category\/df\/"},"img":{"alt_text":"","src":"https:\/\/i0.wp.com\/cfcontabil.com\/cf\/wp-content\/uploads\/2020\/03\/IRPF-CELULAR-NOT.jpg?fit=1170%2C700&resize=350%2C200","width":350,"height":200,"srcset":"https:\/\/i0.wp.com\/cfcontabil.com\/cf\/wp-content\/uploads\/2020\/03\/IRPF-CELULAR-NOT.jpg?fit=1170%2C700&resize=350%2C200 1x, https:\/\/i0.wp.com\/cfcontabil.com\/cf\/wp-content\/uploads\/2020\/03\/IRPF-CELULAR-NOT.jpg?fit=1170%2C700&resize=525%2C300 1.5x, https:\/\/i0.wp.com\/cfcontabil.com\/cf\/wp-content\/uploads\/2020\/03\/IRPF-CELULAR-NOT.jpg?fit=1170%2C700&resize=700%2C400 2x, https:\/\/i0.wp.com\/cfcontabil.com\/cf\/wp-content\/uploads\/2020\/03\/IRPF-CELULAR-NOT.jpg?fit=1170%2C700&resize=1050%2C600 3x"},"classes":[]},{"id":1220,"url":"http:\/\/cfcontabil.com\/cf\/receita-pedira-e-mail-e-numero-de-celular-na-declaracao-de-ir-deste-ano\/","url_meta":{"origin":639,"position":2},"title":"Receita pedir\u00e1 e-mail e n\u00famero de celular na declara\u00e7\u00e3o de IR deste ano","author":"Ab\u00edlio Gon\u00e7alves","date":"22 de fevereiro de 2017","format":false,"excerpt":"A Receita Federal passar\u00e1 a pedir e-mail e n\u00famero de celular dos contribuintes na declara\u00e7\u00e3o de Imposto de Renda deste ano. O preenchimento dessas informa\u00e7\u00f5es n\u00e3o ser\u00e1 obrigat\u00f3rio. A Receita garante que os dados ser\u00e3o coletados somente para ampliar o cadastro e s\u00f3 ser\u00e3o utilizados com aviso-pr\u00e9vio e autoriza\u00e7\u00e3o dos\u2026","rel":"","context":"Em &quot;Departamento Fiscal&quot;","block_context":{"text":"Departamento Fiscal","link":"http:\/\/cfcontabil.com\/cf\/category\/df\/"},"img":{"alt_text":"","src":"","width":0,"height":0},"classes":[]},{"id":596,"url":"http:\/\/cfcontabil.com\/cf\/ultimo-dia-para-o-irpf-2015-e-hoje\/","url_meta":{"origin":639,"position":3},"title":"\u00daltimo dia para o IRPF 2015 \u00e9 hoje!","author":"Ab\u00edlio Gon\u00e7alves","date":"30 de abril de 2015","format":false,"excerpt":"Faltando poucas horas para encerrar o prazo da Declara\u00e7\u00e3o do Imposto de Renda ainda tem muito contribuinte em busca de acertar as contas com o le\u00e3o. E para quem deixou a declara\u00e7\u00e3o do Imposto de Renda 2015 para as \u00faltimas horas do prazo, \u00e0s 23h59min de hoje,\u00a0vale ficar atento \u00e0s\u2026","rel":"","context":"Em &quot;Geral&quot;","block_context":{"text":"Geral","link":"http:\/\/cfcontabil.com\/cf\/category\/geral\/"},"img":{"alt_text":"","src":"https:\/\/i0.wp.com\/cfcontabil.com\/cf\/wp-content\/uploads\/2015\/04\/leao-2.jpg?fit=620%2C412&resize=350%2C200","width":350,"height":200,"srcset":"https:\/\/i0.wp.com\/cfcontabil.com\/cf\/wp-content\/uploads\/2015\/04\/leao-2.jpg?fit=620%2C412&resize=350%2C200 1x, https:\/\/i0.wp.com\/cfcontabil.com\/cf\/wp-content\/uploads\/2015\/04\/leao-2.jpg?fit=620%2C412&resize=525%2C300 1.5x"},"classes":[]},{"id":2112,"url":"http:\/\/cfcontabil.com\/cf\/contribuintes-podem-baixar-programa-do-imposto-de-renda-2020-nesta-quinta-feira-20\/","url_meta":{"origin":639,"position":4},"title":"Contribuintes podem baixar programa do Imposto de Renda 2020 nesta quinta-feira (20)","author":"Ab\u00edlio Gon\u00e7alves","date":"20 de fevereiro de 2020","format":false,"excerpt":"Receita Federal espera receber 32 milh\u00f5es de declara\u00e7\u00f5es de pessoas f\u00edsicas https:\/\/www.youtube.com\/watch?v=UpwbSoIuHaA&feature=youtu.be Contribuinte que atrasar a entrega do IRPF 2020 pagar\u00e1 multa de 1% sobre o imposto devido ao m\u00eas. O valor m\u00ednimo \u00e9 de R$ 165,74. - Foto: Secom\/PR Apartir das 8h desta quinta-feira (20), contribuintes poder\u00e3o baixar o\u2026","rel":"","context":"Em &quot;Departamento Fiscal&quot;","block_context":{"text":"Departamento Fiscal","link":"http:\/\/cfcontabil.com\/cf\/category\/df\/"},"img":{"alt_text":"","src":"https:\/\/i0.wp.com\/cfcontabil.com\/cf\/wp-content\/uploads\/2020\/02\/IRPF-regras-youtube.jpeg?fit=1200%2C675&resize=350%2C200","width":350,"height":200,"srcset":"https:\/\/i0.wp.com\/cfcontabil.com\/cf\/wp-content\/uploads\/2020\/02\/IRPF-regras-youtube.jpeg?fit=1200%2C675&resize=350%2C200 1x, https:\/\/i0.wp.com\/cfcontabil.com\/cf\/wp-content\/uploads\/2020\/02\/IRPF-regras-youtube.jpeg?fit=1200%2C675&resize=525%2C300 1.5x, https:\/\/i0.wp.com\/cfcontabil.com\/cf\/wp-content\/uploads\/2020\/02\/IRPF-regras-youtube.jpeg?fit=1200%2C675&resize=700%2C400 2x, https:\/\/i0.wp.com\/cfcontabil.com\/cf\/wp-content\/uploads\/2020\/02\/IRPF-regras-youtube.jpeg?fit=1200%2C675&resize=1050%2C600 3x"},"classes":[]},{"id":1235,"url":"http:\/\/cfcontabil.com\/cf\/saiba-como-alterar-o-banco-para-ressarcimento-de-impostos\/","url_meta":{"origin":639,"position":5},"title":"Saiba como alterar o banco para ressarcimento de impostos","author":"Ab\u00edlio Gon\u00e7alves","date":"9 de mar\u00e7o de 2017","format":false,"excerpt":"Contribuintes devem atualizar dados na retifica\u00e7\u00e3o do Imposto de Renda Quem pretende alterar a conta banc\u00e1ria na qual deve receber a restitui\u00e7\u00e3o do Imposto de Renda precisa ficar atento para garantir o cr\u00e9dito dos valores. Depois de preencher e enviar a declara\u00e7\u00e3o do IR, cujo prazo teve\u00a0in\u00edcio na quinta-feira (2),\u2026","rel":"","context":"Em &quot;Departamento Fiscal&quot;","block_context":{"text":"Departamento Fiscal","link":"http:\/\/cfcontabil.com\/cf\/category\/df\/"},"img":{"alt_text":"","src":"https:\/\/i0.wp.com\/cfcontabil.com\/cf\/wp-content\/uploads\/2017\/02\/imposto-de-renda-2017-1.jpg?fit=640%2C365&resize=350%2C200","width":350,"height":200,"srcset":"https:\/\/i0.wp.com\/cfcontabil.com\/cf\/wp-content\/uploads\/2017\/02\/imposto-de-renda-2017-1.jpg?fit=640%2C365&resize=350%2C200 1x, https:\/\/i0.wp.com\/cfcontabil.com\/cf\/wp-content\/uploads\/2017\/02\/imposto-de-renda-2017-1.jpg?fit=640%2C365&resize=525%2C300 1.5x"},"classes":[]}],"jetpack_likes_enabled":true,"_links":{"self":[{"href":"http:\/\/cfcontabil.com\/cf\/wp-json\/wp\/v2\/posts\/639","targetHints":{"allow":["GET"]}}],"collection":[{"href":"http:\/\/cfcontabil.com\/cf\/wp-json\/wp\/v2\/posts"}],"about":[{"href":"http:\/\/cfcontabil.com\/cf\/wp-json\/wp\/v2\/types\/post"}],"author":[{"embeddable":true,"href":"http:\/\/cfcontabil.com\/cf\/wp-json\/wp\/v2\/users\/3"}],"replies":[{"embeddable":true,"href":"http:\/\/cfcontabil.com\/cf\/wp-json\/wp\/v2\/comments?post=639"}],"version-history":[{"count":0,"href":"http:\/\/cfcontabil.com\/cf\/wp-json\/wp\/v2\/posts\/639\/revisions"}],"wp:featuredmedia":[{"embeddable":true,"href":"http:\/\/cfcontabil.com\/cf\/wp-json\/wp\/v2\/media\/1479"}],"wp:attachment":[{"href":"http:\/\/cfcontabil.com\/cf\/wp-json\/wp\/v2\/media?parent=639"}],"wp:term":[{"taxonomy":"category","embeddable":true,"href":"http:\/\/cfcontabil.com\/cf\/wp-json\/wp\/v2\/categories?post=639"},{"taxonomy":"post_tag","embeddable":true,"href":"http:\/\/cfcontabil.com\/cf\/wp-json\/wp\/v2\/tags?post=639"}],"curies":[{"name":"wp","href":"https:\/\/api.w.org\/{rel}","templated":true}]}}