{"id":643,"date":"2016-03-07T15:25:16","date_gmt":"2016-03-07T18:25:16","guid":{"rendered":"http:\/\/cfcontabil.com\/cf\/?p=643"},"modified":"2016-03-07T15:25:16","modified_gmt":"2016-03-07T18:25:16","slug":"receita-esta-de-olho-ate-nas-redes-sociais","status":"publish","type":"post","link":"http:\/\/cfcontabil.com\/cf\/receita-esta-de-olho-ate-nas-redes-sociais\/","title":{"rendered":"Receita est\u00e1 de olho at\u00e9 nas redes sociais"},"content":{"rendered":"<h3 class=\"subtitulo\">Fisco monitora perfis na internet para evitar sonega\u00e7\u00e3o<\/h3>\n<p><a href=\"https:\/\/i0.wp.com\/cfcontabil.com\/cf\/wp-content\/uploads\/2016\/03\/RedesSociais.png\" rel=\"attachment wp-att-644\"><img data-recalc-dims=\"1\" fetchpriority=\"high\" decoding=\"async\" data-attachment-id=\"644\" data-permalink=\"http:\/\/cfcontabil.com\/cf\/redessociais\/\" data-orig-file=\"https:\/\/i0.wp.com\/cfcontabil.com\/cf\/wp-content\/uploads\/2016\/03\/RedesSociais-2.png?fit=600%2C390\" data-orig-size=\"600,390\" data-comments-opened=\"1\" data-image-meta=\"{&quot;aperture&quot;:&quot;0&quot;,&quot;credit&quot;:&quot;&quot;,&quot;camera&quot;:&quot;&quot;,&quot;caption&quot;:&quot;&quot;,&quot;created_timestamp&quot;:&quot;0&quot;,&quot;copyright&quot;:&quot;&quot;,&quot;focal_length&quot;:&quot;0&quot;,&quot;iso&quot;:&quot;0&quot;,&quot;shutter_speed&quot;:&quot;0&quot;,&quot;title&quot;:&quot;&quot;,&quot;orientation&quot;:&quot;0&quot;}\" data-image-title=\"RedesSociais\" data-image-description=\"\" data-image-caption=\"\" data-large-file=\"https:\/\/i0.wp.com\/cfcontabil.com\/cf\/wp-content\/uploads\/2016\/03\/RedesSociais-2.png?fit=600%2C390\" class=\"size-full wp-image-644 aligncenter\" src=\"https:\/\/i0.wp.com\/cfcontabil.com\/cf\/wp-content\/uploads\/2016\/03\/RedesSociais.png?resize=600%2C390\" alt=\"RedesSociais\" width=\"600\" height=\"390\" \/><\/a><\/p>\n<p style=\"text-align: justify;\">Postagens em redes sociais mostrando o dia a dia das pessoas podem render aos internautas muito mais do que algumas curtidas e coment\u00e1rios. A exibi\u00e7\u00e3o na web pode ganhar tamb\u00e9m a aten\u00e7\u00e3o da Receita Federal.<\/p>\n<p style=\"text-align: justify;\">Isso porque o Fisco est\u00e1 de olho em p\u00e1ginas como Facebook, Instagram, Youtube, al\u00e9m de outras redes, para analisar se contribuintes est\u00e3o escondendo informa\u00e7\u00f5es do \u00f3rg\u00e3o.<\/p>\n<p><!--more--><\/p>\n<p style=\"text-align: justify;\">Nos \u00faltimos anos, a internet se tornou uma aliada dos auditores da Receita, que em alguns casos vasculham os perfis dos brasileiros para confrontar se a rotina da pessoa bate com o que ela apresenta na declara\u00e7\u00e3o do Imposto de Renda (IR).<\/p>\n<p style=\"text-align: justify;\">O delegado adjunto da Receita Federal no Esp\u00edrito Santo, Ivon Pontes Schayder, explica que n\u00e3o se trata de uma viola\u00e7\u00e3o de privacidade, mas de lan\u00e7ar m\u00e3o de uma ferramenta que oferece muitas pistas e informa\u00e7\u00f5es.<\/p>\n<p style=\"text-align: justify;\">\u201cN\u00e3o \u00e9 uma quest\u00e3o de intimidade, mas uma quest\u00e3o de avalia\u00e7\u00e3o patrimonial e de disponibilidade financeira. Existem situa\u00e7\u00f5es de pessoas que colocam fotos de muitas viagens, carros de luxo e outros bens que indicam que ela tem um patrim\u00f4nio elevado. Mas quando olhamos a declara\u00e7\u00e3o dela, percebemos que existe uma diverg\u00eancia entre o sal\u00e1rio informado e a vida social que tem.\u201d<\/p>\n<p style=\"text-align: justify;\">Quando isso acontece, o delegado esclarece que o contribuinte \u00e9 chamado pela Receita para prestar esclarecimentos. Se as justificativas apresentadas forem consistentes e sejam provadas, a pessoa \u00e9 liberada. Mas se n\u00e3o houver elementos que atestem o motivo para a discrep\u00e2ncia de informa\u00e7\u00f5es, o contribuinte poder\u00e1 ser autuado e cobrado.<\/p>\n<p style=\"text-align: justify;\">\u201cE, dependendo da inconsist\u00eancia, existe a possibilidade de identifica\u00e7\u00e3o ainda de fraude, dolo ou simula\u00e7\u00e3o, que poder\u00e3o ser representados ao Minist\u00e9rio P\u00fablico, levanto at\u00e9 mesmo a pessoa a pegar de dois a cinco anos de reclus\u00e3o\u201d, explica.<\/p>\n<p style=\"text-align: justify;\"><strong>Cruzamento<\/strong><\/p>\n<p style=\"text-align: justify;\">E n\u00e3o \u00e9 apenas com as redes sociais que a Receita consegue localizar contribuintes que tentam enganar a institui\u00e7\u00e3o. O avan\u00e7o da tecnologia e os investimentos em programas e sistemas operacionais est\u00e3o permitindo que o cruzamento de dados seja mais eficaz.<\/p>\n<p style=\"text-align: justify;\">A gama de declara\u00e7\u00f5es que a Receita recebe \u2013 como Dirf, Doi, Dimob, Dimof, Decred, Dmed \u2013 refor\u00e7am o trabalho dos auditores. O delegado Schayder comenta que elas trazem informa\u00e7\u00f5es ligadas a rendimentos retidos na fonte, opera\u00e7\u00f5es imobili\u00e1rias e financeiras, servi\u00e7os m\u00e9dicos, entre outras.<\/p>\n<p style=\"text-align: justify;\">Para o doutor em Contabilidade e professor da Fucape Valcemiro Nossa, \u00e9 como se o contribuinte vivesse em um \u201cBig Brother da Receita\u201d. \u201cT\u00e1 todo mundo vigiando de todos os lados. Essa \u00e9 uma situa\u00e7\u00e3o interessante porque mostra como a Receita vem se desenvolvendo e como o Brasil est\u00e1 \u00e0 frente de outros pa\u00edses. Mas o que nos choca \u00e9 que, apesar da inten\u00e7\u00e3o do Fisco ser justa, n\u00e3o vemos esse dinheiro retornar em benef\u00edcios para a popula\u00e7\u00e3o.<\/p>\n<p style=\"text-align: justify;\"><strong>Prazo<\/strong><\/p>\n<p style=\"text-align: justify;\">Os contribuintes t\u00eam at\u00e9 <strong>29 de abril<\/strong> para entregarem a declara\u00e7\u00e3o do IR. Est\u00e3o obrigadas a apresentar o documento quem recebeu rendimentos tribut\u00e1veis superiores a R$ 28.123,91 em 2015.<\/p>\n<h1 style=\"text-align: justify;\">Redes sociais<\/h1>\n<p style=\"text-align: justify;\"><strong>Monitoramento<\/strong><\/p>\n<p style=\"text-align: justify;\">Auditores da Receita Federal t\u00eam monitorado perfis de brasileiros no Facebook e no Instagram, al\u00e9m de outras redes sociais, incluindo o YouTube, para levantar informa\u00e7\u00f5es e verificar se as declara\u00e7\u00f5es realizadas pelos contribuintes condizem com o que \u00e9 publicado na internet.<\/p>\n<p style=\"text-align: justify;\"><strong>Ostenta\u00e7\u00e3o<\/strong><\/p>\n<p style=\"text-align: justify;\">Segundo a Receita Federal, muitas vezes, as pessoas declaram que ganham uma renda baixa, mas ostentam em p\u00e1ginas da internet carros de luxo, viagens, iates, roupas de grife e outros bens, que ap\u00f3s identificados pelos auditores s\u00e3o usados para confrontar as informa\u00e7\u00f5es.<\/p>\n<p style=\"text-align: justify;\">Tecnologia<\/p>\n<p style=\"text-align: justify;\"><strong>Programas<\/strong><\/p>\n<p style=\"text-align: justify;\">O avan\u00e7o tecnol\u00f3gico tem permitido que a Receita Federal tenha acesso a sistemas cada vez mais eficazes na apura\u00e7\u00e3o das informa\u00e7\u00f5es de contribuintes. Com esses programas \u00e9 poss\u00edvel cruzar diversos dados que revelam quando o contribuinte est\u00e1 dizendo ou n\u00e3o a verdade.<\/p>\n<p style=\"text-align: justify;\"><strong>Declara\u00e7\u00f5es<\/strong><\/p>\n<p style=\"text-align: justify;\">A Receita recebe al\u00e9m da declara\u00e7\u00e3o do Imposto de Renda v\u00e1rias informa\u00e7\u00f5es por meio de declara\u00e7\u00f5es como a Dirf, Doi, Dimob, Dimof, Dmed, entre outras que trazem dados como rendimento retido na fonte, opera\u00e7\u00f5es imobili\u00e1rias e financeiras, al\u00e9m de servi\u00e7os m\u00e9dicos, que ao serem cruzados ajudam a identificar inconsist\u00eancias.<\/p>\n<p style=\"text-align: justify;\"><strong>Emprestar cart\u00e3o pode levar pessoa \u00e0 malha fina<\/strong><\/p>\n<p style=\"text-align: justify;\">Emprestar o cart\u00e3o de cr\u00e9dito para amigos e familiares realizarem compras. Essa situa\u00e7\u00e3o corriqueira pode ser um motivo para levar contribuintes a ca\u00edrem em malha fina na declara\u00e7\u00e3o do Imposto de Renda. O doutor em contabilidade e professor da Fucape Valcemiro Nossa explica que essa possibilidade existe quando s\u00e3o realizadas movimenta\u00e7\u00f5es financeiras superiores \u00e0 renda informada pelo cidad\u00e3o ao Fisco.<\/p>\n<p style=\"text-align: justify;\">\u201c\u00c9 comum vermos pessoas passando compras de vizinhos, amigos e parentes para receber o valor posteriormente. Mas a\u00ed existe o problema de os gastos n\u00e3o serem compat\u00edveis com o que a pessoa ganha, o que pode chamar a aten\u00e7\u00e3o da Receita e trazer dificuldades para o contribuinte se justificar e comprovar o \u201cempr\u00e9stimo\u201d perante ao \u00f3rg\u00e3o\u201d.<\/p>\n<p style=\"text-align: justify;\">Al\u00e9m desse alerta, o especialista cita que vacilos como erros de digita\u00e7\u00e3o, omiss\u00e3o de rendimentos, declara\u00e7\u00e3o das despesas m\u00e9dicas sem comprovantes, duplicidade na declara\u00e7\u00e3o de dependentes e esconder o recebimento de doa\u00e7\u00f5es e vendas de bens podem fazer com que o documento entregue \u00e0 Receita Federal seja identificado com inconsist\u00eancias e leve a pessoa a ter de se entender com o Le\u00e3o.<\/p>\n<p style=\"text-align: justify;\">O delegado adjunto da Receita no Esp\u00edrito Santo, Ivon Pontes Schayder, comenta que atualmente existem cerca de 20 mil contribuintes com as declara\u00e7\u00f5es retidas em malha, considerando exerc\u00edcios anteriores. \u201cPara evitar que isso aconte\u00e7a, a dica \u00e9 que as pessoas separem todos os documentos, fa\u00e7am o preenchimento dos dados com calma para evitar erros e busquem s\u00f3 informar aquilo que elas podem comprovar\u201d, diz.<\/p>\n<p style=\"text-align: justify;\">Ele observa ainda que quem tiver d\u00favidas pode procurar ajuda do \u00f3rg\u00e3o no site www.receita.fazenda.gov.br, pelo telefone 146, ou na pr\u00f3pria Receita, que fica no centro de Vit\u00f3ria, das 7 \u00e0s 18 horas.<\/p>\n<h1 style=\"text-align: center;\">Evitar a malha fina<\/h1>\n<p><a href=\"https:\/\/i0.wp.com\/cfcontabil.com\/cf\/wp-content\/uploads\/2015\/04\/leao.jpg\" rel=\"attachment wp-att-599\"><img data-recalc-dims=\"1\" decoding=\"async\" data-attachment-id=\"599\" data-permalink=\"http:\/\/cfcontabil.com\/cf\/leao\/\" data-orig-file=\"https:\/\/i0.wp.com\/cfcontabil.com\/cf\/wp-content\/uploads\/2015\/04\/leao-2.jpg?fit=620%2C412\" data-orig-size=\"620,412\" data-comments-opened=\"1\" data-image-meta=\"{&quot;aperture&quot;:&quot;0&quot;,&quot;credit&quot;:&quot;&quot;,&quot;camera&quot;:&quot;&quot;,&quot;caption&quot;:&quot;&quot;,&quot;created_timestamp&quot;:&quot;0&quot;,&quot;copyright&quot;:&quot;&quot;,&quot;focal_length&quot;:&quot;0&quot;,&quot;iso&quot;:&quot;0&quot;,&quot;shutter_speed&quot;:&quot;0&quot;,&quot;title&quot;:&quot;&quot;,&quot;orientation&quot;:&quot;0&quot;}\" data-image-title=\"leao\" data-image-description=\"\" data-image-caption=\"\" data-large-file=\"https:\/\/i0.wp.com\/cfcontabil.com\/cf\/wp-content\/uploads\/2015\/04\/leao-2.jpg?fit=620%2C412\" class=\"size-full wp-image-599 aligncenter\" src=\"https:\/\/i0.wp.com\/cfcontabil.com\/cf\/wp-content\/uploads\/2015\/04\/leao.jpg?resize=620%2C412\" alt=\"leao\" width=\"620\" height=\"412\" \/><\/a><\/p>\n<p style=\"text-align: left;\"><strong>Digita\u00e7\u00e3o dos valores<\/strong><\/p>\n<p style=\"text-align: justify;\">\u00c9 importante ter cuidado na digita\u00e7\u00e3o das informa\u00e7\u00f5es e ser preciso no preenchimento dos dados na declara\u00e7\u00e3o, especialmente com os n\u00fameros do informe de rendimentos, que t\u00eam as mesmas informa\u00e7\u00f5es repassadas pelas empresas para o Fisco.<\/p>\n<p style=\"text-align: justify;\"><strong>Fontes pagadoras<\/strong><\/p>\n<p style=\"text-align: justify;\">Quem tem mais de uma fonte pagadora deve informar todos os valores recebidos, como sal\u00e1rios, pr\u00f3-labore e alugu\u00e9is.<\/p>\n<p style=\"text-align: justify;\"><strong>Omiss\u00e3o<\/strong><\/p>\n<p style=\"text-align: justify;\">O contribuinte deve lan\u00e7ar todos os rendimentos, inclusive dos dependentes. Quem aluga, por exemplo, algum tipo de im\u00f3vel n\u00e3o pode deixar de declarar os valores recebidos.<\/p>\n<p style=\"text-align: justify;\"><strong>Comprova\u00e7\u00e3o<\/strong><\/p>\n<p style=\"text-align: justify;\">S\u00f3 declare despesas que possam ser comprovadas, e verifique se o valor das informa\u00e7\u00f5es das fontes pagadoras ou recebedoras est\u00e1 de acordo com os valores declarados.<\/p>\n<p style=\"text-align: justify;\"><strong>Cart\u00e3o de cr\u00e9dito<\/strong><\/p>\n<p style=\"text-align: justify;\">Cuidado ao emprestar o cart\u00e3o de cr\u00e9dito para realizar compras para amigos e familiares. Muitas vezes, os valores gastos podem ser incompat\u00edveis com a renda do dono do cart\u00e3o.<\/p>\n<p style=\"text-align: justify;\"><strong>Bens<\/strong><\/p>\n<p style=\"text-align: justify;\">\u00c9 obrigat\u00f3rio lan\u00e7ar bens, como: contas banc\u00e1rias, aplica\u00e7\u00f5es financeiras maiores que R$ 140; im\u00f3veis, carros; a\u00e7\u00f5es ou cotas de empresas cujo custo de aquisi\u00e7\u00e3o seja maior que R$ 1 mil; estoque de ouro.<\/p>\n<p style=\"text-align: justify;\"><strong>Novas regras<\/strong><\/p>\n<p style=\"text-align: justify;\">Fique atento \u00e0s novas regras. A partir deste ano, \u00e9 obrigat\u00f3rio declarar o CPF de dependentes a partir de 14 anos. Al\u00e9m disso, advogados, m\u00e9dicos e dentistas t\u00eam de declarar o CPF de clientes.<\/p>\n<p style=\"text-align: left;\"><span class=\"fontes\">Fonte: <a title=\"Not\u00edcia retirada da fonte Gazeta Online\" href=\"http:\/\/contadores.cnt.br\/noticias\/fonte\/gazeta-online-2.html\" rel=\"nofollow\">Gazeta Online<\/a><\/span><em class=\"link\">Link: <a href=\"http:\/\/www.gazetaonline.com.br\/_conteudo\/2016\/03\/noticias\/dinheiro\/3932127-receita-esta-de-olho-ate-nas-redes-sociais.html\" target=\"_blank\" rel=\"nofollow noopener noreferrer\">http:\/\/www.gazetaonline.com.br\/_conteudo\/2016\/03\/noticias\/dinheiro\/3932127-receita-esta-de-olho-ate-nas-redes-sociais.html<\/a><\/em><\/p>\n","protected":false},"excerpt":{"rendered":"<p>Fisco monitora perfis na internet para evitar sonega\u00e7\u00e3o Postagens em redes sociais mostrando o dia a dia das pessoas podem render aos internautas muito mais do que algumas curtidas e coment\u00e1rios. A exibi\u00e7\u00e3o na web pode ganhar tamb\u00e9m a aten\u00e7\u00e3o da Receita Federal. Isso porque o Fisco est\u00e1 de olho em p\u00e1ginas como Facebook, Instagram, [&hellip;]<\/p>\n","protected":false},"author":3,"featured_media":1480,"comment_status":"open","ping_status":"open","sticky":false,"template":"","format":"standard","meta":{"jetpack_post_was_ever_published":false,"_jetpack_newsletter_access":"","_jetpack_dont_email_post_to_subs":false,"_jetpack_newsletter_tier_id":0,"_jetpack_memberships_contains_paywalled_content":false,"_jetpack_memberships_contains_paid_content":false,"footnotes":"","jetpack_publicize_message":"","jetpack_publicize_feature_enabled":true,"jetpack_social_post_already_shared":true,"jetpack_social_options":{"image_generator_settings":{"template":"highway","default_image_id":0,"font":"","enabled":false},"version":2}},"categories":[22],"tags":[71,108,115,74,58,111,52],"class_list":["post-643","post","type-post","status-publish","format-standard","has-post-thumbnail","hentry","category-geral","tag-federal","tag-imposto","tag-irpf","tag-receita","tag-redes","tag-renda","tag-sociais"],"jetpack_publicize_connections":[],"jetpack_featured_media_url":"https:\/\/i0.wp.com\/cfcontabil.com\/cf\/wp-content\/uploads\/2016\/03\/receita-federal-cria-forca-tarefa-para-investigar-google-e-facebook-256x148-800-320-c-2.png?fit=%2C","jetpack_sharing_enabled":true,"jetpack_shortlink":"https:\/\/wp.me\/p2wklX-an","jetpack-related-posts":[{"id":1985,"url":"http:\/\/cfcontabil.com\/cf\/receita-abre-na-segunda-feira-consultas-ao-7o-lote-do-ir-2019-restituicoes-somam-r-700-milhoes\/","url_meta":{"origin":643,"position":0},"title":"Receita abre na segunda-feira consultas ao 7\u00ba lote do IR 2019; restitui\u00e7\u00f5es somam R$ 700 milh\u00f5es","author":"Ab\u00edlio Gon\u00e7alves","date":"7 de dezembro de 2019","format":false,"excerpt":"Lote contempla 320.606 pessoas e ser\u00e1 pago em 16 de dezembro. Consultas devem ser feitas pelo site da Receita, ou por meio do aplicativo para tablets e smartphones. A Secretaria da Receita Federal informou que ser\u00e3o abertas na segunda-feira (9), a partir das 9h, as consultas ao s\u00e9timo lote de\u2026","rel":"","context":"Em &quot;Departamento Fiscal&quot;","block_context":{"text":"Departamento Fiscal","link":"http:\/\/cfcontabil.com\/cf\/category\/df\/"},"img":{"alt_text":"","src":"https:\/\/i0.wp.com\/cfcontabil.com\/cf\/wp-content\/uploads\/2017\/02\/imposto-de-renda-2017-1.jpg?fit=640%2C365&resize=350%2C200","width":350,"height":200,"srcset":"https:\/\/i0.wp.com\/cfcontabil.com\/cf\/wp-content\/uploads\/2017\/02\/imposto-de-renda-2017-1.jpg?fit=640%2C365&resize=350%2C200 1x, https:\/\/i0.wp.com\/cfcontabil.com\/cf\/wp-content\/uploads\/2017\/02\/imposto-de-renda-2017-1.jpg?fit=640%2C365&resize=525%2C300 1.5x"},"classes":[]},{"id":730,"url":"http:\/\/cfcontabil.com\/cf\/receita-vai-ampliar-marcacao-de-atendimento-presencial-pela-internet\/","url_meta":{"origin":643,"position":1},"title":"Receita vai ampliar marca\u00e7\u00e3o de atendimento presencial pela internet","author":"Ab\u00edlio Gon\u00e7alves","date":"4 de abril de 2016","format":false,"excerpt":"A Receita Federal ampliar\u00e1 o servi\u00e7o de agendamento na internet para os contribuintes que necessitam de atendimento presencial como parte do projeto de moderniza\u00e7\u00e3o do Fisco. As mudan\u00e7as est\u00e3o na Portaria 457, de 28 de mar\u00e7o deste ano, que regulamenta um conjunto de procedimentos relativos ao atendimento presencial da Receita,\u2026","rel":"","context":"Em &quot;Consultoria Empresarial&quot;","block_context":{"text":"Consultoria Empresarial","link":"http:\/\/cfcontabil.com\/cf\/category\/consultoria\/"},"img":{"alt_text":"","src":"https:\/\/i0.wp.com\/cfcontabil.com\/cf\/wp-content\/uploads\/2016\/04\/notebook-1.jpg?fit=627%2C400&resize=350%2C200","width":350,"height":200,"srcset":"https:\/\/i0.wp.com\/cfcontabil.com\/cf\/wp-content\/uploads\/2016\/04\/notebook-1.jpg?fit=627%2C400&resize=350%2C200 1x, https:\/\/i0.wp.com\/cfcontabil.com\/cf\/wp-content\/uploads\/2016\/04\/notebook-1.jpg?fit=627%2C400&resize=525%2C300 1.5x"},"classes":[]},{"id":1067,"url":"http:\/\/cfcontabil.com\/cf\/receita-federal-analisa-as-informacoes-de-redes-sociais\/","url_meta":{"origin":643,"position":2},"title":"Receita Federal analisa as informa\u00e7\u00f5es de redes sociais","author":"Ab\u00edlio Gon\u00e7alves","date":"20 de mar\u00e7o de 2017","format":false,"excerpt":"As informa\u00e7\u00f5es das redes sociais \u00e9 utilizada de forma rotineira na an\u00e1lise e sele\u00e7\u00e3o de contribuintes para fins de fiscaliza\u00e7\u00e3o. A Receita Federal utiliza informa\u00e7\u00f5es de redes sociais de forma rotineira na an\u00e1lise e sele\u00e7\u00e3o de contribuintes para fins de fiscaliza\u00e7\u00e3o. Na execu\u00e7\u00e3o da fiscaliza\u00e7\u00e3o \u00e9 muito comum que o\u2026","rel":"","context":"Em &quot;Departamento Fiscal&quot;","block_context":{"text":"Departamento Fiscal","link":"http:\/\/cfcontabil.com\/cf\/category\/df\/"},"img":{"alt_text":"","src":"https:\/\/i0.wp.com\/cfcontabil.com\/cf\/wp-content\/uploads\/2017\/03\/redessociais-facebook-youtube-1.jpg?fit=1200%2C681&resize=350%2C200","width":350,"height":200,"srcset":"https:\/\/i0.wp.com\/cfcontabil.com\/cf\/wp-content\/uploads\/2017\/03\/redessociais-facebook-youtube-1.jpg?fit=1200%2C681&resize=350%2C200 1x, https:\/\/i0.wp.com\/cfcontabil.com\/cf\/wp-content\/uploads\/2017\/03\/redessociais-facebook-youtube-1.jpg?fit=1200%2C681&resize=525%2C300 1.5x, https:\/\/i0.wp.com\/cfcontabil.com\/cf\/wp-content\/uploads\/2017\/03\/redessociais-facebook-youtube-1.jpg?fit=1200%2C681&resize=700%2C400 2x, https:\/\/i0.wp.com\/cfcontabil.com\/cf\/wp-content\/uploads\/2017\/03\/redessociais-facebook-youtube-1.jpg?fit=1200%2C681&resize=1050%2C600 3x"},"classes":[]},{"id":1206,"url":"http:\/\/cfcontabil.com\/cf\/nao-entregou-a-declaracao-de-irpf-2016-saiba-o-risco-da-malha-fina\/","url_meta":{"origin":643,"position":3},"title":"N\u00e3o entregou a Declara\u00e7\u00e3o de IRPF 2016? Saiba o risco da Malha Fina","author":"Ab\u00edlio Gon\u00e7alves","date":"3 de maio de 2016","format":false,"excerpt":"O prazo para envio terminou \u00e0s 23h59 de sexta-feira (29). Multa m\u00ednima \u00e9 de R$ 165,74, mas pode atingir 20% do imposto devido. A Receita Federal recebeu 27.960.663 declara\u00e7\u00f5es do IR, segundo balan\u00e7o divulgado na madrugada deste s\u00e1bado (30). A estimativa \u00e9 que 239 mil contribuintes tenham perdido o prazo\u2026","rel":"","context":"Em &quot;Geral&quot;","block_context":{"text":"Geral","link":"http:\/\/cfcontabil.com\/cf\/category\/geral\/"},"img":{"alt_text":"","src":"https:\/\/i0.wp.com\/cfcontabil.com\/cf\/wp-content\/uploads\/2016\/05\/Imposto_Renda_IR_Prazo-1.jpg?fit=620%2C412&resize=350%2C200","width":350,"height":200,"srcset":"https:\/\/i0.wp.com\/cfcontabil.com\/cf\/wp-content\/uploads\/2016\/05\/Imposto_Renda_IR_Prazo-1.jpg?fit=620%2C412&resize=350%2C200 1x, https:\/\/i0.wp.com\/cfcontabil.com\/cf\/wp-content\/uploads\/2016\/05\/Imposto_Renda_IR_Prazo-1.jpg?fit=620%2C412&resize=525%2C300 1.5x"},"classes":[]},{"id":1075,"url":"http:\/\/cfcontabil.com\/cf\/receita-federal-lanca-video-do-imposto-de-renda-2017\/","url_meta":{"origin":643,"position":4},"title":"Receita Federal lan\u00e7a v\u00eddeo do Imposto de Renda 2017","author":"Ab\u00edlio Gon\u00e7alves","date":"21 de mar\u00e7o de 2017","format":false,"excerpt":"A TV Receita acaba de lan\u00e7ar v\u00eddeo em anima\u00e7\u00e3o para a divulga\u00e7\u00e3o do IRPF 2017. As imagens apresentam as novidades da declara\u00e7\u00e3o deste ano, al\u00e9m de enfatizar de forma l\u00fadica e simplificada os pontos b\u00e1sicos da declara\u00e7\u00e3o de imposto de renda pessoa f\u00edsica. Com bom humor e de forma descontra\u00edda,\u2026","rel":"","context":"Em &quot;Departamento Fiscal&quot;","block_context":{"text":"Departamento Fiscal","link":"http:\/\/cfcontabil.com\/cf\/category\/df\/"},"img":{"alt_text":"","src":"https:\/\/i0.wp.com\/cfcontabil.com\/cf\/wp-content\/uploads\/2017\/02\/irpf2017-1.png?fit=490%2C247&resize=350%2C200","width":350,"height":200},"classes":[]},{"id":2012,"url":"http:\/\/cfcontabil.com\/cf\/receita-federal-notifica-179-mil-empresas-de-todo-pais-por-divergencias-no-irpj-e-na-csll\/","url_meta":{"origin":643,"position":5},"title":"Receita Federal notifica 17,9 mil empresas de todo pa\u00eds por diverg\u00eancias no IRPJ e na CSLL","author":"Ab\u00edlio Gon\u00e7alves","date":"13 de dezembro de 2019","format":false,"excerpt":"Empresas poder\u00e3o recolher os valores devidos at\u00e9 31 de janeiro. Se n\u00e3o se regularizarem, multa prevista vai de 75% a 225%, al\u00e9m dos juros de mora. A Secretaria da Receita Federal informou nesta quinta-feira (12) que notificou 17.934 empresas de todo o pa\u00eds para pagar diferen\u00e7as relativas ao recolhimento de\u2026","rel":"","context":"Em &quot;Departamento Fiscal&quot;","block_context":{"text":"Departamento Fiscal","link":"http:\/\/cfcontabil.com\/cf\/category\/df\/"},"img":{"alt_text":"","src":"https:\/\/i0.wp.com\/cfcontabil.com\/cf\/wp-content\/uploads\/2019\/12\/imposto-renda.png?fit=1200%2C768&resize=350%2C200","width":350,"height":200,"srcset":"https:\/\/i0.wp.com\/cfcontabil.com\/cf\/wp-content\/uploads\/2019\/12\/imposto-renda.png?fit=1200%2C768&resize=350%2C200 1x, https:\/\/i0.wp.com\/cfcontabil.com\/cf\/wp-content\/uploads\/2019\/12\/imposto-renda.png?fit=1200%2C768&resize=525%2C300 1.5x, https:\/\/i0.wp.com\/cfcontabil.com\/cf\/wp-content\/uploads\/2019\/12\/imposto-renda.png?fit=1200%2C768&resize=700%2C400 2x, https:\/\/i0.wp.com\/cfcontabil.com\/cf\/wp-content\/uploads\/2019\/12\/imposto-renda.png?fit=1200%2C768&resize=1050%2C600 3x"},"classes":[]}],"jetpack_likes_enabled":true,"_links":{"self":[{"href":"http:\/\/cfcontabil.com\/cf\/wp-json\/wp\/v2\/posts\/643","targetHints":{"allow":["GET"]}}],"collection":[{"href":"http:\/\/cfcontabil.com\/cf\/wp-json\/wp\/v2\/posts"}],"about":[{"href":"http:\/\/cfcontabil.com\/cf\/wp-json\/wp\/v2\/types\/post"}],"author":[{"embeddable":true,"href":"http:\/\/cfcontabil.com\/cf\/wp-json\/wp\/v2\/users\/3"}],"replies":[{"embeddable":true,"href":"http:\/\/cfcontabil.com\/cf\/wp-json\/wp\/v2\/comments?post=643"}],"version-history":[{"count":0,"href":"http:\/\/cfcontabil.com\/cf\/wp-json\/wp\/v2\/posts\/643\/revisions"}],"wp:featuredmedia":[{"embeddable":true,"href":"http:\/\/cfcontabil.com\/cf\/wp-json\/wp\/v2\/media\/1480"}],"wp:attachment":[{"href":"http:\/\/cfcontabil.com\/cf\/wp-json\/wp\/v2\/media?parent=643"}],"wp:term":[{"taxonomy":"category","embeddable":true,"href":"http:\/\/cfcontabil.com\/cf\/wp-json\/wp\/v2\/categories?post=643"},{"taxonomy":"post_tag","embeddable":true,"href":"http:\/\/cfcontabil.com\/cf\/wp-json\/wp\/v2\/tags?post=643"}],"curies":[{"name":"wp","href":"https:\/\/api.w.org\/{rel}","templated":true}]}}