{"id":654,"date":"2016-03-10T11:25:49","date_gmt":"2016-03-10T14:25:49","guid":{"rendered":"http:\/\/cfcontabil.com\/cf\/?p=654"},"modified":"2016-03-10T11:25:49","modified_gmt":"2016-03-10T14:25:49","slug":"conheca-a-historia-do-imposto-de-renda","status":"publish","type":"post","link":"http:\/\/cfcontabil.com\/cf\/conheca-a-historia-do-imposto-de-renda\/","title":{"rendered":"Conhe\u00e7a a hist\u00f3ria do Imposto de Renda"},"content":{"rendered":"<h2 class=\"subtitulo\">V\u00eddeo est\u00e1 dispon\u00edvel no canal da Receita Federal<\/h2>\n<div class=\"jetpack-video-wrapper\"><span class=\"embed-youtube\" style=\"text-align:center; display: block;\"><iframe class=\"youtube-player\" width=\"1170\" height=\"659\" src=\"https:\/\/www.youtube.com\/embed\/iT6R1atkifk?version=3&#038;rel=1&#038;showsearch=0&#038;showinfo=1&#038;iv_load_policy=1&#038;fs=1&#038;hl=pt-BR&#038;autohide=2&#038;wmode=transparent\" allowfullscreen=\"true\" style=\"border:0;\" sandbox=\"allow-scripts allow-same-origin allow-popups allow-presentation allow-popups-to-escape-sandbox\"><\/iframe><\/span><\/div>\n<p style=\"text-align: justify;\">Assista o\u00a0<a href=\"https:\/\/idg.receita.fazenda.gov.br\/sobre\/institucional\/memoria\/imposto-de-renda\/historia-do-imposto-de-renda-pf\" target=\"_blank\" rel=\"noopener noreferrer\">v\u00eddeo<\/a>\u00a0dispon\u00edvel na TV Receita\u00a0sobre a hist\u00f3ria do Imposto de Renda. O v\u00eddeo mostra a institui\u00e7\u00e3o do tributo no mundo e no Brasil, sua import\u00e2ncia, o destino da arrecada\u00e7\u00e3o, os est\u00e1gios tecnol\u00f3gicos, o preenchimento e a entrega da declara\u00e7\u00e3o.<\/p>\n<p style=\"text-align: justify;\">Acredita-se que o Imposto de Renda surgiu na Inglaterra, em 1799. No Brasil, foi aprovado pelo Congresso Nacional em 31 de dezembro de 1922.<\/p>\n<p style=\"text-align: justify;\">A partir de entrevistas realizadas com o subsecret\u00e1rio de Arrecada\u00e7\u00e3o e Atendimento, Carlos Roberto Occaso, com o supervisor nacional do Programa do Imposto de Renda, Joaquim Adir, e com o auditor-fiscal aposentado e historiador do Imposto de Renda Crist\u00f3v\u00e3o Barcelos, o v\u00eddeo tra\u00e7a um panorama do passado do Imposto de Renda e aponta o futuro do que \u00e9 um dos mais conhecidos tributos de nosso Pa\u00eds.<\/p>\n<h2 style=\"text-align: justify;\">Imposto de Renda 2016<\/h2>\n<p style=\"text-align: justify;\">Aten\u00e7\u00e3o ao prazo final de entrega que ser\u00e1 em <strong>29 de abril<\/strong>, uma sexta-feira.<\/p>\n<p style=\"text-align: justify;\">As empresas e os bancos tiveram at\u00e9 29 de fevereiro de 2016 para encaminhar a seus empregados e correntistas\/investidores as informa\u00e7\u00f5es salariais e banc\u00e1rias referentes a 2015, portanto, n\u00e3o deixe para a \u00faltima semana, junte os documentos e nos procure para fazer sua declara\u00e7\u00e3o sem problemas.<\/p>\n<p style=\"text-align: justify;\">Este ano a Receita Federal espera receber 28,5 milh\u00f5es de declara\u00e7\u00f5es do IR (Em 2015 foram 27,9 milh\u00f5es).<\/p>\n<p style=\"text-align: justify;\">Fonte: <a title=\"Not\u00edcia retirada da fonte Receita Federal\" href=\"http:\/\/idg.receita.fazenda.gov.br\/noticias\/ascom\/2016\/marco\/conheca-a-historia-do-imposto-de-renda\" target=\"_blank\" rel=\"nofollow noopener noreferrer\">Receita Federal<\/a><\/p>\n","protected":false},"excerpt":{"rendered":"<p>V\u00eddeo est\u00e1 dispon\u00edvel no canal da Receita Federal Assista o\u00a0v\u00eddeo\u00a0dispon\u00edvel na TV Receita\u00a0sobre a hist\u00f3ria do Imposto de Renda. O v\u00eddeo mostra a institui\u00e7\u00e3o do tributo no mundo e no Brasil, sua import\u00e2ncia, o destino da arrecada\u00e7\u00e3o, os est\u00e1gios tecnol\u00f3gicos, o preenchimento e a entrega da declara\u00e7\u00e3o. Acredita-se que o Imposto de Renda surgiu na [&hellip;]<\/p>\n","protected":false},"author":3,"featured_media":655,"comment_status":"open","ping_status":"open","sticky":false,"template":"","format":"standard","meta":{"jetpack_post_was_ever_published":false,"_jetpack_newsletter_access":"","_jetpack_dont_email_post_to_subs":false,"_jetpack_newsletter_tier_id":0,"_jetpack_memberships_contains_paywalled_content":false,"_jetpack_memberships_contains_paid_content":false,"footnotes":"","jetpack_publicize_message":"","jetpack_publicize_feature_enabled":true,"jetpack_social_post_already_shared":true,"jetpack_social_options":{"image_generator_settings":{"template":"highway","default_image_id":0,"font":"","enabled":false},"version":2}},"categories":[22],"tags":[182,186,106,187,108,115,188,111,189],"class_list":["post-654","post","type-post","status-publish","format-standard","has-post-thumbnail","hentry","category-geral","tag-182","tag-arrecadacao","tag-declaracao","tag-historia","tag-imposto","tag-irpf","tag-programa","tag-renda","tag-tributo"],"jetpack_publicize_connections":[],"jetpack_featured_media_url":"https:\/\/i0.wp.com\/cfcontabil.com\/cf\/wp-content\/uploads\/2016\/03\/entrega-do-imposto-de-renda-2.jpg?fit=645%2C320","jetpack_sharing_enabled":true,"jetpack_shortlink":"https:\/\/wp.me\/p2wklX-ay","jetpack-related-posts":[{"id":2748,"url":"http:\/\/cfcontabil.com\/cf\/imposto-de-renda-2022-prepare-seus-documentos-esta-semana\/","url_meta":{"origin":654,"position":0},"title":"Imposto de Renda 2022: prepare seus documentos esta semana!","author":"Ab\u00edlio Gon\u00e7alves","date":"23 de fevereiro de 2022","format":false,"excerpt":"Separe seus documentos para fazer a declara\u00e7\u00e3o a partir de 2 de mar\u00e7o.","rel":"","context":"Em &quot;Imposto de Renda&quot;","block_context":{"text":"Imposto de Renda","link":"http:\/\/cfcontabil.com\/cf\/category\/imposto-de-renda\/"},"img":{"alt_text":"","src":"https:\/\/i0.wp.com\/cfcontabil.com\/cf\/wp-content\/uploads\/2022\/02\/Banner-na-imposto-de-renda-Miniatura-do-YouTube.png?fit=1200%2C675&resize=350%2C200","width":350,"height":200,"srcset":"https:\/\/i0.wp.com\/cfcontabil.com\/cf\/wp-content\/uploads\/2022\/02\/Banner-na-imposto-de-renda-Miniatura-do-YouTube.png?fit=1200%2C675&resize=350%2C200 1x, https:\/\/i0.wp.com\/cfcontabil.com\/cf\/wp-content\/uploads\/2022\/02\/Banner-na-imposto-de-renda-Miniatura-do-YouTube.png?fit=1200%2C675&resize=525%2C300 1.5x, https:\/\/i0.wp.com\/cfcontabil.com\/cf\/wp-content\/uploads\/2022\/02\/Banner-na-imposto-de-renda-Miniatura-do-YouTube.png?fit=1200%2C675&resize=700%2C400 2x, https:\/\/i0.wp.com\/cfcontabil.com\/cf\/wp-content\/uploads\/2022\/02\/Banner-na-imposto-de-renda-Miniatura-do-YouTube.png?fit=1200%2C675&resize=1050%2C600 3x"},"classes":[]},{"id":2137,"url":"http:\/\/cfcontabil.com\/cf\/mais-de-16-mi-de-contribuintes-ja-entregaram-declaracao-do-ir\/","url_meta":{"origin":654,"position":1},"title":"Mais de 1,6 mi de contribuintes j\u00e1 entregaram declara\u00e7\u00e3o do IR","author":"Ab\u00edlio Gon\u00e7alves","date":"6 de mar\u00e7o de 2020","format":false,"excerpt":"Receita Federal espera receber 32 milh\u00f5es de declara\u00e7\u00f5es em 2020 No quarto dia de entrega da declara\u00e7\u00e3o do Imposto de Renda Pessoa F\u00edsica (IRPF) 2020, pouco mais de 1,6 milh\u00e3o de contribuintes acertaram as contas com o Le\u00e3o. Esse \u00e9 o n\u00famero de documentos enviados desde a \u00faltima\u00a0segunda-feira (2) at\u00e9\u2026","rel":"","context":"Em &quot;Departamento Fiscal&quot;","block_context":{"text":"Departamento Fiscal","link":"http:\/\/cfcontabil.com\/cf\/category\/df\/"},"img":{"alt_text":"","src":"https:\/\/i0.wp.com\/cfcontabil.com\/cf\/wp-content\/uploads\/2020\/03\/IRPF-CELULAR-NOT.jpg?fit=1170%2C700&resize=350%2C200","width":350,"height":200,"srcset":"https:\/\/i0.wp.com\/cfcontabil.com\/cf\/wp-content\/uploads\/2020\/03\/IRPF-CELULAR-NOT.jpg?fit=1170%2C700&resize=350%2C200 1x, https:\/\/i0.wp.com\/cfcontabil.com\/cf\/wp-content\/uploads\/2020\/03\/IRPF-CELULAR-NOT.jpg?fit=1170%2C700&resize=525%2C300 1.5x, https:\/\/i0.wp.com\/cfcontabil.com\/cf\/wp-content\/uploads\/2020\/03\/IRPF-CELULAR-NOT.jpg?fit=1170%2C700&resize=700%2C400 2x, https:\/\/i0.wp.com\/cfcontabil.com\/cf\/wp-content\/uploads\/2020\/03\/IRPF-CELULAR-NOT.jpg?fit=1170%2C700&resize=1050%2C600 3x"},"classes":[]},{"id":1296,"url":"http:\/\/cfcontabil.com\/cf\/imposto-de-renda-2018-veja-13-erros-mais-comuns-na-declaracao-e-evite-cair-na-malha-fina\/","url_meta":{"origin":654,"position":2},"title":"Imposto de Renda 2018: Veja 13 erros mais comuns na declara\u00e7\u00e3o e evite cair na malha fina","author":"Ab\u00edlio Gon\u00e7alves","date":"3 de mar\u00e7o de 2018","format":false,"excerpt":"Reportagem do G1 Esquecer de informar pens\u00e3o aliment\u00edcia, colocar cursos n\u00e3o autorizados como despesas de educa\u00e7\u00e3o para deduzir imposto e at\u00e9 erros de digita\u00e7\u00e3o s\u00e3o comuns; prazo para declarar at\u00e9 30 de abril Os motivos que levam algu\u00e9m a cair na malha fina s\u00e3o v\u00e1rios e v\u00e3o desde a omiss\u00e3o\u2026","rel":"","context":"Em &quot;Geral&quot;","block_context":{"text":"Geral","link":"http:\/\/cfcontabil.com\/cf\/category\/geral\/"},"img":{"alt_text":"","src":"https:\/\/i0.wp.com\/cfcontabil.com\/cf\/wp-content\/uploads\/2016\/04\/leao_do_imposto_de_renda-1.jpg?fit=620%2C345&resize=350%2C200","width":350,"height":200,"srcset":"https:\/\/i0.wp.com\/cfcontabil.com\/cf\/wp-content\/uploads\/2016\/04\/leao_do_imposto_de_renda-1.jpg?fit=620%2C345&resize=350%2C200 1x, https:\/\/i0.wp.com\/cfcontabil.com\/cf\/wp-content\/uploads\/2016\/04\/leao_do_imposto_de_renda-1.jpg?fit=620%2C345&resize=525%2C300 1.5x"},"classes":[]},{"id":877,"url":"http:\/\/cfcontabil.com\/cf\/atraso-em-liberacao-de-programa-da-dirf-pode-comprometer-a-declaracao-de-imposto-de-renda\/","url_meta":{"origin":654,"position":3},"title":"Atraso em libera\u00e7\u00e3o de programa da Dirf pode comprometer a declara\u00e7\u00e3o de imposto de renda","author":"Ab\u00edlio Gon\u00e7alves","date":"26 de janeiro de 2017","format":false,"excerpt":"CFC encaminhou\u00a0of\u00edcio para Receita solicitando a imediata disponibiliza\u00e7\u00e3o de programa de transmiss\u00e3o da DIRF O Conselho Federal de Contabilidade (CFC) enviou, nesta ter\u00e7a-feira (24), of\u00edcio ao secret\u00e1rio da Receita Federal, Jorge Rachid, pedindo a prorroga\u00e7\u00e3o do prazo de entrega da Declara\u00e7\u00e3o do Imposto de Renda Retido na Fonte (Dirf), previsto\u2026","rel":"","context":"Em &quot;Departamento Pessoal&quot;","block_context":{"text":"Departamento Pessoal","link":"http:\/\/cfcontabil.com\/cf\/category\/dp\/"},"img":{"alt_text":"","src":"https:\/\/i0.wp.com\/cfcontabil.com\/cf\/wp-content\/uploads\/2017\/01\/DIRF_698x57613-1.jpg?fit=1000%2C826&resize=350%2C200","width":350,"height":200,"srcset":"https:\/\/i0.wp.com\/cfcontabil.com\/cf\/wp-content\/uploads\/2017\/01\/DIRF_698x57613-1.jpg?fit=1000%2C826&resize=350%2C200 1x, https:\/\/i0.wp.com\/cfcontabil.com\/cf\/wp-content\/uploads\/2017\/01\/DIRF_698x57613-1.jpg?fit=1000%2C826&resize=525%2C300 1.5x, https:\/\/i0.wp.com\/cfcontabil.com\/cf\/wp-content\/uploads\/2017\/01\/DIRF_698x57613-1.jpg?fit=1000%2C826&resize=700%2C400 2x"},"classes":[]},{"id":1936,"url":"http:\/\/cfcontabil.com\/cf\/governo-avalia-imposto-de-renda-de-35-para-salarios-acima-de-r-39-mil\/","url_meta":{"origin":654,"position":4},"title":"Governo avalia Imposto de Renda de 35% para sal\u00e1rios acima de R$ 39 mil","author":"Ab\u00edlio Gon\u00e7alves","date":"21 de novembro de 2019","format":false,"excerpt":"A ideia \u00e9 conseguir receitas para compensar a desonera\u00e7\u00e3o da folha de pagamentos, medida de redu\u00e7\u00e3o de custo da m\u00e3o de obra e que representaria perda de dinheiro para os cofres p\u00fablicos A equipe econ\u00f4mica avalia alterar al\u00edquotas de Imposto de Renda de pessoas f\u00edsicas e aumentar a cobran\u00e7a sobre\u2026","rel":"","context":"Em &quot;Departamento Fiscal&quot;","block_context":{"text":"Departamento Fiscal","link":"http:\/\/cfcontabil.com\/cf\/category\/df\/"},"img":{"alt_text":"","src":"https:\/\/i0.wp.com\/cfcontabil.com\/cf\/wp-content\/uploads\/2019\/11\/Receita-Federal.jpg?fit=1200%2C675&resize=350%2C200","width":350,"height":200,"srcset":"https:\/\/i0.wp.com\/cfcontabil.com\/cf\/wp-content\/uploads\/2019\/11\/Receita-Federal.jpg?fit=1200%2C675&resize=350%2C200 1x, https:\/\/i0.wp.com\/cfcontabil.com\/cf\/wp-content\/uploads\/2019\/11\/Receita-Federal.jpg?fit=1200%2C675&resize=525%2C300 1.5x, https:\/\/i0.wp.com\/cfcontabil.com\/cf\/wp-content\/uploads\/2019\/11\/Receita-Federal.jpg?fit=1200%2C675&resize=700%2C400 2x, https:\/\/i0.wp.com\/cfcontabil.com\/cf\/wp-content\/uploads\/2019\/11\/Receita-Federal.jpg?fit=1200%2C675&resize=1050%2C600 3x"},"classes":[]},{"id":1050,"url":"http:\/\/cfcontabil.com\/cf\/imposto-de-renda-2017-mei-como-declarar-os-rendimentos\/","url_meta":{"origin":654,"position":5},"title":"Imposto de Renda 2017: MEI, como declarar os rendimentos?","author":"Ab\u00edlio Gon\u00e7alves","date":"11 de mar\u00e7o de 2017","format":false,"excerpt":"Com o in\u00edcio do per\u00edodo de entrega do do Imposto de Renda de 2017 - de 2 de mar\u00e7o a 28 de abril -, d\u00favidas come\u00e7am a surgir sobre o processo de declara\u00e7\u00e3o. Atrav\u00e9s do servi\u00e7o tira-d\u00favidas lan\u00e7ado por O GLOBO e Extra, leitores enviaram perguntas sobre como deve ser\u2026","rel":"","context":"Em &quot;Departamento Fiscal&quot;","block_context":{"text":"Departamento Fiscal","link":"http:\/\/cfcontabil.com\/cf\/category\/df\/"},"img":{"alt_text":"","src":"https:\/\/i0.wp.com\/cfcontabil.com\/cf\/wp-content\/uploads\/2017\/02\/irpfrfb-1.jpg?fit=640%2C340&resize=350%2C200","width":350,"height":200,"srcset":"https:\/\/i0.wp.com\/cfcontabil.com\/cf\/wp-content\/uploads\/2017\/02\/irpfrfb-1.jpg?fit=640%2C340&resize=350%2C200 1x, https:\/\/i0.wp.com\/cfcontabil.com\/cf\/wp-content\/uploads\/2017\/02\/irpfrfb-1.jpg?fit=640%2C340&resize=525%2C300 1.5x"},"classes":[]}],"jetpack_likes_enabled":true,"_links":{"self":[{"href":"http:\/\/cfcontabil.com\/cf\/wp-json\/wp\/v2\/posts\/654","targetHints":{"allow":["GET"]}}],"collection":[{"href":"http:\/\/cfcontabil.com\/cf\/wp-json\/wp\/v2\/posts"}],"about":[{"href":"http:\/\/cfcontabil.com\/cf\/wp-json\/wp\/v2\/types\/post"}],"author":[{"embeddable":true,"href":"http:\/\/cfcontabil.com\/cf\/wp-json\/wp\/v2\/users\/3"}],"replies":[{"embeddable":true,"href":"http:\/\/cfcontabil.com\/cf\/wp-json\/wp\/v2\/comments?post=654"}],"version-history":[{"count":0,"href":"http:\/\/cfcontabil.com\/cf\/wp-json\/wp\/v2\/posts\/654\/revisions"}],"wp:featuredmedia":[{"embeddable":true,"href":"http:\/\/cfcontabil.com\/cf\/wp-json\/wp\/v2\/media\/655"}],"wp:attachment":[{"href":"http:\/\/cfcontabil.com\/cf\/wp-json\/wp\/v2\/media?parent=654"}],"wp:term":[{"taxonomy":"category","embeddable":true,"href":"http:\/\/cfcontabil.com\/cf\/wp-json\/wp\/v2\/categories?post=654"},{"taxonomy":"post_tag","embeddable":true,"href":"http:\/\/cfcontabil.com\/cf\/wp-json\/wp\/v2\/tags?post=654"}],"curies":[{"name":"wp","href":"https:\/\/api.w.org\/{rel}","templated":true}]}}