{"id":667,"date":"2016-03-11T10:21:53","date_gmt":"2016-03-11T13:21:53","guid":{"rendered":"http:\/\/cfcontabil.com\/cf\/?p=667"},"modified":"2016-03-11T10:21:53","modified_gmt":"2016-03-11T13:21:53","slug":"empregado-domestico","status":"publish","type":"post","link":"http:\/\/cfcontabil.com\/cf\/empregado-domestico\/","title":{"rendered":"EMPREGADO DOM\u00c9STICO"},"content":{"rendered":"<h5 class=\"titulo\" style=\"text-align: center;\">Portal do eSocial ficar\u00e1 indispon\u00edvel durante duas horas neste s\u00e1bado<\/h5>\n<h5 class=\"subtitulo\" style=\"text-align: center;\">Medida \u00e9 necess\u00e1ria para a expans\u00e3o do banco de dados do sistema<\/h5>\n<p style=\"text-align: justify;\">O sistema do eSocial estar\u00e1 indispon\u00edvel neste s\u00e1bado (12), das 10 horas ao meio-dia. A medida, de car\u00e1ter t\u00e9cnico, tem como objetivo a migra\u00e7\u00e3o do banco de dados do eSocial para um novo equipamento.<\/p>\n<p style=\"text-align: justify;\">Por meio do Portal do eSocial (<a href=\"http:\/\/www.esocial.gov.br\" target=\"_blank\" rel=\"noopener noreferrer\">www.esocial.gov.br<\/a>), os empregadores dom\u00e9sticos podem gerar o Documento de Arrecada\u00e7\u00e3o do eSocial (DAE) com as contribui\u00e7\u00f5es fiscais, trabalhistas e previdenci\u00e1rias. O vencimento \u00e9 sempre no dia 7 de cada m\u00eas, mas o pagamento deve ser antecipado caso a data caia no final de semana ou feriado.<\/p>\n<p style=\"text-align: left;\"><span style=\"font-size: 8pt;\"><span class=\"fontes\">Fonte: <a title=\"Not\u00edcia retirada da fonte MPS - Minist\u00e9rio da Previd\u00eancia Social\" href=\"http:\/\/contadores.cnt.br\/noticias\/fonte\/mps-ministerio-da-previdencia-social-2.html\" rel=\"nofollow\">MPS &#8211; Minist\u00e9rio da Previd\u00eancia Social<\/a><\/span><\/span><\/p>\n<p style=\"text-align: left;\"><span style=\"font-size: 8pt;\"><em class=\"link\">Link: <a href=\"http:\/\/www.previdencia.gov.br\/2016\/03\/empregado-domestico-portal-do-esocial-ficara-indisponivel-durante-duas-horas-neste-sabado\/\" target=\"_blank\" rel=\"nofollow noopener noreferrer\">http:\/\/www.previdencia.gov.br\/2016\/03\/empregado-domestico-portal-do-esocial-ficara-indisponivel-durante-duas-horas-neste-sabado\/<\/a><\/em><\/span><\/p>\n","protected":false},"excerpt":{"rendered":"<p>Portal do eSocial ficar\u00e1 indispon\u00edvel durante duas horas neste s\u00e1bado Medida \u00e9 necess\u00e1ria para a expans\u00e3o do banco de dados do sistema O sistema do eSocial estar\u00e1 indispon\u00edvel neste s\u00e1bado (12), das 10 horas ao meio-dia. A medida, de car\u00e1ter t\u00e9cnico, tem como objetivo a migra\u00e7\u00e3o do banco de dados do eSocial para um novo [&hellip;]<\/p>\n","protected":false},"author":3,"featured_media":1482,"comment_status":"open","ping_status":"open","sticky":false,"template":"","format":"standard","meta":{"jetpack_post_was_ever_published":false,"_jetpack_newsletter_access":"","_jetpack_dont_email_post_to_subs":false,"_jetpack_newsletter_tier_id":0,"_jetpack_memberships_contains_paywalled_content":false,"_jetpack_memberships_contains_paid_content":false,"footnotes":"","jetpack_publicize_message":"","jetpack_publicize_feature_enabled":true,"jetpack_social_post_already_shared":true,"jetpack_social_options":{"image_generator_settings":{"template":"highway","default_image_id":0,"font":"","enabled":false},"version":2}},"categories":[29],"tags":[190,191,192,193,78,194],"class_list":["post-667","post","type-post","status-publish","format-standard","has-post-thumbnail","hentry","category-dp","tag-dae","tag-domestico","tag-empregado","tag-empregador","tag-esocial","tag-sistema"],"jetpack_publicize_connections":[],"jetpack_featured_media_url":"https:\/\/i0.wp.com\/cfcontabil.com\/cf\/wp-content\/uploads\/2016\/03\/esocial-1374759873-2.png?fit=439%2C339","jetpack_sharing_enabled":true,"jetpack_shortlink":"https:\/\/wp.me\/p2wklX-aL","jetpack-related-posts":[{"id":836,"url":"http:\/\/cfcontabil.com\/cf\/esocial-agora-permite-abater-guias-ja-pagas\/","url_meta":{"origin":667,"position":0},"title":"eSOCIAL: agora permite abater GUIAS j\u00e1 pagas","author":"Ab\u00edlio Gon\u00e7alves","date":"19 de janeiro de 2017","format":false,"excerpt":"A partir da folha de janeiro de 2017, o eSocial traz uma nova funcionalidade: o abatimento de guias DAE j\u00e1 pagas numa mesma compet\u00eancia. Esta aplica\u00e7\u00e3o \u00e9 \u00fatil nos casos em que o empregador encerrou a compet\u00eancia e pagou o DAE, deixando de considerar valores devidos ao empregado (por exemplo,\u2026","rel":"","context":"Em &quot;Departamento Pessoal&quot;","block_context":{"text":"Departamento Pessoal","link":"http:\/\/cfcontabil.com\/cf\/category\/dp\/"},"img":{"alt_text":"","src":"https:\/\/i0.wp.com\/cfcontabil.com\/cf\/wp-content\/uploads\/2016\/03\/esocial-1374759873-2.png?fit=439%2C339&resize=350%2C200","width":350,"height":200},"classes":[]},{"id":2224,"url":"http:\/\/cfcontabil.com\/cf\/fgts-e-ferias-de-domesticas-o-que-preciso-fazer-no-esocial\/","url_meta":{"origin":667,"position":1},"title":"FGTS e F\u00e9rias de Dom\u00e9sticas: O que preciso fazer no eSocial?","author":"Ab\u00edlio Gon\u00e7alves","date":"5 de abril de 2020","format":false,"excerpt":"A MP 927\/2020 permite a todos os empregadores suspender o recolhimento de FGTS at\u00e9 maio. A MP 927\/2020 permitiu a suspens\u00e3o de recolhimento do Fundo de Garantia por Tempo de Servi\u00e7o,\u00a0FGTS,\u00a0por parte dos empregadores. Com a medida, fica suspensa a obrigatoriedade do recolhimento referente aos per\u00edodos de mar\u00e7o, abril e\u2026","rel":"","context":"Em &quot;Departamento Pessoal&quot;","block_context":{"text":"Departamento Pessoal","link":"http:\/\/cfcontabil.com\/cf\/category\/dp\/"},"img":{"alt_text":"","src":"https:\/\/i0.wp.com\/cfcontabil.com\/cf\/wp-content\/uploads\/2020\/04\/mp927.jpeg?fit=768%2C423&resize=350%2C200","width":350,"height":200,"srcset":"https:\/\/i0.wp.com\/cfcontabil.com\/cf\/wp-content\/uploads\/2020\/04\/mp927.jpeg?fit=768%2C423&resize=350%2C200 1x, https:\/\/i0.wp.com\/cfcontabil.com\/cf\/wp-content\/uploads\/2020\/04\/mp927.jpeg?fit=768%2C423&resize=525%2C300 1.5x, https:\/\/i0.wp.com\/cfcontabil.com\/cf\/wp-content\/uploads\/2020\/04\/mp927.jpeg?fit=768%2C423&resize=700%2C400 2x"},"classes":[]},{"id":1946,"url":"http:\/\/cfcontabil.com\/cf\/esocial-domestico-atualizado-com-o-novo-valor-do-salario-familia\/","url_meta":{"origin":667,"position":2},"title":"eSocial Dom\u00e9stico atualizado com o novo valor do sal\u00e1rio-fam\u00edlia","author":"Ab\u00edlio Gon\u00e7alves","date":"25 de novembro de 2019","format":false,"excerpt":"Emenda Constitucional 103\/2019 altera o valor do sal\u00e1rio-fam\u00edlia que passa a valer a partir de novembro de 2019. \u00a0 A Emenda Constitucional 103, que foi promulgada em 12 de novembro de 2019, promoveu altera\u00e7\u00e3o no valor da cota do sal\u00e1rio-fam\u00edlia que passou a ser R$ 46,54 (quarenta e seis reais\u2026","rel":"","context":"Em &quot;Departamento Pessoal&quot;","block_context":{"text":"Departamento Pessoal","link":"http:\/\/cfcontabil.com\/cf\/category\/dp\/"},"img":{"alt_text":"","src":"https:\/\/i0.wp.com\/cfcontabil.com\/cf\/wp-content\/uploads\/2017\/06\/esocial-pasta-1.jpg?fit=1000%2C591&resize=350%2C200","width":350,"height":200,"srcset":"https:\/\/i0.wp.com\/cfcontabil.com\/cf\/wp-content\/uploads\/2017\/06\/esocial-pasta-1.jpg?fit=1000%2C591&resize=350%2C200 1x, https:\/\/i0.wp.com\/cfcontabil.com\/cf\/wp-content\/uploads\/2017\/06\/esocial-pasta-1.jpg?fit=1000%2C591&resize=525%2C300 1.5x, https:\/\/i0.wp.com\/cfcontabil.com\/cf\/wp-content\/uploads\/2017\/06\/esocial-pasta-1.jpg?fit=1000%2C591&resize=700%2C400 2x"},"classes":[]},{"id":1343,"url":"http:\/\/cfcontabil.com\/cf\/esocial-passa-a-valer-para-todas-as-empresas-do-pais-a-partir-de-16-de-julho\/","url_meta":{"origin":667,"position":3},"title":"ESocial Passa a Valer Para Todas as Empresas do Pa\u00eds a Partir de 16 de Julho","author":"Ab\u00edlio Gon\u00e7alves","date":"14 de julho de 2018","format":false,"excerpt":"A partir do dia 16 de julho, todas as empresas privadas do pa\u00eds, incluindo micro e pequenas empresas e microempreendedores individuais\u00a0(MEIs)\u00a0que possuam empregados, dever\u00e3o utilizar o Sistema de Escritura\u00e7\u00e3o Digital das Obriga\u00e7\u00f5es Fiscais, Previdenci\u00e1rias e Trabalhistas\u00a0(eSocial)\u00a0. Esse grupo representa 4 milh\u00f5es de empregadores e cerca de 30 milh\u00f5es de trabalhadores.\u2026","rel":"","context":"Em &quot;Departamento Pessoal&quot;","block_context":{"text":"Departamento Pessoal","link":"http:\/\/cfcontabil.com\/cf\/category\/dp\/"},"img":{"alt_text":"","src":"https:\/\/i0.wp.com\/cfcontabil.com\/cf\/wp-content\/uploads\/2018\/07\/Cronograma_de_implanta%C3%A7%C3%A3o_do_eSocial-1.png?fit=1024%2C768&resize=350%2C200","width":350,"height":200,"srcset":"https:\/\/i0.wp.com\/cfcontabil.com\/cf\/wp-content\/uploads\/2018\/07\/Cronograma_de_implanta%C3%A7%C3%A3o_do_eSocial-1.png?fit=1024%2C768&resize=350%2C200 1x, https:\/\/i0.wp.com\/cfcontabil.com\/cf\/wp-content\/uploads\/2018\/07\/Cronograma_de_implanta%C3%A7%C3%A3o_do_eSocial-1.png?fit=1024%2C768&resize=525%2C300 1.5x, https:\/\/i0.wp.com\/cfcontabil.com\/cf\/wp-content\/uploads\/2018\/07\/Cronograma_de_implanta%C3%A7%C3%A3o_do_eSocial-1.png?fit=1024%2C768&resize=700%2C400 2x"},"classes":[]},{"id":1958,"url":"http:\/\/cfcontabil.com\/cf\/esocial-contabiliza-mais-de-39-milhoes-de-trabalhadores-cadastrados\/","url_meta":{"origin":667,"position":4},"title":"eSocial contabiliza mais de 39 milh\u00f5es de trabalhadores cadastrados","author":"Ab\u00edlio Gon\u00e7alves","date":"28 de novembro de 2019","format":false,"excerpt":"At\u00e9 julho, \u00faltimo m\u00eas que foi feita a contabilidade oficial, 39.236.553 milh\u00f5es de trabalhadores estavam integrados \u00e0 base do eSocial. O n\u00famero representa a quantidade de empregados de empresas (inclusive empregador pessoa f\u00edsica, como produtores rurais e profissionais liberais), empregados dom\u00e9sticos e demais trabalhadores sem v\u00ednculo de emprego (estagi\u00e1rios, bolsistas,\u2026","rel":"","context":"Em &quot;Departamento Pessoal&quot;","block_context":{"text":"Departamento Pessoal","link":"http:\/\/cfcontabil.com\/cf\/category\/dp\/"},"img":{"alt_text":"","src":"https:\/\/i0.wp.com\/cfcontabil.com\/cf\/wp-content\/uploads\/2018\/09\/esocial-1-810x456-1.jpg?fit=810%2C456&resize=350%2C200","width":350,"height":200,"srcset":"https:\/\/i0.wp.com\/cfcontabil.com\/cf\/wp-content\/uploads\/2018\/09\/esocial-1-810x456-1.jpg?fit=810%2C456&resize=350%2C200 1x, https:\/\/i0.wp.com\/cfcontabil.com\/cf\/wp-content\/uploads\/2018\/09\/esocial-1-810x456-1.jpg?fit=810%2C456&resize=525%2C300 1.5x, https:\/\/i0.wp.com\/cfcontabil.com\/cf\/wp-content\/uploads\/2018\/09\/esocial-1-810x456-1.jpg?fit=810%2C456&resize=700%2C400 2x"},"classes":[]},{"id":1219,"url":"http:\/\/cfcontabil.com\/cf\/esocial-disponibiliza-o-comprovante-de-rendimentos-para-os-empregadores-domesticos\/","url_meta":{"origin":667,"position":5},"title":"eSocial disponibiliza o Comprovante de Rendimentos para os empregadores dom\u00e9sticos","author":"Ab\u00edlio Gon\u00e7alves","date":"23 de fevereiro de 2017","format":false,"excerpt":"Mais uma nova funcionalidade est\u00e1 dispon\u00edvel aos empregadores dom\u00e9sticos no eSocial: a gera\u00e7\u00e3o do Comprovante de Rendimentos ser\u00e1 feita automaticamente pelo sistema. Este documento deve ser emitido pelos empregadores que fizeram reten\u00e7\u00e3o de Imposto de Renda na Fonte (IRRF) do seu empregado dom\u00e9stico no ano de 2016. O Comprovante dever\u00e1\u2026","rel":"","context":"Em &quot;Departamento Pessoal&quot;","block_context":{"text":"Departamento Pessoal","link":"http:\/\/cfcontabil.com\/cf\/category\/dp\/"},"img":{"alt_text":"","src":"https:\/\/i0.wp.com\/cfcontabil.com\/cf\/wp-content\/uploads\/2017\/02\/comprovante-rendimentos-1.jpg?fit=630%2C280&resize=350%2C200","width":350,"height":200,"srcset":"https:\/\/i0.wp.com\/cfcontabil.com\/cf\/wp-content\/uploads\/2017\/02\/comprovante-rendimentos-1.jpg?fit=630%2C280&resize=350%2C200 1x, https:\/\/i0.wp.com\/cfcontabil.com\/cf\/wp-content\/uploads\/2017\/02\/comprovante-rendimentos-1.jpg?fit=630%2C280&resize=525%2C300 1.5x"},"classes":[]}],"jetpack_likes_enabled":true,"_links":{"self":[{"href":"http:\/\/cfcontabil.com\/cf\/wp-json\/wp\/v2\/posts\/667","targetHints":{"allow":["GET"]}}],"collection":[{"href":"http:\/\/cfcontabil.com\/cf\/wp-json\/wp\/v2\/posts"}],"about":[{"href":"http:\/\/cfcontabil.com\/cf\/wp-json\/wp\/v2\/types\/post"}],"author":[{"embeddable":true,"href":"http:\/\/cfcontabil.com\/cf\/wp-json\/wp\/v2\/users\/3"}],"replies":[{"embeddable":true,"href":"http:\/\/cfcontabil.com\/cf\/wp-json\/wp\/v2\/comments?post=667"}],"version-history":[{"count":0,"href":"http:\/\/cfcontabil.com\/cf\/wp-json\/wp\/v2\/posts\/667\/revisions"}],"wp:featuredmedia":[{"embeddable":true,"href":"http:\/\/cfcontabil.com\/cf\/wp-json\/wp\/v2\/media\/1482"}],"wp:attachment":[{"href":"http:\/\/cfcontabil.com\/cf\/wp-json\/wp\/v2\/media?parent=667"}],"wp:term":[{"taxonomy":"category","embeddable":true,"href":"http:\/\/cfcontabil.com\/cf\/wp-json\/wp\/v2\/categories?post=667"},{"taxonomy":"post_tag","embeddable":true,"href":"http:\/\/cfcontabil.com\/cf\/wp-json\/wp\/v2\/tags?post=667"}],"curies":[{"name":"wp","href":"https:\/\/api.w.org\/{rel}","templated":true}]}}