{"id":675,"date":"2016-03-17T10:37:02","date_gmt":"2016-03-17T13:37:02","guid":{"rendered":"http:\/\/cfcontabil.com\/cf\/?p=675"},"modified":"2016-03-17T10:37:02","modified_gmt":"2016-03-17T13:37:02","slug":"atencao-as-mudancas-na-nf-e-o-prazo-expira-no-final-do-mes","status":"publish","type":"post","link":"http:\/\/cfcontabil.com\/cf\/atencao-as-mudancas-na-nf-e-o-prazo-expira-no-final-do-mes\/","title":{"rendered":"Aten\u00e7\u00e3o \u00e0s mudan\u00e7as na NF-e. O prazo expira no final do m\u00eas"},"content":{"rendered":"<h5 class=\"subtitulo\" style=\"text-align: justify;\">Em abril, o layout das NF-e e da NFC-e ter\u00e1 de incluir campos para contemplar um novo c\u00f3digo identificador de mercadorias, o Cest.<\/h5>\n<p><a href=\"https:\/\/i0.wp.com\/cfcontabil.com\/cf\/wp-content\/uploads\/2016\/03\/mode-de-impressao-nfc-e.png\" rel=\"attachment wp-att-676\"><img data-recalc-dims=\"1\" fetchpriority=\"high\" decoding=\"async\" data-attachment-id=\"676\" data-permalink=\"http:\/\/cfcontabil.com\/cf\/mode-de-impressao-nfc-e\/\" data-orig-file=\"https:\/\/i0.wp.com\/cfcontabil.com\/cf\/wp-content\/uploads\/2016\/03\/mode-de-impressao-nfc-e-1.png?fit=610%2C196\" data-orig-size=\"610,196\" data-comments-opened=\"1\" data-image-meta=\"{&quot;aperture&quot;:&quot;0&quot;,&quot;credit&quot;:&quot;&quot;,&quot;camera&quot;:&quot;&quot;,&quot;caption&quot;:&quot;&quot;,&quot;created_timestamp&quot;:&quot;0&quot;,&quot;copyright&quot;:&quot;&quot;,&quot;focal_length&quot;:&quot;0&quot;,&quot;iso&quot;:&quot;0&quot;,&quot;shutter_speed&quot;:&quot;0&quot;,&quot;title&quot;:&quot;&quot;,&quot;orientation&quot;:&quot;0&quot;}\" data-image-title=\"mode-de-impressao-nfc-e\" data-image-description=\"\" data-image-caption=\"\" data-large-file=\"https:\/\/i0.wp.com\/cfcontabil.com\/cf\/wp-content\/uploads\/2016\/03\/mode-de-impressao-nfc-e-1.png?fit=610%2C196\" class=\"size-full wp-image-676 aligncenter\" src=\"https:\/\/i0.wp.com\/cfcontabil.com\/cf\/wp-content\/uploads\/2016\/03\/mode-de-impressao-nfc-e.png?resize=610%2C196\" alt=\"mode-de-impressao-nfc-e\" width=\"610\" height=\"196\" \/><\/a><\/p>\n<p style=\"text-align: justify;\">As empresas t\u00eam at\u00e9 1\u00b0 de abril para adequar os seus programas geradores de documentos fiscais ao C\u00f3digo Especificador da Substitui\u00e7\u00e3o Tribut\u00e1ria (<strong>Cest<\/strong>).<\/p>\n<p style=\"text-align: justify;\"><!--more--><\/p>\n<p style=\"text-align: justify;\">Todos aqueles que emitem Nota Fiscal eletr\u00f4nica (NF-e) ou Nota Fiscal ao Consumidor eletr\u00f4nica (NFC-e) ter\u00e3o de criar campos em seus programas para receber o novo c\u00f3digo.<\/p>\n<p style=\"text-align: justify;\">A exig\u00eancia \u00e9 trazida pelo Conv\u00eanio <strong>ICMS <\/strong>146\/2015 do Confaz, que busca uniformizar a identifica\u00e7\u00e3o das mercadorias sujeitas \u00e0 sistem\u00e1tica da substitui\u00e7\u00e3o tribut\u00e1ria.<\/p>\n<p style=\"text-align: justify;\">Quem n\u00e3o se adequar ao conv\u00eanio at\u00e9 a data corre o risco de ser impedido de emitir as notas fiscais para fisco.<\/p>\n<p style=\"text-align: justify;\">As mudan\u00e7as necess\u00e1rias no leiaute da NF-e e NFC-e trazem custos extras para os empres\u00e1rios, mas s\u00e3o consideradas necess\u00e1rias pelo advogado tributarista Marcello Maur\u00edcio dos Santos, do escrit\u00f3rio Chiarottino e Nicoletti.<\/p>\n<p style=\"text-align: justify;\">\u201cCom o tempo cada estado foi criando sua lista de produtos submetidos \u00e0 substitui\u00e7\u00e3o tribut\u00e1ria, mas isso sem que houvesse um padr\u00e3o. O Cest engloba esses produtos, trazendo um padr\u00e3o\u201d, diz.<\/p>\n<p style=\"text-align: justify;\">At\u00e9 ent\u00e3o, essas mercadorias eram classificadas pela Nomenclatura Comum do Mercosul (NCM), que segundo o advogado, \u00e9 muito gen\u00e9rica. \u201cA NCM n\u00e3o \u00e9 espec\u00edfica, algumas vezes traz produtos distintos com um mesmo c\u00f3digo\u201d, diz Maur\u00edcio dos Santos.<\/p>\n<p style=\"text-align: justify;\">O Cest atribui um c\u00f3digo num\u00e9rico de sete d\u00edgitos aos produtos. A tabela com os c\u00f3digos pode ser encontrada no<strong>site do Confaz<\/strong>.<\/p>\n<p style=\"text-align: justify;\">Pelo texto do Conv\u00eanio ICMS 146, algumas mercadorias, mesmo que n\u00e3o estejam sujeitas ao regime de substitui\u00e7\u00e3o tribut\u00e1rias, tamb\u00e9m ter\u00e3o de ser identificadas na NF-e e NFC-e por meio do Cest. Estes produtos est\u00e3o listados do anexo dois ao 29 do conv\u00eanio.<\/p>\n<p style=\"text-align: justify;\"><em class=\"link\">Fonte:\u00a0<a href=\"http:\/\/www.dcomercio.com.br\/categoria\/leis_e_tributos\/atencao_as_mudancas_na_nf_e_o_prazo_expira_no_final_do_mes\" target=\"_blank\" rel=\"nofollow noopener noreferrer\">http:\/\/www.dcomercio.com.br\/categoria\/leis_e_tributos\/atencao_as_mudancas_na_nf_e_o_prazo_expira_no_final_do_mes<\/a><\/em><\/p>\n","protected":false},"excerpt":{"rendered":"<p>Em abril, o layout das NF-e e da NFC-e ter\u00e1 de incluir campos para contemplar um novo c\u00f3digo identificador de mercadorias, o Cest. As empresas t\u00eam at\u00e9 1\u00b0 de abril para adequar os seus programas geradores de documentos fiscais ao C\u00f3digo Especificador da Substitui\u00e7\u00e3o Tribut\u00e1ria (Cest).<\/p>\n","protected":false},"author":3,"featured_media":677,"comment_status":"open","ping_status":"open","sticky":false,"template":"","format":"standard","meta":{"jetpack_post_was_ever_published":false,"_jetpack_newsletter_access":"","_jetpack_dont_email_post_to_subs":false,"_jetpack_newsletter_tier_id":0,"_jetpack_memberships_contains_paywalled_content":false,"_jetpack_memberships_contains_paid_content":false,"footnotes":"","jetpack_publicize_message":"","jetpack_publicize_feature_enabled":true,"jetpack_social_post_already_shared":true,"jetpack_social_options":{"image_generator_settings":{"template":"highway","default_image_id":0,"font":"","enabled":false},"version":2}},"categories":[60],"tags":[21,198,199,200,201,202,203,204,205],"class_list":["post-675","post","type-post","status-publish","format-standard","has-post-thumbnail","hentry","category-consultoria","tag-contabilidade","tag-convenio","tag-fiscal","tag-icms","tag-ncm","tag-nf","tag-nf-e","tag-nfc-e","tag-nota"],"jetpack_publicize_connections":[],"jetpack_featured_media_url":"https:\/\/i0.wp.com\/cfcontabil.com\/cf\/wp-content\/uploads\/2016\/03\/ncfe-1.jpg?fit=473%2C326","jetpack_sharing_enabled":true,"jetpack_shortlink":"https:\/\/wp.me\/p2wklX-aT","jetpack-related-posts":[{"id":1304,"url":"http:\/\/cfcontabil.com\/cf\/nf-e-versao-4-0-sera-obrigatoria-a-partir-de-2-de-julho-saiba-o-que-muda\/","url_meta":{"origin":675,"position":0},"title":"NF-e vers\u00e3o 4.0 ser\u00e1 obrigat\u00f3ria a partir de 2 de julho; saiba o que muda","author":"Ab\u00edlio Gon\u00e7alves","date":"10 de junho de 2018","format":false,"excerpt":"A partir de 2 de julho o Governo Federal deixar\u00e1 de aceitar notas fiscais eletr\u00f4nicas antigas Se voc\u00ea vende produtos (bens e mercadorias), precisa se adaptar \u00e0s altera\u00e7\u00f5es do documento. Apesar da obrigatoriedade do novo layout ter sido prorrogada para julho deste ano (o prazo inicial era abril de 2018),\u2026","rel":"","context":"Em &quot;Departamento Fiscal&quot;","block_context":{"text":"Departamento Fiscal","link":"http:\/\/cfcontabil.com\/cf\/category\/df\/"},"img":{"alt_text":"","src":"https:\/\/i0.wp.com\/cfcontabil.com\/cf\/wp-content\/uploads\/2018\/06\/nfe-4-1.png?fit=523%2C246&resize=350%2C200","width":350,"height":200},"classes":[]},{"id":774,"url":"http:\/\/cfcontabil.com\/cf\/obrigatoriedade-da-nfc-e-para-empresas-do-df\/","url_meta":{"origin":675,"position":1},"title":"Obrigatoriedade da NFC-e para empresas do DF","author":"Ab\u00edlio Gon\u00e7alves","date":"4 de outubro de 2016","format":false,"excerpt":"A\u00a0 Nota Fiscal de Consumidor Eletr\u00f4nica (NFC-e), tamb\u00e9m conhecida como a Nota Fiscal Eletr\u00f4nica modelo 65, \u00e9 o projeto\u00a0 que substituir\u00e1 a Nota Fiscal de Venda ao Consumidor (Modelo 02D), a Nota Fiscal de Servi\u00e7o (Modelo 03A) e ao Cupom Fiscal emitido por equipamento Emissor de Cupom Fiscal (ECF). As\u2026","rel":"","context":"Em &quot;Geral&quot;","block_context":{"text":"Geral","link":"http:\/\/cfcontabil.com\/cf\/category\/geral\/"},"img":{"alt_text":"","src":"https:\/\/i0.wp.com\/cfcontabil.com\/cf\/wp-content\/uploads\/2016\/10\/nfce-1.png?fit=1200%2C1022&resize=350%2C200","width":350,"height":200,"srcset":"https:\/\/i0.wp.com\/cfcontabil.com\/cf\/wp-content\/uploads\/2016\/10\/nfce-1.png?fit=1200%2C1022&resize=350%2C200 1x, https:\/\/i0.wp.com\/cfcontabil.com\/cf\/wp-content\/uploads\/2016\/10\/nfce-1.png?fit=1200%2C1022&resize=525%2C300 1.5x, https:\/\/i0.wp.com\/cfcontabil.com\/cf\/wp-content\/uploads\/2016\/10\/nfce-1.png?fit=1200%2C1022&resize=700%2C400 2x, https:\/\/i0.wp.com\/cfcontabil.com\/cf\/wp-content\/uploads\/2016\/10\/nfce-1.png?fit=1200%2C1022&resize=1050%2C600 3x"},"classes":[]},{"id":717,"url":"http:\/\/cfcontabil.com\/cf\/cest-exigencia-e-adiada-para-outubro-de-2016\/","url_meta":{"origin":675,"position":2},"title":"CEST \u2013 exig\u00eancia \u00e9 adiada para outubro de 2016","author":"Ab\u00edlio Gon\u00e7alves","date":"1 de abril de 2016","format":false,"excerpt":"O CONFAZ por meio do Conv\u00eanio ICMS 16 \/2016 (DOU de 28\/03) adiou para 1\u00ba de outubro de 2016 a exig\u00eancia do CEST. O CEST - C\u00f3digo Especificador de Substitui\u00e7\u00e3o Tribut\u00e1ria, institu\u00eddo pelo Conv\u00eanio ICMS 92\/2015, promete diminuir os conflitos sobre a tributa\u00e7\u00e3o do produtos no que tange ao ICMS.\u2026","rel":"","context":"Em &quot;Departamento Fiscal&quot;","block_context":{"text":"Departamento Fiscal","link":"http:\/\/cfcontabil.com\/cf\/category\/df\/"},"img":{"alt_text":"","src":"https:\/\/i0.wp.com\/cfcontabil.com\/cf\/wp-content\/uploads\/2016\/03\/NFe-1.jpg?fit=543%2C232&resize=350%2C200","width":350,"height":200,"srcset":"https:\/\/i0.wp.com\/cfcontabil.com\/cf\/wp-content\/uploads\/2016\/03\/NFe-1.jpg?fit=543%2C232&resize=350%2C200 1x, https:\/\/i0.wp.com\/cfcontabil.com\/cf\/wp-content\/uploads\/2016\/03\/NFe-1.jpg?fit=543%2C232&resize=525%2C300 1.5x"},"classes":[]},{"id":2228,"url":"http:\/\/cfcontabil.com\/cf\/consumidores-terao-que-informar-cpf-ou-cnpj-em-compras-acima-de-r-1-mil\/","url_meta":{"origin":675,"position":3},"title":"Consumidores ter\u00e3o que informar CPF ou CNPJ em compras acima de R$ 1 mil","author":"Ab\u00edlio Gon\u00e7alves","date":"6 de abril de 2020","format":false,"excerpt":"Empresas que operam com vendas aos consumidores finais devem informar os dados do consumidor na Nota Fiscal do Consumidor Eletr\u00f4nica (NFCe) quando o valor da opera\u00e7\u00e3o for igual ou superior a R$ 10.000 (dez mil reais). Nas vendas com valor inferior a identifica\u00e7\u00e3o \u00e9 facultativa, ou seja, s\u00f3 \u00e9 exig\u00edvel\u2026","rel":"","context":"Em \"Consumidor\"","block_context":{"text":"Consumidor","link":"http:\/\/cfcontabil.com\/cf\/tag\/consumidor\/"},"img":{"alt_text":"","src":"https:\/\/i0.wp.com\/cfcontabil.com\/cf\/wp-content\/uploads\/2020\/04\/nfce_impressa.png?fit=700%2C400&resize=350%2C200","width":350,"height":200,"srcset":"https:\/\/i0.wp.com\/cfcontabil.com\/cf\/wp-content\/uploads\/2020\/04\/nfce_impressa.png?fit=700%2C400&resize=350%2C200 1x, https:\/\/i0.wp.com\/cfcontabil.com\/cf\/wp-content\/uploads\/2020\/04\/nfce_impressa.png?fit=700%2C400&resize=525%2C300 1.5x, https:\/\/i0.wp.com\/cfcontabil.com\/cf\/wp-content\/uploads\/2020\/04\/nfce_impressa.png?fit=700%2C400&resize=700%2C400 2x"},"classes":[]},{"id":3482,"url":"http:\/\/cfcontabil.com\/cf\/mei-em-2026-guia-completo-sobre-irpf-e-reforma-tributaria\/","url_meta":{"origin":675,"position":4},"title":"MEI em 2026: Guia Completo sobre IRPF e Reforma Tribut\u00e1ria","author":"Ab\u00edlio Gon\u00e7alves","date":"21 de janeiro de 2026","format":false,"excerpt":"Mais de 15 milh\u00f5es de MEIs precisam se adaptar \u00e0s novas regras fiscais de 2026, incluindo tributa\u00e7\u00e3o de lucros e emiss\u00e3o obrigat\u00f3ria de notas fiscais. Este guia pr\u00e1tico mostra como transformar obriga\u00e7\u00f5es em vantagens para o seu crescimento. Com exemplos reais e c\u00e1lculos, voc\u00ea sai preparado para declarar corretamente e\u2026","rel":"","context":"Em &quot;Geral&quot;","block_context":{"text":"Geral","link":"http:\/\/cfcontabil.com\/cf\/category\/geral\/"},"img":{"alt_text":"","src":"https:\/\/i0.wp.com\/cfcontabil.com\/cf\/wp-content\/uploads\/2026\/01\/image.png?fit=991%2C553&resize=350%2C200","width":350,"height":200,"srcset":"https:\/\/i0.wp.com\/cfcontabil.com\/cf\/wp-content\/uploads\/2026\/01\/image.png?fit=991%2C553&resize=350%2C200 1x, https:\/\/i0.wp.com\/cfcontabil.com\/cf\/wp-content\/uploads\/2026\/01\/image.png?fit=991%2C553&resize=525%2C300 1.5x, https:\/\/i0.wp.com\/cfcontabil.com\/cf\/wp-content\/uploads\/2026\/01\/image.png?fit=991%2C553&resize=700%2C400 2x"},"classes":[]},{"id":2029,"url":"http:\/\/cfcontabil.com\/cf\/sistema-de-emissao-de-notas-fiscais-avulsas-estara-disponivel-ate-31-de-marco\/","url_meta":{"origin":675,"position":5},"title":"Sistema de Emiss\u00e3o de Notas Fiscais Avulsas estar\u00e1 dispon\u00edvel at\u00e9 31 de mar\u00e7o","author":"Ab\u00edlio Gon\u00e7alves","date":"2 de janeiro de 2020","format":false,"excerpt":"A SEFAZ informa que o Sistema de Emiss\u00e3o de Notas Fiscais Avulsas estar\u00e1 dispon\u00edvel, para utiliza\u00e7\u00e3o no site desta Secretaria, at\u00e9 31\/03\/2020, tendo em vista que o ajuste SINIEF n\u00ba 07\/2009, prorrogado pelo Ajuste SINIEF 29\/2019, disp\u00f5e que as Notas Fiscais Eletr\u00f4nicas, que n\u00e3o atendem aos requisitos da NF-e, deixar\u00e3o\u2026","rel":"","context":"Post similar","block_context":{"text":"Post similar","link":""},"img":{"alt_text":"","src":"https:\/\/i0.wp.com\/cfcontabil.com\/cf\/wp-content\/uploads\/2020\/01\/servicio_nota_fiscal.png?fit=416%2C234&resize=350%2C200","width":350,"height":200},"classes":[]}],"jetpack_likes_enabled":true,"_links":{"self":[{"href":"http:\/\/cfcontabil.com\/cf\/wp-json\/wp\/v2\/posts\/675","targetHints":{"allow":["GET"]}}],"collection":[{"href":"http:\/\/cfcontabil.com\/cf\/wp-json\/wp\/v2\/posts"}],"about":[{"href":"http:\/\/cfcontabil.com\/cf\/wp-json\/wp\/v2\/types\/post"}],"author":[{"embeddable":true,"href":"http:\/\/cfcontabil.com\/cf\/wp-json\/wp\/v2\/users\/3"}],"replies":[{"embeddable":true,"href":"http:\/\/cfcontabil.com\/cf\/wp-json\/wp\/v2\/comments?post=675"}],"version-history":[{"count":0,"href":"http:\/\/cfcontabil.com\/cf\/wp-json\/wp\/v2\/posts\/675\/revisions"}],"wp:featuredmedia":[{"embeddable":true,"href":"http:\/\/cfcontabil.com\/cf\/wp-json\/wp\/v2\/media\/677"}],"wp:attachment":[{"href":"http:\/\/cfcontabil.com\/cf\/wp-json\/wp\/v2\/media?parent=675"}],"wp:term":[{"taxonomy":"category","embeddable":true,"href":"http:\/\/cfcontabil.com\/cf\/wp-json\/wp\/v2\/categories?post=675"},{"taxonomy":"post_tag","embeddable":true,"href":"http:\/\/cfcontabil.com\/cf\/wp-json\/wp\/v2\/tags?post=675"}],"curies":[{"name":"wp","href":"https:\/\/api.w.org\/{rel}","templated":true}]}}