{"id":680,"date":"2016-03-18T06:15:59","date_gmt":"2016-03-18T09:15:59","guid":{"rendered":"http:\/\/cfcontabil.com\/cf\/?p=680"},"modified":"2016-03-18T06:15:59","modified_gmt":"2016-03-18T09:15:59","slug":"novas-ferramentas-utilizadas-pela-receita-federal-em-2016-na-fiscalizacao","status":"publish","type":"post","link":"http:\/\/cfcontabil.com\/cf\/novas-ferramentas-utilizadas-pela-receita-federal-em-2016-na-fiscalizacao\/","title":{"rendered":"Novas ferramentas utilizadas pela Receita Federal em 2016 na fiscaliza\u00e7\u00e3o"},"content":{"rendered":"<h5 class=\"subtitulo\" style=\"text-align: justify;\">O\u00a0Plano Anual da Fiscaliza\u00e7\u00e3o\u00a0da Secretaria da Receita Federal do Brasil para o ano-calend\u00e1rio de 2016 listou as novas estrat\u00e9gias de fiscaliza\u00e7\u00e3o que ser\u00e3o utilizadas em 2016.<\/h5>\n<p><a href=\"https:\/\/i0.wp.com\/cfcontabil.com\/cf\/wp-content\/uploads\/2016\/03\/fiscaliza%C3%A7%C3%A3o-8.jpg\" rel=\"attachment wp-att-681\"><img data-recalc-dims=\"1\" fetchpriority=\"high\" decoding=\"async\" class=\"size-full wp-image-681 aligncenter\" src=\"https:\/\/i0.wp.com\/cfcontabil.com\/cf\/wp-content\/uploads\/2016\/03\/fiscaliza%C3%A7%C3%A3o-8.jpg?resize=825%2C367\" alt=\"fiscaliza\u00e7\u00e3o-8\" width=\"825\" height=\"367\" \/><\/a><\/p>\n<p style=\"text-align: justify;\">De acordo com o relat\u00f3rio, a Receita espera autuar em 2016 algo em torno de R$ 155,4 bilh\u00f5es e tem em vista 20 mil contribuintes com ind\u00edcios de irregularidades, dentre eles il\u00edcitos praticados por (i) pessoas jur\u00eddicas de grande porte e (ii) pessoas f\u00edsicas detentoras de elevado patrim\u00f4nio ou renda.<\/p>\n<p style=\"text-align: justify;\"><!--more--><\/p>\n<p style=\"text-align: justify;\">Para isso ser\u00e3o utilizadas algumas novas ferramentas de fiscaliza\u00e7\u00e3o, tais como:<\/p>\n<p style=\"text-align: justify;\">1. <strong>Interc\u00e2mbio com outros pa\u00edses<\/strong><\/p>\n<p style=\"text-align: justify;\">Disponibiliza\u00e7\u00e3o de informa\u00e7\u00f5es decorrentes de Interc\u00e2mbio com outros pa\u00edses, em especial, com os Estados Unidos, pois a partir de 2016, a RFB receber\u00e1 dados do<strong> IRS (Receita Federal Norteamericana)<\/strong> e os cruzar\u00e1 com informa\u00e7\u00f5es prestadas por brasileiros que t\u00eam contas banc\u00e1rias em institui\u00e7\u00f5es financeiras naquele pa\u00eds.<\/p>\n<p style=\"text-align: justify;\">2. <strong>E-Financeira<\/strong><\/p>\n<p style=\"text-align: justify;\">Ser\u00e1 de enorme valia para captar informa\u00e7\u00f5es em institui\u00e7\u00f5es financeiras para<strong>cruzamento de dados<\/strong>.<\/p>\n<p style=\"text-align: justify;\">3. <strong>Sped \u2013 eSocial<\/strong><\/p>\n<p style=\"text-align: justify;\">\u201cAl\u00e9m das novas funcionalidades no eSocial, m\u00f3dulo Empregador Dom\u00e9stico, como o desligamento, o M\u00f3dulo Completo, destinado aos empregadores de maior porte, ser\u00e1 desenvolvido e come\u00e7ar\u00e1 a captar informa\u00e7\u00f5es a partir de 2016, em paralelo com o desenvolvimento dos m\u00f3dulos simplificados para o MEI e para pequenos produtores rurais\u201d.<\/p>\n<p style=\"text-align: justify;\">4 . <strong>Monitoramento dos Maiores Contribuintes:<\/strong><\/p>\n<p style=\"text-align: justify;\">A Receita Federal est\u00e1 fiscalizando os grandes contribuintes mais de perto quanto a irregularidades ou inconsist\u00eancias no pagamento de tributos. O objetivo da Receita \u00e9 n\u00e3o permitir que os contribuintes fiquem sem pagar seus d\u00e9bitos tribut\u00e1rios por per\u00edodos para n\u00e3o se \u201cauto financiarem\u201d com dinheiro destinados a tributos, bem como a iniciar imediatamente a fiscaliza\u00e7\u00e3o quando alguma situa\u00e7\u00e3o irregular ocorrer.<\/p>\n<p style=\"text-align: justify;\">A finalidade do acompanhamento diferenciado dos maiores contribuintes \u00e9: (i) Ajudar a RFB com informa\u00e7\u00f5es r\u00e1pidas e conhecer sobre o comportamento tribut\u00e1rio dos maiores contribuintes; (ii) agir em data pr\u00f3xima ao fato gerador da obriga\u00e7\u00e3o tribut\u00e1ria; (iii) produzir an\u00e1lises sobre as varia\u00e7\u00f5es negativas relevantes que resultem, ou possam resultar, em queda da arrecada\u00e7\u00e3o; (iv) realizar iniciativas junto aos contribuintes para que esse se autorregularize.<\/p>\n<p style=\"text-align: justify;\">Al\u00e9m disso, a atividade de gest\u00e3o do passivo tribut\u00e1rio dos maiores contribuintes compreender\u00e1, entre outras: (i) identificar todos os cr\u00e9ditos tribut\u00e1rios exig\u00edveis ou com exigibilidade suspensa; (ii) identificar as demandas relativas a declara\u00e7\u00f5es de compensa\u00e7\u00e3o ou de pedidos de restitui\u00e7\u00e3o, ressarcimento ou reembolso; e (iii)gerenciar planos de a\u00e7\u00f5es e metas.<\/p>\n<p style=\"text-align: justify;\">Ser\u00e3o acompanhadas de perto 9.401 pessoas jur\u00eddicas e 5.075 pessoas f\u00edsicas em todo o territ\u00f3rio nacional.<\/p>\n<p style=\"text-align: justify;\">5. <strong>Autorregulariza\u00e7\u00e3o para os Optantes do Simples Nacional<\/strong><\/p>\n<p style=\"text-align: justify;\">Segundo a Receita Federal \u201cforam identificadas inconsist\u00eancias em quase 19 mil declara\u00e7\u00f5es do Simples, relativas aos valores oferecidos \u00e0 tributa\u00e7\u00e3o e registros em documentos fiscais emitidos por esses pr\u00f3prios contribuintes, tais como NFe. A RFB, em conjuntos com os Estados, enviou comunicado para autorregulariza\u00e7\u00e3o, que ficar\u00e1 dispon\u00edvel no portal do Simples Nacional (<a href=\"http:\/\/www8.receita.fazenda.gov.br\/SimplesNacional\/\" target=\"_blank\" rel=\"noopener noreferrer\">http:\/\/www8.receita.fazenda.gov.br\/SimplesNacional\/<\/a>) at\u00e9 o dia 20\/04\/2016\u201d.<\/p>\n<p style=\"text-align: justify;\">Em 2016 o grande problema das empresas do Simples s\u00e3o os desajustes entre a Receita Bruta declarada e o total das Notas Fiscais emitidas, que chegam a R$10 bilh\u00f5es, o que indica que pelo menos R$ 400 milh\u00f5es em tributos foram sonegados considerando a al\u00edquota m\u00e9dia de 4%. Assim, se o optante do Simples n\u00e3o proceder a sua regulariza\u00e7\u00e3o, poder\u00e1 ser fiscalizado e exclu\u00eddo do regime.<\/p>\n<p style=\"text-align: justify;\"><em class=\"link\">Fonte: <a href=\"https:\/\/tributarionosbastidores.wordpress.com\/tag\/amal-nasrallah\/\" target=\"_blank\" rel=\"nofollow noopener noreferrer\">https:\/\/tributarionosbastidores.wordpress.com\/tag\/amal-nasrallah\/<\/a><\/em><\/p>\n","protected":false},"excerpt":{"rendered":"<p>O\u00a0Plano Anual da Fiscaliza\u00e7\u00e3o\u00a0da Secretaria da Receita Federal do Brasil para o ano-calend\u00e1rio de 2016 listou as novas estrat\u00e9gias de fiscaliza\u00e7\u00e3o que ser\u00e3o utilizadas em 2016. De acordo com o relat\u00f3rio, a Receita espera autuar em 2016 algo em torno de R$ 155,4 bilh\u00f5es e tem em vista 20 mil contribuintes com ind\u00edcios de irregularidades, [&hellip;]<\/p>\n","protected":false},"author":3,"featured_media":682,"comment_status":"open","ping_status":"open","sticky":false,"template":"","format":"standard","meta":{"jetpack_post_was_ever_published":false,"_jetpack_newsletter_access":"","_jetpack_dont_email_post_to_subs":false,"_jetpack_newsletter_tier_id":0,"_jetpack_memberships_contains_paywalled_content":false,"_jetpack_memberships_contains_paid_content":false,"footnotes":"","jetpack_publicize_message":"","jetpack_publicize_feature_enabled":true,"jetpack_social_post_already_shared":true,"jetpack_social_options":{"image_generator_settings":{"template":"highway","default_image_id":0,"font":"","enabled":false},"version":2}},"categories":[60,69,46],"tags":[21,206,71,195,74],"class_list":["post-680","post","type-post","status-publish","format-standard","has-post-thumbnail","hentry","category-consultoria","category-contabilidade-2","category-df","tag-contabilidade","tag-estrategias","tag-federal","tag-fiscalizacao","tag-receita"],"jetpack_publicize_connections":[],"jetpack_featured_media_url":"https:\/\/i0.wp.com\/cfcontabil.com\/cf\/wp-content\/uploads\/2016\/03\/Receita-Federal-9-1.png?fit=825%2C367","jetpack_sharing_enabled":true,"jetpack_shortlink":"https:\/\/wp.me\/p2wklX-aY","jetpack-related-posts":[{"id":1232,"url":"http:\/\/cfcontabil.com\/cf\/receita-vai-fiscalizar-143-mil-contribuintes-e-espera-recuperar-r-143-bilhoes\/","url_meta":{"origin":680,"position":0},"title":"Receita vai fiscalizar 14,3 mil contribuintes e espera recuperar R$ 143 bilh\u00f5es","author":"Ab\u00edlio Gon\u00e7alves","date":"6 de mar\u00e7o de 2017","format":false,"excerpt":"Mais de 14,3 mil contribuintes est\u00e3o na mira da fiscaliza\u00e7\u00e3o da Receita Federal este ano. A expectativa do Fisco \u00e9 a recupera\u00e7\u00e3o de R$ 143,4 bilh\u00f5es referente a impostos, multas e juros. Em 2016, a Receita autuou contribuintes que passaram a dever R$ 121,6 bilh\u00f5es, abaixo da expectativa de R$\u2026","rel":"","context":"Em &quot;Departamento Fiscal&quot;","block_context":{"text":"Departamento Fiscal","link":"http:\/\/cfcontabil.com\/cf\/category\/df\/"},"img":{"alt_text":"","src":"https:\/\/i0.wp.com\/cfcontabil.com\/cf\/wp-content\/uploads\/2016\/04\/notebook-1.jpg?fit=627%2C400&resize=350%2C200","width":350,"height":200,"srcset":"https:\/\/i0.wp.com\/cfcontabil.com\/cf\/wp-content\/uploads\/2016\/04\/notebook-1.jpg?fit=627%2C400&resize=350%2C200 1x, https:\/\/i0.wp.com\/cfcontabil.com\/cf\/wp-content\/uploads\/2016\/04\/notebook-1.jpg?fit=627%2C400&resize=525%2C300 1.5x"},"classes":[]},{"id":1067,"url":"http:\/\/cfcontabil.com\/cf\/receita-federal-analisa-as-informacoes-de-redes-sociais\/","url_meta":{"origin":680,"position":1},"title":"Receita Federal analisa as informa\u00e7\u00f5es de redes sociais","author":"Ab\u00edlio Gon\u00e7alves","date":"20 de mar\u00e7o de 2017","format":false,"excerpt":"As informa\u00e7\u00f5es das redes sociais \u00e9 utilizada de forma rotineira na an\u00e1lise e sele\u00e7\u00e3o de contribuintes para fins de fiscaliza\u00e7\u00e3o. A Receita Federal utiliza informa\u00e7\u00f5es de redes sociais de forma rotineira na an\u00e1lise e sele\u00e7\u00e3o de contribuintes para fins de fiscaliza\u00e7\u00e3o. Na execu\u00e7\u00e3o da fiscaliza\u00e7\u00e3o \u00e9 muito comum que o\u2026","rel":"","context":"Em &quot;Departamento Fiscal&quot;","block_context":{"text":"Departamento Fiscal","link":"http:\/\/cfcontabil.com\/cf\/category\/df\/"},"img":{"alt_text":"","src":"https:\/\/i0.wp.com\/cfcontabil.com\/cf\/wp-content\/uploads\/2017\/03\/redessociais-facebook-youtube-1.jpg?fit=1200%2C681&resize=350%2C200","width":350,"height":200,"srcset":"https:\/\/i0.wp.com\/cfcontabil.com\/cf\/wp-content\/uploads\/2017\/03\/redessociais-facebook-youtube-1.jpg?fit=1200%2C681&resize=350%2C200 1x, https:\/\/i0.wp.com\/cfcontabil.com\/cf\/wp-content\/uploads\/2017\/03\/redessociais-facebook-youtube-1.jpg?fit=1200%2C681&resize=525%2C300 1.5x, https:\/\/i0.wp.com\/cfcontabil.com\/cf\/wp-content\/uploads\/2017\/03\/redessociais-facebook-youtube-1.jpg?fit=1200%2C681&resize=700%2C400 2x, https:\/\/i0.wp.com\/cfcontabil.com\/cf\/wp-content\/uploads\/2017\/03\/redessociais-facebook-youtube-1.jpg?fit=1200%2C681&resize=1050%2C600 3x"},"classes":[]},{"id":195,"url":"http:\/\/cfcontabil.com\/cf\/receira-federal-alerta-proteja-se-de-falsos-fiscais\/","url_meta":{"origin":680,"position":2},"title":"Receira Federal alerta: proteja-se de falsos fiscais!","author":"Vin\u00edcius Moizinho","date":"1 de novembro de 2012","format":false,"excerpt":"Servi\u00e7o de utilidade p\u00fablica, prezados.\u00a0Tome cuidado! Falsos fiscais abordam empresas em busca de dinheiro f\u00e1cil. Algumas vezes, eles usam o nome de servidores da Receita Federal da ativa. Outras vezes, dizem que s\u00e3o da Associa\u00e7\u00e3o de Auditores Fiscais. Ainda h\u00e1 aqueles que querem vender, falsamente, assinaturas ou an\u00fancios em revistas\u2026","rel":"","context":"Em &quot;Contabilidade em geral&quot;","block_context":{"text":"Contabilidade em geral","link":"http:\/\/cfcontabil.com\/cf\/category\/contabilidade-2\/"},"img":{"alt_text":"","src":"https:\/\/i0.wp.com\/www.evidenciagrupo.com.br\/nfe\/intranet\/fckeditor\/kcfinder\/upload\/images\/1333547553.jpg?resize=350%2C200","width":350,"height":200,"srcset":"https:\/\/i0.wp.com\/www.evidenciagrupo.com.br\/nfe\/intranet\/fckeditor\/kcfinder\/upload\/images\/1333547553.jpg?resize=350%2C200 1x, https:\/\/i0.wp.com\/www.evidenciagrupo.com.br\/nfe\/intranet\/fckeditor\/kcfinder\/upload\/images\/1333547553.jpg?resize=525%2C300 1.5x, https:\/\/i0.wp.com\/www.evidenciagrupo.com.br\/nfe\/intranet\/fckeditor\/kcfinder\/upload\/images\/1333547553.jpg?resize=700%2C400 2x"},"classes":[]},{"id":1109,"url":"http:\/\/cfcontabil.com\/cf\/receita-federal-e-fiscos-estaduais-iniciam-fiscalizacao-conjunta\/","url_meta":{"origin":680,"position":3},"title":"Receita Federal e Fiscos Estaduais iniciam fiscaliza\u00e7\u00e3o conjunta","author":"Ab\u00edlio Gon\u00e7alves","date":"6 de abril de 2017","format":false,"excerpt":"A a\u00e7\u00e3o ter\u00e1 foco nas empresas notificadas pelo Alerta do Simples Nacional 3 de 2016. Expectativa \u00e9 de uma recupera\u00e7\u00e3o de R$ 130 milh\u00f5es em tributos sonegados. A Receita Federal, em conjunto com as Secretarias de Fazenda dos Estados do Tocantins, Piau\u00ed, Alagoas, Rio Grande do Norte, Sergipe, Minas Gerais,\u2026","rel":"","context":"Em &quot;Departamento Fiscal&quot;","block_context":{"text":"Departamento Fiscal","link":"http:\/\/cfcontabil.com\/cf\/category\/df\/"},"img":{"alt_text":"","src":"https:\/\/i0.wp.com\/cfcontabil.com\/cf\/wp-content\/uploads\/2017\/01\/simples-1.jpg?fit=520%2C271&resize=350%2C200","width":350,"height":200},"classes":[]},{"id":1201,"url":"http:\/\/cfcontabil.com\/cf\/o-sped-chegou-para-o-lucro-presumido\/","url_meta":{"origin":680,"position":4},"title":"O SPED chegou para o Lucro Presumido","author":"Vin\u00edcius Moizinho","date":"13 de novembro de 2012","format":false,"excerpt":"Bom dia, prezados!\u00a0Vamos falar de SPED? O Sistema P\u00fablico de Escritura\u00e7\u00e3o Digital (SPED) \u00e9 uma ferramenta que integra as informa\u00e7\u00f5es prestadas pelos contribuintes, de forma eletr\u00f4nica, em arquivos digitais, para a Receita Federal do Brasil - RFB. Esses arquivos precisam obedecer a um formato padronizado e predefinido e servem para\u2026","rel":"","context":"Em &quot;Geral&quot;","block_context":{"text":"Geral","link":"http:\/\/cfcontabil.com\/cf\/category\/geral\/"},"img":{"alt_text":"","src":"https:\/\/i0.wp.com\/cfcontabil.com\/cf\/wp-content\/uploads\/2012\/11\/sped-mao.jpg?resize=350%2C200","width":350,"height":200},"classes":[]},{"id":1206,"url":"http:\/\/cfcontabil.com\/cf\/nao-entregou-a-declaracao-de-irpf-2016-saiba-o-risco-da-malha-fina\/","url_meta":{"origin":680,"position":5},"title":"N\u00e3o entregou a Declara\u00e7\u00e3o de IRPF 2016? Saiba o risco da Malha Fina","author":"Ab\u00edlio Gon\u00e7alves","date":"3 de maio de 2016","format":false,"excerpt":"O prazo para envio terminou \u00e0s 23h59 de sexta-feira (29). Multa m\u00ednima \u00e9 de R$ 165,74, mas pode atingir 20% do imposto devido. A Receita Federal recebeu 27.960.663 declara\u00e7\u00f5es do IR, segundo balan\u00e7o divulgado na madrugada deste s\u00e1bado (30). A estimativa \u00e9 que 239 mil contribuintes tenham perdido o prazo\u2026","rel":"","context":"Em &quot;Geral&quot;","block_context":{"text":"Geral","link":"http:\/\/cfcontabil.com\/cf\/category\/geral\/"},"img":{"alt_text":"","src":"https:\/\/i0.wp.com\/cfcontabil.com\/cf\/wp-content\/uploads\/2016\/05\/Imposto_Renda_IR_Prazo-1.jpg?fit=620%2C412&resize=350%2C200","width":350,"height":200,"srcset":"https:\/\/i0.wp.com\/cfcontabil.com\/cf\/wp-content\/uploads\/2016\/05\/Imposto_Renda_IR_Prazo-1.jpg?fit=620%2C412&resize=350%2C200 1x, https:\/\/i0.wp.com\/cfcontabil.com\/cf\/wp-content\/uploads\/2016\/05\/Imposto_Renda_IR_Prazo-1.jpg?fit=620%2C412&resize=525%2C300 1.5x"},"classes":[]}],"jetpack_likes_enabled":true,"_links":{"self":[{"href":"http:\/\/cfcontabil.com\/cf\/wp-json\/wp\/v2\/posts\/680","targetHints":{"allow":["GET"]}}],"collection":[{"href":"http:\/\/cfcontabil.com\/cf\/wp-json\/wp\/v2\/posts"}],"about":[{"href":"http:\/\/cfcontabil.com\/cf\/wp-json\/wp\/v2\/types\/post"}],"author":[{"embeddable":true,"href":"http:\/\/cfcontabil.com\/cf\/wp-json\/wp\/v2\/users\/3"}],"replies":[{"embeddable":true,"href":"http:\/\/cfcontabil.com\/cf\/wp-json\/wp\/v2\/comments?post=680"}],"version-history":[{"count":0,"href":"http:\/\/cfcontabil.com\/cf\/wp-json\/wp\/v2\/posts\/680\/revisions"}],"wp:featuredmedia":[{"embeddable":true,"href":"http:\/\/cfcontabil.com\/cf\/wp-json\/wp\/v2\/media\/682"}],"wp:attachment":[{"href":"http:\/\/cfcontabil.com\/cf\/wp-json\/wp\/v2\/media?parent=680"}],"wp:term":[{"taxonomy":"category","embeddable":true,"href":"http:\/\/cfcontabil.com\/cf\/wp-json\/wp\/v2\/categories?post=680"},{"taxonomy":"post_tag","embeddable":true,"href":"http:\/\/cfcontabil.com\/cf\/wp-json\/wp\/v2\/tags?post=680"}],"curies":[{"name":"wp","href":"https:\/\/api.w.org\/{rel}","templated":true}]}}