{"id":684,"date":"2016-03-17T17:15:49","date_gmt":"2016-03-17T20:15:49","guid":{"rendered":"http:\/\/cfcontabil.com\/cf\/?p=684"},"modified":"2016-03-17T17:15:49","modified_gmt":"2016-03-17T20:15:49","slug":"reta-final-para-enviar-a-rais","status":"publish","type":"post","link":"http:\/\/cfcontabil.com\/cf\/reta-final-para-enviar-a-rais\/","title":{"rendered":"Reta final para enviar a RAIS"},"content":{"rendered":"<p style=\"text-align: justify;\">N\u00e3o perca tempo! <strong>Encerra-se no dia 18 de mar\u00e7o o prazo para envio da RAIS.<\/strong><\/p>\n<p style=\"text-align: justify;\">E\u00a0caso tenha d\u00favidas sobre a declara\u00e7\u00e3o, busque a assist\u00eancia de uma Contabilidade para auxili\u00e1-lo no preenchimento da Rela\u00e7\u00e3o Anual de Informa\u00e7\u00f5es Sociais (RAIS) \u2013 Ano-Base 2015.<\/p>\n<p style=\"text-align: justify;\"><a href=\"https:\/\/i0.wp.com\/cfcontabil.com\/cf\/wp-content\/uploads\/2016\/03\/rais-2016.jpg\" rel=\"attachment wp-att-652\"><img data-recalc-dims=\"1\" fetchpriority=\"high\" decoding=\"async\" data-attachment-id=\"652\" data-permalink=\"http:\/\/cfcontabil.com\/cf\/rais-2016\/\" data-orig-file=\"https:\/\/i0.wp.com\/cfcontabil.com\/cf\/wp-content\/uploads\/2016\/03\/rais-2016-3.jpg?fit=560%2C203\" data-orig-size=\"560,203\" data-comments-opened=\"1\" data-image-meta=\"{&quot;aperture&quot;:&quot;0&quot;,&quot;credit&quot;:&quot;&quot;,&quot;camera&quot;:&quot;&quot;,&quot;caption&quot;:&quot;&quot;,&quot;created_timestamp&quot;:&quot;0&quot;,&quot;copyright&quot;:&quot;&quot;,&quot;focal_length&quot;:&quot;0&quot;,&quot;iso&quot;:&quot;0&quot;,&quot;shutter_speed&quot;:&quot;0&quot;,&quot;title&quot;:&quot;&quot;,&quot;orientation&quot;:&quot;1&quot;}\" data-image-title=\"rais 2016\" data-image-description=\"\" data-image-caption=\"\" data-large-file=\"https:\/\/i0.wp.com\/cfcontabil.com\/cf\/wp-content\/uploads\/2016\/03\/rais-2016-3.jpg?fit=560%2C203\" class=\"size-full wp-image-652 aligncenter\" src=\"https:\/\/i0.wp.com\/cfcontabil.com\/cf\/wp-content\/uploads\/2016\/03\/rais-2016.jpg?resize=560%2C203\" alt=\"rais 2016\" width=\"560\" height=\"203\" \/><\/a><\/p>\n<p style=\"text-align: justify;\"><!--more--><\/p>\n<p style=\"text-align: justify;\">As declara\u00e7\u00f5es dever\u00e3o ser fornecidas pela internet, mediante utiliza\u00e7\u00e3o do programa gerador de arquivos da RAIS-GDRAIS 2015, que poder\u00e1 ser obtido em um dos endere\u00e7os eletr\u00f4nicos: http:\/\/portal.mte.gov.br\/index.php\/rais ehttp:\/\/www.rais.gov.br.<\/p>\n<p style=\"text-align: justify;\">Ressaltamos que a n\u00e3o entrega da RAIS no prazo legal sujeitar\u00e1 o infrator \u00e0 multa prevista no art. 25 da Lei n\u00ba 7.998\/90, a ser cobrada em valores monet\u00e1rios a partir de R$ 425,64, acrescidos de R$ 106,40 por bimestre de atraso, contado at\u00e9 a data de entrega da RAIS respectiva ou da lavratura do auto de infra\u00e7\u00e3o, se este ocorrer primeiro.<\/p>\n<p style=\"text-align: justify;\">O valor da multa resultante da aplica\u00e7\u00e3o, anteriormente prevista, quando decorrente da lavratura de auto de infra\u00e7\u00e3o, dever\u00e1 ser acrescido de percentuais, em rela\u00e7\u00e3o ao valor m\u00e1ximo da multa prevista no art. 25 da Lei n\u00ba 7.998\/90, a crit\u00e9rio da autoridade julgadora, na seguinte propor\u00e7\u00e3o:<\/p>\n<p style=\"text-align: justify;\">de 0% a 4% para empresas com 0 a 25 empregados<\/p>\n<p style=\"text-align: justify;\">de 5% a 8% para empresas com 26 a 50 empregados<\/p>\n<p style=\"text-align: justify;\">de 9% a 12% para empresas com 51 a 100 empregados<\/p>\n<p style=\"text-align: justify;\">de 13% a 16% para empresas com 101 a 500 empregados<\/p>\n<p style=\"text-align: justify;\">de 17% a 20% para empresas com mais de 500 empregados<\/p>\n<p style=\"text-align: justify;\"><strong>\u00c9 de responsabilidade do empregador corrigir as informa\u00e7\u00f5es da RAIS antes de efetuar a entrega, para n\u00e3o prejudicar o empregado no recebimento do abono salarial<\/strong>, previsto no art. 239 da Constitui\u00e7\u00e3o Federal (CF\/88).<\/p>\n<p style=\"text-align: justify;\">Importante destacar que, havendo inconsist\u00eancias no arquivo da declara\u00e7\u00e3o da RAIS que impe\u00e7am o processamento das informa\u00e7\u00f5es, o estabelecimento dever\u00e1 reencaminhar c\u00f3pia do arquivo.<\/p>\n<p style=\"text-align: justify;\"><em class=\"link\">Fonte: <a href=\"http:\/\/noticias.r7.com\/economia\/contabeis\/reta-final-para-enviar-a-rais-16032016\" target=\"_blank\" rel=\"nofollow noopener noreferrer\">http:\/\/noticias.r7.com\/economia\/contabeis\/reta-final-para-enviar-a-rais-16032016<\/a><\/em><\/p>\n","protected":false},"excerpt":{"rendered":"<p>N\u00e3o perca tempo! Encerra-se no dia 18 de mar\u00e7o o prazo para envio da RAIS. E\u00a0caso tenha d\u00favidas sobre a declara\u00e7\u00e3o, busque a assist\u00eancia de uma Contabilidade para auxili\u00e1-lo no preenchimento da Rela\u00e7\u00e3o Anual de Informa\u00e7\u00f5es Sociais (RAIS) \u2013 Ano-Base 2015.<\/p>\n","protected":false},"author":3,"featured_media":685,"comment_status":"open","ping_status":"open","sticky":false,"template":"","format":"standard","meta":{"jetpack_post_was_ever_published":false,"_jetpack_newsletter_access":"","_jetpack_dont_email_post_to_subs":false,"_jetpack_newsletter_tier_id":0,"_jetpack_memberships_contains_paywalled_content":false,"_jetpack_memberships_contains_paid_content":false,"footnotes":"","jetpack_publicize_message":"","jetpack_publicize_feature_enabled":true,"jetpack_social_post_already_shared":true,"jetpack_social_options":{"image_generator_settings":{"template":"highway","default_image_id":0,"font":"","enabled":false},"version":2}},"categories":[60,29],"tags":[207,21,106,184,116,185,208,209],"class_list":["post-684","post","type-post","status-publish","format-standard","has-post-thumbnail","hentry","category-consultoria","category-dp","tag-abono","tag-contabilidade","tag-declaracao","tag-pis","tag-prazo","tag-rais","tag-salarial","tag-trabalhadores"],"jetpack_publicize_connections":[],"jetpack_featured_media_url":"https:\/\/i0.wp.com\/cfcontabil.com\/cf\/wp-content\/uploads\/2016\/03\/rais-2015-1.jpg?fit=358%2C200","jetpack_sharing_enabled":true,"jetpack_shortlink":"https:\/\/wp.me\/p2wklX-b2","jetpack-related-posts":[{"id":649,"url":"http:\/\/cfcontabil.com\/cf\/prazo-de-entrega-da-rais-termina-em-18marco\/","url_meta":{"origin":684,"position":0},"title":"Prazo de Entrega da RAIS Termina em 18\/Mar\u00e7o","author":"Ab\u00edlio Gon\u00e7alves","date":"10 de mar\u00e7o de 2016","format":false,"excerpt":"Para o ano base 2015, o\u00a0prazo para a entrega da\u00a0RAIS \u2013 Rela\u00e7\u00e3o Anual de Informa\u00e7\u00f5es Sociais\u00a0encerra-se no dia 18\/03\/2016.\u00a0\u00a0O prazo n\u00e3o ser\u00e1 prorrogado. Segundo a Portaria n\u00ba 269, de 29 de dezembro de 2015, do Minist\u00e9rio do Trabalho e Emprego (MTE), a entrega da Rais n\u00e3o ser\u00e1 prorrogada. Assim, a\u2026","rel":"","context":"Em &quot;Departamento Pessoal&quot;","block_context":{"text":"Departamento Pessoal","link":"http:\/\/cfcontabil.com\/cf\/category\/dp\/"},"img":{"alt_text":"","src":"https:\/\/i0.wp.com\/cfcontabil.com\/cf\/wp-content\/uploads\/2016\/03\/rais-2016-2-2.jpg?fit=530%2C249&resize=350%2C200","width":350,"height":200,"srcset":"https:\/\/i0.wp.com\/cfcontabil.com\/cf\/wp-content\/uploads\/2016\/03\/rais-2016-2-2.jpg?fit=530%2C249&resize=350%2C200 1x, https:\/\/i0.wp.com\/cfcontabil.com\/cf\/wp-content\/uploads\/2016\/03\/rais-2016-2-2.jpg?fit=530%2C249&resize=525%2C300 1.5x"},"classes":[]},{"id":844,"url":"http:\/\/cfcontabil.com\/cf\/entrega-da-rais-2016-sera-ate-dia-17-de-marco\/","url_meta":{"origin":684,"position":1},"title":"Entrega da RAIS 2016 ser\u00e1 at\u00e9 dia 17 de mar\u00e7o","author":"Ab\u00edlio Gon\u00e7alves","date":"23 de janeiro de 2017","format":false,"excerpt":"Quem n\u00e3o cumprir o prazo pagar\u00e1 multa que pode chegar a R$ 42.641,00 O per\u00edodo para entrega da declara\u00e7\u00e3o da Rela\u00e7\u00e3o Anual de Informa\u00e7\u00f5es Sociais (RAIS) de 2016 iniciou no\u00a0dia 17 de janeiro e se estende at\u00e9 17 de mar\u00e7o. S\u00e3o obrigadas a preencher o documento todas as pessoas jur\u00eddicas\u2026","rel":"","context":"Em &quot;Departamento Pessoal&quot;","block_context":{"text":"Departamento Pessoal","link":"http:\/\/cfcontabil.com\/cf\/category\/dp\/"},"img":{"alt_text":"","src":"https:\/\/i0.wp.com\/cfcontabil.com\/cf\/wp-content\/uploads\/2017\/01\/rais-1280x720-1.jpg?fit=1200%2C675&resize=350%2C200","width":350,"height":200,"srcset":"https:\/\/i0.wp.com\/cfcontabil.com\/cf\/wp-content\/uploads\/2017\/01\/rais-1280x720-1.jpg?fit=1200%2C675&resize=350%2C200 1x, https:\/\/i0.wp.com\/cfcontabil.com\/cf\/wp-content\/uploads\/2017\/01\/rais-1280x720-1.jpg?fit=1200%2C675&resize=525%2C300 1.5x, https:\/\/i0.wp.com\/cfcontabil.com\/cf\/wp-content\/uploads\/2017\/01\/rais-1280x720-1.jpg?fit=1200%2C675&resize=700%2C400 2x, https:\/\/i0.wp.com\/cfcontabil.com\/cf\/wp-content\/uploads\/2017\/01\/rais-1280x720-1.jpg?fit=1200%2C675&resize=1050%2C600 3x"},"classes":[]},{"id":859,"url":"http:\/\/cfcontabil.com\/cf\/ministerio-do-trabalho-lanca-cartilha-para-esclarecer-duvidas-da-rais\/","url_meta":{"origin":684,"position":2},"title":"Minist\u00e9rio do Trabalho lan\u00e7a cartilha para esclarecer d\u00favidas da RAIS","author":"Ab\u00edlio Gon\u00e7alves","date":"26 de janeiro de 2017","format":false,"excerpt":"Publica\u00e7\u00e3o serve para esclarecer d\u00favidas sobre como fazer a declara\u00e7\u00e3o de forma correta O Minist\u00e9rio do Trabalho acaba de lan\u00e7ar a Cartilha da Rais, para esclarecer d\u00favidas sobre como fazer a declara\u00e7\u00e3o anual de forma correta. Desde o dia 17 de janeiro est\u00e1 aberto o prazo para declarar as informa\u00e7\u00f5es\u2026","rel":"","context":"Em &quot;Departamento Pessoal&quot;","block_context":{"text":"Departamento Pessoal","link":"http:\/\/cfcontabil.com\/cf\/category\/dp\/"},"img":{"alt_text":"","src":"https:\/\/i0.wp.com\/cfcontabil.com\/cf\/wp-content\/uploads\/2017\/01\/rais-1280x720-1.jpg?fit=1200%2C675&resize=350%2C200","width":350,"height":200,"srcset":"https:\/\/i0.wp.com\/cfcontabil.com\/cf\/wp-content\/uploads\/2017\/01\/rais-1280x720-1.jpg?fit=1200%2C675&resize=350%2C200 1x, https:\/\/i0.wp.com\/cfcontabil.com\/cf\/wp-content\/uploads\/2017\/01\/rais-1280x720-1.jpg?fit=1200%2C675&resize=525%2C300 1.5x, https:\/\/i0.wp.com\/cfcontabil.com\/cf\/wp-content\/uploads\/2017\/01\/rais-1280x720-1.jpg?fit=1200%2C675&resize=700%2C400 2x, https:\/\/i0.wp.com\/cfcontabil.com\/cf\/wp-content\/uploads\/2017\/01\/rais-1280x720-1.jpg?fit=1200%2C675&resize=1050%2C600 3x"},"classes":[]},{"id":1047,"url":"http:\/\/cfcontabil.com\/cf\/rais-2016-declaracao-garante-pagamento-de-beneficios\/","url_meta":{"origin":684,"position":3},"title":"RAIS 2016 &#8211; Declara\u00e7\u00e3o garante pagamento de benef\u00edcios","author":"Ab\u00edlio Gon\u00e7alves","date":"10 de mar\u00e7o de 2017","format":false,"excerpt":"Abono Salarial, FGTS e INSS s\u00e3o algumas das informa\u00e7\u00f5es que podem ser checadas pela RAIS. O prazo para entregar a Rela\u00e7\u00e3o Anual de Informa\u00e7\u00f5es Sociais (RAIS) de 2016 termina no pr\u00f3ximo dia 17 de mar\u00e7o.\u00a0 Os contribuintes com CNPJ ativo na Receita Federal em 2016, incluindo os Microempreendedores Individuais (MEI)\u2026","rel":"","context":"Em &quot;Departamento Pessoal&quot;","block_context":{"text":"Departamento Pessoal","link":"http:\/\/cfcontabil.com\/cf\/category\/dp\/"},"img":{"alt_text":"","src":"https:\/\/i0.wp.com\/cfcontabil.com\/cf\/wp-content\/uploads\/2017\/01\/rais-1280x720-1.jpg?fit=1200%2C675&resize=350%2C200","width":350,"height":200,"srcset":"https:\/\/i0.wp.com\/cfcontabil.com\/cf\/wp-content\/uploads\/2017\/01\/rais-1280x720-1.jpg?fit=1200%2C675&resize=350%2C200 1x, https:\/\/i0.wp.com\/cfcontabil.com\/cf\/wp-content\/uploads\/2017\/01\/rais-1280x720-1.jpg?fit=1200%2C675&resize=525%2C300 1.5x, https:\/\/i0.wp.com\/cfcontabil.com\/cf\/wp-content\/uploads\/2017\/01\/rais-1280x720-1.jpg?fit=1200%2C675&resize=700%2C400 2x, https:\/\/i0.wp.com\/cfcontabil.com\/cf\/wp-content\/uploads\/2017\/01\/rais-1280x720-1.jpg?fit=1200%2C675&resize=1050%2C600 3x"},"classes":[]},{"id":1758,"url":"http:\/\/cfcontabil.com\/cf\/publicada-portaria-que-substitui-o-caged-e-rais-pelo-esocial\/","url_meta":{"origin":684,"position":4},"title":"Publicada portaria que substitui o CAGED e RAIS pelo eSocial","author":"Ab\u00edlio Gon\u00e7alves","date":"15 de outubro de 2019","format":false,"excerpt":"A partir da compet\u00eancia de janeiro 2020 As empresas ou pessoas f\u00edsicas equiparadas a empresas passam a ser obrigadas a substituir as declara\u00e7\u00f5es de CAGED mensal (Cadastro Geral de Empregados e Desempregados) e RAIS (Rela\u00e7\u00e3o Anual de Informa\u00e7\u00f5es Sociais) a partir do ano base 2019, onde eram realizadas a comunica\u00e7\u00e3o\u2026","rel":"","context":"Em &quot;Departamento Pessoal&quot;","block_context":{"text":"Departamento Pessoal","link":"http:\/\/cfcontabil.com\/cf\/category\/dp\/"},"img":{"alt_text":"","src":"https:\/\/i0.wp.com\/cfcontabil.com\/cf\/wp-content\/uploads\/2017\/01\/rais-1280x720-1.jpg?fit=1200%2C675&resize=350%2C200","width":350,"height":200,"srcset":"https:\/\/i0.wp.com\/cfcontabil.com\/cf\/wp-content\/uploads\/2017\/01\/rais-1280x720-1.jpg?fit=1200%2C675&resize=350%2C200 1x, https:\/\/i0.wp.com\/cfcontabil.com\/cf\/wp-content\/uploads\/2017\/01\/rais-1280x720-1.jpg?fit=1200%2C675&resize=525%2C300 1.5x, https:\/\/i0.wp.com\/cfcontabil.com\/cf\/wp-content\/uploads\/2017\/01\/rais-1280x720-1.jpg?fit=1200%2C675&resize=700%2C400 2x, https:\/\/i0.wp.com\/cfcontabil.com\/cf\/wp-content\/uploads\/2017\/01\/rais-1280x720-1.jpg?fit=1200%2C675&resize=1050%2C600 3x"},"classes":[]},{"id":1178,"url":"http:\/\/cfcontabil.com\/cf\/veja-as-obrigacoes-trabalhistas-a-serem-extintas-com-o-esocial\/","url_meta":{"origin":684,"position":5},"title":"Veja as obriga\u00e7\u00f5es trabalhistas a serem extintas com o eSocial","author":"Ab\u00edlio Gon\u00e7alves","date":"13 de junho de 2017","format":false,"excerpt":"Com a implementa\u00e7\u00e3o, a transmiss\u00e3o das informa\u00e7\u00f5es ser\u00e1 feita de forma \u00fanica e centralizada Atualmente as informa\u00e7\u00f5es geradas pelos Departamentos Pessoais das empresas s\u00e3o transmitidas a diversos \u00f3rg\u00e3os diferentes, como a Caixa Econ\u00f4mica Federal (CEF), Instituto Nacional do Seguro Social (INSS), o Minist\u00e9rio da Previd\u00eancia (MPS), o Minist\u00e9rio do Trabalho\u2026","rel":"","context":"Em &quot;Departamento Pessoal&quot;","block_context":{"text":"Departamento Pessoal","link":"http:\/\/cfcontabil.com\/cf\/category\/dp\/"},"img":{"alt_text":"","src":"https:\/\/i0.wp.com\/cfcontabil.com\/cf\/wp-content\/uploads\/2016\/03\/E-social-1-1.jpg?fit=660%2C271&resize=350%2C200","width":350,"height":200,"srcset":"https:\/\/i0.wp.com\/cfcontabil.com\/cf\/wp-content\/uploads\/2016\/03\/E-social-1-1.jpg?fit=660%2C271&resize=350%2C200 1x, https:\/\/i0.wp.com\/cfcontabil.com\/cf\/wp-content\/uploads\/2016\/03\/E-social-1-1.jpg?fit=660%2C271&resize=525%2C300 1.5x"},"classes":[]}],"jetpack_likes_enabled":true,"_links":{"self":[{"href":"http:\/\/cfcontabil.com\/cf\/wp-json\/wp\/v2\/posts\/684","targetHints":{"allow":["GET"]}}],"collection":[{"href":"http:\/\/cfcontabil.com\/cf\/wp-json\/wp\/v2\/posts"}],"about":[{"href":"http:\/\/cfcontabil.com\/cf\/wp-json\/wp\/v2\/types\/post"}],"author":[{"embeddable":true,"href":"http:\/\/cfcontabil.com\/cf\/wp-json\/wp\/v2\/users\/3"}],"replies":[{"embeddable":true,"href":"http:\/\/cfcontabil.com\/cf\/wp-json\/wp\/v2\/comments?post=684"}],"version-history":[{"count":0,"href":"http:\/\/cfcontabil.com\/cf\/wp-json\/wp\/v2\/posts\/684\/revisions"}],"wp:featuredmedia":[{"embeddable":true,"href":"http:\/\/cfcontabil.com\/cf\/wp-json\/wp\/v2\/media\/685"}],"wp:attachment":[{"href":"http:\/\/cfcontabil.com\/cf\/wp-json\/wp\/v2\/media?parent=684"}],"wp:term":[{"taxonomy":"category","embeddable":true,"href":"http:\/\/cfcontabil.com\/cf\/wp-json\/wp\/v2\/categories?post=684"},{"taxonomy":"post_tag","embeddable":true,"href":"http:\/\/cfcontabil.com\/cf\/wp-json\/wp\/v2\/tags?post=684"}],"curies":[{"name":"wp","href":"https:\/\/api.w.org\/{rel}","templated":true}]}}