{"id":687,"date":"2016-03-20T23:30:09","date_gmt":"2016-03-21T02:30:09","guid":{"rendered":"http:\/\/cfcontabil.com\/cf\/?p=687"},"modified":"2016-03-20T23:30:09","modified_gmt":"2016-03-21T02:30:09","slug":"empresas-do-simples-devem-entregar-a-defis-ate-31-de-marco","status":"publish","type":"post","link":"http:\/\/cfcontabil.com\/cf\/empresas-do-simples-devem-entregar-a-defis-ate-31-de-marco\/","title":{"rendered":"Empresas do Simples devem entregar a Defis at\u00e9 31 de mar\u00e7o"},"content":{"rendered":"<p style=\"text-align: justify;\">Termina em 31 de mar\u00e7o o prazo para a entrega da Declara\u00e7\u00e3o de Informa\u00e7\u00f5es Socioecon\u00f4micas e Fiscais &#8211; DEFIS, relacionada \u00e0s empresas do Simples Nacional em situa\u00e7\u00e3o normal, e referente ao ano-calend\u00e1rio 2015.<\/p>\n<p style=\"text-align: justify;\"><a href=\"https:\/\/i0.wp.com\/cfcontabil.com\/cf\/wp-content\/uploads\/2016\/03\/simples.jpg\" rel=\"attachment wp-att-689\"><img data-recalc-dims=\"1\" fetchpriority=\"high\" decoding=\"async\" class=\"size-full wp-image-689 aligncenter\" src=\"https:\/\/i0.wp.com\/cfcontabil.com\/cf\/wp-content\/uploads\/2016\/03\/simples.jpg?resize=520%2C271\" alt=\"simples\" width=\"520\" height=\"271\" \/><\/a><\/p>\n<p style=\"text-align: justify;\">A Defis deve ser preenchida e transmitida pela Internet, por meio do aplicativo dispon\u00edvel na RFB, no Portal do Simples Nacional.<\/p>\n<p style=\"text-align: justify;\">Desde o ano-calend\u00e1rio de 2012, as informa\u00e7\u00f5es socioecon\u00f4micas e fiscais, que antes eram prestadas na DASN, passaram a ser declaradas anualmente por meio da Defis, dispon\u00edvel em m\u00f3dulo espec\u00edfico no PGDAS-D.<\/p>\n<p style=\"text-align: justify;\"><!--more--><\/p>\n<p style=\"text-align: justify;\">Uma observa\u00e7\u00e3o importante deve ser feita a respeito do PGDAS-D. O Programa Gerador do Documento de Arrecada\u00e7\u00e3o do Simples Nacional &#8211; Declarat\u00f3rio (PGDAS-D) \u00e9 um sistema eletr\u00f4nico para a realiza\u00e7\u00e3o do c\u00e1lculo do Simples Nacional, e as informa\u00e7\u00f5es por ele enviadas \u00e0 Receita Federal tem car\u00e1ter declarat\u00f3rio.<\/p>\n<p style=\"text-align: justify;\">Isso significa que tais informa\u00e7\u00f5es constituem confiss\u00e3o de d\u00edvida e instrumento h\u00e1bil e suficiente para a exig\u00eancia dos tributos e contribui\u00e7\u00f5es que n\u00e3o tenham sido recolhidos, e dever\u00e3o ser fornecidas \u00e0 RFB at\u00e9 o vencimento do prazo para pagamento dos tributos devidos no Simples Nacional em cada m\u00eas, relativamente aos fatos geradores ocorridos no m\u00eas anterior.<\/p>\n<p style=\"text-align: justify;\">Toda ME e EPP est\u00e1 obrigada a informar, pela DEFIS, o valor correspondente ao ganho de capital, a quantidade de empregados no in\u00edcio e no final do per\u00edodo abrangido pela declara\u00e7\u00e3o, a receita proveniente de exporta\u00e7\u00e3o direta, caso a pessoa jur\u00eddica tenha informado no PGDAS, a receita proveniente de exporta\u00e7\u00e3o por meio de comercial exportadora (detalhando o CNPJ das empresas comerciais exportadoras e o valor de cada opera\u00e7\u00e3o) e, por fim, caso a ME\/EPP mantenha escritura\u00e7\u00e3o cont\u00e1bil e tenha evidenciado lucro superior ao limite de que trata o \u00a7 1\u00ba do art. 131 da Resolu\u00e7\u00e3o CGSN n\u00ba 94\/2011, no per\u00edodo abrangido por esta declara\u00e7\u00e3o, a empresa deve informar o valor do lucro cont\u00e1bil apurado.<\/p>\n<p style=\"text-align: justify;\">Fonte: <a title=\"Not\u00edcia retirada da fonte IOB News\" href=\"http:\/\/contadores.cnt.br\/noticias\/fonte\/iob-news-3.html\" rel=\"nofollow\">IOB News<\/a><\/p>\n","protected":false},"excerpt":{"rendered":"<p>Termina em 31 de mar\u00e7o o prazo para a entrega da Declara\u00e7\u00e3o de Informa\u00e7\u00f5es Socioecon\u00f4micas e Fiscais &#8211; DEFIS, relacionada \u00e0s empresas do Simples Nacional em situa\u00e7\u00e3o normal, e referente ao ano-calend\u00e1rio 2015. A Defis deve ser preenchida e transmitida pela Internet, por meio do aplicativo dispon\u00edvel na RFB, no Portal do Simples Nacional. Desde [&hellip;]<\/p>\n","protected":false},"author":3,"featured_media":688,"comment_status":"open","ping_status":"open","sticky":false,"template":"","format":"standard","meta":{"jetpack_post_was_ever_published":false,"_jetpack_newsletter_access":"","_jetpack_dont_email_post_to_subs":false,"_jetpack_newsletter_tier_id":0,"_jetpack_memberships_contains_paywalled_content":false,"_jetpack_memberships_contains_paid_content":false,"footnotes":"","jetpack_publicize_message":"","jetpack_publicize_feature_enabled":true,"jetpack_social_post_already_shared":true,"jetpack_social_options":{"image_generator_settings":{"template":"highway","default_image_id":0,"font":"","enabled":false},"version":2}},"categories":[60,46],"tags":[210,71,199,211,212,116,74,213],"class_list":["post-687","post","type-post","status-publish","format-standard","has-post-thumbnail","hentry","category-consultoria","category-df","tag-defis","tag-federal","tag-fiscal","tag-nacional","tag-pgdas","tag-prazo","tag-receita","tag-simples"],"jetpack_publicize_connections":[],"jetpack_featured_media_url":"https:\/\/i0.wp.com\/cfcontabil.com\/cf\/wp-content\/uploads\/2016\/03\/DEFIS-Simples-1.png?fit=615%2C300","jetpack_sharing_enabled":true,"jetpack_shortlink":"https:\/\/wp.me\/p2wklX-b5","jetpack-related-posts":[{"id":1142,"url":"http:\/\/cfcontabil.com\/cf\/dctf-2205-vence-o-prazo-de-entrega-das-inativas-e-sem-movimento-em-jan-e-fev2017\/","url_meta":{"origin":687,"position":0},"title":"DCTF \u2013 22\/05 vence o prazo de entrega das Inativas e sem movimento em jan e fev\/2017","author":"Ab\u00edlio Gon\u00e7alves","date":"28 de abril de 2017","format":false,"excerpt":"Com a\u00a0prorroga\u00e7\u00e3o do prazo de entrega da DCTF inativa 2017\u00a0e sem movimento dos meses de janeiro e fevereiro de 2017 para 22 de maio de 2017, houve um grande n\u00famero de\u00a0d\u00favidas e questionamentos nas redes sociais, principalmente sobre o uso do Certificado Digital. \u00c9 fato que n\u00e3o faz nenhum sentido\u2026","rel":"","context":"Em &quot;Departamento Fiscal&quot;","block_context":{"text":"Departamento Fiscal","link":"http:\/\/cfcontabil.com\/cf\/category\/df\/"},"img":{"alt_text":"","src":"https:\/\/i0.wp.com\/cfcontabil.com\/cf\/wp-content\/uploads\/2017\/02\/dctf-1.png?fit=800%2C500&resize=350%2C200","width":350,"height":200,"srcset":"https:\/\/i0.wp.com\/cfcontabil.com\/cf\/wp-content\/uploads\/2017\/02\/dctf-1.png?fit=800%2C500&resize=350%2C200 1x, https:\/\/i0.wp.com\/cfcontabil.com\/cf\/wp-content\/uploads\/2017\/02\/dctf-1.png?fit=800%2C500&resize=525%2C300 1.5x, https:\/\/i0.wp.com\/cfcontabil.com\/cf\/wp-content\/uploads\/2017\/02\/dctf-1.png?fit=800%2C500&resize=700%2C400 2x"},"classes":[]},{"id":2853,"url":"http:\/\/cfcontabil.com\/cf\/dirf-dasn-ecf-ecd-as-principais-declaracoes-anuais-para-empresas\/","url_meta":{"origin":687,"position":1},"title":"DIRF, DASN, ECF, ECD: as principais declara\u00e7\u00f5es anuais para empresas","author":"Ab\u00edlio Gon\u00e7alves","date":"23 de fevereiro de 2023","format":false,"excerpt":"As empresas s\u00e3o obrigadas a fornecer v\u00e1rias declara\u00e7\u00f5es anuais ao governo para cumprir suas obriga\u00e7\u00f5es fiscais e cont\u00e1beis.","rel":"","context":"Em &quot;Geral&quot;","block_context":{"text":"Geral","link":"http:\/\/cfcontabil.com\/cf\/category\/geral\/"},"img":{"alt_text":"Free business woman with laptop","src":"https:\/\/i0.wp.com\/cfcontabil.com\/cf\/wp-content\/uploads\/2023\/02\/czNmcy1wcml2YXRlL3Jhd3BpeGVsX2ltYWdlcy93ZWJzaXRlX2NvbnRlbnQvbHIvbnMxODExLWltYWdlLWt3dnljbzN4LmpwZw.jpg?fit=1200%2C900&resize=350%2C200","width":350,"height":200,"srcset":"https:\/\/i0.wp.com\/cfcontabil.com\/cf\/wp-content\/uploads\/2023\/02\/czNmcy1wcml2YXRlL3Jhd3BpeGVsX2ltYWdlcy93ZWJzaXRlX2NvbnRlbnQvbHIvbnMxODExLWltYWdlLWt3dnljbzN4LmpwZw.jpg?fit=1200%2C900&resize=350%2C200 1x, https:\/\/i0.wp.com\/cfcontabil.com\/cf\/wp-content\/uploads\/2023\/02\/czNmcy1wcml2YXRlL3Jhd3BpeGVsX2ltYWdlcy93ZWJzaXRlX2NvbnRlbnQvbHIvbnMxODExLWltYWdlLWt3dnljbzN4LmpwZw.jpg?fit=1200%2C900&resize=525%2C300 1.5x, https:\/\/i0.wp.com\/cfcontabil.com\/cf\/wp-content\/uploads\/2023\/02\/czNmcy1wcml2YXRlL3Jhd3BpeGVsX2ltYWdlcy93ZWJzaXRlX2NvbnRlbnQvbHIvbnMxODExLWltYWdlLWt3dnljbzN4LmpwZw.jpg?fit=1200%2C900&resize=700%2C400 2x, https:\/\/i0.wp.com\/cfcontabil.com\/cf\/wp-content\/uploads\/2023\/02\/czNmcy1wcml2YXRlL3Jhd3BpeGVsX2ltYWdlcy93ZWJzaXRlX2NvbnRlbnQvbHIvbnMxODExLWltYWdlLWt3dnljbzN4LmpwZw.jpg?fit=1200%2C900&resize=1050%2C600 3x"},"classes":[]},{"id":1267,"url":"http:\/\/cfcontabil.com\/cf\/termina-em-31-de-julho-prazo-de-entrega-da-escrituracao-contabil-fiscal\/","url_meta":{"origin":687,"position":2},"title":"Termina em 31 de julho prazo de entrega da Escritura\u00e7\u00e3o Cont\u00e1bil Fiscal","author":"Ab\u00edlio Gon\u00e7alves","date":"28 de julho de 2017","format":false,"excerpt":"Diretor da Fenacon recomenda que n\u00e3o seja deixada para o \u00faltimo dia Empresas que n\u00e3o enviarem as informa\u00e7\u00f5es \u00e0 Receita Federal at\u00e9 a data final ficar\u00e3o impedidas de emitir certid\u00e3o negativa de d\u00e9bitos e ter\u00e3o de pagar multa O prazo de entrega da Escritura\u00e7\u00e3o Cont\u00e1bil Fiscal (ECF) termina no \u00faltimo\u2026","rel":"","context":"Em &quot;Departamento Fiscal&quot;","block_context":{"text":"Departamento Fiscal","link":"http:\/\/cfcontabil.com\/cf\/category\/df\/"},"img":{"alt_text":"","src":"https:\/\/i0.wp.com\/cfcontabil.com\/cf\/wp-content\/uploads\/2017\/07\/ecf-1406658540-1-1.jpg?fit=800%2C588&resize=350%2C200","width":350,"height":200,"srcset":"https:\/\/i0.wp.com\/cfcontabil.com\/cf\/wp-content\/uploads\/2017\/07\/ecf-1406658540-1-1.jpg?fit=800%2C588&resize=350%2C200 1x, https:\/\/i0.wp.com\/cfcontabil.com\/cf\/wp-content\/uploads\/2017\/07\/ecf-1406658540-1-1.jpg?fit=800%2C588&resize=525%2C300 1.5x, https:\/\/i0.wp.com\/cfcontabil.com\/cf\/wp-content\/uploads\/2017\/07\/ecf-1406658540-1-1.jpg?fit=800%2C588&resize=700%2C400 2x"},"classes":[]},{"id":412,"url":"http:\/\/cfcontabil.com\/cf\/agendamento-da-opcao-pelo-simples-nacional-2014\/","url_meta":{"origin":687,"position":3},"title":"Agendamento da Op\u00e7\u00e3o pelo Simples Nacional 2014","author":"Vin\u00edcius Moizinho","date":"4 de dezembro de 2013","format":false,"excerpt":"Bom dia, prezados! O recado hoje \u00e9 bem r\u00e1pido. Gostar\u00edamos de lembr\u00e1-los que j\u00e1\u00a0est\u00e1 dispon\u00edvel o servi\u00e7o de agendamento da op\u00e7\u00e3o pelo Simples Nacional para o ano-calend\u00e1rio 2014.\u00a0 \u00a0 Confira maiores detalhes! Agendamento para o ano-calend\u00e1rio 2014 Conforme \u00e9 explicado pela Receita Federal, esse servi\u00e7o objetiva facilitar o processo de\u2026","rel":"","context":"Em &quot;Contabilidade em geral&quot;","block_context":{"text":"Contabilidade em geral","link":"http:\/\/cfcontabil.com\/cf\/category\/contabilidade-2\/"},"img":{"alt_text":"","src":"https:\/\/i0.wp.com\/www.mauronegruni.com.br\/wp-content\/uploads\/2013\/09\/simplesNacional2192-300x3001.jpg?resize=350%2C200","width":350,"height":200},"classes":[]},{"id":917,"url":"http:\/\/cfcontabil.com\/cf\/receita-esclarece-duvidas-sobre-in-1-646-dctf-dspj\/","url_meta":{"origin":687,"position":4},"title":"Receita esclarece d\u00favidas sobre IN 1.646 &#8211; DCTF \/ DSPJ","author":"Ab\u00edlio Gon\u00e7alves","date":"1 de fevereiro de 2017","format":false,"excerpt":"A Instru\u00e7\u00e3o Normativa RFB n\u00ba 1.646, de 30 de maio de 2016, realizou adequa\u00e7\u00f5es na Instru\u00e7\u00e3o Normativa RFB n\u00ba 1.599, de 11 de dezembro de 2015, que disp\u00f5e sobre a Declara\u00e7\u00e3o de D\u00e9bitos e Cr\u00e9ditos Tribut\u00e1rios Federais (DCTF), e na Instru\u00e7\u00e3o Normativa RFB n\u00ba 1.605, de 22 de dezembro de\u2026","rel":"","context":"Em &quot;Departamento Fiscal&quot;","block_context":{"text":"Departamento Fiscal","link":"http:\/\/cfcontabil.com\/cf\/category\/df\/"},"img":{"alt_text":"","src":"https:\/\/i0.wp.com\/cfcontabil.com\/cf\/wp-content\/uploads\/2017\/02\/dctf-1.png?fit=800%2C500&resize=350%2C200","width":350,"height":200,"srcset":"https:\/\/i0.wp.com\/cfcontabil.com\/cf\/wp-content\/uploads\/2017\/02\/dctf-1.png?fit=800%2C500&resize=350%2C200 1x, https:\/\/i0.wp.com\/cfcontabil.com\/cf\/wp-content\/uploads\/2017\/02\/dctf-1.png?fit=800%2C500&resize=525%2C300 1.5x, https:\/\/i0.wp.com\/cfcontabil.com\/cf\/wp-content\/uploads\/2017\/02\/dctf-1.png?fit=800%2C500&resize=700%2C400 2x"},"classes":[]},{"id":861,"url":"http:\/\/cfcontabil.com\/cf\/opcao-pelo-simples-nacional\/","url_meta":{"origin":687,"position":5},"title":"Op\u00e7\u00e3o pelo Simples Nacional","author":"Ab\u00edlio Gon\u00e7alves","date":"23 de janeiro de 2017","format":false,"excerpt":"Podem optar pelo Simples Nacional as microempresas (ME) e empresas de pequeno porte (EPP) que n\u00e3o incorram em nenhuma das veda\u00e7\u00f5es previstas na Lei Complementar 123, de 2006. A empresa poder\u00e1 fazer novo pedido de op\u00e7\u00e3o pelo Simples Nacional at\u00e9 o dia 31\/01\/2017. Conhe\u00e7a os detalhes previstos para a situa\u00e7\u00e3o\u2026","rel":"","context":"Em &quot;Consultoria Empresarial&quot;","block_context":{"text":"Consultoria Empresarial","link":"http:\/\/cfcontabil.com\/cf\/category\/consultoria\/"},"img":{"alt_text":"","src":"https:\/\/i0.wp.com\/cfcontabil.com\/cf\/wp-content\/uploads\/2017\/01\/simples-1.jpg?fit=520%2C271&resize=350%2C200","width":350,"height":200},"classes":[]}],"jetpack_likes_enabled":true,"_links":{"self":[{"href":"http:\/\/cfcontabil.com\/cf\/wp-json\/wp\/v2\/posts\/687","targetHints":{"allow":["GET"]}}],"collection":[{"href":"http:\/\/cfcontabil.com\/cf\/wp-json\/wp\/v2\/posts"}],"about":[{"href":"http:\/\/cfcontabil.com\/cf\/wp-json\/wp\/v2\/types\/post"}],"author":[{"embeddable":true,"href":"http:\/\/cfcontabil.com\/cf\/wp-json\/wp\/v2\/users\/3"}],"replies":[{"embeddable":true,"href":"http:\/\/cfcontabil.com\/cf\/wp-json\/wp\/v2\/comments?post=687"}],"version-history":[{"count":0,"href":"http:\/\/cfcontabil.com\/cf\/wp-json\/wp\/v2\/posts\/687\/revisions"}],"wp:featuredmedia":[{"embeddable":true,"href":"http:\/\/cfcontabil.com\/cf\/wp-json\/wp\/v2\/media\/688"}],"wp:attachment":[{"href":"http:\/\/cfcontabil.com\/cf\/wp-json\/wp\/v2\/media?parent=687"}],"wp:term":[{"taxonomy":"category","embeddable":true,"href":"http:\/\/cfcontabil.com\/cf\/wp-json\/wp\/v2\/categories?post=687"},{"taxonomy":"post_tag","embeddable":true,"href":"http:\/\/cfcontabil.com\/cf\/wp-json\/wp\/v2\/tags?post=687"}],"curies":[{"name":"wp","href":"https:\/\/api.w.org\/{rel}","templated":true}]}}