{"id":691,"date":"2016-03-21T13:15:44","date_gmt":"2016-03-21T16:15:44","guid":{"rendered":"http:\/\/cfcontabil.com\/cf\/?p=691"},"modified":"2016-03-21T13:15:44","modified_gmt":"2016-03-21T16:15:44","slug":"e-social-da-nova-dor-de-cabeca-para-empregador","status":"publish","type":"post","link":"http:\/\/cfcontabil.com\/cf\/e-social-da-nova-dor-de-cabeca-para-empregador\/","title":{"rendered":"e-Social d\u00e1 nova dor de cabe\u00e7a para empregador"},"content":{"rendered":"<p style=\"text-align: justify;\"><strong>Os empregadores est\u00e3o com dificuldades de demitir os dom\u00e9sticos no m\u00f3dulo disponibilizado no site do e-Social (esocial.gov.br).<\/strong><\/p>\n<p style=\"text-align: justify;\"><a href=\"https:\/\/i0.wp.com\/cfcontabil.com\/cf\/wp-content\/uploads\/2016\/03\/esocial-1374759873.png\" rel=\"attachment wp-att-668\"><img data-recalc-dims=\"1\" fetchpriority=\"high\" decoding=\"async\" class=\"size-full wp-image-668 aligncenter\" src=\"https:\/\/i0.wp.com\/cfcontabil.com\/cf\/wp-content\/uploads\/2016\/03\/esocial-1374759873.png?resize=439%2C339\" alt=\"esocial-1374759873\" width=\"439\" height=\"339\" \/><\/a><\/p>\n<p style=\"text-align: justify;\">A fun\u00e7\u00e3o de desligamento foi inserida pela Receita Federal no \u00faltimo dia 8. O principal entrave \u00e9 o c\u00e1lculo das verbas rescis\u00f3rias, que devem ser inclu\u00eddas quando o trabalhador \u00e9 desligado. O sistema n\u00e3o calcula automaticamente os valores. A conta deve ser feita por fora e depois registrada no formul\u00e1rio eletr\u00f4nico.<\/p>\n<p><!--more--><\/p>\n<p style=\"text-align: justify;\">Os itens que precisam ser informados s\u00e3o aviso pr\u00e9vio, f\u00e9rias, d\u00e9cimo terceiro sal\u00e1rio, horas extras, f\u00e9rias vencidas e proporcionais. Qualquer erro nos valores \u00e9 de responsabilidade dos patr\u00f5es, e poder\u00e1 gerar multas e a\u00e7\u00f5es trabalhistas. O aposentado Luiz Augusto Carneiro da Silva, 65, enfrentou uma via-cr\u00facis para demitir a empregada dom\u00e9stica. Ele conta que precisou desligar a funcion\u00e1ria em fevereiro porque os encargos da folha de pagamento ficaram muito elevados para o or\u00e7amento da fam\u00edlia.<\/p>\n<p style=\"text-align: justify;\">\u201cEu entrei no e-Social, mas tive dificuldade de acessar o m\u00f3dulo para fazer a demiss\u00e3o. At\u00e9 para preencher a guia mensal de recolhimento \u00e9 um parto\u201d, diz Carneiro. Ele pediu ajuda no Sindicato dos Empregadores Dom\u00e9sticos do Recife para desligar a dom\u00e9stica. \u201cO programa do e-Social poderia ser como o Imposto de Renda, que \u00e9 autoexplicativo. Eu uso todos os anos e n\u00e3o tem problemas\u201d, completa.<\/p>\n<p style=\"text-align: justify;\">Diante das dificuldades de preenchimento do formul\u00e1rio, o Sindicato dos Empregadores aumentou o atendimento para auxiliar os associados. Segundo a dirigente do sindicato, Andr\u00e9a Macedo, os empregadores devem ter muito cuidado para evitar erros de c\u00e1lculos. Ela explica que a principal dificuldade \u00e9 calcular as verbas indenizat\u00f3rias. \u201cAt\u00e9 mesmo o manual do Minist\u00e9rio do Trabalho \u00e9 confuso e n\u00e3o facilita o acesso ao formul\u00e1rio de desligamento.\u201d A guia de recolhimento s\u00f3 poder\u00e1 ser paga ap\u00f3s a emiss\u00e3o do termo de rescis\u00e3o.<\/p>\n<p style=\"text-align: justify;\">A ONG Dom\u00e9stica Legal (<a href=\"http:\/\/dom\u00e9sticalegal.org.br\" target=\"_blank\" rel=\"noopener noreferrer\">dom\u00e9sticalegal.org.br<\/a>) preparou um passo-a-passo com os links da p\u00e1gina do e-Social para facilitar a vida dos empregadores. M\u00e1rio Avelino, presidente da ONG, alerta os patr\u00f5es para ficarem atentos, j\u00e1 que desde 8 de mar\u00e7o as rescis\u00f5es s\u00f3 podem ser feitas pelo m\u00f3dulo de desligamento.<\/p>\n<p style=\"text-align: justify;\">\u201cAs dificuldades no m\u00f3dulo de desligamento continuam, principalmente, no c\u00e1lculo das verbas rescis\u00f3rias. Se o empregador cometer um erro, poder\u00e1 sofrer multa e at\u00e9 uma a\u00e7\u00e3o trabalhista\u201d, diz Avelino. O Diario entrou em contato com a assessoria da Receita Federal, mas at\u00e9 o fechamento da edi\u00e7\u00e3o n\u00e3o obteve resposta.<\/p>\n<p style=\"text-align: justify;\"><em class=\"link\">Link:<a href=\"http:\/\/www.impresso.diariodepernambuco.com.br\/app\/noticia\/cadernos\/economia\/2016\/03\/19\/interna_economia,140231\/e-social-da-nova-dor-de-cabeca-para-empregador.shtml\" target=\"_blank\" rel=\"nofollow noopener noreferrer\">http:\/\/www.impresso.diariodepernambuco.com.br\/app\/noticia\/cadernos\/economia\/2016\/03\/19\/interna_economia,140231\/e-social-da-nova-dor-de-cabeca-para-empregador.shtml<\/a><\/em><\/p>\n","protected":false},"excerpt":{"rendered":"<p>Os empregadores est\u00e3o com dificuldades de demitir os dom\u00e9sticos no m\u00f3dulo disponibilizado no site do e-Social (esocial.gov.br). A fun\u00e7\u00e3o de desligamento foi inserida pela Receita Federal no \u00faltimo dia 8. O principal entrave \u00e9 o c\u00e1lculo das verbas rescis\u00f3rias, que devem ser inclu\u00eddas quando o trabalhador \u00e9 desligado. O sistema n\u00e3o calcula automaticamente os valores. [&hellip;]<\/p>\n","protected":false},"author":3,"featured_media":692,"comment_status":"open","ping_status":"open","sticky":false,"template":"","format":"standard","meta":{"jetpack_post_was_ever_published":false,"_jetpack_newsletter_access":"","_jetpack_dont_email_post_to_subs":false,"_jetpack_newsletter_tier_id":0,"_jetpack_memberships_contains_paywalled_content":false,"_jetpack_memberships_contains_paid_content":false,"footnotes":"","jetpack_publicize_message":"","jetpack_publicize_feature_enabled":true,"jetpack_social_post_already_shared":true,"jetpack_social_options":{"image_generator_settings":{"template":"highway","default_image_id":0,"font":"","enabled":false},"version":2}},"categories":[29],"tags":[214,215,78,216,92],"class_list":["post-691","post","type-post","status-publish","format-standard","has-post-thumbnail","hentry","category-dp","tag-desligamento","tag-domestica","tag-esocial","tag-problema","tag-rescisao"],"jetpack_publicize_connections":[],"jetpack_featured_media_url":"https:\/\/i0.wp.com\/cfcontabil.com\/cf\/wp-content\/uploads\/2016\/03\/erro-esocial-1.jpg?fit=580%2C375","jetpack_sharing_enabled":true,"jetpack_shortlink":"https:\/\/wp.me\/p2wklX-b9","jetpack-related-posts":[{"id":1881,"url":"http:\/\/cfcontabil.com\/cf\/novas-funcionalidades-deixam-o-esocial-web-domestico-ainda-mais-simples\/","url_meta":{"origin":691,"position":0},"title":"Novas funcionalidades deixam o eSocial Web Dom\u00e9stico ainda mais simples","author":"Ab\u00edlio Gon\u00e7alves","date":"12 de novembro de 2019","format":false,"excerpt":"O m\u00f3dulo web dom\u00e9stico passou por grandes mudan\u00e7as a partir desta segunda (11) Novas ferramentas amig\u00e1veis e intuitivas: assistente \"passo a passo\" para f\u00e9rias e desligamento, lan\u00e7amento autom\u00e1tico da primeira parcela do 13\u00ba, alertas na p\u00e1gina principal, reajuste salarial simplificado. Diversas mudan\u00e7as entraram em vigor nesta segunda-feira\u00a0(11). E ainda h\u00e1\u2026","rel":"","context":"Em &quot;Departamento Pessoal&quot;","block_context":{"text":"Departamento Pessoal","link":"http:\/\/cfcontabil.com\/cf\/category\/dp\/"},"img":{"alt_text":"","src":"https:\/\/i0.wp.com\/cfcontabil.com\/cf\/wp-content\/uploads\/2018\/06\/esocial-domestico-1.jpg?fit=600%2C450&resize=350%2C200","width":350,"height":200,"srcset":"https:\/\/i0.wp.com\/cfcontabil.com\/cf\/wp-content\/uploads\/2018\/06\/esocial-domestico-1.jpg?fit=600%2C450&resize=350%2C200 1x, https:\/\/i0.wp.com\/cfcontabil.com\/cf\/wp-content\/uploads\/2018\/06\/esocial-domestico-1.jpg?fit=600%2C450&resize=525%2C300 1.5x"},"classes":[]},{"id":1317,"url":"http:\/\/cfcontabil.com\/cf\/conhece-o-esocial-domestico-nos-podemos-ajudar\/","url_meta":{"origin":691,"position":1},"title":"Conhece o eSocial Dom\u00e9stico? N\u00f3s podemos ajudar!","author":"Ab\u00edlio Gon\u00e7alves","date":"7 de junho de 2018","format":false,"excerpt":"Ativo desde 2015, o\u00a0e-Social \u00e9 um sistema que foi desenvolvido para minimizar os problemas de pagamentos de direitos aos trabalhadores dom\u00e9sticos, de forma que eles tenham garantido o pagamento de todos os seus direitos por lei. Um sistema que permite o empregador encaminhar informa\u00e7\u00f5es trabalhistas de forma mais pr\u00e1tica para\u2026","rel":"","context":"Em &quot;Departamento Pessoal&quot;","block_context":{"text":"Departamento Pessoal","link":"http:\/\/cfcontabil.com\/cf\/category\/dp\/"},"img":{"alt_text":"","src":"https:\/\/i0.wp.com\/cfcontabil.com\/cf\/wp-content\/uploads\/2018\/06\/esocial-domestico-1.jpg?fit=600%2C450&resize=350%2C200","width":350,"height":200,"srcset":"https:\/\/i0.wp.com\/cfcontabil.com\/cf\/wp-content\/uploads\/2018\/06\/esocial-domestico-1.jpg?fit=600%2C450&resize=350%2C200 1x, https:\/\/i0.wp.com\/cfcontabil.com\/cf\/wp-content\/uploads\/2018\/06\/esocial-domestico-1.jpg?fit=600%2C450&resize=525%2C300 1.5x"},"classes":[]},{"id":1339,"url":"http:\/\/cfcontabil.com\/cf\/empregado-domestico-2\/","url_meta":{"origin":691,"position":2},"title":"Empregado Dom\u00e9stico","author":"Ab\u00edlio Gon\u00e7alves","date":"10 de julho de 2018","format":false,"excerpt":"Considera\u00e7\u00f5es sobre contrato de trabalho, encargos sociais e eSocial O trabalho dom\u00e9stico \u00e9 regido pela Lei Complementar (LC) n\u00ba 150, de 1\u00ba de junho de 2015, que regulamentou os principais direitos da categoria, estabeleceu a aplica\u00e7\u00e3o subsidi\u00e1ria da Consolida\u00e7\u00e3o das Leis do Trabalho\u00a0(CLT)\u00a0e a implanta\u00e7\u00e3o do\u00a0Simples Dom\u00e9sticoconsolidado pelo M\u00f3dulo Web\u2026","rel":"","context":"Em &quot;Geral&quot;","block_context":{"text":"Geral","link":"http:\/\/cfcontabil.com\/cf\/category\/geral\/"},"img":{"alt_text":"","src":"https:\/\/i0.wp.com\/cfcontabil.com\/cf\/wp-content\/uploads\/2016\/03\/domestica-1.jpeg?fit=600%2C315&resize=350%2C200","width":350,"height":200,"srcset":"https:\/\/i0.wp.com\/cfcontabil.com\/cf\/wp-content\/uploads\/2016\/03\/domestica-1.jpeg?fit=600%2C315&resize=350%2C200 1x, https:\/\/i0.wp.com\/cfcontabil.com\/cf\/wp-content\/uploads\/2016\/03\/domestica-1.jpeg?fit=600%2C315&resize=525%2C300 1.5x"},"classes":[]},{"id":2224,"url":"http:\/\/cfcontabil.com\/cf\/fgts-e-ferias-de-domesticas-o-que-preciso-fazer-no-esocial\/","url_meta":{"origin":691,"position":3},"title":"FGTS e F\u00e9rias de Dom\u00e9sticas: O que preciso fazer no eSocial?","author":"Ab\u00edlio Gon\u00e7alves","date":"5 de abril de 2020","format":false,"excerpt":"A MP 927\/2020 permite a todos os empregadores suspender o recolhimento de FGTS at\u00e9 maio. A MP 927\/2020 permitiu a suspens\u00e3o de recolhimento do Fundo de Garantia por Tempo de Servi\u00e7o,\u00a0FGTS,\u00a0por parte dos empregadores. Com a medida, fica suspensa a obrigatoriedade do recolhimento referente aos per\u00edodos de mar\u00e7o, abril e\u2026","rel":"","context":"Em &quot;Departamento Pessoal&quot;","block_context":{"text":"Departamento Pessoal","link":"http:\/\/cfcontabil.com\/cf\/category\/dp\/"},"img":{"alt_text":"","src":"https:\/\/i0.wp.com\/cfcontabil.com\/cf\/wp-content\/uploads\/2020\/04\/mp927.jpeg?fit=768%2C423&resize=350%2C200","width":350,"height":200,"srcset":"https:\/\/i0.wp.com\/cfcontabil.com\/cf\/wp-content\/uploads\/2020\/04\/mp927.jpeg?fit=768%2C423&resize=350%2C200 1x, https:\/\/i0.wp.com\/cfcontabil.com\/cf\/wp-content\/uploads\/2020\/04\/mp927.jpeg?fit=768%2C423&resize=525%2C300 1.5x, https:\/\/i0.wp.com\/cfcontabil.com\/cf\/wp-content\/uploads\/2020\/04\/mp927.jpeg?fit=768%2C423&resize=700%2C400 2x"},"classes":[]},{"id":1180,"url":"http:\/\/cfcontabil.com\/cf\/novos-tutoriais-em-video-do-esocial-domestico\/","url_meta":{"origin":691,"position":4},"title":"Novos tutoriais em v\u00eddeo do eSocial Dom\u00e9stico","author":"Ab\u00edlio Gon\u00e7alves","date":"14 de junho de 2017","format":false,"excerpt":"V\u00eddeos abordam todos os itens do eSocial Dom\u00e9stico, da admiss\u00e3o ao desligamento. Podem ser acessados no menu Empregador Dom\u00e9stico Mais uma novidade para auxiliar os empregadores dom\u00e9sticos: Tutoriais em V\u00eddeo. Produzidos pela Escola Nacional da Inspe\u00e7\u00e3o do Trabalho - ENIT, os v\u00eddeos trazem informa\u00e7\u00f5es detalhadas sobre cada tema do eSocial,\u2026","rel":"","context":"Em &quot;Departamento Pessoal&quot;","block_context":{"text":"Departamento Pessoal","link":"http:\/\/cfcontabil.com\/cf\/category\/dp\/"},"img":{"alt_text":"","src":"https:\/\/i0.wp.com\/cfcontabil.com\/cf\/wp-content\/uploads\/2017\/06\/esocial_video-1.jpeg?fit=768%2C453&resize=350%2C200","width":350,"height":200,"srcset":"https:\/\/i0.wp.com\/cfcontabil.com\/cf\/wp-content\/uploads\/2017\/06\/esocial_video-1.jpeg?fit=768%2C453&resize=350%2C200 1x, https:\/\/i0.wp.com\/cfcontabil.com\/cf\/wp-content\/uploads\/2017\/06\/esocial_video-1.jpeg?fit=768%2C453&resize=525%2C300 1.5x, https:\/\/i0.wp.com\/cfcontabil.com\/cf\/wp-content\/uploads\/2017\/06\/esocial_video-1.jpeg?fit=768%2C453&resize=700%2C400 2x"},"classes":[]},{"id":2102,"url":"http:\/\/cfcontabil.com\/cf\/calculo-trabalhista-sabe-o-que-e\/","url_meta":{"origin":691,"position":5},"title":"C\u00e1lculo trabalhista: sabe o que \u00e9?","author":"Ab\u00edlio Gon\u00e7alves","date":"17 de fevereiro de 2020","format":false,"excerpt":"C\u00e1lculo trabalhista \u00e9 a conta que se refere aos valores que envolvem uma rescis\u00e3o de contrato de trabalho. Portanto, \u00e9 essencial que a empresa ou seu departamento de pessoal tenha conhecimento dos direitos do trabalhador para que todos os valores devidos sejam pagos corretamente. Reconhecer os tipos de c\u00e1lculos e\u2026","rel":"","context":"Em &quot;Departamento Pessoal&quot;","block_context":{"text":"Departamento Pessoal","link":"http:\/\/cfcontabil.com\/cf\/category\/dp\/"},"img":{"alt_text":"","src":"https:\/\/i0.wp.com\/cfcontabil.com\/cf\/wp-content\/uploads\/2020\/02\/calculos-trabalhistas.jpg?fit=900%2C450&resize=350%2C200","width":350,"height":200,"srcset":"https:\/\/i0.wp.com\/cfcontabil.com\/cf\/wp-content\/uploads\/2020\/02\/calculos-trabalhistas.jpg?fit=900%2C450&resize=350%2C200 1x, https:\/\/i0.wp.com\/cfcontabil.com\/cf\/wp-content\/uploads\/2020\/02\/calculos-trabalhistas.jpg?fit=900%2C450&resize=525%2C300 1.5x, https:\/\/i0.wp.com\/cfcontabil.com\/cf\/wp-content\/uploads\/2020\/02\/calculos-trabalhistas.jpg?fit=900%2C450&resize=700%2C400 2x"},"classes":[]}],"jetpack_likes_enabled":true,"_links":{"self":[{"href":"http:\/\/cfcontabil.com\/cf\/wp-json\/wp\/v2\/posts\/691","targetHints":{"allow":["GET"]}}],"collection":[{"href":"http:\/\/cfcontabil.com\/cf\/wp-json\/wp\/v2\/posts"}],"about":[{"href":"http:\/\/cfcontabil.com\/cf\/wp-json\/wp\/v2\/types\/post"}],"author":[{"embeddable":true,"href":"http:\/\/cfcontabil.com\/cf\/wp-json\/wp\/v2\/users\/3"}],"replies":[{"embeddable":true,"href":"http:\/\/cfcontabil.com\/cf\/wp-json\/wp\/v2\/comments?post=691"}],"version-history":[{"count":0,"href":"http:\/\/cfcontabil.com\/cf\/wp-json\/wp\/v2\/posts\/691\/revisions"}],"wp:featuredmedia":[{"embeddable":true,"href":"http:\/\/cfcontabil.com\/cf\/wp-json\/wp\/v2\/media\/692"}],"wp:attachment":[{"href":"http:\/\/cfcontabil.com\/cf\/wp-json\/wp\/v2\/media?parent=691"}],"wp:term":[{"taxonomy":"category","embeddable":true,"href":"http:\/\/cfcontabil.com\/cf\/wp-json\/wp\/v2\/categories?post=691"},{"taxonomy":"post_tag","embeddable":true,"href":"http:\/\/cfcontabil.com\/cf\/wp-json\/wp\/v2\/tags?post=691"}],"curies":[{"name":"wp","href":"https:\/\/api.w.org\/{rel}","templated":true}]}}