{"id":694,"date":"2016-03-22T05:20:01","date_gmt":"2016-03-22T08:20:01","guid":{"rendered":"http:\/\/cfcontabil.com\/cf\/?p=694"},"modified":"2016-03-22T05:20:01","modified_gmt":"2016-03-22T08:20:01","slug":"novo-imposto-de-renda-sobre-ganhos-de-capital-so-valera-a-partir-de-2017","status":"publish","type":"post","link":"http:\/\/cfcontabil.com\/cf\/novo-imposto-de-renda-sobre-ganhos-de-capital-so-valera-a-partir-de-2017\/","title":{"rendered":"Novo Imposto de Renda sobre ganhos de capital s\u00f3 valer\u00e1 a partir de 2017"},"content":{"rendered":"<p style=\"text-align: justify;\"><strong>As novas al\u00edquotas de Imposto de Renda (IR) sobre ganhos na venda de bens e direitos s\u00f3 valer\u00e3o a partir de 2017, informou hoje (18) o Minist\u00e9rio da Fazenda. <\/strong><\/p>\n<p style=\"text-align: justify;\"><a href=\"https:\/\/i0.wp.com\/cfcontabil.com\/cf\/wp-content\/uploads\/2016\/03\/imoveis.jpg\" rel=\"attachment wp-att-696\"><img data-recalc-dims=\"1\" fetchpriority=\"high\" decoding=\"async\" data-attachment-id=\"696\" data-permalink=\"http:\/\/cfcontabil.com\/cf\/imoveis\/\" data-orig-file=\"https:\/\/i0.wp.com\/cfcontabil.com\/cf\/wp-content\/uploads\/2016\/03\/imoveis-1.jpg?fit=600%2C376\" data-orig-size=\"600,376\" data-comments-opened=\"1\" data-image-meta=\"{&quot;aperture&quot;:&quot;0&quot;,&quot;credit&quot;:&quot;&quot;,&quot;camera&quot;:&quot;&quot;,&quot;caption&quot;:&quot;&quot;,&quot;created_timestamp&quot;:&quot;0&quot;,&quot;copyright&quot;:&quot;&quot;,&quot;focal_length&quot;:&quot;0&quot;,&quot;iso&quot;:&quot;0&quot;,&quot;shutter_speed&quot;:&quot;0&quot;,&quot;title&quot;:&quot;&quot;,&quot;orientation&quot;:&quot;0&quot;}\" data-image-title=\"imoveis\" data-image-description=\"\" data-image-caption=\"\" data-large-file=\"https:\/\/i0.wp.com\/cfcontabil.com\/cf\/wp-content\/uploads\/2016\/03\/imoveis-1.jpg?fit=600%2C376\" class=\"size-full wp-image-696 aligncenter\" src=\"https:\/\/i0.wp.com\/cfcontabil.com\/cf\/wp-content\/uploads\/2016\/03\/imoveis.jpg?resize=600%2C376\" alt=\"imoveis\" width=\"600\" height=\"376\" \/><\/a><\/p>\n<p style=\"text-align: justify;\">Por causa do princ\u00edpio da anualidade, estabelecido pela Constitui\u00e7\u00e3o, altera\u00e7\u00f5es no Imposto de Renda s\u00f3 podem valer para fatos geradores a partir do ano seguinte \u00e0 san\u00e7\u00e3o da lei.<\/p>\n<p style=\"text-align: justify;\">A san\u00e7\u00e3o da Medida Provis\u00f3ria 692, que estabeleceu al\u00edquotas progressivas sobre ganhos de capital, foi publicada ontem (17) \u00e0 noite em edi\u00e7\u00e3o extraordin\u00e1ria do <em>Di\u00e1rio Oficial da Uni\u00e3o<\/em>. O texto tinha sido aprovado no in\u00edcio de fevereiro pela C\u00e2mara e pelo Senado.<\/p>\n<p style=\"text-align: justify;\"><!--more--><\/p>\n<p style=\"text-align: justify;\">Ao sancionar a lei, a presidenta Dilma Rousseff vetou um artigo que estabelecia que as faixas de ganhos de capital aplicadas a cada al\u00edquota fossem reajustadas conforme a tabela progressiva mensal do Imposto de Renda Pessoa F\u00edsica. A medida reduziria a arrecada\u00e7\u00e3o do governo a cada ano.<\/p>\n<p style=\"text-align: justify;\">At\u00e9 agora, quem obtinha ganhos de capital na venda de um bem, como um im\u00f3vel, ou direito, como direitos autorais, pagava 15% de Imposto de Renda independentemente do valor do lucro. A partir de 2017, somente os ganhos de capital de at\u00e9 R$ 5 milh\u00f5es ser\u00e3o tributadas em 15%. A al\u00edquota sobe para 17,5% nos ganhos entre R$ 5 milh\u00f5es e R$ 10 milh\u00f5es, para 20% nos ganhos entre R$ 10 milh\u00f5es e R$ 30 milh\u00f5es e para 22,5% nos lucros acima de R$ 30 milh\u00f5es.<\/p>\n<p style=\"text-align: justify;\">As al\u00edquotas s\u00e3o chamadas de progressivas porque, proporcionalmente, taxam os mais ricos, que t\u00eam ganhos de capital maiores do que os menos ricos. O governo esperava refor\u00e7ar a arrecada\u00e7\u00e3o em R$ 1,8 bilh\u00e3o por ano com o novo modelo de cobran\u00e7a, mas as mudan\u00e7as introduzidas pelo Congresso durante a tramita\u00e7\u00e3o da medida provis\u00f3ria reduziram a proje\u00e7\u00e3o pela metade, para R$ 900 milh\u00f5es.<\/p>\n<p style=\"text-align: justify;\">Originalmente, o governo tinha proposto uma al\u00edquota de 15% para ganhos de at\u00e9 R$ 1 milh\u00e3o. Acima desse valor, os percentuais subiriam gradualmente at\u00e9 chegarem a uma al\u00edquota de 30% para ganhos acima de R$ 20 milh\u00f5es.<\/p>\n<p style=\"text-align: justify;\"><em class=\"link\">Link: <a href=\"http:\/\/www.fenacon.org.br\/noticias\/novo-imposto-de-renda-sobre-ganhos-de-capital-so-valera-a-partir-de-2017-413\/\" target=\"_blank\" rel=\"nofollow noopener noreferrer\">http:\/\/www.fenacon.org.br\/noticias\/novo-imposto-de-renda-sobre-ganhos-de-capital-so-valera-a-partir-de-2017-413\/<\/a><\/em><\/p>\n","protected":false},"excerpt":{"rendered":"<p>As novas al\u00edquotas de Imposto de Renda (IR) sobre ganhos na venda de bens e direitos s\u00f3 valer\u00e3o a partir de 2017, informou hoje (18) o Minist\u00e9rio da Fazenda. Por causa do princ\u00edpio da anualidade, estabelecido pela Constitui\u00e7\u00e3o, altera\u00e7\u00f5es no Imposto de Renda s\u00f3 podem valer para fatos geradores a partir do ano seguinte \u00e0 [&hellip;]<\/p>\n","protected":false},"author":3,"featured_media":695,"comment_status":"open","ping_status":"open","sticky":false,"template":"","format":"standard","meta":{"jetpack_post_was_ever_published":false,"_jetpack_newsletter_access":"","_jetpack_dont_email_post_to_subs":false,"_jetpack_newsletter_tier_id":0,"_jetpack_memberships_contains_paywalled_content":false,"_jetpack_memberships_contains_paid_content":false,"footnotes":"","jetpack_publicize_message":"","jetpack_publicize_feature_enabled":true,"jetpack_social_post_already_shared":true,"jetpack_social_options":{"image_generator_settings":{"template":"highway","default_image_id":0,"font":"","enabled":false},"version":2}},"categories":[60],"tags":[217,218,219,220,221,108,111],"class_list":["post-694","post","type-post","status-publish","format-standard","has-post-thumbnail","hentry","category-consultoria","tag-aliquota","tag-bens","tag-capital","tag-ganho","tag-imoveis","tag-imposto","tag-renda"],"jetpack_publicize_connections":[],"jetpack_featured_media_url":"https:\/\/i0.wp.com\/cfcontabil.com\/cf\/wp-content\/uploads\/2016\/03\/dinheiro-1.jpg?fit=661%2C351","jetpack_sharing_enabled":true,"jetpack_shortlink":"https:\/\/wp.me\/p2wklX-bc","jetpack-related-posts":[{"id":1948,"url":"http:\/\/cfcontabil.com\/cf\/tributar-dividendo-e-peca-fundamental-na-reforma-do-imposto-de-renda\/","url_meta":{"origin":694,"position":0},"title":"Tributar dividendo \u00e9 pe\u00e7a fundamental na reforma do Imposto de Renda","author":"Ab\u00edlio Gon\u00e7alves","date":"26 de novembro de 2019","format":false,"excerpt":"Entre os itens que podem ser alterados no Importo de Renda est\u00e3o as dedu\u00e7\u00f5es de despesas com sa\u00fade e educa\u00e7\u00e3o A cobran\u00e7a de imposto sobre dividendos, hoje isentos, \u00e9 pe\u00e7a fundamental no projeto do governo federal de\u00a0aliviar a carga tribut\u00e1ria sobre empresas e tornar o Imposto de Renda\u00a0das pessoas f\u00edsicas\u2026","rel":"","context":"Em &quot;Departamento Fiscal&quot;","block_context":{"text":"Departamento Fiscal","link":"http:\/\/cfcontabil.com\/cf\/category\/df\/"},"img":{"alt_text":"","src":"https:\/\/i0.wp.com\/cfcontabil.com\/cf\/wp-content\/uploads\/2019\/11\/Receita-Federal.jpg?fit=1200%2C675&resize=350%2C200","width":350,"height":200,"srcset":"https:\/\/i0.wp.com\/cfcontabil.com\/cf\/wp-content\/uploads\/2019\/11\/Receita-Federal.jpg?fit=1200%2C675&resize=350%2C200 1x, https:\/\/i0.wp.com\/cfcontabil.com\/cf\/wp-content\/uploads\/2019\/11\/Receita-Federal.jpg?fit=1200%2C675&resize=525%2C300 1.5x, https:\/\/i0.wp.com\/cfcontabil.com\/cf\/wp-content\/uploads\/2019\/11\/Receita-Federal.jpg?fit=1200%2C675&resize=700%2C400 2x, https:\/\/i0.wp.com\/cfcontabil.com\/cf\/wp-content\/uploads\/2019\/11\/Receita-Federal.jpg?fit=1200%2C675&resize=1050%2C600 3x"},"classes":[]},{"id":1936,"url":"http:\/\/cfcontabil.com\/cf\/governo-avalia-imposto-de-renda-de-35-para-salarios-acima-de-r-39-mil\/","url_meta":{"origin":694,"position":1},"title":"Governo avalia Imposto de Renda de 35% para sal\u00e1rios acima de R$ 39 mil","author":"Ab\u00edlio Gon\u00e7alves","date":"21 de novembro de 2019","format":false,"excerpt":"A ideia \u00e9 conseguir receitas para compensar a desonera\u00e7\u00e3o da folha de pagamentos, medida de redu\u00e7\u00e3o de custo da m\u00e3o de obra e que representaria perda de dinheiro para os cofres p\u00fablicos A equipe econ\u00f4mica avalia alterar al\u00edquotas de Imposto de Renda de pessoas f\u00edsicas e aumentar a cobran\u00e7a sobre\u2026","rel":"","context":"Em &quot;Departamento Fiscal&quot;","block_context":{"text":"Departamento Fiscal","link":"http:\/\/cfcontabil.com\/cf\/category\/df\/"},"img":{"alt_text":"","src":"https:\/\/i0.wp.com\/cfcontabil.com\/cf\/wp-content\/uploads\/2019\/11\/Receita-Federal.jpg?fit=1200%2C675&resize=350%2C200","width":350,"height":200,"srcset":"https:\/\/i0.wp.com\/cfcontabil.com\/cf\/wp-content\/uploads\/2019\/11\/Receita-Federal.jpg?fit=1200%2C675&resize=350%2C200 1x, https:\/\/i0.wp.com\/cfcontabil.com\/cf\/wp-content\/uploads\/2019\/11\/Receita-Federal.jpg?fit=1200%2C675&resize=525%2C300 1.5x, https:\/\/i0.wp.com\/cfcontabil.com\/cf\/wp-content\/uploads\/2019\/11\/Receita-Federal.jpg?fit=1200%2C675&resize=700%2C400 2x, https:\/\/i0.wp.com\/cfcontabil.com\/cf\/wp-content\/uploads\/2019\/11\/Receita-Federal.jpg?fit=1200%2C675&resize=1050%2C600 3x"},"classes":[]},{"id":802,"url":"http:\/\/cfcontabil.com\/cf\/divulgado-o-cronograma-do-irpf-2017-pela-receita-federal\/","url_meta":{"origin":694,"position":2},"title":"Divulgado o cronograma do IRPF 2017 pela Receita Federal","author":"Ab\u00edlio Gon\u00e7alves","date":"9 de janeiro de 2017","format":false,"excerpt":"\u00c9 importante saber que al\u00e9m da \u00a0Declara\u00e7\u00e3o de Ajuste Anual da Pessoa F\u00edsica, v\u00e1rios programas e aplicativos auxiliares que visam facilitar o cumprimento das obriga\u00e7\u00f5es tribut\u00e1rias por parte dos contribuintes. Fique atento as datas e n\u00e3o perca os prazos, na d\u00favida, busque um contador para ajudar: A Secretaria da Receita\u2026","rel":"","context":"Em &quot;Geral&quot;","block_context":{"text":"Geral","link":"http:\/\/cfcontabil.com\/cf\/category\/geral\/"},"img":{"alt_text":"","src":"https:\/\/i0.wp.com\/cfcontabil.com\/cf\/wp-content\/uploads\/2017\/01\/leao-imposto-renda-original1-1.jpeg?fit=620%2C349&resize=350%2C200","width":350,"height":200,"srcset":"https:\/\/i0.wp.com\/cfcontabil.com\/cf\/wp-content\/uploads\/2017\/01\/leao-imposto-renda-original1-1.jpeg?fit=620%2C349&resize=350%2C200 1x, https:\/\/i0.wp.com\/cfcontabil.com\/cf\/wp-content\/uploads\/2017\/01\/leao-imposto-renda-original1-1.jpeg?fit=620%2C349&resize=525%2C300 1.5x"},"classes":[]},{"id":1911,"url":"http:\/\/cfcontabil.com\/cf\/mudancas-nas-aliquotas-de-contribuicao-previdenciaria-comecarao-a-valer-em-marco-de-2020\/","url_meta":{"origin":694,"position":3},"title":"Mudan\u00e7as nas al\u00edquotas de contribui\u00e7\u00e3o previdenci\u00e1ria come\u00e7ar\u00e3o a valer em mar\u00e7o de 2020","author":"Ab\u00edlio Gon\u00e7alves","date":"18 de novembro de 2019","format":false,"excerpt":"A\u00a0reforma da Previd\u00eancia\u00a0foi publicada no Di\u00e1rio Oficial na \u00faltima quarta-feira (dia 13) e, com isso, as novas regras de concess\u00e3o de aposentadoria e pens\u00e3o por morte j\u00e1 come\u00e7aram a valer. As\u00a0mudan\u00e7as nas al\u00edquotas de contribui\u00e7\u00e3o previdenci\u00e1ria\u00a0de servidores p\u00fablicos e segurados do Instituto Nacional do Seguro Social (INSS), por\u00e9m, s\u00f3 come\u00e7ar\u00e3o\u2026","rel":"","context":"Em &quot;Departamento Pessoal&quot;","block_context":{"text":"Departamento Pessoal","link":"http:\/\/cfcontabil.com\/cf\/category\/dp\/"},"img":{"alt_text":"","src":"https:\/\/i0.wp.com\/cfcontabil.com\/cf\/wp-content\/uploads\/2017\/01\/logo-inss-previdencia-social-1.png?fit=1000%2C604&resize=350%2C200","width":350,"height":200,"srcset":"https:\/\/i0.wp.com\/cfcontabil.com\/cf\/wp-content\/uploads\/2017\/01\/logo-inss-previdencia-social-1.png?fit=1000%2C604&resize=350%2C200 1x, https:\/\/i0.wp.com\/cfcontabil.com\/cf\/wp-content\/uploads\/2017\/01\/logo-inss-previdencia-social-1.png?fit=1000%2C604&resize=525%2C300 1.5x, https:\/\/i0.wp.com\/cfcontabil.com\/cf\/wp-content\/uploads\/2017\/01\/logo-inss-previdencia-social-1.png?fit=1000%2C604&resize=700%2C400 2x"},"classes":[]},{"id":2962,"url":"http:\/\/cfcontabil.com\/cf\/o-abc-dos-impostos-imobiliarios-tudo-sobre-iptu-itbi-itcmd-e-mais\/","url_meta":{"origin":694,"position":4},"title":"O ABC dos Impostos Imobili\u00e1rios: Tudo Sobre IPTU, ITBI, ITCMD e Mais","author":"Ab\u00edlio Gon\u00e7alves","date":"7 de mar\u00e7o de 2024","format":false,"excerpt":"Se voc\u00ea \u00e9 como a maioria das pessoas, pensar em impostos pode ser uma dor de cabe\u00e7a. Mas quando se trata do mundo dos im\u00f3veis, entender os impostos \u00e9 essencial para evitar surpresas desagrad\u00e1veis e garantir que voc\u00ea esteja em conformidade com a lei. Por isso, hoje vamos desvendar os\u2026","rel":"","context":"Em &quot;Geral&quot;","block_context":{"text":"Geral","link":"http:\/\/cfcontabil.com\/cf\/category\/geral\/"},"img":{"alt_text":"","src":"https:\/\/i0.wp.com\/cfcontabil.com\/cf\/wp-content\/uploads\/2024\/03\/capa-impostos-imoveis-cfcontabil.png?fit=1200%2C675&resize=350%2C200","width":350,"height":200,"srcset":"https:\/\/i0.wp.com\/cfcontabil.com\/cf\/wp-content\/uploads\/2024\/03\/capa-impostos-imoveis-cfcontabil.png?fit=1200%2C675&resize=350%2C200 1x, https:\/\/i0.wp.com\/cfcontabil.com\/cf\/wp-content\/uploads\/2024\/03\/capa-impostos-imoveis-cfcontabil.png?fit=1200%2C675&resize=525%2C300 1.5x, https:\/\/i0.wp.com\/cfcontabil.com\/cf\/wp-content\/uploads\/2024\/03\/capa-impostos-imoveis-cfcontabil.png?fit=1200%2C675&resize=700%2C400 2x, https:\/\/i0.wp.com\/cfcontabil.com\/cf\/wp-content\/uploads\/2024\/03\/capa-impostos-imoveis-cfcontabil.png?fit=1200%2C675&resize=1050%2C600 3x"},"classes":[]},{"id":1218,"url":"http:\/\/cfcontabil.com\/cf\/instrucoes-normativas-sobre-imposto-de-renda\/","url_meta":{"origin":694,"position":5},"title":"Instru\u00e7\u00f5es Normativas sobre Imposto de Renda","author":"Ab\u00edlio Gon\u00e7alves","date":"22 de fevereiro de 2017","format":false,"excerpt":"A Receita Federal publicou hoje (22.02) v\u00e1rias Instru\u00e7\u00f5es Normativas com regras sobre o imposto de renda, para o exerc\u00edcio de 2017: Instru\u00e7\u00e3o Normativa 1696 - programa multiplataforma da Declara\u00e7\u00e3o de Ajuste Anual do Imposto sobre a Renda da Pessoa F\u00edsica, da Declara\u00e7\u00e3o Final de Esp\u00f3lio e da Declara\u00e7\u00e3o de Sa\u00edda\u2026","rel":"","context":"Em &quot;Departamento Fiscal&quot;","block_context":{"text":"Departamento Fiscal","link":"http:\/\/cfcontabil.com\/cf\/category\/df\/"},"img":{"alt_text":"","src":"","width":0,"height":0},"classes":[]}],"jetpack_likes_enabled":true,"_links":{"self":[{"href":"http:\/\/cfcontabil.com\/cf\/wp-json\/wp\/v2\/posts\/694","targetHints":{"allow":["GET"]}}],"collection":[{"href":"http:\/\/cfcontabil.com\/cf\/wp-json\/wp\/v2\/posts"}],"about":[{"href":"http:\/\/cfcontabil.com\/cf\/wp-json\/wp\/v2\/types\/post"}],"author":[{"embeddable":true,"href":"http:\/\/cfcontabil.com\/cf\/wp-json\/wp\/v2\/users\/3"}],"replies":[{"embeddable":true,"href":"http:\/\/cfcontabil.com\/cf\/wp-json\/wp\/v2\/comments?post=694"}],"version-history":[{"count":0,"href":"http:\/\/cfcontabil.com\/cf\/wp-json\/wp\/v2\/posts\/694\/revisions"}],"wp:featuredmedia":[{"embeddable":true,"href":"http:\/\/cfcontabil.com\/cf\/wp-json\/wp\/v2\/media\/695"}],"wp:attachment":[{"href":"http:\/\/cfcontabil.com\/cf\/wp-json\/wp\/v2\/media?parent=694"}],"wp:term":[{"taxonomy":"category","embeddable":true,"href":"http:\/\/cfcontabil.com\/cf\/wp-json\/wp\/v2\/categories?post=694"},{"taxonomy":"post_tag","embeddable":true,"href":"http:\/\/cfcontabil.com\/cf\/wp-json\/wp\/v2\/tags?post=694"}],"curies":[{"name":"wp","href":"https:\/\/api.w.org\/{rel}","templated":true}]}}