{"id":699,"date":"2016-03-28T16:01:10","date_gmt":"2016-03-28T19:01:10","guid":{"rendered":"http:\/\/cfcontabil.com\/cf\/?p=699"},"modified":"2016-03-28T16:01:10","modified_gmt":"2016-03-28T19:01:10","slug":"imposto-de-renda-declaracao-em-conjunto-ou-separado","status":"publish","type":"post","link":"http:\/\/cfcontabil.com\/cf\/imposto-de-renda-declaracao-em-conjunto-ou-separado\/","title":{"rendered":"Imposto de Renda &#8211; declara\u00e7\u00e3o em conjunto ou separado?"},"content":{"rendered":"<p style=\"text-align: justify;\"><a href=\"https:\/\/i0.wp.com\/cfcontabil.com\/cf\/wp-content\/uploads\/2016\/03\/declaracaoconjunta.jpg\" rel=\"attachment wp-att-700\"><img data-recalc-dims=\"1\" decoding=\"async\" data-attachment-id=\"700\" data-permalink=\"http:\/\/cfcontabil.com\/cf\/declaracaoconjunta\/\" data-orig-file=\"https:\/\/i0.wp.com\/cfcontabil.com\/cf\/wp-content\/uploads\/2016\/03\/declaracaoconjunta-1.jpg?fit=275%2C183\" data-orig-size=\"275,183\" data-comments-opened=\"1\" data-image-meta=\"{&quot;aperture&quot;:&quot;0&quot;,&quot;credit&quot;:&quot;&quot;,&quot;camera&quot;:&quot;&quot;,&quot;caption&quot;:&quot;&quot;,&quot;created_timestamp&quot;:&quot;0&quot;,&quot;copyright&quot;:&quot;&quot;,&quot;focal_length&quot;:&quot;0&quot;,&quot;iso&quot;:&quot;0&quot;,&quot;shutter_speed&quot;:&quot;0&quot;,&quot;title&quot;:&quot;&quot;,&quot;orientation&quot;:&quot;0&quot;}\" data-image-title=\"declaracaoconjunta\" data-image-description=\"\" data-image-caption=\"\" data-large-file=\"https:\/\/i0.wp.com\/cfcontabil.com\/cf\/wp-content\/uploads\/2016\/03\/declaracaoconjunta-1.jpg?fit=275%2C183\" class=\" wp-image-700 alignleft\" src=\"https:\/\/i0.wp.com\/cfcontabil.com\/cf\/wp-content\/uploads\/2016\/03\/declaracaoconjunta.jpg?resize=240%2C160\" alt=\"declaracaoconjunta\" width=\"240\" height=\"160\" \/><\/a>Uma d\u00favida muito constante para quem declara Imposto de Renda Pessoa F\u00edsica \u00e9 se vale a pena fazer declara\u00e7\u00e3o em conjunto ou separado. Contudo segundo o s\u00f3cio da Delgado &amp; Freitas Advogados, Fabio Delgado, isso depender\u00e1 de uma an\u00e1lise individual de cada caso.<\/p>\n<p>&nbsp;<\/p>\n<p><!--more--><\/p>\n<p style=\"text-align: justify;\">Segundo Delgado, uma primeira situa\u00e7\u00e3o \u00e9 quando uma pessoa deve declarar e outra n\u00e3o, nessa situa\u00e7\u00e3o a declara\u00e7\u00e3o conjunta pode ser interessante. \u201cDessa forma, o benef\u00edcio de apresentar declara\u00e7\u00e3o de IRPF conjunta \u00e9 a utiliza\u00e7\u00e3o do teto de dedu\u00e7\u00e3o, no valor de R$ 2.063,00 (dois mil e sessenta e tr\u00eas reais)\u201d, conta.<\/p>\n<p style=\"text-align: justify;\">Mas, se titular e dependente possuem rendimentos tribut\u00e1veis acima do limite de isen\u00e7\u00e3o, na grande maioria dos casos a declara\u00e7\u00e3o em conjunto n\u00e3o \u00e9 vantajosa, uma vez que os rendimentos somados na declara\u00e7\u00e3o conjunta implicar\u00e1 em imposto a pagar maior que o devido na soma do imposto das declara\u00e7\u00f5es individuais.<\/p>\n<p style=\"text-align: justify;\">\u201cIsso ocorre porque, declarando-se individualmente, utiliza-se uma tabela para cada um, enquanto que na declara\u00e7\u00e3o conjunta os valores da tabela n\u00e3o s\u00e3o duplicados. Assim, pode acontecer de, individualmente, cada um merecer restitui\u00e7\u00e3o, e na declara\u00e7\u00e3o conjunta serem obrigados a pagar imposto\u201d, alerta o s\u00f3cio da Delgado &amp; Freitas Advogados.<\/p>\n<p style=\"text-align: justify;\">Contudo, uma hip\u00f3tese objetiva na qual pode ser vantajosa a declara\u00e7\u00e3o conjunta \u00e9 se um dos parceiros possuir despesas m\u00e9dicas elevadas, da qual o dependente n\u00e3o poderia deduzir na declara\u00e7\u00e3o individual. Como as despesas m\u00e9dicas n\u00e3o t\u00eam limite de dedu\u00e7\u00e3o, a despesa elevada incorrida por um deles poder\u00e1 trazer economia tribut\u00e1ria efetiva na declara\u00e7\u00e3o conjunta.<\/p>\n<p style=\"text-align: justify;\">Existem outras situa\u00e7\u00f5es que poder\u00e3o ser vantajosas a declara\u00e7\u00e3o conjunta, todavia, a verifica\u00e7\u00e3o n\u00e3o \u00e9 objetiva e, por isso, dependem de simula\u00e7\u00e3o de cada caso em espec\u00edfico. Para Delgado, \u201cinfelizmente somente simulando as situa\u00e7\u00f5es concretas de cada contribuinte na declara\u00e7\u00e3o de imposto de renda \u00e9 que poder\u00e1 ser poss\u00edvel conhecer a maneira mais vantajosa de declarar\u201d.<\/p>\n<p style=\"text-align: justify;\">Assim, a recomenda\u00e7\u00e3o para os casais que est\u00e3o em d\u00favida na hora de fazer a declara\u00e7\u00e3o \u00e9 a paci\u00eancia e fazer uma s\u00e9rie de simula\u00e7\u00e3o, que possibilitar\u00e1 saber qual apresenta o retorno mais favor\u00e1vel para o contribuinte. Isso feito, se dever\u00e1 realizar uma an\u00e1lise se existem impeditivos ou inconsist\u00eancias que poder\u00e3o levar a malha fina, e caso contr\u00e1rio enviar o documento. Mas isso tudo deve ser feito com prazo para uma melhor an\u00e1lise. \u201cFinalizada a entrega, n\u00e3o se recomenda a realiza\u00e7\u00e3o da retifica\u00e7\u00e3o, pois, mudando a op\u00e7\u00e3o, com certeza cair\u00e1 na malha fina para justificar\u201d, finaliza o s\u00f3cio da Delgado &amp; Freitas Advogados.<\/p>\n<p style=\"text-align: justify;\"><em class=\"link\">Fonte: <a href=\"http:\/\/www.segs.com.br\/seguros\/8591-imposto-de-renda-declaracao-em-conjunto-ou-separado.html\" target=\"_blank\" rel=\"nofollow noopener noreferrer\">http:\/\/www.segs.com.br\/seguros\/8591-imposto-de-renda-declaracao-em-conjunto-ou-separado.html<\/a><\/em><\/p>\n","protected":false},"excerpt":{"rendered":"<p>Uma d\u00favida muito constante para quem declara Imposto de Renda Pessoa F\u00edsica \u00e9 se vale a pena fazer declara\u00e7\u00e3o em conjunto ou separado. Contudo segundo o s\u00f3cio da Delgado &amp; Freitas Advogados, Fabio Delgado, isso depender\u00e1 de uma an\u00e1lise individual de cada caso. &nbsp;<\/p>\n","protected":false},"author":3,"featured_media":701,"comment_status":"open","ping_status":"open","sticky":false,"template":"","format":"standard","meta":{"jetpack_post_was_ever_published":false,"_jetpack_newsletter_access":"","_jetpack_dont_email_post_to_subs":false,"_jetpack_newsletter_tier_id":0,"_jetpack_memberships_contains_paywalled_content":false,"_jetpack_memberships_contains_paid_content":false,"footnotes":"","jetpack_publicize_message":"","jetpack_publicize_feature_enabled":true,"jetpack_social_post_already_shared":true,"jetpack_social_options":{"image_generator_settings":{"template":"highway","default_image_id":0,"font":"","enabled":false},"version":2}},"categories":[22],"tags":[222,106,108,111,223],"class_list":["post-699","post","type-post","status-publish","format-standard","has-post-thumbnail","hentry","category-geral","tag-conjunta","tag-declaracao","tag-imposto","tag-renda","tag-separada"],"jetpack_publicize_connections":[],"jetpack_featured_media_url":"https:\/\/i0.wp.com\/cfcontabil.com\/cf\/wp-content\/uploads\/2016\/03\/imposto-receita-leao-1.jpg?fit=297%2C170","jetpack_sharing_enabled":true,"jetpack_shortlink":"https:\/\/wp.me\/p2wklX-bh","jetpack-related-posts":[{"id":1296,"url":"http:\/\/cfcontabil.com\/cf\/imposto-de-renda-2018-veja-13-erros-mais-comuns-na-declaracao-e-evite-cair-na-malha-fina\/","url_meta":{"origin":699,"position":0},"title":"Imposto de Renda 2018: Veja 13 erros mais comuns na declara\u00e7\u00e3o e evite cair na malha fina","author":"Ab\u00edlio Gon\u00e7alves","date":"3 de mar\u00e7o de 2018","format":false,"excerpt":"Reportagem do G1 Esquecer de informar pens\u00e3o aliment\u00edcia, colocar cursos n\u00e3o autorizados como despesas de educa\u00e7\u00e3o para deduzir imposto e at\u00e9 erros de digita\u00e7\u00e3o s\u00e3o comuns; prazo para declarar at\u00e9 30 de abril Os motivos que levam algu\u00e9m a cair na malha fina s\u00e3o v\u00e1rios e v\u00e3o desde a omiss\u00e3o\u2026","rel":"","context":"Em &quot;Geral&quot;","block_context":{"text":"Geral","link":"http:\/\/cfcontabil.com\/cf\/category\/geral\/"},"img":{"alt_text":"","src":"https:\/\/i0.wp.com\/cfcontabil.com\/cf\/wp-content\/uploads\/2016\/04\/leao_do_imposto_de_renda-1.jpg?fit=620%2C345&resize=350%2C200","width":350,"height":200,"srcset":"https:\/\/i0.wp.com\/cfcontabil.com\/cf\/wp-content\/uploads\/2016\/04\/leao_do_imposto_de_renda-1.jpg?fit=620%2C345&resize=350%2C200 1x, https:\/\/i0.wp.com\/cfcontabil.com\/cf\/wp-content\/uploads\/2016\/04\/leao_do_imposto_de_renda-1.jpg?fit=620%2C345&resize=525%2C300 1.5x"},"classes":[]},{"id":343,"url":"http:\/\/cfcontabil.com\/cf\/irpf-2013-chegando-ao-fim\/","url_meta":{"origin":699,"position":1},"title":"IRPF 2013 chegando ao fim!","author":"Ab\u00edlio Gon\u00e7alves","date":"17 de abril de 2013","format":false,"excerpt":"Se aproxima o fim do prazo de entrega da Declara\u00e7\u00e3o do Imposto de Renda Pessoa F\u00edsica de 2013, que encerra dia 30 de abril. Est\u00e1 obrigado a apresentar a declara\u00e7\u00e3o quem recebeu rendimentos tribut\u00e1veis superiores a R$ 24.556,65 em 2012 (ano-base para a declara\u00e7\u00e3o do IR de 2013), mas h\u00e1\u2026","rel":"","context":"Em &quot;Geral&quot;","block_context":{"text":"Geral","link":"http:\/\/cfcontabil.com\/cf\/category\/geral\/"},"img":{"alt_text":"Imposto de Renda","src":"https:\/\/i0.wp.com\/www.blogdajoice.com\/wp-content\/uploads\/2013\/03\/Charge-Le%C3%A3o-Imposto-de-Renda.jpg?resize=350%2C200","width":350,"height":200},"classes":[]},{"id":2748,"url":"http:\/\/cfcontabil.com\/cf\/imposto-de-renda-2022-prepare-seus-documentos-esta-semana\/","url_meta":{"origin":699,"position":2},"title":"Imposto de Renda 2022: prepare seus documentos esta semana!","author":"Ab\u00edlio Gon\u00e7alves","date":"23 de fevereiro de 2022","format":false,"excerpt":"Separe seus documentos para fazer a declara\u00e7\u00e3o a partir de 2 de mar\u00e7o.","rel":"","context":"Em &quot;Imposto de Renda&quot;","block_context":{"text":"Imposto de Renda","link":"http:\/\/cfcontabil.com\/cf\/category\/imposto-de-renda\/"},"img":{"alt_text":"","src":"https:\/\/i0.wp.com\/cfcontabil.com\/cf\/wp-content\/uploads\/2022\/02\/Banner-na-imposto-de-renda-Miniatura-do-YouTube.png?fit=1200%2C675&resize=350%2C200","width":350,"height":200,"srcset":"https:\/\/i0.wp.com\/cfcontabil.com\/cf\/wp-content\/uploads\/2022\/02\/Banner-na-imposto-de-renda-Miniatura-do-YouTube.png?fit=1200%2C675&resize=350%2C200 1x, https:\/\/i0.wp.com\/cfcontabil.com\/cf\/wp-content\/uploads\/2022\/02\/Banner-na-imposto-de-renda-Miniatura-do-YouTube.png?fit=1200%2C675&resize=525%2C300 1.5x, https:\/\/i0.wp.com\/cfcontabil.com\/cf\/wp-content\/uploads\/2022\/02\/Banner-na-imposto-de-renda-Miniatura-do-YouTube.png?fit=1200%2C675&resize=700%2C400 2x, https:\/\/i0.wp.com\/cfcontabil.com\/cf\/wp-content\/uploads\/2022\/02\/Banner-na-imposto-de-renda-Miniatura-do-YouTube.png?fit=1200%2C675&resize=1050%2C600 3x"},"classes":[]},{"id":3466,"url":"http:\/\/cfcontabil.com\/cf\/irpf-2026-isencao-de-r-5mil-nova-tabela\/","url_meta":{"origin":699,"position":3},"title":"IR 2026: Isen\u00e7\u00e3o de R$ 5mil &#8211; Nova Tabela!","author":"Ab\u00edlio Gon\u00e7alves","date":"16 de janeiro de 2026","format":false,"excerpt":"Guia Completo da CF Cont\u00e1bil 1.0 Introdu\u00e7\u00e3o: Voc\u00ea Est\u00e1 Deixando Dinheiro na Mesa?Voc\u00ea sabe se tem direito \u00e0 isen\u00e7\u00e3o total do Imposto de Renda ou se est\u00e1 pagando um imposto que poderia economizar? A resposta pode definir se voc\u00ea receber\u00e1 uma restitui\u00e7\u00e3o maior ou se deixar\u00e1 um dinheiro valioso para\u2026","rel":"","context":"Em &quot;Imposto de Renda&quot;","block_context":{"text":"Imposto de Renda","link":"http:\/\/cfcontabil.com\/cf\/category\/imposto-de-renda\/"},"img":{"alt_text":"","src":"https:\/\/i0.wp.com\/cfcontabil.com\/cf\/wp-content\/uploads\/2026\/01\/IRPF26-NOVA-TABELA-scaled.png?fit=1200%2C670&resize=350%2C200","width":350,"height":200,"srcset":"https:\/\/i0.wp.com\/cfcontabil.com\/cf\/wp-content\/uploads\/2026\/01\/IRPF26-NOVA-TABELA-scaled.png?fit=1200%2C670&resize=350%2C200 1x, https:\/\/i0.wp.com\/cfcontabil.com\/cf\/wp-content\/uploads\/2026\/01\/IRPF26-NOVA-TABELA-scaled.png?fit=1200%2C670&resize=525%2C300 1.5x, https:\/\/i0.wp.com\/cfcontabil.com\/cf\/wp-content\/uploads\/2026\/01\/IRPF26-NOVA-TABELA-scaled.png?fit=1200%2C670&resize=700%2C400 2x, https:\/\/i0.wp.com\/cfcontabil.com\/cf\/wp-content\/uploads\/2026\/01\/IRPF26-NOVA-TABELA-scaled.png?fit=1200%2C670&resize=1050%2C600 3x"},"classes":[]},{"id":1075,"url":"http:\/\/cfcontabil.com\/cf\/receita-federal-lanca-video-do-imposto-de-renda-2017\/","url_meta":{"origin":699,"position":4},"title":"Receita Federal lan\u00e7a v\u00eddeo do Imposto de Renda 2017","author":"Ab\u00edlio Gon\u00e7alves","date":"21 de mar\u00e7o de 2017","format":false,"excerpt":"A TV Receita acaba de lan\u00e7ar v\u00eddeo em anima\u00e7\u00e3o para a divulga\u00e7\u00e3o do IRPF 2017. As imagens apresentam as novidades da declara\u00e7\u00e3o deste ano, al\u00e9m de enfatizar de forma l\u00fadica e simplificada os pontos b\u00e1sicos da declara\u00e7\u00e3o de imposto de renda pessoa f\u00edsica. Com bom humor e de forma descontra\u00edda,\u2026","rel":"","context":"Em &quot;Departamento Fiscal&quot;","block_context":{"text":"Departamento Fiscal","link":"http:\/\/cfcontabil.com\/cf\/category\/df\/"},"img":{"alt_text":"","src":"https:\/\/i0.wp.com\/cfcontabil.com\/cf\/wp-content\/uploads\/2017\/02\/irpf2017-1.png?fit=490%2C247&resize=350%2C200","width":350,"height":200},"classes":[]},{"id":1224,"url":"http:\/\/cfcontabil.com\/cf\/confira-as-regras-da-declaracao-do-irpf-2017\/","url_meta":{"origin":699,"position":5},"title":"Confira as regras da Declara\u00e7\u00e3o do IRPF 2017","author":"Ab\u00edlio Gon\u00e7alves","date":"23 de fevereiro de 2017","format":false,"excerpt":"O prazo de entrega vai de 2 de mar\u00e7o a 28 de abril de 2017 Na manh\u00e3 de hoje (22\/2), a Receita Federal anunciou em coletiva de imprensa as principais novidades e regras do Imposto de Renda das Pessoas F\u00edsicas para este ano. Entre as inova\u00e7\u00f5es est\u00e1 a atualiza\u00e7\u00e3o autom\u00e1tica\u2026","rel":"","context":"Em &quot;Departamento Fiscal&quot;","block_context":{"text":"Departamento Fiscal","link":"http:\/\/cfcontabil.com\/cf\/category\/df\/"},"img":{"alt_text":"","src":"","width":0,"height":0},"classes":[]}],"jetpack_likes_enabled":true,"_links":{"self":[{"href":"http:\/\/cfcontabil.com\/cf\/wp-json\/wp\/v2\/posts\/699","targetHints":{"allow":["GET"]}}],"collection":[{"href":"http:\/\/cfcontabil.com\/cf\/wp-json\/wp\/v2\/posts"}],"about":[{"href":"http:\/\/cfcontabil.com\/cf\/wp-json\/wp\/v2\/types\/post"}],"author":[{"embeddable":true,"href":"http:\/\/cfcontabil.com\/cf\/wp-json\/wp\/v2\/users\/3"}],"replies":[{"embeddable":true,"href":"http:\/\/cfcontabil.com\/cf\/wp-json\/wp\/v2\/comments?post=699"}],"version-history":[{"count":0,"href":"http:\/\/cfcontabil.com\/cf\/wp-json\/wp\/v2\/posts\/699\/revisions"}],"wp:featuredmedia":[{"embeddable":true,"href":"http:\/\/cfcontabil.com\/cf\/wp-json\/wp\/v2\/media\/701"}],"wp:attachment":[{"href":"http:\/\/cfcontabil.com\/cf\/wp-json\/wp\/v2\/media?parent=699"}],"wp:term":[{"taxonomy":"category","embeddable":true,"href":"http:\/\/cfcontabil.com\/cf\/wp-json\/wp\/v2\/categories?post=699"},{"taxonomy":"post_tag","embeddable":true,"href":"http:\/\/cfcontabil.com\/cf\/wp-json\/wp\/v2\/tags?post=699"}],"curies":[{"name":"wp","href":"https:\/\/api.w.org\/{rel}","templated":true}]}}