{"id":703,"date":"2016-03-29T05:00:24","date_gmt":"2016-03-29T08:00:24","guid":{"rendered":"http:\/\/cfcontabil.com\/cf\/?p=703"},"modified":"2016-03-29T05:00:24","modified_gmt":"2016-03-29T08:00:24","slug":"veja-13-coisas-para-nao-esquecer-na-hora-da-declaracao-do-ir-2016","status":"publish","type":"post","link":"http:\/\/cfcontabil.com\/cf\/veja-13-coisas-para-nao-esquecer-na-hora-da-declaracao-do-ir-2016\/","title":{"rendered":"Veja 13 coisas para n\u00e3o esquecer na hora da declara\u00e7\u00e3o do IR 2016"},"content":{"rendered":"<h4 style=\"text-align: justify;\">Omiss\u00f5es e diverg\u00eancias s\u00e3o erros que podem levar \u00e0 malha fina.<br \/>\nPrazo para entrega da declara\u00e7\u00e3o termina no dia 29 de abril.<\/h4>\n<p><a href=\"https:\/\/i0.wp.com\/cfcontabil.com\/cf\/wp-content\/uploads\/2016\/03\/lista-511x315.jpg\" rel=\"attachment wp-att-704\"><img data-recalc-dims=\"1\" fetchpriority=\"high\" decoding=\"async\" data-attachment-id=\"704\" data-permalink=\"http:\/\/cfcontabil.com\/cf\/lista-511x315\/\" data-orig-file=\"https:\/\/i0.wp.com\/cfcontabil.com\/cf\/wp-content\/uploads\/2016\/03\/lista-511x315-1.jpg?fit=511%2C315\" data-orig-size=\"511,315\" data-comments-opened=\"1\" data-image-meta=\"{&quot;aperture&quot;:&quot;0&quot;,&quot;credit&quot;:&quot;&quot;,&quot;camera&quot;:&quot;&quot;,&quot;caption&quot;:&quot;&quot;,&quot;created_timestamp&quot;:&quot;0&quot;,&quot;copyright&quot;:&quot;&quot;,&quot;focal_length&quot;:&quot;0&quot;,&quot;iso&quot;:&quot;0&quot;,&quot;shutter_speed&quot;:&quot;0&quot;,&quot;title&quot;:&quot;&quot;,&quot;orientation&quot;:&quot;0&quot;}\" data-image-title=\"lista-511&amp;#215;315\" data-image-description=\"\" data-image-caption=\"\" data-large-file=\"https:\/\/i0.wp.com\/cfcontabil.com\/cf\/wp-content\/uploads\/2016\/03\/lista-511x315-1.jpg?fit=511%2C315\" class=\"size-full wp-image-704 aligncenter\" src=\"https:\/\/i0.wp.com\/cfcontabil.com\/cf\/wp-content\/uploads\/2016\/03\/lista-511x315.jpg?resize=511%2C315\" alt=\"lista-511x315\" width=\"511\" height=\"315\" \/><\/a><\/p>\n<p style=\"text-align: justify;\">O prazo para entrega da declara\u00e7\u00e3o termina no pr\u00f3ximo dia 29 de abril. Para n\u00e3o cair na malha fina e evitar dor de cabe\u00e7a \u00e9 importante que o contribuinte tome alguns cuidados na hora do preenchimento e n\u00e3o se esquecer de informar todos os rendimentos recebidos no ano e bens em seu nome.<!--more--><\/p>\n<p style=\"text-align: justify;\">Segundo Ana Cl\u00e1udia Utumi, s\u00f3cia da TozziniFreire Advogados, os &#8220;esquecimentos&#8221; mais comuns costumam ser os referentes a rendimentos recebidos. &#8220;Pessoas que t\u00eam mais de uma fonte de renda n\u00e3o podem deixar de declarar nenhuma delas, por menor que seja o valor, j\u00e1 que esse esquecimento pode ser interpretado como sonega\u00e7\u00e3o fiscal&#8221;, explica.<\/p>\n<p style=\"text-align: justify;\">A especialista alerta ainda sobre os limites m\u00ednimos para a inclus\u00e3o de bens e direitos na declara\u00e7\u00e3o: conta-corrente, poupan\u00e7a e aplica\u00e7\u00f5es financeiras com valores a partir de R$ 140; a\u00e7\u00f5es de empresas a partir de R$ 1 mil; im\u00f3veis, ve\u00edculos automotores, embarca\u00e7\u00f5es, aeronaves, independentemente do valor; e bens m\u00f3veis ou direitos de valor superior a R$ 5 mil.<\/p>\n<p style=\"text-align: justify;\">Omiss\u00f5es de rendimentos, n\u00fameros errados e diverg\u00eancias em valores de despesas informadas costumam ser os erros mais comuns entre as declara\u00e7\u00f5es retidas na malha fina da Receita.<\/p>\n<p style=\"text-align: justify;\">Veja abaixo o que o contribuinte n\u00e3o deve esquecer ou errar ao fazer a declara\u00e7\u00e3o:<\/p>\n<p style=\"text-align: justify;\"><strong>1 &#8211; Todos os rendimentos<\/strong><br \/>\nN\u00e3o deixe de informar todos os rendimentos recebidos, por menor que seja o valor;<\/p>\n<p><strong>2 &#8211; Previd\u00eancia Privada<\/strong><br \/>\nN\u00e3o esque\u00e7a de lan\u00e7ar na ficha de rendimentos tribut\u00e1veis, os rendimentos proveniente de resgate de previd\u00eancias privadas, quando n\u00e3o optantes pela plano regressivo de tributa\u00e7\u00e3o;<\/p>\n<p><strong>3 &#8211; Rendas de aposentados e pensionistas<\/strong><br \/>\nN\u00e3o esque\u00e7a de informar, no caso de contribuintes com mais de 65 anos, rendimentos isentos com valor superior ao limite legal. O valor excedente deve ser informado como rendimento tribut\u00e1vel. Em caso de declara\u00e7\u00e3o em conjunto, se ambos os contribuintes preencherem as condi\u00e7\u00f5es de isen\u00e7\u00e3o, o valor m\u00e1ximo permitido \u00e9 a soma dos limites de cada um.<\/p>\n<p><strong>4 &#8211; Pens\u00e3o aliment\u00edcia<\/strong><br \/>\nN\u00e3o esque\u00e7a de lan\u00e7ar a pens\u00e3o aliment\u00edcia recebida como rendimentos na ficha de rendimentos tributados recebidos de pessoa f\u00edsica.<\/p>\n<p style=\"text-align: justify;\"><strong>5 &#8211; Informa\u00e7\u00f5es precisas<\/strong><br \/>\nCuidado para n\u00e3o lan\u00e7ar valores na ficha de rendimentos tribut\u00e1veis diferentes daqueles relacionados nos informes de rendimento das fontes pagadoras;<\/p>\n<p><strong>6 &#8211; Ganhos de capital<\/strong><br \/>\nN\u00e3o deixe de preencher a ficha de ganhos de capital no caso de venda de bens e direitos;<\/p>\n<p style=\"text-align: justify;\"><strong>7 &#8211; Ganhos na bolsa<\/strong><br \/>\nN\u00e3o deixe de declarar ganhos de renda vari\u00e1vel caso tenha feito opera\u00e7\u00f5es na bolsa de valores;<\/p>\n<p style=\"text-align: justify;\"><strong>8 &#8211; Bens e patrim\u00f4nio<\/strong><br \/>\nN\u00e3o esque\u00e7a de declarar todos os bens e direitos, respeitando os seguintes limites: conta-corrente, poupan\u00e7a e aplica\u00e7\u00f5es financeiras, com saldo acima de R$ 140; a\u00e7\u00f5es de empresas, a partir de R$ 1 mil; im\u00f3veis, ve\u00edculos automotores, embarca\u00e7\u00f5es, aeronaves, independentemente do valor; outros bens m\u00f3veis e direitos avaliados a partir de R$ 5 mil.<\/p>\n<p style=\"text-align: justify;\"><strong>9 &#8211; Rendimentos de dependentes<\/strong><br \/>\nN\u00e3o esque\u00e7a de relacionar os rendimentos e bens de todos os dependentes de sua declara\u00e7\u00e3o;<\/p>\n<p style=\"text-align: justify;\"><strong>10 &#8211; Alugu\u00e9is<\/strong><br \/>\nN\u00e3o esque\u00e7a de informar os valores de alugu\u00e9is recebidos ou pagos;<\/p>\n<p style=\"text-align: justify;\"><strong>11 &#8211; Reforma de im\u00f3veis<\/strong><br \/>\nReformas e despesas com constru\u00e7\u00f5es devem ser informadoas, e todos os gastos devem ser comprovados com nota fiscal.<\/p>\n<p style=\"text-align: justify;\"><strong>12 &#8211; Heran\u00e7as e doa\u00e7\u00f5es<\/strong><br \/>\nContribuintes devem informar bens recebidos por heran\u00e7as ou doa\u00e7\u00f5es na ficha de \u201cRendimentos Isentos e N\u00e3o Tribut\u00e1veis\u201d. As doa\u00e7\u00f5es s\u00e3o isentas de imposto federal, mas n\u00e3o de tributos estaduais. J\u00e1 quem faz a doa\u00e7\u00e3o deve inform\u00e1-la em \u201cDoa\u00e7\u00f5es Efetuadas\u201d.<\/p>\n<p style=\"text-align: justify;\"><strong>13 &#8211; Cr\u00e9dito da Nota Fiscal Paulista<\/strong><br \/>\nOs contribuintes que solicitam a inclus\u00e3o do CPF na nota fiscal devem declarar como rendimento isento e n\u00e3o tribut\u00e1vel os valores resgatados como cr\u00e9ditos ou pr\u00eamios no programa Nota Fiscal Paulista.<\/p>\n<p style=\"text-align: justify;\">Fonte: <a href=\"http:\/\/g1.globo.com\/economia\/imposto-de-renda\/2016\/noticia\/2016\/03\/veja-13-coisas-para-nao-esquecer-na-hora-da-declaracao-do-ir-2016.html\" target=\"_blank\" rel=\"noopener noreferrer\">G1<\/a><\/p>\n","protected":false},"excerpt":{"rendered":"<p>Omiss\u00f5es e diverg\u00eancias s\u00e3o erros que podem levar \u00e0 malha fina. Prazo para entrega da declara\u00e7\u00e3o termina no dia 29 de abril. O prazo para entrega da declara\u00e7\u00e3o termina no pr\u00f3ximo dia 29 de abril. Para n\u00e3o cair na malha fina e evitar dor de cabe\u00e7a \u00e9 importante que o contribuinte tome alguns cuidados na [&hellip;]<\/p>\n","protected":false},"author":3,"featured_media":701,"comment_status":"open","ping_status":"open","sticky":false,"template":"","format":"standard","meta":{"jetpack_post_was_ever_published":false,"_jetpack_newsletter_access":"","_jetpack_dont_email_post_to_subs":false,"_jetpack_newsletter_tier_id":0,"_jetpack_memberships_contains_paywalled_content":false,"_jetpack_memberships_contains_paid_content":false,"footnotes":"","jetpack_publicize_message":"","jetpack_publicize_feature_enabled":true,"jetpack_social_post_already_shared":true,"jetpack_social_options":{"image_generator_settings":{"template":"highway","default_image_id":0,"font":"","enabled":false},"version":2}},"categories":[22],"tags":[224,225,108,226,227,116,111],"class_list":["post-703","post","type-post","status-publish","format-standard","has-post-thumbnail","hentry","category-geral","tag-divergencias","tag-fina","tag-imposto","tag-malha","tag-omissoes","tag-prazo","tag-renda"],"jetpack_publicize_connections":[],"jetpack_featured_media_url":"https:\/\/i0.wp.com\/cfcontabil.com\/cf\/wp-content\/uploads\/2016\/03\/imposto-receita-leao-1.jpg?fit=297%2C170","jetpack_sharing_enabled":true,"jetpack_shortlink":"https:\/\/wp.me\/p2wklX-bl","jetpack-related-posts":[{"id":1296,"url":"http:\/\/cfcontabil.com\/cf\/imposto-de-renda-2018-veja-13-erros-mais-comuns-na-declaracao-e-evite-cair-na-malha-fina\/","url_meta":{"origin":703,"position":0},"title":"Imposto de Renda 2018: Veja 13 erros mais comuns na declara\u00e7\u00e3o e evite cair na malha fina","author":"Ab\u00edlio Gon\u00e7alves","date":"3 de mar\u00e7o de 2018","format":false,"excerpt":"Reportagem do G1 Esquecer de informar pens\u00e3o aliment\u00edcia, colocar cursos n\u00e3o autorizados como despesas de educa\u00e7\u00e3o para deduzir imposto e at\u00e9 erros de digita\u00e7\u00e3o s\u00e3o comuns; prazo para declarar at\u00e9 30 de abril Os motivos que levam algu\u00e9m a cair na malha fina s\u00e3o v\u00e1rios e v\u00e3o desde a omiss\u00e3o\u2026","rel":"","context":"Em &quot;Geral&quot;","block_context":{"text":"Geral","link":"http:\/\/cfcontabil.com\/cf\/category\/geral\/"},"img":{"alt_text":"","src":"https:\/\/i0.wp.com\/cfcontabil.com\/cf\/wp-content\/uploads\/2016\/04\/leao_do_imposto_de_renda-1.jpg?fit=620%2C345&resize=350%2C200","width":350,"height":200,"srcset":"https:\/\/i0.wp.com\/cfcontabil.com\/cf\/wp-content\/uploads\/2016\/04\/leao_do_imposto_de_renda-1.jpg?fit=620%2C345&resize=350%2C200 1x, https:\/\/i0.wp.com\/cfcontabil.com\/cf\/wp-content\/uploads\/2016\/04\/leao_do_imposto_de_renda-1.jpg?fit=620%2C345&resize=525%2C300 1.5x"},"classes":[]},{"id":1225,"url":"http:\/\/cfcontabil.com\/cf\/programa-da-dirpf-2017-ja-esta-disponivel-para-download\/","url_meta":{"origin":703,"position":1},"title":"Programa da DIRPF 2017 j\u00e1 est\u00e1 dispon\u00edvel para download","author":"Ab\u00edlio Gon\u00e7alves","date":"23 de fevereiro de 2017","format":false,"excerpt":"Encontra-se dispon\u00edvel para instala\u00e7\u00e3o o programa do Imposto de Renda Pessoa F\u00edsica 2017, para quem quer antecipar os lan\u00e7amentos na sua declara\u00e7\u00e3o. Acesse:\u00a0http:\/\/idg.receita.fazenda.gov.br\/interface\/cidadao\/irpf\/2017\/download Lembre-se: a temporada de entrega das declara\u00e7\u00f5es come\u00e7a somente depois do carnaval, em 2 de mar\u00e7o, e se estende at\u00e9 28 de abril. Os contribuintes que enviarem\u2026","rel":"","context":"Em &quot;Departamento Fiscal&quot;","block_context":{"text":"Departamento Fiscal","link":"http:\/\/cfcontabil.com\/cf\/category\/df\/"},"img":{"alt_text":"","src":"https:\/\/i0.wp.com\/cfcontabil.com\/cf\/wp-content\/uploads\/2017\/02\/irpf2017-1.png?fit=490%2C247&resize=350%2C200","width":350,"height":200},"classes":[]},{"id":1138,"url":"http:\/\/cfcontabil.com\/cf\/mais-de-7-milhoes-de-contribuintes-deixam-o-ir-para-a-ultima-hora\/","url_meta":{"origin":703,"position":2},"title":"Mais de 7 milh\u00f5es de contribuintes deixam o IR para a \u00faltima hora","author":"Ab\u00edlio Gon\u00e7alves","date":"26 de abril de 2017","format":false,"excerpt":"A Receita Federal informou que at\u00e9 o fim dessa quarta-feira, dia 26, recebeu cerca de 20,89 milh\u00f5es de declara\u00e7\u00f5es do Imposto de Renda da Pessoa F\u00edsica (IRPF) 2017. O que significa que quase 8 milh\u00f5es de contribuintes est\u00e3o deixando para os \u00faltimos momentos, pois s\u00e3o esperados 28,3 milh\u00f5es de documentos.\u2026","rel":"","context":"Em &quot;Departamento Fiscal&quot;","block_context":{"text":"Departamento Fiscal","link":"http:\/\/cfcontabil.com\/cf\/category\/df\/"},"img":{"alt_text":"","src":"","width":0,"height":0},"classes":[]},{"id":1205,"url":"http:\/\/cfcontabil.com\/cf\/os-dedos-duros-do-ir-que-te-fazem-cair-na-malha-fina\/","url_meta":{"origin":703,"position":3},"title":"Os dedos-duros do IR que te fazem cair na malha fina","author":"Ab\u00edlio Gon\u00e7alves","date":"12 de abril de 2016","format":false,"excerpt":"O contribuinte que est\u00e1 obrigado a declarar o Imposto de Renda (IR) 2016 precisa ter aten\u00e7\u00e3o redobrada ao preencher alguns dados da declara\u00e7\u00e3o que \"deduram\" ao Fisco eventuais omiss\u00f5es ou inconsist\u00eancias. A cada ano, a Receita Federal exige que mais empresas e entidades enviem informa\u00e7\u00f5es sobre as movimenta\u00e7\u00f5es dos contribuintes\u2026","rel":"","context":"Em &quot;Geral&quot;","block_context":{"text":"Geral","link":"http:\/\/cfcontabil.com\/cf\/category\/geral\/"},"img":{"alt_text":"","src":"","width":0,"height":0},"classes":[]},{"id":1132,"url":"http:\/\/cfcontabil.com\/cf\/ajuda-profissional-evita-problemas-com-o-leao\/","url_meta":{"origin":703,"position":4},"title":"Ajuda profissional evita problemas com o Le\u00e3o","author":"Ab\u00edlio Gon\u00e7alves","date":"20 de abril de 2017","format":false,"excerpt":"Quem se sente inseguro para declarar o IR ou tem grande patrim\u00f4nio, por exemplo, pode recorrer a um contador. Quem entregou o documento com algum erro ou informa\u00e7\u00e3o incompleta pode enviar uma declara\u00e7\u00e3o retificadora at\u00e9 o dia 28 de abril. A cada ano, a Receita Federal vem aprimorando o programa\u2026","rel":"","context":"Em &quot;Departamento Fiscal&quot;","block_context":{"text":"Departamento Fiscal","link":"http:\/\/cfcontabil.com\/cf\/category\/df\/"},"img":{"alt_text":"","src":"https:\/\/i0.wp.com\/cfcontabil.com\/cf\/wp-content\/uploads\/2016\/05\/Imposto_Renda_IR_Prazo-1.jpg?fit=620%2C412&resize=350%2C200","width":350,"height":200,"srcset":"https:\/\/i0.wp.com\/cfcontabil.com\/cf\/wp-content\/uploads\/2016\/05\/Imposto_Renda_IR_Prazo-1.jpg?fit=620%2C412&resize=350%2C200 1x, https:\/\/i0.wp.com\/cfcontabil.com\/cf\/wp-content\/uploads\/2016\/05\/Imposto_Renda_IR_Prazo-1.jpg?fit=620%2C412&resize=525%2C300 1.5x"},"classes":[]},{"id":466,"url":"http:\/\/cfcontabil.com\/cf\/imposto-de-renda-2014-1o-de-marco-a-30-de-abril\/","url_meta":{"origin":703,"position":5},"title":"Imposto de Renda 2014 ~ Regras e Esclarecimentos","author":"Vin\u00edcius Moizinho","date":"20 de fevereiro de 2014","format":false,"excerpt":"Boa tarde, prezados. Como deve ser de seu conhecimento, estamos em \u00e9poca de elabora\u00e7\u00e3o das Declara\u00e7\u00f5es de Imposto de Renda - Pessoa F\u00edsica 2014, per\u00edodo compreendido entre 06\u00a0de Mar\u00e7o e 30 de Abril, de acordo com os rendimentos referentes ao ano-calend\u00e1rio 2013. Est\u00e1 com d\u00favidas? Quer saber mais a respeito?\u2026","rel":"","context":"Em &quot;Departamento Fiscal&quot;","block_context":{"text":"Departamento Fiscal","link":"http:\/\/cfcontabil.com\/cf\/category\/df\/"},"img":{"alt_text":"","src":"https:\/\/i0.wp.com\/cfcontabil.com\/cf\/wp-content\/uploads\/2013\/10\/IMPOSTO-597x245-2.jpg?fit=597%2C245&resize=350%2C200","width":350,"height":200,"srcset":"https:\/\/i0.wp.com\/cfcontabil.com\/cf\/wp-content\/uploads\/2013\/10\/IMPOSTO-597x245-2.jpg?fit=597%2C245&resize=350%2C200 1x, https:\/\/i0.wp.com\/cfcontabil.com\/cf\/wp-content\/uploads\/2013\/10\/IMPOSTO-597x245-2.jpg?fit=597%2C245&resize=525%2C300 1.5x"},"classes":[]}],"jetpack_likes_enabled":true,"_links":{"self":[{"href":"http:\/\/cfcontabil.com\/cf\/wp-json\/wp\/v2\/posts\/703","targetHints":{"allow":["GET"]}}],"collection":[{"href":"http:\/\/cfcontabil.com\/cf\/wp-json\/wp\/v2\/posts"}],"about":[{"href":"http:\/\/cfcontabil.com\/cf\/wp-json\/wp\/v2\/types\/post"}],"author":[{"embeddable":true,"href":"http:\/\/cfcontabil.com\/cf\/wp-json\/wp\/v2\/users\/3"}],"replies":[{"embeddable":true,"href":"http:\/\/cfcontabil.com\/cf\/wp-json\/wp\/v2\/comments?post=703"}],"version-history":[{"count":0,"href":"http:\/\/cfcontabil.com\/cf\/wp-json\/wp\/v2\/posts\/703\/revisions"}],"wp:featuredmedia":[{"embeddable":true,"href":"http:\/\/cfcontabil.com\/cf\/wp-json\/wp\/v2\/media\/701"}],"wp:attachment":[{"href":"http:\/\/cfcontabil.com\/cf\/wp-json\/wp\/v2\/media?parent=703"}],"wp:term":[{"taxonomy":"category","embeddable":true,"href":"http:\/\/cfcontabil.com\/cf\/wp-json\/wp\/v2\/categories?post=703"},{"taxonomy":"post_tag","embeddable":true,"href":"http:\/\/cfcontabil.com\/cf\/wp-json\/wp\/v2\/tags?post=703"}],"curies":[{"name":"wp","href":"https:\/\/api.w.org\/{rel}","templated":true}]}}