{"id":706,"date":"2016-03-29T15:00:04","date_gmt":"2016-03-29T18:00:04","guid":{"rendered":"http:\/\/cfcontabil.com\/cf\/?p=706"},"modified":"2016-03-29T15:00:04","modified_gmt":"2016-03-29T18:00:04","slug":"distribuicao-de-lucros-aos-socios-isencao-de-imposto-de-renda","status":"publish","type":"post","link":"http:\/\/cfcontabil.com\/cf\/distribuicao-de-lucros-aos-socios-isencao-de-imposto-de-renda\/","title":{"rendered":"Distribui\u00e7\u00e3o de lucros aos s\u00f3cios \u2013 Isen\u00e7\u00e3o de Imposto de Renda"},"content":{"rendered":"<p style=\"text-align: justify;\"><strong>Os valores efetivamente pagos ou distribu\u00eddos ao titular ou s\u00f3cio de ME ou de EPP optante pelo regime do Simples Nacional s\u00e3o isentos do Imposto de Renda, na Fonte e na Declara\u00e7\u00e3o de Ajuste Anual do benefici\u00e1rio. <\/strong><\/p>\n<p style=\"text-align: justify;\">\u201cContudo, n\u00e3o podem entrar nesta conta os valores pagos a t\u00edtulo de pr\u00f3-labore, alugu\u00e9is ou servi\u00e7os prestados\u201d explica Andrea.<\/p>\n<p style=\"text-align: justify;\"><a href=\"https:\/\/i0.wp.com\/cfcontabil.com\/cf\/wp-content\/uploads\/2016\/03\/PLR.jpg\" rel=\"attachment wp-att-707\"><img data-recalc-dims=\"1\" fetchpriority=\"high\" decoding=\"async\" data-attachment-id=\"707\" data-permalink=\"http:\/\/cfcontabil.com\/cf\/plr\/\" data-orig-file=\"https:\/\/i0.wp.com\/cfcontabil.com\/cf\/wp-content\/uploads\/2016\/03\/PLR-1.jpg?fit=685%2C452\" data-orig-size=\"685,452\" data-comments-opened=\"1\" data-image-meta=\"{&quot;aperture&quot;:&quot;0&quot;,&quot;credit&quot;:&quot;&quot;,&quot;camera&quot;:&quot;&quot;,&quot;caption&quot;:&quot;&quot;,&quot;created_timestamp&quot;:&quot;0&quot;,&quot;copyright&quot;:&quot;&quot;,&quot;focal_length&quot;:&quot;0&quot;,&quot;iso&quot;:&quot;0&quot;,&quot;shutter_speed&quot;:&quot;0&quot;,&quot;title&quot;:&quot;&quot;,&quot;orientation&quot;:&quot;0&quot;}\" data-image-title=\"PLR\" data-image-description=\"\" data-image-caption=\"\" data-large-file=\"https:\/\/i0.wp.com\/cfcontabil.com\/cf\/wp-content\/uploads\/2016\/03\/PLR-1.jpg?fit=685%2C452\" class=\"size-full wp-image-707 aligncenter\" src=\"https:\/\/i0.wp.com\/cfcontabil.com\/cf\/wp-content\/uploads\/2016\/03\/PLR.jpg?resize=685%2C452\" alt=\"PLR\" width=\"685\" height=\"452\" \/><\/a><\/p>\n<p style=\"text-align: justify;\"><!--more--><\/p>\n<p style=\"text-align: justify;\">Al\u00e9m disso, existem percentuais definidos em lei para limitar a isen\u00e7\u00e3o, e c\u00e1lculos a serem realizados pelo profissional contabilista. Vamos tomar como exemplo uma empresa do Simples que atue como prestadora de servi\u00e7os em geral. A isen\u00e7\u00e3o, neste caso, \u00e9 limitada a 32% da receita bruta anual. Deste valor, ainda ser\u00e1 descontado o valor do IRPJ devido no per\u00edodo. O resultado pode ser distribu\u00eddo aos s\u00f3cios ou propriet\u00e1rios a t\u00edtulo de lucro \u2013 e ser\u00e1 isento de Imposto de Renda, tanto na Fonte como na Declara\u00e7\u00e3o de Ajuste Anual do benefici\u00e1rio.<\/p>\n<p style=\"text-align: justify;\">A especialista da Sage | IOB afirma que os percentuais variam em fun\u00e7\u00e3o da atividade desenvolvida pela empresa, e que h\u00e1 uma exce\u00e7\u00e3o. \u201cEsse limite n\u00e3o se aplica quando as empresas mant\u00eam escritura\u00e7\u00e3o cont\u00e1bil, e por meio dela conseguem evidenciar lucro superior a este c\u00e1lculo, sendo essa a op\u00e7\u00e3o pela distribui\u00e7\u00e3o dos lucros\u201d orienta. Andrea ainda ressalva a import\u00e2ncia da elabora\u00e7\u00e3o atrav\u00e9s de sistema de contabilidade, ainda que n\u00e3o seja para a demonstra\u00e7\u00e3o da apura\u00e7\u00e3o de tributos, mas para efeito de controle e comprova\u00e7\u00e3o da sistem\u00e1tica societ\u00e1ria, gerencial e falimentar.<\/p>\n<p style=\"text-align: justify;\">Para os demais pagamentos como o pr\u00f3-labore ou alugueis, conforme o caso os valores ser\u00e3o tributados por meio da Tabela Progressiva Mensal, cujas al\u00edquotas variam de 7,5%, 15%, 22,5% e 27,5%, dependendo do enquadramento.<\/p>\n<p style=\"text-align: justify;\">Andrea \u00e9 autora de<strong> livro<\/strong> sobre o tema, e na obra explica como os administradores de pequenas e m\u00e9dias empresas podem compor a sua remunera\u00e7\u00e3o sem ferir a legisla\u00e7\u00e3o, mas adotando alternativas que reduzem o impacto tribut\u00e1rio. \u201cSitua\u00e7\u00f5es como a remunera\u00e7\u00e3o indireta, a distribui\u00e7\u00e3o disfar\u00e7ada de lucros e dividendos, ou o pagamento de juros sobre capital pr\u00f3prio s\u00e3o, muitas vezes, desconhecidas dos empres\u00e1rios \u2013 e aplic\u00e1veis em alguns casos\u201d conclui a especialista.<\/p>\n<p style=\"text-align: justify;\"><em class=\"link\">Fonte: <a href=\"http:\/\/www.iobnews.com.br\/2016\/03\/distribuicao-de-lucros-aos-socios.html\" target=\"_blank\" rel=\"nofollow noopener noreferrer\">http:\/\/www.iobnews.com.br\/2016\/03\/distribuicao-de-lucros-aos-socios.html<\/a>00-00<\/em><\/p>\n","protected":false},"excerpt":{"rendered":"<p>Os valores efetivamente pagos ou distribu\u00eddos ao titular ou s\u00f3cio de ME ou de EPP optante pelo regime do Simples Nacional s\u00e3o isentos do Imposto de Renda, na Fonte e na Declara\u00e7\u00e3o de Ajuste Anual do benefici\u00e1rio. \u201cContudo, n\u00e3o podem entrar nesta conta os valores pagos a t\u00edtulo de pr\u00f3-labore, alugu\u00e9is ou servi\u00e7os prestados\u201d explica [&hellip;]<\/p>\n","protected":false},"author":3,"featured_media":701,"comment_status":"open","ping_status":"open","sticky":false,"template":"","format":"standard","meta":{"jetpack_post_was_ever_published":false,"_jetpack_newsletter_access":"","_jetpack_dont_email_post_to_subs":false,"_jetpack_newsletter_tier_id":0,"_jetpack_memberships_contains_paywalled_content":false,"_jetpack_memberships_contains_paid_content":false,"footnotes":"","jetpack_publicize_message":"","jetpack_publicize_feature_enabled":true,"jetpack_social_post_already_shared":true,"jetpack_social_options":{"image_generator_settings":{"template":"highway","default_image_id":0,"font":"","enabled":false},"version":2}},"categories":[60,22],"tags":[228,108,229,230,231,111],"class_list":["post-706","post","type-post","status-publish","format-standard","has-post-thumbnail","hentry","category-consultoria","category-geral","tag-distribuicao","tag-imposto","tag-ir","tag-isencao","tag-lucros","tag-renda"],"jetpack_publicize_connections":[],"jetpack_featured_media_url":"https:\/\/i0.wp.com\/cfcontabil.com\/cf\/wp-content\/uploads\/2016\/03\/imposto-receita-leao-1.jpg?fit=297%2C170","jetpack_sharing_enabled":true,"jetpack_shortlink":"https:\/\/wp.me\/p2wklX-bo","jetpack-related-posts":[{"id":3466,"url":"http:\/\/cfcontabil.com\/cf\/irpf-2026-isencao-de-r-5mil-nova-tabela\/","url_meta":{"origin":706,"position":0},"title":"IR 2026: Isen\u00e7\u00e3o de R$ 5mil &#8211; Nova Tabela!","author":"Ab\u00edlio Gon\u00e7alves","date":"16 de janeiro de 2026","format":false,"excerpt":"Guia Completo da CF Cont\u00e1bil 1.0 Introdu\u00e7\u00e3o: Voc\u00ea Est\u00e1 Deixando Dinheiro na Mesa?Voc\u00ea sabe se tem direito \u00e0 isen\u00e7\u00e3o total do Imposto de Renda ou se est\u00e1 pagando um imposto que poderia economizar? A resposta pode definir se voc\u00ea receber\u00e1 uma restitui\u00e7\u00e3o maior ou se deixar\u00e1 um dinheiro valioso para\u2026","rel":"","context":"Em &quot;Imposto de Renda&quot;","block_context":{"text":"Imposto de Renda","link":"http:\/\/cfcontabil.com\/cf\/category\/imposto-de-renda\/"},"img":{"alt_text":"","src":"https:\/\/i0.wp.com\/cfcontabil.com\/cf\/wp-content\/uploads\/2026\/01\/IRPF26-NOVA-TABELA-scaled.png?fit=1200%2C670&resize=350%2C200","width":350,"height":200,"srcset":"https:\/\/i0.wp.com\/cfcontabil.com\/cf\/wp-content\/uploads\/2026\/01\/IRPF26-NOVA-TABELA-scaled.png?fit=1200%2C670&resize=350%2C200 1x, https:\/\/i0.wp.com\/cfcontabil.com\/cf\/wp-content\/uploads\/2026\/01\/IRPF26-NOVA-TABELA-scaled.png?fit=1200%2C670&resize=525%2C300 1.5x, https:\/\/i0.wp.com\/cfcontabil.com\/cf\/wp-content\/uploads\/2026\/01\/IRPF26-NOVA-TABELA-scaled.png?fit=1200%2C670&resize=700%2C400 2x, https:\/\/i0.wp.com\/cfcontabil.com\/cf\/wp-content\/uploads\/2026\/01\/IRPF26-NOVA-TABELA-scaled.png?fit=1200%2C670&resize=1050%2C600 3x"},"classes":[]},{"id":1050,"url":"http:\/\/cfcontabil.com\/cf\/imposto-de-renda-2017-mei-como-declarar-os-rendimentos\/","url_meta":{"origin":706,"position":1},"title":"Imposto de Renda 2017: MEI, como declarar os rendimentos?","author":"Ab\u00edlio Gon\u00e7alves","date":"11 de mar\u00e7o de 2017","format":false,"excerpt":"Com o in\u00edcio do per\u00edodo de entrega do do Imposto de Renda de 2017 - de 2 de mar\u00e7o a 28 de abril -, d\u00favidas come\u00e7am a surgir sobre o processo de declara\u00e7\u00e3o. Atrav\u00e9s do servi\u00e7o tira-d\u00favidas lan\u00e7ado por O GLOBO e Extra, leitores enviaram perguntas sobre como deve ser\u2026","rel":"","context":"Em &quot;Departamento Fiscal&quot;","block_context":{"text":"Departamento Fiscal","link":"http:\/\/cfcontabil.com\/cf\/category\/df\/"},"img":{"alt_text":"","src":"https:\/\/i0.wp.com\/cfcontabil.com\/cf\/wp-content\/uploads\/2017\/02\/irpfrfb-1.jpg?fit=640%2C340&resize=350%2C200","width":350,"height":200,"srcset":"https:\/\/i0.wp.com\/cfcontabil.com\/cf\/wp-content\/uploads\/2017\/02\/irpfrfb-1.jpg?fit=640%2C340&resize=350%2C200 1x, https:\/\/i0.wp.com\/cfcontabil.com\/cf\/wp-content\/uploads\/2017\/02\/irpfrfb-1.jpg?fit=640%2C340&resize=525%2C300 1.5x"},"classes":[]},{"id":1154,"url":"http:\/\/cfcontabil.com\/cf\/governo-estuda-dobrar-isencao-de-irpf-e-tributar-os-dividendos\/","url_meta":{"origin":706,"position":2},"title":"Governo estuda dobrar isen\u00e7\u00e3o de IRPF e tributar os dividendos","author":"Ab\u00edlio Gon\u00e7alves","date":"15 de maio de 2017","format":false,"excerpt":"Com proposta, governo Temer faz novo aceno \u00e0s classes mais populares Depois da libera\u00e7\u00e3o dos saques das contas inativas do FGTS, o governo prepara um novo \"pacote de bondades\" para neutralizar o impacto negativo da aprova\u00e7\u00e3o das reformas da Previd\u00eancia Social e trabalhista. A principal medida em estudo \u00e9 a\u2026","rel":"","context":"Em &quot;Departamento Fiscal&quot;","block_context":{"text":"Departamento Fiscal","link":"http:\/\/cfcontabil.com\/cf\/category\/df\/"},"img":{"alt_text":"","src":"https:\/\/i0.wp.com\/cfcontabil.com\/cf\/wp-content\/uploads\/2017\/01\/leao-imposto-renda-original1-1.jpeg?fit=620%2C349&resize=350%2C200","width":350,"height":200,"srcset":"https:\/\/i0.wp.com\/cfcontabil.com\/cf\/wp-content\/uploads\/2017\/01\/leao-imposto-renda-original1-1.jpeg?fit=620%2C349&resize=350%2C200 1x, https:\/\/i0.wp.com\/cfcontabil.com\/cf\/wp-content\/uploads\/2017\/01\/leao-imposto-renda-original1-1.jpeg?fit=620%2C349&resize=525%2C300 1.5x"},"classes":[]},{"id":699,"url":"http:\/\/cfcontabil.com\/cf\/imposto-de-renda-declaracao-em-conjunto-ou-separado\/","url_meta":{"origin":706,"position":3},"title":"Imposto de Renda &#8211; declara\u00e7\u00e3o em conjunto ou separado?","author":"Ab\u00edlio Gon\u00e7alves","date":"28 de mar\u00e7o de 2016","format":false,"excerpt":"Uma d\u00favida muito constante para quem declara Imposto de Renda Pessoa F\u00edsica \u00e9 se vale a pena fazer declara\u00e7\u00e3o em conjunto ou separado. Contudo segundo o s\u00f3cio da Delgado & Freitas Advogados, Fabio Delgado, isso depender\u00e1 de uma an\u00e1lise individual de cada caso. \u00a0 Segundo Delgado, uma primeira situa\u00e7\u00e3o \u00e9\u2026","rel":"","context":"Em &quot;Geral&quot;","block_context":{"text":"Geral","link":"http:\/\/cfcontabil.com\/cf\/category\/geral\/"},"img":{"alt_text":"declaracaoconjunta","src":"https:\/\/i0.wp.com\/cfcontabil.com\/cf\/wp-content\/uploads\/2016\/03\/declaracaoconjunta.jpg?resize=350%2C200","width":350,"height":200},"classes":[]},{"id":2117,"url":"http:\/\/cfcontabil.com\/cf\/tabela-do-irpf-sem-correcao-aumenta-o-imposto\/","url_meta":{"origin":706,"position":4},"title":"Tabela do IRPF sem corre\u00e7\u00e3o aumenta o imposto?","author":"Ab\u00edlio Gon\u00e7alves","date":"21 de fevereiro de 2020","format":false,"excerpt":"O an\u00fancio da Receita Federal sobre o Imposto de Renda Pessoa F\u00edsica deste ano confirmou que a tabela continua sem nenhuma corre\u00e7\u00e3o, pois o \u00faltimo reajuste ocorreu no ano de 2015. https:\/\/www.youtube.com\/watch?v=M3-acy47EXQ Em quatro anos consecutivos, a tabela do Imposto de Renda das Pessoas F\u00edsicas n\u00e3o sofreu corre\u00e7\u00e3o sequer pelo\u2026","rel":"","context":"Em &quot;Departamento Fiscal&quot;","block_context":{"text":"Departamento Fiscal","link":"http:\/\/cfcontabil.com\/cf\/category\/df\/"},"img":{"alt_text":"","src":"https:\/\/i0.wp.com\/cfcontabil.com\/cf\/wp-content\/uploads\/2020\/02\/IRPF-antecipa%C3%A7%C3%A3o-restitui%C3%A7%C3%A3o-ajustado.jpeg?fit=1200%2C675&resize=350%2C200","width":350,"height":200,"srcset":"https:\/\/i0.wp.com\/cfcontabil.com\/cf\/wp-content\/uploads\/2020\/02\/IRPF-antecipa%C3%A7%C3%A3o-restitui%C3%A7%C3%A3o-ajustado.jpeg?fit=1200%2C675&resize=350%2C200 1x, https:\/\/i0.wp.com\/cfcontabil.com\/cf\/wp-content\/uploads\/2020\/02\/IRPF-antecipa%C3%A7%C3%A3o-restitui%C3%A7%C3%A3o-ajustado.jpeg?fit=1200%2C675&resize=525%2C300 1.5x, https:\/\/i0.wp.com\/cfcontabil.com\/cf\/wp-content\/uploads\/2020\/02\/IRPF-antecipa%C3%A7%C3%A3o-restitui%C3%A7%C3%A3o-ajustado.jpeg?fit=1200%2C675&resize=700%2C400 2x, https:\/\/i0.wp.com\/cfcontabil.com\/cf\/wp-content\/uploads\/2020\/02\/IRPF-antecipa%C3%A7%C3%A3o-restitui%C3%A7%C3%A3o-ajustado.jpeg?fit=1200%2C675&resize=1050%2C600 3x"},"classes":[]},{"id":1205,"url":"http:\/\/cfcontabil.com\/cf\/os-dedos-duros-do-ir-que-te-fazem-cair-na-malha-fina\/","url_meta":{"origin":706,"position":5},"title":"Os dedos-duros do IR que te fazem cair na malha fina","author":"Ab\u00edlio Gon\u00e7alves","date":"12 de abril de 2016","format":false,"excerpt":"O contribuinte que est\u00e1 obrigado a declarar o Imposto de Renda (IR) 2016 precisa ter aten\u00e7\u00e3o redobrada ao preencher alguns dados da declara\u00e7\u00e3o que \"deduram\" ao Fisco eventuais omiss\u00f5es ou inconsist\u00eancias. A cada ano, a Receita Federal exige que mais empresas e entidades enviem informa\u00e7\u00f5es sobre as movimenta\u00e7\u00f5es dos contribuintes\u2026","rel":"","context":"Em &quot;Geral&quot;","block_context":{"text":"Geral","link":"http:\/\/cfcontabil.com\/cf\/category\/geral\/"},"img":{"alt_text":"","src":"","width":0,"height":0},"classes":[]}],"jetpack_likes_enabled":true,"_links":{"self":[{"href":"http:\/\/cfcontabil.com\/cf\/wp-json\/wp\/v2\/posts\/706","targetHints":{"allow":["GET"]}}],"collection":[{"href":"http:\/\/cfcontabil.com\/cf\/wp-json\/wp\/v2\/posts"}],"about":[{"href":"http:\/\/cfcontabil.com\/cf\/wp-json\/wp\/v2\/types\/post"}],"author":[{"embeddable":true,"href":"http:\/\/cfcontabil.com\/cf\/wp-json\/wp\/v2\/users\/3"}],"replies":[{"embeddable":true,"href":"http:\/\/cfcontabil.com\/cf\/wp-json\/wp\/v2\/comments?post=706"}],"version-history":[{"count":0,"href":"http:\/\/cfcontabil.com\/cf\/wp-json\/wp\/v2\/posts\/706\/revisions"}],"wp:featuredmedia":[{"embeddable":true,"href":"http:\/\/cfcontabil.com\/cf\/wp-json\/wp\/v2\/media\/701"}],"wp:attachment":[{"href":"http:\/\/cfcontabil.com\/cf\/wp-json\/wp\/v2\/media?parent=706"}],"wp:term":[{"taxonomy":"category","embeddable":true,"href":"http:\/\/cfcontabil.com\/cf\/wp-json\/wp\/v2\/categories?post=706"},{"taxonomy":"post_tag","embeddable":true,"href":"http:\/\/cfcontabil.com\/cf\/wp-json\/wp\/v2\/tags?post=706"}],"curies":[{"name":"wp","href":"https:\/\/api.w.org\/{rel}","templated":true}]}}