{"id":709,"date":"2016-03-30T05:30:56","date_gmt":"2016-03-30T08:30:56","guid":{"rendered":"http:\/\/cfcontabil.com\/cf\/?p=709"},"modified":"2016-03-30T05:30:56","modified_gmt":"2016-03-30T08:30:56","slug":"patroes-devem-redobrar-a-atencao-para-deduzir-o-imposto-de-renda-dos-domesticos","status":"publish","type":"post","link":"http:\/\/cfcontabil.com\/cf\/patroes-devem-redobrar-a-atencao-para-deduzir-o-imposto-de-renda-dos-domesticos\/","title":{"rendered":"Patr\u00f5es devem redobrar a aten\u00e7\u00e3o para deduzir o Imposto de Renda dos dom\u00e9sticos"},"content":{"rendered":"<p style=\"text-align: justify;\"><strong>Sob pol\u00eamica, o benef\u00edcio que o contribuinte tem ao lan\u00e7ar na declara\u00e7\u00e3o do Imposto de Renda os gastos com empregado dom\u00e9stico \u00e9 limitado.<\/strong><\/p>\n<p style=\"text-align: justify;\"><a href=\"https:\/\/i0.wp.com\/cfcontabil.com\/cf\/wp-content\/uploads\/2016\/03\/domestica.jpg\" rel=\"attachment wp-att-710\"><img data-recalc-dims=\"1\" fetchpriority=\"high\" decoding=\"async\" data-attachment-id=\"710\" data-permalink=\"http:\/\/cfcontabil.com\/cf\/domestica\/\" data-orig-file=\"https:\/\/i0.wp.com\/cfcontabil.com\/cf\/wp-content\/uploads\/2016\/03\/domestica-1.jpg?fit=460%2C305\" data-orig-size=\"460,305\" data-comments-opened=\"1\" data-image-meta=\"{&quot;aperture&quot;:&quot;0&quot;,&quot;credit&quot;:&quot;&quot;,&quot;camera&quot;:&quot;&quot;,&quot;caption&quot;:&quot;&quot;,&quot;created_timestamp&quot;:&quot;0&quot;,&quot;copyright&quot;:&quot;&quot;,&quot;focal_length&quot;:&quot;0&quot;,&quot;iso&quot;:&quot;0&quot;,&quot;shutter_speed&quot;:&quot;0&quot;,&quot;title&quot;:&quot;&quot;,&quot;orientation&quot;:&quot;0&quot;}\" data-image-title=\"domestica\" data-image-description=\"\" data-image-caption=\"\" data-large-file=\"https:\/\/i0.wp.com\/cfcontabil.com\/cf\/wp-content\/uploads\/2016\/03\/domestica-1.jpg?fit=460%2C305\" class=\" wp-image-710 aligncenter\" src=\"https:\/\/i0.wp.com\/cfcontabil.com\/cf\/wp-content\/uploads\/2016\/03\/domestica.jpg?resize=534%2C354\" alt=\"domestica\" width=\"534\" height=\"354\" \/><\/a><\/p>\n<p style=\"text-align: justify;\">Para obter o desconto que pode levar \u00e0 redu\u00e7\u00e3o do IR a pagar ou ao aumento da restitui\u00e7\u00e3o, \u00e9 preciso ter muito cuidado no preenchimento dos dados e conhecer antes as regras impostas pela Receita Federal. Neste ano, \u00e9 poss\u00edvel abater no m\u00e1ximo R$ 1.182,20 e, ainda assim, apenas as despesas com um empregado ser\u00e3o aceitas, quer dizer, um \u00fanico CPF pode ser inclu\u00eddo no documento de 2016 no per\u00edodo sobre o qual incidem os gastos.<\/p>\n<p style=\"text-align: justify;\"><!--more--><\/p>\n<p style=\"text-align: justify;\">A dedu\u00e7\u00e3o s\u00f3 \u00e9 poss\u00edvel no modelo de declara\u00e7\u00e3o completo. Para efeitos dos c\u00e1lculos, a Receita usa como sal\u00e1rio-base o valor de R$ 788. A diferen\u00e7a em rela\u00e7\u00e3o ao novo sal\u00e1rio m\u00ednimo (R$ 880) n\u00e3o \u00e9 considerada. O contador Edvar Dias Campos, membro do Conselho Regional de Contabilidade de Minas Gerais (CRC-MG), alerta para o fato de que o empregador s\u00f3 poder\u00e1 deduzir os gastos com a parcela que coube a ele nos recolhimentos relativos ao INSS.<\/p>\n<p style=\"text-align: justify;\">De janeiro a setembro do ano passado, a al\u00edquota paga pelo empregador era de 12% e entre outubro e dezembro, quando o programa e-Social, criado pelo governo federal para unificar as informa\u00e7\u00f5es referentes aos contratos de empregados dom\u00e9sticos, estava em vig\u00eancia, o percentual caiu para 8%. Na coluna de despesas n\u00e3o dedut\u00edveis da ficha de pagamentos efetuados da declara\u00e7\u00e3o do IR entram os lan\u00e7amentos referentes \u00e0 parte que cabe ao empregado na contribui\u00e7\u00e3o previdenci\u00e1ria, ao Fundo de Garantia do Tempo de Servi\u00e7o (FGTS), seguro e gastos com eventual rescis\u00e3o de contrato de trabalho.<\/p>\n<p style=\"text-align: justify;\">\u201cA falta de conhecimento e organiza\u00e7\u00e3o com os pap\u00e9is acaba prejudicando o contribuinte\u201d, diz Edvar Campos. O contribuinte que deixou escapar a possibilidade de dedu\u00e7\u00e3o no IR pode retificar a declara\u00e7\u00e3o para incluir o benef\u00edcio, mas caso tenha de mudar o modelo escolhido, da declara\u00e7\u00e3o simplificada para a completa, s\u00f3 poder\u00e1 faz\u00ea-lo at\u00e9 30 de abril.<\/p>\n<p style=\"text-align: justify;\">A advogada Geralda Lopes de Oliveira, do Movimento das Donas de Casa e Consumidores de Minas Gerais (MDC-MG), com sede em Belo Horizonte, tem alertado a quem a procura, em dificuldades, de que a Receita Federal j\u00e1 disponibilizou consultas presenciais para esclarecer as d\u00favidas. \u201cO empregador deve guardar as guias que comprovem o pagamento do INSS\u201d, diz. H\u00e1 casos, segundo a advogada, de donas de casa que nunca tiveram contato com computadores e, agora, sofrem com a press\u00e3o para declarar o IR, sem cair na malha fina do le\u00e3o. \u201cPagar um contador, muitas vezes, pode pesar no bolso\u201d, afirma.<\/p>\n<p style=\"text-align: justify;\">S\u00f3 ser\u00e1 poss\u00edvel abater do IR mais de um dom\u00e9stico se outro integrante da fam\u00edlia for o respons\u00e1vel pela assinatura da carteira de trabalho. Quer dizer, se o marido for o contratante da cozinheira e a mulher, da bab\u00e1. \u201cMas \u00e9 preciso estar tudo comprovado, ter o registro formal\u201d, diz Luiz Fernando N\u00f3brega, do Conselho Federal de Contabilidade (CFC). Ele alerta que \u201csempre \u00e9 bom guardar a documenta\u00e7\u00e3o\u201d, para o caso de o contribuinte cair na malha fina.<\/p>\n<p style=\"text-align: justify;\"><strong>DIFEREN\u00c7A<\/strong> O supervisor nacional do Programa do Imposto de Renda da Receita, Joaquim Adir, afirma que os gastos com dom\u00e9sticos resultam em \u201cuma das dedu\u00e7\u00f5es mais importantes\u201d. \u00c9 preciso, portanto, separar todos os documentos, confirir os valores e, na d\u00favida, buscar a ajuda de um especialista. O le\u00e3o n\u00e3o aceita informa\u00e7\u00f5es pela metade nem dados desencontrados.<\/p>\n<p style=\"text-align: justify;\">Rita Aguiar Soares, da Atos e Fatos Contabilidade, incentiva o contribuinte: \u201cQuem gastou, efetivamente, seu dinheiro com um dom\u00e9stico, tem todo o direito de declarar e aproveitar o abatimento\u201d, afirma. A dica, ressalta ela, vale, principalmente, para quem n\u00e3o tem dependentes, n\u00e3o gastou com sa\u00fade e n\u00e3o tem outras dedu\u00e7\u00f5es a lan\u00e7ar.<\/p>\n<p style=\"text-align: justify;\">Na avalia\u00e7\u00e3o de Henrique Ricardo Batista, do CFC de Goi\u00e2nia, n\u00e3o se pode contar demais com o abatimento de gastos com dom\u00e9sticos para reduzir impostos a pagar ou para ampliar as restitui\u00e7\u00f5es. Ele destaca que a dedu\u00e7\u00e3o pode corresponder a pequenos valores, \u201cou nem compensar\u201d. Isso porque o desconto \u201cest\u00e1 dentro do limite de 6% do imposto devido para as dedu\u00e7\u00f5es legais\u201d, explica.<\/p>\n<p style=\"text-align: justify;\"><strong>Doa\u00e7\u00f5es bem-vindas<\/strong><\/p>\n<p style=\"text-align: justify;\"><em>Se o contribuinte tamb\u00e9m fez uma doa\u00e7\u00e3o legal de incentivo \u00e0 cultura, ao desporto, ao audiovisual, a fundos da crian\u00e7a ou do idoso com abatimento permitido pelo fisco, ele ter\u00e1 que somar tudo o que ofertou, mais a dedu\u00e7\u00e3o do empregado dom\u00e9stico, observa Henrique Batista, do Conselho Federal de Contabilidade. Assim, independentemente do valor total, s\u00f3 poder\u00e1 deduzir at\u00e9 6% do imposto apurado pela Receita. Batista d\u00e1 como exemplo um contribuinte com imposto a pagar no valor de R$ 15 mil. Se fez doa\u00e7\u00f5es de R$ 3 mil para a cultura e tem dom\u00e9stico a descontar em R$ 1.182,20. O total de abatimentos seria de R$ 4.182,20. \u201cMas ser\u00e1 limitado a R$ 900, porque \u00e9 esse valor que corresponde a 6% do imposto devido\u201d, explicou Batista.<\/em><\/p>\n<p style=\"text-align: justify;\"><strong>Compensa\u00e7\u00e3o pelo INSS legal<\/strong><\/p>\n<p style=\"text-align: justify;\">A Receita Federal concede a dedu\u00e7\u00e3o fiscal como compensa\u00e7\u00e3o da contribui\u00e7\u00e3o previdenci\u00e1ria patronal definida em lei sobre o sal\u00e1rio do empregado dom\u00e9stico. Ainda que o contribuinte pague acima do previsto, ele s\u00f3 pode fazer a soma das contribui\u00e7\u00f5es \u00e0 Previd\u00eancia. Segundo Joaquim Adir, na presta\u00e7\u00e3o de contas por meio do modelo simplificado, os gastos entram no bolo geral, prevalecendo o desconto-padr\u00e3o de R$ 16.754,34.<\/p>\n<p style=\"text-align: justify;\">\u201cSe o total de tributos a pagar deu R$ 2 mil, por exemplo, ele vai abater R$ 1.182,20 diretamente\u201d, explica. A contadora Rita Soares esclarece que, \u00e0 medida que o contribuinte lan\u00e7a os dados na declara\u00e7\u00e3o, o pr\u00f3prio programa do IR 2016 faz os c\u00e1lculos, mostrando qual \u00e9 forma mais vantajosa de declarar.<\/p>\n<p style=\"text-align: justify;\">\u201cQuem faz a dedu\u00e7\u00e3o \u00e9 o sistema da Receita. Por isso, \u00e9 importante colocar os valores corretos e a soma da contribui\u00e7\u00e3o previdenci\u00e1ria efetivamente paga\u201d, assinala. Rita lembra o exemplo de uma cliente que, ao concluir a declara\u00e7\u00e3o, tinha R$ 804 de imposto a receber do governo. O pr\u00f3prio programa adicionou a dedu\u00e7\u00e3o relativa ao empregado dom\u00e9stica, o que resultou em restitui\u00e7\u00e3o total de R$ 1.986,20.<\/p>\n<p style=\"text-align: justify;\">Joaquim Adir defende a regra definida pela Receita. \u201cO sistema \u00e9 mais do que justo, porque \u00e9 uma concess\u00e3o que a lei d\u00e1\u201d, afirma. O desconto \u00e9 concedido para incentivar a regulariza\u00e7\u00e3o dos servi\u00e7os dom\u00e9sticos, que sempre foram discriminados e, agora, t\u00eam seus direitos reconhecidos. O contador Henrique Batista coloca em d\u00favida se houve aumento ou n\u00e3o da formaliza\u00e7\u00e3o dos trabalhadores. E diz que o incentivo \u201cn\u00e3o \u00e9 atrativo\u201d para muitos dos seus clientes, que reclamam do pequeno alcance da regra. (AR)<\/p>\n<p style=\"text-align: justify;\"><em class=\"link\">Fonte: <a href=\"http:\/\/www.em.com.br\/app\/noticia\/economia\/2016\/03\/26\/internas_economia,747283\/patroes-devem-redobrar-a-atencao-para-deduzir-o-imposto-de-renda-dos-d.shtml\" target=\"_blank\" rel=\"nofollow noopener noreferrer\">http:\/\/www.em.com.br\/app\/noticia\/economia\/2016\/03\/26\/internas_economia,747283\/patroes-devem-redobrar-a-atencao-para-deduzir-o-imposto-de-renda-dos-d.shtml<\/a><\/em><\/p>\n","protected":false},"excerpt":{"rendered":"<p>Sob pol\u00eamica, o benef\u00edcio que o contribuinte tem ao lan\u00e7ar na declara\u00e7\u00e3o do Imposto de Renda os gastos com empregado dom\u00e9stico \u00e9 limitado. Para obter o desconto que pode levar \u00e0 redu\u00e7\u00e3o do IR a pagar ou ao aumento da restitui\u00e7\u00e3o, \u00e9 preciso ter muito cuidado no preenchimento dos dados e conhecer antes as regras [&hellip;]<\/p>\n","protected":false},"author":3,"featured_media":1485,"comment_status":"open","ping_status":"open","sticky":false,"template":"","format":"standard","meta":{"jetpack_post_was_ever_published":false,"_jetpack_newsletter_access":"","_jetpack_dont_email_post_to_subs":false,"_jetpack_newsletter_tier_id":0,"_jetpack_memberships_contains_paywalled_content":false,"_jetpack_memberships_contains_paid_content":false,"footnotes":"","jetpack_publicize_message":"","jetpack_publicize_feature_enabled":true,"jetpack_social_post_already_shared":true,"jetpack_social_options":{"image_generator_settings":{"template":"highway","default_image_id":0,"font":"","enabled":false},"version":2}},"categories":[22],"tags":[232,233,215,108,234,229,111],"class_list":["post-709","post","type-post","status-publish","format-standard","has-post-thumbnail","hentry","category-geral","tag-deducao","tag-doacoes","tag-domestica","tag-imposto","tag-inss","tag-ir","tag-renda"],"jetpack_publicize_connections":[],"jetpack_featured_media_url":"https:\/\/i0.wp.com\/cfcontabil.com\/cf\/wp-content\/uploads\/2016\/03\/domestica-1.jpeg?fit=600%2C315","jetpack_sharing_enabled":true,"jetpack_shortlink":"https:\/\/wp.me\/p2wklX-br","jetpack-related-posts":[{"id":2071,"url":"http:\/\/cfcontabil.com\/cf\/2020-nao-tera-deducao-no-ir-da-contribuicao-ao-inss-de-emprego-domestico\/","url_meta":{"origin":709,"position":0},"title":"2020 n\u00e3o ter\u00e1 dedu\u00e7\u00e3o no IR da contribui\u00e7\u00e3o ao INSS de emprego dom\u00e9stico","author":"Ab\u00edlio Gon\u00e7alves","date":"14 de janeiro de 2020","format":false,"excerpt":"A dedu\u00e7\u00e3o de gastos dos patr\u00f5es com a previd\u00eancia de empregados dom\u00e9sticos n\u00e3o ser\u00e1 mais permitida da declara\u00e7\u00e3o do Imposto de Renda da Pessoa F\u00edsica em 2020. O benef\u00edcio levou a uma ren\u00fancia fiscal de cerca de R$ 674 milh\u00f5es em 2019 e n\u00e3o foi prorrogado. Com seu fim, a\u2026","rel":"","context":"Em &quot;Departamento Fiscal&quot;","block_context":{"text":"Departamento Fiscal","link":"http:\/\/cfcontabil.com\/cf\/category\/df\/"},"img":{"alt_text":"","src":"https:\/\/i0.wp.com\/cfcontabil.com\/cf\/wp-content\/uploads\/2019\/10\/imposto.jpg?fit=715%2C300&resize=350%2C200","width":350,"height":200,"srcset":"https:\/\/i0.wp.com\/cfcontabil.com\/cf\/wp-content\/uploads\/2019\/10\/imposto.jpg?fit=715%2C300&resize=350%2C200 1x, https:\/\/i0.wp.com\/cfcontabil.com\/cf\/wp-content\/uploads\/2019\/10\/imposto.jpg?fit=715%2C300&resize=525%2C300 1.5x, https:\/\/i0.wp.com\/cfcontabil.com\/cf\/wp-content\/uploads\/2019\/10\/imposto.jpg?fit=715%2C300&resize=700%2C400 2x"},"classes":[]},{"id":2112,"url":"http:\/\/cfcontabil.com\/cf\/contribuintes-podem-baixar-programa-do-imposto-de-renda-2020-nesta-quinta-feira-20\/","url_meta":{"origin":709,"position":1},"title":"Contribuintes podem baixar programa do Imposto de Renda 2020 nesta quinta-feira (20)","author":"Ab\u00edlio Gon\u00e7alves","date":"20 de fevereiro de 2020","format":false,"excerpt":"Receita Federal espera receber 32 milh\u00f5es de declara\u00e7\u00f5es de pessoas f\u00edsicas https:\/\/www.youtube.com\/watch?v=UpwbSoIuHaA&feature=youtu.be Contribuinte que atrasar a entrega do IRPF 2020 pagar\u00e1 multa de 1% sobre o imposto devido ao m\u00eas. O valor m\u00ednimo \u00e9 de R$ 165,74. - Foto: Secom\/PR Apartir das 8h desta quinta-feira (20), contribuintes poder\u00e3o baixar o\u2026","rel":"","context":"Em &quot;Departamento Fiscal&quot;","block_context":{"text":"Departamento Fiscal","link":"http:\/\/cfcontabil.com\/cf\/category\/df\/"},"img":{"alt_text":"","src":"https:\/\/i0.wp.com\/cfcontabil.com\/cf\/wp-content\/uploads\/2020\/02\/IRPF-regras-youtube.jpeg?fit=1200%2C675&resize=350%2C200","width":350,"height":200,"srcset":"https:\/\/i0.wp.com\/cfcontabil.com\/cf\/wp-content\/uploads\/2020\/02\/IRPF-regras-youtube.jpeg?fit=1200%2C675&resize=350%2C200 1x, https:\/\/i0.wp.com\/cfcontabil.com\/cf\/wp-content\/uploads\/2020\/02\/IRPF-regras-youtube.jpeg?fit=1200%2C675&resize=525%2C300 1.5x, https:\/\/i0.wp.com\/cfcontabil.com\/cf\/wp-content\/uploads\/2020\/02\/IRPF-regras-youtube.jpeg?fit=1200%2C675&resize=700%2C400 2x, https:\/\/i0.wp.com\/cfcontabil.com\/cf\/wp-content\/uploads\/2020\/02\/IRPF-regras-youtube.jpeg?fit=1200%2C675&resize=1050%2C600 3x"},"classes":[]},{"id":1233,"url":"http:\/\/cfcontabil.com\/cf\/confira-os-dez-erros-mais-comuns-na-declaracao-do-ir\/","url_meta":{"origin":709,"position":2},"title":"Confira os dez erros mais comuns na declara\u00e7\u00e3o do IR","author":"Ab\u00edlio Gon\u00e7alves","date":"7 de mar\u00e7o de 2017","format":false,"excerpt":"Os erros mais comuns s\u00e3o com dedu\u00e7\u00e3o de algumas despesas, como sa\u00fade e educa\u00e7\u00e3o, segundo a Receita Federal. Tire suas d\u00favidas e evite a malha fina Declarar o imposto de renda, sobretudo para quem n\u00e3o faz o modelo simplificado, pode gerar algumas d\u00favidas. Caso o contribuinte cometa algum erro, mesmo\u2026","rel":"","context":"Em &quot;Departamento Fiscal&quot;","block_context":{"text":"Departamento Fiscal","link":"http:\/\/cfcontabil.com\/cf\/category\/df\/"},"img":{"alt_text":"","src":"https:\/\/i0.wp.com\/cfcontabil.com\/cf\/wp-content\/uploads\/2017\/03\/apagandoerro-1.jpg?fit=420%2C240&resize=350%2C200","width":350,"height":200},"classes":[]},{"id":1132,"url":"http:\/\/cfcontabil.com\/cf\/ajuda-profissional-evita-problemas-com-o-leao\/","url_meta":{"origin":709,"position":3},"title":"Ajuda profissional evita problemas com o Le\u00e3o","author":"Ab\u00edlio Gon\u00e7alves","date":"20 de abril de 2017","format":false,"excerpt":"Quem se sente inseguro para declarar o IR ou tem grande patrim\u00f4nio, por exemplo, pode recorrer a um contador. Quem entregou o documento com algum erro ou informa\u00e7\u00e3o incompleta pode enviar uma declara\u00e7\u00e3o retificadora at\u00e9 o dia 28 de abril. A cada ano, a Receita Federal vem aprimorando o programa\u2026","rel":"","context":"Em &quot;Departamento Fiscal&quot;","block_context":{"text":"Departamento Fiscal","link":"http:\/\/cfcontabil.com\/cf\/category\/df\/"},"img":{"alt_text":"","src":"https:\/\/i0.wp.com\/cfcontabil.com\/cf\/wp-content\/uploads\/2016\/05\/Imposto_Renda_IR_Prazo-1.jpg?fit=620%2C412&resize=350%2C200","width":350,"height":200,"srcset":"https:\/\/i0.wp.com\/cfcontabil.com\/cf\/wp-content\/uploads\/2016\/05\/Imposto_Renda_IR_Prazo-1.jpg?fit=620%2C412&resize=350%2C200 1x, https:\/\/i0.wp.com\/cfcontabil.com\/cf\/wp-content\/uploads\/2016\/05\/Imposto_Renda_IR_Prazo-1.jpg?fit=620%2C412&resize=525%2C300 1.5x"},"classes":[]},{"id":466,"url":"http:\/\/cfcontabil.com\/cf\/imposto-de-renda-2014-1o-de-marco-a-30-de-abril\/","url_meta":{"origin":709,"position":4},"title":"Imposto de Renda 2014 ~ Regras e Esclarecimentos","author":"Vin\u00edcius Moizinho","date":"20 de fevereiro de 2014","format":false,"excerpt":"Boa tarde, prezados. Como deve ser de seu conhecimento, estamos em \u00e9poca de elabora\u00e7\u00e3o das Declara\u00e7\u00f5es de Imposto de Renda - Pessoa F\u00edsica 2014, per\u00edodo compreendido entre 06\u00a0de Mar\u00e7o e 30 de Abril, de acordo com os rendimentos referentes ao ano-calend\u00e1rio 2013. Est\u00e1 com d\u00favidas? Quer saber mais a respeito?\u2026","rel":"","context":"Em &quot;Departamento Fiscal&quot;","block_context":{"text":"Departamento Fiscal","link":"http:\/\/cfcontabil.com\/cf\/category\/df\/"},"img":{"alt_text":"","src":"https:\/\/i0.wp.com\/cfcontabil.com\/cf\/wp-content\/uploads\/2013\/10\/IMPOSTO-597x245-2.jpg?fit=597%2C245&resize=350%2C200","width":350,"height":200,"srcset":"https:\/\/i0.wp.com\/cfcontabil.com\/cf\/wp-content\/uploads\/2013\/10\/IMPOSTO-597x245-2.jpg?fit=597%2C245&resize=350%2C200 1x, https:\/\/i0.wp.com\/cfcontabil.com\/cf\/wp-content\/uploads\/2013\/10\/IMPOSTO-597x245-2.jpg?fit=597%2C245&resize=525%2C300 1.5x"},"classes":[]},{"id":939,"url":"http:\/\/cfcontabil.com\/cf\/imposto-de-renda-e-o-tema-do-quadro-saiba-mais-stf\/","url_meta":{"origin":709,"position":5},"title":"Imposto de Renda \u00e9 o tema do quadro Saiba Mais &#8211; STF","author":"Ab\u00edlio Gon\u00e7alves","date":"11 de fevereiro de 2017","format":false,"excerpt":"https:\/\/www.youtube.com\/watch?v=QNQjJekLGyw O advogado tributarista Manuel Arruda J\u00fanior esclarece d\u00favidas sobre normas da Receita Federal que se aplicam \u00e0 declara\u00e7\u00e3o do tributo. Ele fala sobre a exig\u00eancia de CPF para a inclus\u00e3o de dependente acima de 14 anos e quem pode figurar como dependente na declara\u00e7\u00e3o. O tributarista explica quais as\u2026","rel":"","context":"Em &quot;Geral&quot;","block_context":{"text":"Geral","link":"http:\/\/cfcontabil.com\/cf\/category\/geral\/"},"img":{"alt_text":"","src":"https:\/\/i0.wp.com\/cfcontabil.com\/cf\/wp-content\/uploads\/2017\/02\/imposto-de-renda-2017-1.jpg?fit=640%2C365&resize=350%2C200","width":350,"height":200,"srcset":"https:\/\/i0.wp.com\/cfcontabil.com\/cf\/wp-content\/uploads\/2017\/02\/imposto-de-renda-2017-1.jpg?fit=640%2C365&resize=350%2C200 1x, https:\/\/i0.wp.com\/cfcontabil.com\/cf\/wp-content\/uploads\/2017\/02\/imposto-de-renda-2017-1.jpg?fit=640%2C365&resize=525%2C300 1.5x"},"classes":[]}],"jetpack_likes_enabled":true,"_links":{"self":[{"href":"http:\/\/cfcontabil.com\/cf\/wp-json\/wp\/v2\/posts\/709","targetHints":{"allow":["GET"]}}],"collection":[{"href":"http:\/\/cfcontabil.com\/cf\/wp-json\/wp\/v2\/posts"}],"about":[{"href":"http:\/\/cfcontabil.com\/cf\/wp-json\/wp\/v2\/types\/post"}],"author":[{"embeddable":true,"href":"http:\/\/cfcontabil.com\/cf\/wp-json\/wp\/v2\/users\/3"}],"replies":[{"embeddable":true,"href":"http:\/\/cfcontabil.com\/cf\/wp-json\/wp\/v2\/comments?post=709"}],"version-history":[{"count":0,"href":"http:\/\/cfcontabil.com\/cf\/wp-json\/wp\/v2\/posts\/709\/revisions"}],"wp:featuredmedia":[{"embeddable":true,"href":"http:\/\/cfcontabil.com\/cf\/wp-json\/wp\/v2\/media\/1485"}],"wp:attachment":[{"href":"http:\/\/cfcontabil.com\/cf\/wp-json\/wp\/v2\/media?parent=709"}],"wp:term":[{"taxonomy":"category","embeddable":true,"href":"http:\/\/cfcontabil.com\/cf\/wp-json\/wp\/v2\/categories?post=709"},{"taxonomy":"post_tag","embeddable":true,"href":"http:\/\/cfcontabil.com\/cf\/wp-json\/wp\/v2\/tags?post=709"}],"curies":[{"name":"wp","href":"https:\/\/api.w.org\/{rel}","templated":true}]}}