{"id":713,"date":"2016-03-31T05:00:15","date_gmt":"2016-03-31T08:00:15","guid":{"rendered":"http:\/\/cfcontabil.com\/cf\/?p=713"},"modified":"2016-03-31T05:00:15","modified_gmt":"2016-03-31T08:00:15","slug":"multa-do-fgts-pode-ameacar-trabalhadores","status":"publish","type":"post","link":"http:\/\/cfcontabil.com\/cf\/multa-do-fgts-pode-ameacar-trabalhadores\/","title":{"rendered":"Multa do FGTS pode amea\u00e7ar trabalhadores"},"content":{"rendered":"<p style=\"text-align: justify;\"><strong>Manter um colaborar por mais de 30 anos pode render um \u201cpr\u00eamio\u201d amargo para as empresas brasileiras. <\/strong><\/p>\n<p style=\"text-align: justify;\"><a href=\"https:\/\/i0.wp.com\/cfcontabil.com\/cf\/wp-content\/uploads\/2016\/03\/ctps.jpeg\" rel=\"attachment wp-att-714\"><img data-recalc-dims=\"1\" fetchpriority=\"high\" decoding=\"async\" class=\"size-full wp-image-714 aligncenter\" src=\"https:\/\/i0.wp.com\/cfcontabil.com\/cf\/wp-content\/uploads\/2016\/03\/ctps.jpeg?resize=635%2C423\" alt=\"ctps\" width=\"635\" height=\"423\" \/><\/a><\/p>\n<p style=\"text-align: justify;\">Tramita no Senado Federal um projeto de lei que visa aumentar a multa do Fundo de Garantia por Tempo de Servi\u00e7o (FGTS) em at\u00e9 15% para empresas que mantiverem funcion\u00e1rios em seus quadros por mais tempo.<\/p>\n<p style=\"text-align: justify;\"><!--more--><\/p>\n<p style=\"text-align: justify;\">O senador Donizeti Nogueira (PT\/TO) apresentou, no \u00faltimo dia 10 de mar\u00e7o, o Projeto de Lei (PLS 90\/16), elevando drasticamente a multa do fundo, para as empresas que mantiverem em seus quadros empregados com mais de 10 anos de casa.<\/p>\n<p style=\"text-align: justify;\">Trata-se de um grave retrocesso, que pode aumentar o n\u00famero de demiss\u00f5es e complicar ainda mais a empregabilidade de trabalhadores, afetando de forma mais contundente colaboradores com mais tempo de servi\u00e7o: segundo a proposta, em caso de demiss\u00e3o sem justa causa de um colaborador com mais de 30 anos de contrato, a empresa responder\u00e1 por uma multa de 55% do montante de todos os dep\u00f3sitos realizados durante a vig\u00eancia do contrato de trabalho.<\/p>\n<p style=\"text-align: justify;\">O aumento de al\u00edquotas segue progressivamente a partir do d\u00e9cimo ano de contrato, sendo que somente n\u00e3o ser\u00e1 punido, aquele empregador que mandar embora seu funcion\u00e1rio, antes do anivers\u00e1rio de 10 anos de casa, \u00fanica hip\u00f3tese em que a multa do FGTS continuar\u00e1 sendo a atual, de 40%.<\/p>\n<p style=\"text-align: justify;\">Em momento de crise e dificuldade de recoloca\u00e7\u00e3o profissional, o projeto do senador petista surge como uma bomba no mercado de trabalho e pode ocasionar a extin\u00e7\u00e3o de in\u00fameros contratos de trabalho, aumentando os gastos do governo com o seguro-desemprego. Em outras palavras, o aumento na penalidade para as empresas que mant\u00e9m empregados em seus quadros por maiores per\u00edodos, por si s\u00f3 j\u00e1 representaria uma contradi\u00e7\u00e3o, todavia a proposta se revela ainda mais dram\u00e1tica em tempos de crise representando uma grave amea\u00e7a ao pleno emprego e \u00e0 manuten\u00e7\u00e3o dos postos de trabalho.<\/p>\n<p style=\"text-align: justify;\">O projeto seguir\u00e1 para o Plen\u00e1rio do Senado, onde poder\u00e3o ser apresentadas emendas, at\u00e9 seguir para a vota\u00e7\u00e3o final e encaminhamento para a C\u00e2mara dos Deputados.<\/p>\n<p style=\"text-align: justify;\">\u00c9 importante ressaltar que no pr\u00f3prio Congresso Nacional existem outros projetos que visam extinguir a multa do FGTS. Isso porque em demiss\u00f5es sem justa causa, a empresa deposita nessa conta vinculada uma indeniza\u00e7\u00e3o de 40%, calculada sobre o montante total acumulado em seu FGTS durante o contrato de trabalho.<\/p>\n<p style=\"text-align: justify;\">Entretanto, a Lei Complementar 110\/2001 instituiu a contribui\u00e7\u00e3o social adicional de 10%, incidente sobre o montante do FGTS, para os casos de demiss\u00e3o sem justa causa, sem prazo de vig\u00eancia. Portanto, a multa n\u00e3o \u00e9 de 40%, e sim 50%, muito embora os 10% extras n\u00e3o sejam destinados ao trabalhador.<\/p>\n<p style=\"text-align: justify;\">Esse adicional serviria, conforme a lei, para cobrir o rombo no FGTS aberto pela decis\u00e3o da Justi\u00e7a de aplicar corre\u00e7\u00e3o integral durante os planos Ver\u00e3o e Collor I. A multa de 10% n\u00e3o \u00e9 depositada na conta do trabalhador, ela vai direto para os cofres do governo.<\/p>\n<p style=\"text-align: justify;\">Entretanto, a multa de 10% do FGTS tornou-se indevida a partir de mar\u00e7o de 2012 e, mesmo assim, vem sendo recolhida por milh\u00f5es de empresas aos cofres federais. A multa tamb\u00e9m \u00e9 tema de discuss\u00e3o no Poder Judici\u00e1rio e aguarda a decis\u00e3o em julgamento no Supremo Tribunal Federal (STF)<\/p>\n<p style=\"text-align: justify;\"><em><strong>*Danilo Pieri Pereira \u00e9 advogado especialista em Direito e Processo do Trabalho e s\u00f3cio do escrit\u00f3rio Baraldi M\u00e9lega Advogados<\/strong><\/em><\/p>\n<p style=\"text-align: justify;\"><em class=\"link\">Fonte: <a href=\"http:\/\/www.deducao.com.br\/noticia\/2009-multa-do-fgts-pode-ameacar-trabalhadores\" target=\"_blank\" rel=\"nofollow noopener noreferrer\">http:\/\/www.deducao.com.br\/noticia\/2009-multa-do-fgts-pode-ameacar-trabalhadores<\/a><\/em><\/p>\n","protected":false},"excerpt":{"rendered":"<p>Manter um colaborar por mais de 30 anos pode render um \u201cpr\u00eamio\u201d amargo para as empresas brasileiras. Tramita no Senado Federal um projeto de lei que visa aumentar a multa do Fundo de Garantia por Tempo de Servi\u00e7o (FGTS) em at\u00e9 15% para empresas que mantiverem funcion\u00e1rios em seus quadros por mais tempo.<\/p>\n","protected":false},"author":3,"featured_media":715,"comment_status":"open","ping_status":"open","sticky":false,"template":"","format":"standard","meta":{"jetpack_post_was_ever_published":false,"_jetpack_newsletter_access":"","_jetpack_dont_email_post_to_subs":false,"_jetpack_newsletter_tier_id":0,"_jetpack_memberships_contains_paywalled_content":false,"_jetpack_memberships_contains_paid_content":false,"footnotes":"","jetpack_publicize_message":"","jetpack_publicize_feature_enabled":true,"jetpack_social_post_already_shared":true,"jetpack_social_options":{"image_generator_settings":{"template":"highway","default_image_id":0,"font":"","enabled":false},"version":2}},"categories":[60],"tags":[235,79,181,165,45],"class_list":["post-713","post","type-post","status-publish","format-standard","has-post-thumbnail","hentry","category-consultoria","tag-emprego","tag-fgts","tag-multa","tag-trabalhador","tag-trabalho"],"jetpack_publicize_connections":[],"jetpack_featured_media_url":"https:\/\/i0.wp.com\/cfcontabil.com\/cf\/wp-content\/uploads\/2016\/03\/FGTS-1.jpg?fit=715%2C270","jetpack_sharing_enabled":true,"jetpack_shortlink":"https:\/\/wp.me\/p2wklX-bv","jetpack-related-posts":[{"id":2015,"url":"http:\/\/cfcontabil.com\/cf\/governo-extingue-multa-de-10-sobre-fgts-paga-por-empresas\/","url_meta":{"origin":713,"position":0},"title":"Governo extingue multa de 10% sobre FGTS paga por empresas","author":"Ab\u00edlio Gon\u00e7alves","date":"13 de dezembro de 2019","format":false,"excerpt":"Lei publicada no Di\u00e1rio Oficial autoriza saque-anivers\u00e1rio e traz mudan\u00e7as no Fundo, entre elas, o fim da contribui\u00e7\u00e3o em caso de demiss\u00e3o sem justa causa As empresas passar\u00e3o a pagar menos encargos em casos de demiss\u00e3o sem justa causa. A\u00a0Lei n\u00ba 13.932, publicada no DOU (Di\u00e1rio Oficial da Uni\u00e3o) nesta\u2026","rel":"","context":"Em &quot;Departamento Pessoal&quot;","block_context":{"text":"Departamento Pessoal","link":"http:\/\/cfcontabil.com\/cf\/category\/dp\/"},"img":{"alt_text":"","src":"https:\/\/i0.wp.com\/cfcontabil.com\/cf\/wp-content\/uploads\/2019\/12\/FGTS-ctps.jpg?fit=600%2C335&resize=350%2C200","width":350,"height":200,"srcset":"https:\/\/i0.wp.com\/cfcontabil.com\/cf\/wp-content\/uploads\/2019\/12\/FGTS-ctps.jpg?fit=600%2C335&resize=350%2C200 1x, https:\/\/i0.wp.com\/cfcontabil.com\/cf\/wp-content\/uploads\/2019\/12\/FGTS-ctps.jpg?fit=600%2C335&resize=525%2C300 1.5x"},"classes":[]},{"id":1802,"url":"http:\/\/cfcontabil.com\/cf\/cobrancas-do-fgts-so-poderao-ser-feitas-para-dividas-de-ate-5-anos\/","url_meta":{"origin":713,"position":1},"title":"Cobran\u00e7as do FGTS s\u00f3 poder\u00e3o ser feitas para d\u00edvidas de at\u00e9 5 anos","author":"Ab\u00edlio Gon\u00e7alves","date":"21 de outubro de 2019","format":false,"excerpt":"Uma medida aprovada em 2014 pelo STF reduziu o prazo de cobran\u00e7a de 30 anos para cinco anos. Atualmente, mais de 220 mil empresas est\u00e3o devendo. A partir de novembro, o trabalhador s\u00f3 poder\u00e1 entrar na Justi\u00e7a do Trabalho para cobrar pend\u00eancias do\u00a0Fundo de Garantia do Tempo de Servi\u00e7o (FGTS)\u00a0dos\u2026","rel":"","context":"Em &quot;Departamento Pessoal&quot;","block_context":{"text":"Departamento Pessoal","link":"http:\/\/cfcontabil.com\/cf\/category\/dp\/"},"img":{"alt_text":"","src":"https:\/\/i0.wp.com\/cfcontabil.com\/cf\/wp-content\/uploads\/2019\/10\/FGTS-TRABALHADOR-AGENCIA.jpg?fit=1200%2C1006&resize=350%2C200","width":350,"height":200,"srcset":"https:\/\/i0.wp.com\/cfcontabil.com\/cf\/wp-content\/uploads\/2019\/10\/FGTS-TRABALHADOR-AGENCIA.jpg?fit=1200%2C1006&resize=350%2C200 1x, https:\/\/i0.wp.com\/cfcontabil.com\/cf\/wp-content\/uploads\/2019\/10\/FGTS-TRABALHADOR-AGENCIA.jpg?fit=1200%2C1006&resize=525%2C300 1.5x, https:\/\/i0.wp.com\/cfcontabil.com\/cf\/wp-content\/uploads\/2019\/10\/FGTS-TRABALHADOR-AGENCIA.jpg?fit=1200%2C1006&resize=700%2C400 2x, https:\/\/i0.wp.com\/cfcontabil.com\/cf\/wp-content\/uploads\/2019\/10\/FGTS-TRABALHADOR-AGENCIA.jpg?fit=1200%2C1006&resize=1050%2C600 3x"},"classes":[]},{"id":1455,"url":"http:\/\/cfcontabil.com\/cf\/o-perigo-da-divida-do-fgts-no-esocial\/","url_meta":{"origin":713,"position":2},"title":"O perigo da d\u00edvida do FGTS no eSocial","author":"Ab\u00edlio Gon\u00e7alves","date":"22 de fevereiro de 2019","format":false,"excerpt":"Caso voc\u00ea ainda n\u00e3o tenha ci\u00eancia, o governo federal recentemente expediu uma lei proibindo o cr\u00e9dito a empresas devedoras do FGTS. E se voc\u00ea est\u00e1 em d\u00e9bito com o FGTS, todo o cuidado \u00e9 pouco: notifica\u00e7\u00e3o, multa e autua\u00e7\u00e3o podem bater na sua porta. A Lei n\u00ba 13.805\/19 prev\u00ea que\u2026","rel":"","context":"Em &quot;Departamento Pessoal&quot;","block_context":{"text":"Departamento Pessoal","link":"http:\/\/cfcontabil.com\/cf\/category\/dp\/"},"img":{"alt_text":"","src":"https:\/\/i0.wp.com\/cfcontabil.com\/cf\/wp-content\/uploads\/2019\/02\/fgtsCAIXA-1.jpg?fit=600%2C293&resize=350%2C200","width":350,"height":200,"srcset":"https:\/\/i0.wp.com\/cfcontabil.com\/cf\/wp-content\/uploads\/2019\/02\/fgtsCAIXA-1.jpg?fit=600%2C293&resize=350%2C200 1x, https:\/\/i0.wp.com\/cfcontabil.com\/cf\/wp-content\/uploads\/2019\/02\/fgtsCAIXA-1.jpg?fit=600%2C293&resize=525%2C300 1.5x"},"classes":[]},{"id":634,"url":"http:\/\/cfcontabil.com\/cf\/ex-funcionarias-podem-pegar-5-anos-de-cadeia-por-acordo-de-falsa-demissao\/","url_meta":{"origin":713,"position":3},"title":"Ex-funcion\u00e1rias podem pegar 5 anos de cadeia por acordo de falsa demiss\u00e3o","author":"Ab\u00edlio Gon\u00e7alves","date":"1 de mar\u00e7o de 2016","format":false,"excerpt":"Duas trabalhadoras e sua ex-empresa devem responder na Justi\u00e7a por crime de estelionato. A raz\u00e3o \u00e9 terem supostamente feito um acordo para demiss\u00e3o sem justa causa. A Justi\u00e7a do Trabalho de Mato Grosso determinou que duas ex-funcion\u00e1rias da empresa de limpeza Norte Sul devolvessem o valor do seguro-desemprego. A pena\u2026","rel":"","context":"Em &quot;Departamento Pessoal&quot;","block_context":{"text":"Departamento Pessoal","link":"http:\/\/cfcontabil.com\/cf\/category\/dp\/"},"img":{"alt_text":"demissao","src":"https:\/\/i0.wp.com\/cfcontabil.com\/cf\/wp-content\/uploads\/2016\/03\/demissao.jpg?resize=350%2C200","width":350,"height":200,"srcset":"https:\/\/i0.wp.com\/cfcontabil.com\/cf\/wp-content\/uploads\/2016\/03\/demissao.jpg?resize=350%2C200 1x, https:\/\/i0.wp.com\/cfcontabil.com\/cf\/wp-content\/uploads\/2016\/03\/demissao.jpg?resize=525%2C300 1.5x"},"classes":[]},{"id":880,"url":"http:\/\/cfcontabil.com\/cf\/projeto-autoriza-caixa-a-financiar-abertura-de-empresas-com-recursos-do-fgts\/","url_meta":{"origin":713,"position":4},"title":"Projeto autoriza Caixa a financiar abertura de empresas com recursos do FGTS","author":"Ab\u00edlio Gon\u00e7alves","date":"26 de janeiro de 2017","format":false,"excerpt":"Tramita na C\u00e2mara dos Deputados projeto de lei (PL 4923\/16) que autoriza a Caixa Econ\u00f4mica Federal a usar recursos do Fundo de Garantia do Tempo de Servi\u00e7o (FGTS) para financiar a abertura de novas empresas, desde que estas tenham plano de neg\u00f3cios validado pelo Sebrae e gerem no m\u00ednimo dois\u2026","rel":"","context":"Em &quot;Consultoria Empresarial&quot;","block_context":{"text":"Consultoria Empresarial","link":"http:\/\/cfcontabil.com\/cf\/category\/consultoria\/"},"img":{"alt_text":"","src":"https:\/\/i0.wp.com\/cfcontabil.com\/cf\/wp-content\/uploads\/2016\/03\/FGTS.jpg?resize=350%2C200","width":350,"height":200,"srcset":"https:\/\/i0.wp.com\/cfcontabil.com\/cf\/wp-content\/uploads\/2016\/03\/FGTS.jpg?resize=350%2C200 1x, https:\/\/i0.wp.com\/cfcontabil.com\/cf\/wp-content\/uploads\/2016\/03\/FGTS.jpg?resize=525%2C300 1.5x, https:\/\/i0.wp.com\/cfcontabil.com\/cf\/wp-content\/uploads\/2016\/03\/FGTS.jpg?resize=700%2C400 2x"},"classes":[]},{"id":1410,"url":"http:\/\/cfcontabil.com\/cf\/multas-do-esocial-situacoes-que-podem-gerar-penalidades\/","url_meta":{"origin":713,"position":5},"title":"Multas do eSocial: situa\u00e7\u00f5es que podem gerar penalidades","author":"Ab\u00edlio Gon\u00e7alves","date":"19 de outubro de 2018","format":false,"excerpt":"O eSocial j\u00e1 est\u00e1 sendo implementado nas empresas de todo o pa\u00eds, desde janeiro de 2018. Apesar das garantias de mais praticidade e cumprimento dos direitos trabalhistas, nem todo mundo est\u00e1 se adequando \u00e0 plataforma. Se a sua empresa est\u00e1 com alguma dificuldade, \u00e9 bom correr atr\u00e1s de solu\u00e7\u00f5es para\u2026","rel":"","context":"Em &quot;Departamento Pessoal&quot;","block_context":{"text":"Departamento Pessoal","link":"http:\/\/cfcontabil.com\/cf\/category\/dp\/"},"img":{"alt_text":"","src":"https:\/\/i0.wp.com\/cfcontabil.com\/cf\/wp-content\/uploads\/2018\/10\/esocial-24-09-2-750x430-1.jpg?fit=750%2C430&resize=350%2C200","width":350,"height":200,"srcset":"https:\/\/i0.wp.com\/cfcontabil.com\/cf\/wp-content\/uploads\/2018\/10\/esocial-24-09-2-750x430-1.jpg?fit=750%2C430&resize=350%2C200 1x, https:\/\/i0.wp.com\/cfcontabil.com\/cf\/wp-content\/uploads\/2018\/10\/esocial-24-09-2-750x430-1.jpg?fit=750%2C430&resize=525%2C300 1.5x, https:\/\/i0.wp.com\/cfcontabil.com\/cf\/wp-content\/uploads\/2018\/10\/esocial-24-09-2-750x430-1.jpg?fit=750%2C430&resize=700%2C400 2x"},"classes":[]}],"jetpack_likes_enabled":true,"_links":{"self":[{"href":"http:\/\/cfcontabil.com\/cf\/wp-json\/wp\/v2\/posts\/713","targetHints":{"allow":["GET"]}}],"collection":[{"href":"http:\/\/cfcontabil.com\/cf\/wp-json\/wp\/v2\/posts"}],"about":[{"href":"http:\/\/cfcontabil.com\/cf\/wp-json\/wp\/v2\/types\/post"}],"author":[{"embeddable":true,"href":"http:\/\/cfcontabil.com\/cf\/wp-json\/wp\/v2\/users\/3"}],"replies":[{"embeddable":true,"href":"http:\/\/cfcontabil.com\/cf\/wp-json\/wp\/v2\/comments?post=713"}],"version-history":[{"count":0,"href":"http:\/\/cfcontabil.com\/cf\/wp-json\/wp\/v2\/posts\/713\/revisions"}],"wp:featuredmedia":[{"embeddable":true,"href":"http:\/\/cfcontabil.com\/cf\/wp-json\/wp\/v2\/media\/715"}],"wp:attachment":[{"href":"http:\/\/cfcontabil.com\/cf\/wp-json\/wp\/v2\/media?parent=713"}],"wp:term":[{"taxonomy":"category","embeddable":true,"href":"http:\/\/cfcontabil.com\/cf\/wp-json\/wp\/v2\/categories?post=713"},{"taxonomy":"post_tag","embeddable":true,"href":"http:\/\/cfcontabil.com\/cf\/wp-json\/wp\/v2\/tags?post=713"}],"curies":[{"name":"wp","href":"https:\/\/api.w.org\/{rel}","templated":true}]}}