{"id":717,"date":"2016-04-01T05:00:49","date_gmt":"2016-04-01T08:00:49","guid":{"rendered":"http:\/\/cfcontabil.com\/cf\/?p=717"},"modified":"2016-04-01T05:00:49","modified_gmt":"2016-04-01T08:00:49","slug":"cest-exigencia-e-adiada-para-outubro-de-2016","status":"publish","type":"post","link":"http:\/\/cfcontabil.com\/cf\/cest-exigencia-e-adiada-para-outubro-de-2016\/","title":{"rendered":"CEST \u2013 exig\u00eancia \u00e9 adiada para outubro de 2016"},"content":{"rendered":"<p style=\"text-align: justify;\">O CONFAZ por meio do Conv\u00eanio ICMS 16 \/2016 (DOU de 28\/03) adiou para <strong>1\u00ba de outubro de 2016 <\/strong>a exig\u00eancia do <strong>CEST<\/strong>.<\/p>\n<p style=\"text-align: justify;\"><a href=\"https:\/\/i0.wp.com\/cfcontabil.com\/cf\/wp-content\/uploads\/2016\/03\/cest.png\" rel=\"attachment wp-att-718\"><img data-recalc-dims=\"1\" decoding=\"async\" data-attachment-id=\"718\" data-permalink=\"http:\/\/cfcontabil.com\/cf\/cest\/\" data-orig-file=\"https:\/\/i0.wp.com\/cfcontabil.com\/cf\/wp-content\/uploads\/2016\/03\/cest-1.png?fit=271%2C140\" data-orig-size=\"271,140\" data-comments-opened=\"1\" data-image-meta=\"{&quot;aperture&quot;:&quot;0&quot;,&quot;credit&quot;:&quot;&quot;,&quot;camera&quot;:&quot;&quot;,&quot;caption&quot;:&quot;&quot;,&quot;created_timestamp&quot;:&quot;0&quot;,&quot;copyright&quot;:&quot;&quot;,&quot;focal_length&quot;:&quot;0&quot;,&quot;iso&quot;:&quot;0&quot;,&quot;shutter_speed&quot;:&quot;0&quot;,&quot;title&quot;:&quot;&quot;,&quot;orientation&quot;:&quot;0&quot;}\" data-image-title=\"cest\" data-image-description=\"\" data-image-caption=\"\" data-large-file=\"https:\/\/i0.wp.com\/cfcontabil.com\/cf\/wp-content\/uploads\/2016\/03\/cest-1.png?fit=271%2C140\" class=\"alignleft wp-image-718\" src=\"https:\/\/i0.wp.com\/cfcontabil.com\/cf\/wp-content\/uploads\/2016\/03\/cest.png?resize=215%2C111\" alt=\"cest\" width=\"215\" height=\"111\" \/><\/a><\/p>\n<p style=\"text-align: justify;\">O <strong><a href=\"https:\/\/www.confaz.fazenda.gov.br\/legislacao\/convenios\/2015\/convenio-icms-146-15\">CEST<\/a><\/strong> &#8211; C\u00f3digo Especificador de Substitui\u00e7\u00e3o Tribut\u00e1ria, institu\u00eddo pelo Conv\u00eanio ICMS 92\/2015, promete diminuir os conflitos sobre a tributa\u00e7\u00e3o do produtos no que tange ao ICMS.<\/p>\n<p style=\"text-align: justify;\"><!--more--><\/p>\n<p style=\"text-align: justify;\">Embora ainda n\u00e3o seja obrigado informar o <strong><a href=\"https:\/\/www.confaz.fazenda.gov.br\/legislacao\/convenios\/2015\/convenio-icms-146-15\">CEST<\/a> <\/strong>no documento fiscal, a lista de produtos sujeitos \u00e0 substitui\u00e7\u00e3o tribut\u00e1ria divulgada pelo CONFAZ (Conv\u00eanio ICMS 92\/2015, alterado pelo Conv\u00eanio ICMS 146\/2015) acabou com a liberalidade dos Estados inclu\u00edrem mercadorias no regime.<\/p>\n<p style=\"text-align: justify;\">Desde o in\u00edcio de 2016 os Estados e o Distrito Federal somente podem cobrar ICMS atrav\u00e9s do regime da Substitui\u00e7\u00e3o Tribut\u00e1ria se a mercadoria ou bem consta da lista do CONFAZ.<\/p>\n<p style=\"text-align: justify;\">Consulte a lista completa atrav\u00e9s:<\/p>\n<p style=\"text-align: justify;\"><a href=\"https:\/\/www.confaz.fazenda.gov.br\/legislacao\/convenios\/2015\/convenio-icms-146-15\"><em>https:\/\/www.confaz.fazenda.gov.br\/legislacao\/convenios\/2015\/convenio-icms-146-15<\/em><\/a><\/p>\n<p style=\"text-align: justify;\"><em><a href=\"https:\/\/www.confaz.fazenda.gov.br\/legislacao\/convenios\/2015\/convenios-icms-92-15\">https:\/\/www.confaz.fazenda.gov.br\/legislacao\/convenios\/2015\/convenios-icms-92-15<\/a><\/em><\/p>\n<p style=\"text-align: justify;\">O Conv\u00eanio ICMS 92\/2015, estabeleceu sistem\u00e1tica de uniformiza\u00e7\u00e3o e identifica\u00e7\u00e3o das mercadorias e bens pass\u00edveis de sujei\u00e7\u00e3o aos regimes de substitui\u00e7\u00e3o tribut\u00e1ria e de antecipa\u00e7\u00e3o de recolhimento do ICMS com o encerramento de tributa\u00e7\u00e3o, relativos \u00e0s opera\u00e7\u00f5es subsequentes.<\/p>\n<p style=\"text-align: justify;\">A partir de 1\u00ba de outubro de 2016, nas opera\u00e7\u00f5es com mercadorias ou bens listados nos Anexos II a XXIX do Conv\u00eanio ICMS 146\/2015, o contribuinte dever\u00e1 mencionar o respectivo <strong><a href=\"https:\/\/www.confaz.fazenda.gov.br\/legislacao\/convenios\/2015\/convenio-icms-146-15\">CEST<\/a><\/strong> no documento fiscal, ainda que a opera\u00e7\u00e3o, mercadoria ou bem n\u00e3o estejam sujeitos aos regimes de substitui\u00e7\u00e3o tribut\u00e1ria ou de antecipa\u00e7\u00e3o do recolhimento do imposto.<\/p>\n<div style=\"text-align: justify;\"><img data-recalc-dims=\"1\" decoding=\"async\" class=\"aligncenter\" src=\"https:\/\/i0.wp.com\/2.bp.blogspot.com\/-m_KxCae6wKU\/Vt3YUkpKjPI\/AAAAAAAAC7s\/2w36a_MPFcA\/s400\/NF-e%2B-%2BNCM%2Bx%2BCEST.png?w=1170&#038;ssl=1\" alt=\"\" \/><\/div>\n<div style=\"text-align: justify;\"><\/div>\n<p style=\"text-align: justify;\">Com o adiamento, a valida\u00e7\u00e3o do campo <strong>CEST <\/strong>dos documentos fiscais eletr\u00f4nicos ocorrer\u00e1 somente <strong>a partir de 1\u00ba de outubro de 2016.<\/strong><\/p>\n<p style=\"text-align: justify;\">Assim, a valida\u00e7\u00e3o do <strong>CEST<\/strong> nos documentos fiscais eletr\u00f4nicos n\u00e3o ser\u00e1 ativada a partir de 1\u00ba de abril de 2016.<\/p>\n<p style=\"text-align: justify;\">Diante da prorroga\u00e7\u00e3o, os contribuintes ter\u00e3o mais tempo para incluir o c\u00f3digo (CEST) no cadastro de produtos.<\/p>\n<p style=\"text-align: justify;\"><em>Por Josefina do Nascimento<\/em><\/p>\n<p style=\"text-align: justify;\">Confira a integra do Conv\u00eanio ICMS 16\/2016.<\/p>\n<p style=\"text-align: justify;\"><strong>Conv\u00eanio ICMS n\u00ba 16, de 24 de mar\u00e7o de 2016<\/strong><\/p>\n<p style=\"text-align: justify;\">DOU de 28-03-2016.<\/p>\n<p style=\"text-align: justify;\">Altera o Conv\u00eanio ICMS 92\/15, que estabelece a sistem\u00e1tica de uniformiza\u00e7\u00e3o e identifica\u00e7\u00e3o das mercadorias e bens pass\u00edveis de sujei\u00e7\u00e3o aos regimes de substitui\u00e7\u00e3o tribut\u00e1ria e de antecipa\u00e7\u00e3o de recolhimento do ICMS com o encerramento de tributa\u00e7\u00e3o, relativos \u00e0s opera\u00e7\u00f5es subsequentes.<\/p>\n<p style=\"text-align: justify;\">O Conselho Nacional de Pol\u00edtica Fazend\u00e1ria &#8211; CONFAZ, na sua 260\u00aa reuni\u00e3o extraordin\u00e1ria realizada no dia 24 de mar\u00e7o de 2016, tendo em vista o disposto nos art. 6\u00ba a 9\u00ba da Lei Complementar n\u00ba 87, de 13 de setembro de 1996, bem como na al\u00ednea &#8220;a&#8221; do inciso XIII do \u00a7 1\u00ba e no \u00a7 7\u00ba do art. 13 da Lei Complementar n\u00ba 123, de 14 de dezembro de 2006, e nos arts. 102 e 199 do C\u00f3digo Tribut\u00e1rio Nacional (Lei n\u00ba 5.172, de 25 de outubro de 1966), resolve celebrar o seguinte:<\/p>\n<p style=\"text-align: justify;\"><strong>Cl\u00e1usula primeira<\/strong> O inciso I da cl\u00e1usula sexta do conv\u00eanio ICMS 92, de 20 de agosto de 2015, passa a vigorar com a seguinte reda\u00e7\u00e3o:<\/p>\n<p style=\"text-align: justify;\">&#8220;I &#8211; ao \u00a71\u00ba da cl\u00e1usula terceira, a partir de 1\u00ba de outubro de 2016;&#8221;.<\/p>\n<p style=\"text-align: justify;\">Cl\u00e1usula segunda Este conv\u00eanio entra em vigor na data da publica\u00e7\u00e3o.<\/p>\n<p style=\"text-align: justify;\">Confira a reda\u00e7\u00e3o anterior do inciso I da Cl\u00e1usula sexta do Conv\u00eanio ICMS 92\/2015<\/p>\n<p style=\"text-align: justify;\"><strong>Cl\u00e1usula terceira<\/strong> Fica institu\u00eddo o C\u00f3digo Especificador da Substitui\u00e7\u00e3o Tribut\u00e1ria &#8211; CEST, que identifica a mercadoria pass\u00edvel de sujei\u00e7\u00e3o aos regimes de substitui\u00e7\u00e3o tribut\u00e1ria e de antecipa\u00e7\u00e3o do recolhimento do imposto, relativos \u00e0s opera\u00e7\u00f5es subsequentes.<\/p>\n<p style=\"text-align: justify;\">\u00a7 1\u00ba Nas opera\u00e7\u00f5es com mercadorias ou bens listados nos Anexos II a XXIX deste conv\u00eanio, o contribuinte dever\u00e1 mencionar o respectivo CEST no documento fiscal que acobertar a opera\u00e7\u00e3o, ainda que a opera\u00e7\u00e3o, mercadoria ou bem n\u00e3o estejam sujeitos aos regimes de substitui\u00e7\u00e3o tribut\u00e1ria ou de antecipa\u00e7\u00e3o do recolhimento do imposto.<\/p>\n<p style=\"text-align: justify;\"><strong>Cl\u00e1usula sexta<\/strong> Este conv\u00eanio entra em vigor na data de sua publica\u00e7\u00e3o no Di\u00e1rio Oficial da Uni\u00e3o, produzindo efeito, relativamente:<\/p>\n<p style=\"text-align: justify;\">I &#8211; ao \u00a7 1\u00ba da cl\u00e1usula terceira, a partir de 1\u00ba de abril de 2016;<\/p>\n<p style=\"text-align: justify;\">II &#8211; \u00e0s demais cl\u00e1usulas, a partir de 1\u00ba de janeiro de 2016.<\/p>\n","protected":false},"excerpt":{"rendered":"<p>O CONFAZ por meio do Conv\u00eanio ICMS 16 \/2016 (DOU de 28\/03) adiou para 1\u00ba de outubro de 2016 a exig\u00eancia do CEST. O CEST &#8211; C\u00f3digo Especificador de Substitui\u00e7\u00e3o Tribut\u00e1ria, institu\u00eddo pelo Conv\u00eanio ICMS 92\/2015, promete diminuir os conflitos sobre a tributa\u00e7\u00e3o do produtos no que tange ao ICMS.<\/p>\n","protected":false},"author":3,"featured_media":719,"comment_status":"open","ping_status":"open","sticky":false,"template":"","format":"standard","meta":{"jetpack_post_was_ever_published":false,"_jetpack_newsletter_access":"","_jetpack_dont_email_post_to_subs":false,"_jetpack_newsletter_tier_id":0,"_jetpack_memberships_contains_paywalled_content":false,"_jetpack_memberships_contains_paid_content":false,"footnotes":"","jetpack_publicize_message":"","jetpack_publicize_feature_enabled":true,"jetpack_social_post_already_shared":true,"jetpack_social_options":{"image_generator_settings":{"template":"highway","default_image_id":0,"font":"","enabled":false},"version":2}},"categories":[46],"tags":[149,236,237,238,239],"class_list":["post-717","post","type-post","status-publish","format-standard","has-post-thumbnail","hentry","category-df","tag-carga-tributaria","tag-cest","tag-codigo","tag-nfe","tag-substituicao"],"jetpack_publicize_connections":[],"jetpack_featured_media_url":"https:\/\/i0.wp.com\/cfcontabil.com\/cf\/wp-content\/uploads\/2016\/03\/NFe-1.jpg?fit=543%2C232","jetpack_sharing_enabled":true,"jetpack_shortlink":"https:\/\/wp.me\/p2wklX-bz","jetpack-related-posts":[{"id":675,"url":"http:\/\/cfcontabil.com\/cf\/atencao-as-mudancas-na-nf-e-o-prazo-expira-no-final-do-mes\/","url_meta":{"origin":717,"position":0},"title":"Aten\u00e7\u00e3o \u00e0s mudan\u00e7as na NF-e. O prazo expira no final do m\u00eas","author":"Ab\u00edlio Gon\u00e7alves","date":"17 de mar\u00e7o de 2016","format":false,"excerpt":"Em abril, o layout das NF-e e da NFC-e ter\u00e1 de incluir campos para contemplar um novo c\u00f3digo identificador de mercadorias, o Cest. As empresas t\u00eam at\u00e9 1\u00b0 de abril para adequar os seus programas geradores de documentos fiscais ao C\u00f3digo Especificador da Substitui\u00e7\u00e3o Tribut\u00e1ria (Cest). Todos aqueles que emitem\u2026","rel":"","context":"Em &quot;Consultoria Empresarial&quot;","block_context":{"text":"Consultoria Empresarial","link":"http:\/\/cfcontabil.com\/cf\/category\/consultoria\/"},"img":{"alt_text":"","src":"https:\/\/i0.wp.com\/cfcontabil.com\/cf\/wp-content\/uploads\/2016\/03\/ncfe-1.jpg?fit=473%2C326&resize=350%2C200","width":350,"height":200},"classes":[]},{"id":250,"url":"http:\/\/cfcontabil.com\/cf\/substituicao-tributaria-como-afeta-sua-empresa\/","url_meta":{"origin":717,"position":1},"title":"Substitui\u00e7\u00e3o tribut\u00e1ria: como afeta sua empresa?","author":"Vin\u00edcius Moizinho","date":"6 de dezembro de 2012","format":false,"excerpt":"O Brasil \u00e9 um dos pa\u00edses com maior carga tribut\u00e1ria do mundo - e tamb\u00e9m com uma das mais complexas estruturas de arrecada\u00e7\u00e3o de impostos, tanto federais, quanto estaduais e municipais. Ao abrir novos neg\u00f3cios ou diversificar os j\u00e1 existentes, os empreendedores devem ficar atentos ao Imposto sobre Circula\u00e7\u00e3o de\u2026","rel":"","context":"Em &quot;Geral&quot;","block_context":{"text":"Geral","link":"http:\/\/cfcontabil.com\/cf\/category\/geral\/"},"img":{"alt_text":"","src":"https:\/\/i0.wp.com\/www.ajegoias.com.br\/wp-content\/uploads\/2012\/03\/imposto-581x326.jpg?resize=350%2C200","width":350,"height":200,"srcset":"https:\/\/i0.wp.com\/www.ajegoias.com.br\/wp-content\/uploads\/2012\/03\/imposto-581x326.jpg?resize=350%2C200 1x, https:\/\/i0.wp.com\/www.ajegoias.com.br\/wp-content\/uploads\/2012\/03\/imposto-581x326.jpg?resize=525%2C300 1.5x"},"classes":[]},{"id":554,"url":"http:\/\/cfcontabil.com\/cf\/saiba-quais-sao-os-tributos-que-todo-empreendedor-precisa-conhecer\/","url_meta":{"origin":717,"position":2},"title":"Saiba quais s\u00e3o os tributos que todo empreendedor precisa conhecer","author":"Vin\u00edcius Moizinho","date":"14 de agosto de 2014","format":false,"excerpt":"\u00a0 Uma boa administra\u00e7\u00e3o tribut\u00e1ria desde o come\u00e7o do neg\u00f3cio pode fazer diferen\u00e7a no sucesso. Confira a excelente compila\u00e7\u00e3o sobre o assunto publicada pela Endeavor Brasil e redistribu\u00edda pelo Di\u00e1rio Catarinense. \u00a0 N\u00e3o \u00e9 incomum ouvir dizer que o Brasil \u00e9 o \u201cpa\u00eds dos impostos\u201d, mas \u00e9 importante ter claro\u2026","rel":"","context":"Em &quot;Consultoria Empresarial&quot;","block_context":{"text":"Consultoria Empresarial","link":"http:\/\/cfcontabil.com\/cf\/category\/consultoria\/"},"img":{"alt_text":"","src":"","width":0,"height":0},"classes":[]},{"id":1304,"url":"http:\/\/cfcontabil.com\/cf\/nf-e-versao-4-0-sera-obrigatoria-a-partir-de-2-de-julho-saiba-o-que-muda\/","url_meta":{"origin":717,"position":3},"title":"NF-e vers\u00e3o 4.0 ser\u00e1 obrigat\u00f3ria a partir de 2 de julho; saiba o que muda","author":"Ab\u00edlio Gon\u00e7alves","date":"10 de junho de 2018","format":false,"excerpt":"A partir de 2 de julho o Governo Federal deixar\u00e1 de aceitar notas fiscais eletr\u00f4nicas antigas Se voc\u00ea vende produtos (bens e mercadorias), precisa se adaptar \u00e0s altera\u00e7\u00f5es do documento. Apesar da obrigatoriedade do novo layout ter sido prorrogada para julho deste ano (o prazo inicial era abril de 2018),\u2026","rel":"","context":"Em &quot;Departamento Fiscal&quot;","block_context":{"text":"Departamento Fiscal","link":"http:\/\/cfcontabil.com\/cf\/category\/df\/"},"img":{"alt_text":"","src":"https:\/\/i0.wp.com\/cfcontabil.com\/cf\/wp-content\/uploads\/2018\/06\/nfe-4-1.png?fit=523%2C246&resize=350%2C200","width":350,"height":200},"classes":[]},{"id":1948,"url":"http:\/\/cfcontabil.com\/cf\/tributar-dividendo-e-peca-fundamental-na-reforma-do-imposto-de-renda\/","url_meta":{"origin":717,"position":4},"title":"Tributar dividendo \u00e9 pe\u00e7a fundamental na reforma do Imposto de Renda","author":"Ab\u00edlio Gon\u00e7alves","date":"26 de novembro de 2019","format":false,"excerpt":"Entre os itens que podem ser alterados no Importo de Renda est\u00e3o as dedu\u00e7\u00f5es de despesas com sa\u00fade e educa\u00e7\u00e3o A cobran\u00e7a de imposto sobre dividendos, hoje isentos, \u00e9 pe\u00e7a fundamental no projeto do governo federal de\u00a0aliviar a carga tribut\u00e1ria sobre empresas e tornar o Imposto de Renda\u00a0das pessoas f\u00edsicas\u2026","rel":"","context":"Em &quot;Departamento Fiscal&quot;","block_context":{"text":"Departamento Fiscal","link":"http:\/\/cfcontabil.com\/cf\/category\/df\/"},"img":{"alt_text":"","src":"https:\/\/i0.wp.com\/cfcontabil.com\/cf\/wp-content\/uploads\/2019\/11\/Receita-Federal.jpg?fit=1200%2C675&resize=350%2C200","width":350,"height":200,"srcset":"https:\/\/i0.wp.com\/cfcontabil.com\/cf\/wp-content\/uploads\/2019\/11\/Receita-Federal.jpg?fit=1200%2C675&resize=350%2C200 1x, https:\/\/i0.wp.com\/cfcontabil.com\/cf\/wp-content\/uploads\/2019\/11\/Receita-Federal.jpg?fit=1200%2C675&resize=525%2C300 1.5x, https:\/\/i0.wp.com\/cfcontabil.com\/cf\/wp-content\/uploads\/2019\/11\/Receita-Federal.jpg?fit=1200%2C675&resize=700%2C400 2x, https:\/\/i0.wp.com\/cfcontabil.com\/cf\/wp-content\/uploads\/2019\/11\/Receita-Federal.jpg?fit=1200%2C675&resize=1050%2C600 3x"},"classes":[]},{"id":1329,"url":"http:\/\/cfcontabil.com\/cf\/greve-eleicoes-e-copa-do-mundo-podem-desacelerar-receita-de-icms\/","url_meta":{"origin":717,"position":5},"title":"Greve, elei\u00e7\u00f5es e Copa do Mundo podem desacelerar receita de ICMS","author":"Ab\u00edlio Gon\u00e7alves","date":"13 de junho de 2018","format":false,"excerpt":"Para os pr\u00f3ximos meses, a tend\u00eancia \u00e9 que a arrecada\u00e7\u00e3o de ICMS passe por uma desacelera\u00e7\u00e3o Uma amostra com 20 estados mostrou que a arrecada\u00e7\u00e3o estadual expandiu 5,37% acima da infla\u00e7\u00e3o at\u00e9 abril, para R$ 115 bilh\u00f5es, impulsionada, especialmente, pela alta dos combust\u00edveis A arrecada\u00e7\u00e3o do Imposto sobre a Circula\u00e7\u00e3o\u2026","rel":"","context":"Em &quot;Geral&quot;","block_context":{"text":"Geral","link":"http:\/\/cfcontabil.com\/cf\/category\/geral\/"},"img":{"alt_text":"","src":"https:\/\/i0.wp.com\/cfcontabil.com\/cf\/wp-content\/uploads\/2016\/03\/dinheiro-1.jpg?fit=661%2C351&resize=350%2C200","width":350,"height":200,"srcset":"https:\/\/i0.wp.com\/cfcontabil.com\/cf\/wp-content\/uploads\/2016\/03\/dinheiro-1.jpg?fit=661%2C351&resize=350%2C200 1x, https:\/\/i0.wp.com\/cfcontabil.com\/cf\/wp-content\/uploads\/2016\/03\/dinheiro-1.jpg?fit=661%2C351&resize=525%2C300 1.5x"},"classes":[]}],"jetpack_likes_enabled":true,"_links":{"self":[{"href":"http:\/\/cfcontabil.com\/cf\/wp-json\/wp\/v2\/posts\/717","targetHints":{"allow":["GET"]}}],"collection":[{"href":"http:\/\/cfcontabil.com\/cf\/wp-json\/wp\/v2\/posts"}],"about":[{"href":"http:\/\/cfcontabil.com\/cf\/wp-json\/wp\/v2\/types\/post"}],"author":[{"embeddable":true,"href":"http:\/\/cfcontabil.com\/cf\/wp-json\/wp\/v2\/users\/3"}],"replies":[{"embeddable":true,"href":"http:\/\/cfcontabil.com\/cf\/wp-json\/wp\/v2\/comments?post=717"}],"version-history":[{"count":0,"href":"http:\/\/cfcontabil.com\/cf\/wp-json\/wp\/v2\/posts\/717\/revisions"}],"wp:featuredmedia":[{"embeddable":true,"href":"http:\/\/cfcontabil.com\/cf\/wp-json\/wp\/v2\/media\/719"}],"wp:attachment":[{"href":"http:\/\/cfcontabil.com\/cf\/wp-json\/wp\/v2\/media?parent=717"}],"wp:term":[{"taxonomy":"category","embeddable":true,"href":"http:\/\/cfcontabil.com\/cf\/wp-json\/wp\/v2\/categories?post=717"},{"taxonomy":"post_tag","embeddable":true,"href":"http:\/\/cfcontabil.com\/cf\/wp-json\/wp\/v2\/tags?post=717"}],"curies":[{"name":"wp","href":"https:\/\/api.w.org\/{rel}","templated":true}]}}