{"id":735,"date":"2016-04-05T09:05:13","date_gmt":"2016-04-05T12:05:13","guid":{"rendered":"http:\/\/cfcontabil.com\/cf\/?p=735"},"modified":"2016-04-05T09:05:13","modified_gmt":"2016-04-05T12:05:13","slug":"saiba-como-acompanhar-a-situacao-da-sua-declaracao-de-ir-2016","status":"publish","type":"post","link":"http:\/\/cfcontabil.com\/cf\/saiba-como-acompanhar-a-situacao-da-sua-declaracao-de-ir-2016\/","title":{"rendered":"Saiba como acompanhar a situa\u00e7\u00e3o da sua declara\u00e7\u00e3o de IR 2016"},"content":{"rendered":"<p style=\"text-align: justify;\"><span style=\"font-family: 'book antiqua', palatino, serif;\">Uma d\u00favida\u00a0frequente nesta \u00e9poca \u00e9 como identificar se \u00a0a declara\u00e7\u00e3o transmitida n\u00e3o caiu na temida &#8220;Malha Fina&#8221;. <\/span><\/p>\n<p style=\"text-align: justify;\"><span style=\"font-family: 'book antiqua', palatino, serif;\">\u00c9 uma tarefa relativamente simples e muito recomendada\u00a0para acompanhar a sua situa\u00e7\u00e3o junto a Receita Federal e evitar surpresas. Acompanhe a mat\u00e9ria reproduzida abaixo e saiba tudo o que precisa:<\/span><\/p>\n<div class=\"imagem-representativa imagem-615x300\">\n<ul>\n<li>\n<div class=\"pinit-wraper\" style=\"text-align: justify;\"><img data-recalc-dims=\"1\" fetchpriority=\"high\" decoding=\"async\" class=\"imagem pinit-img\" title=\"Rog\u00e9rio Doki\" src=\"https:\/\/i0.wp.com\/imguol.com\/c\/noticias\/2015\/03\/09\/selo-imposto-de-renda--ilustracoes-para-o-passo-a-passo-1425935483435_615x300.jpg?resize=600%2C300\" alt=\"\" width=\"600\" height=\"300\" \/><\/div>\n<\/li>\n<\/ul>\n<\/div>\n<p style=\"text-align: justify;\">A Receita Federal disponibiliza na internet o extrato da declara\u00e7\u00e3o de <a href=\"http:\/\/economia.uol.com.br\/imposto-de-renda\/\"><strong>Imposto de Renda 2016<\/strong><\/a>, o que permite aos contribuintes acompanharem de forma detalhada como seus documentos est\u00e3o sendo processados.<\/p>\n<p style=\"text-align: justify;\"><!--more-->Assim, \u00e9 poss\u00edvel identificar, de forma mais r\u00e1pida, eventuais problemas na declara\u00e7\u00e3o e fazer as corre\u00e7\u00f5es antes de cair na malha fina e ser chamado para dar explica\u00e7\u00f5es.<\/p>\n<p style=\"text-align: justify;\">Para consultar seu extrato, voc\u00ea precisa estar cadastrado no portal <a href=\"http:\/\/zip.net\/bxp7kj\" target=\"_blank\" rel=\"noopener noreferrer\"><strong>e-CAC<\/strong><\/a> (Centro Virtual de Atendimento ao Contribuinte) e ter um c\u00f3digo de acesso. O endere\u00e7o do portal \u00e9\u00a0<strong><a href=\"http:\/\/zip.net\/bxp7kj\" target=\"_blank\" rel=\"noopener noreferrer\">http:\/\/zip.net\/bxp7kj<\/a><\/strong>\u00a0(link encurtado e seguro).<\/p>\n<p style=\"text-align: justify;\">O c\u00f3digo \u00e9 criado numa p\u00e1gina espec\u00edfica da Receita:\u00a0<a href=\"http:\/\/zip.net\/bys5y4\"><strong>http:\/\/zip.net\/bys5y4<\/strong><\/a>.<\/p>\n<p style=\"text-align: justify;\">\u00c9 preciso informar CPF, data de nascimento e n\u00fameros dos recibos de entrega das declara\u00e7\u00f5es de IR dos \u00faltimos dois anos. Aten\u00e7\u00e3o \u00e0s observa\u00e7\u00f5es da Receita:<\/p>\n<ul style=\"text-align: justify;\">\n<li>Caso o contribuinte n\u00e3o conste como titular em nenhuma declara\u00e7\u00e3o nos \u00faltimos dois exerc\u00edcios, n\u00e3o ser\u00e1 poss\u00edvel gerar o c\u00f3digo de acesso<\/li>\n<li>Se o contribuinte apresentou declara\u00e7\u00e3o retificadora, deve utilizar o n\u00famero do recibo de entrega da retifica\u00e7\u00e3o, que substitui a vers\u00e3o que foi corrigida<\/li>\n<li>Os n\u00fameros dos recibos de entrega devem ser informados com dez d\u00edgitos (sem o d\u00edgito verificador)<\/li>\n<li>O c\u00f3digo de acesso \u00e9 v\u00e1lido por dois anos<\/li>\n<\/ul>\n<p style=\"text-align: justify;\">A Receita Federal disponibiliza um passo-a-passo para gerar o c\u00f3digo de acesso. Confira no site: <strong><a href=\"http:\/\/zip.net\/bjsVnr\" target=\"_blank\" rel=\"noopener noreferrer\">http:\/\/zip.net\/bjsVnr<\/a><\/strong>.<\/p>\n<h3 style=\"text-align: justify;\">Esqueceu o c\u00f3digo?<\/h3>\n<p style=\"text-align: justify;\">A qualquer momento \u00e9 poss\u00edvel gerar um novo c\u00f3digo de acesso.<\/p>\n<p style=\"text-align: justify;\">No caso de ter esquecido sua senha ou o c\u00f3digo, e ainda existir um v\u00e1lido, ser\u00e1 exibida a mensagem: &#8220;J\u00e1 existe um c\u00f3digo de acesso gerado para este contribuinte&#8221;. Ao clicar em &#8220;gerar&#8221;, voc\u00ea substitui o c\u00f3digo anterior.<\/p>\n<h3 style=\"text-align: justify;\">Servi\u00e7os dispon\u00edveis<\/h3>\n<p style=\"text-align: justify;\">Veja a seguir os principais servi\u00e7os que podem ser consultados no extrato da declara\u00e7\u00e3o:<\/p>\n<ul style=\"text-align: justify;\">\n<li>Verificar o pagamento mensal das cotas do IR<\/li>\n<li>Imprimir o Darf atualizado para pagamentos das cotas<\/li>\n<li>Solicitar, alterar ou cancelar o d\u00e9bito autom\u00e1tico das cotas<\/li>\n<li>Identificar e parcelar d\u00e9bitos que estiverem em atraso<\/li>\n<li>Solicitar o pedido de pagamento de restitui\u00e7\u00e3o<\/li>\n<li>Verificar a situa\u00e7\u00e3o em que se encontra o processamento da declara\u00e7\u00e3o<\/li>\n<\/ul>\n<h3 style=\"text-align: justify;\"><strong>Situa\u00e7\u00f5es da declara\u00e7\u00e3o<\/strong><\/h3>\n<p style=\"text-align: justify;\">A Receita informa a situa\u00e7\u00e3o em que se encontra a declara\u00e7\u00e3o do contribuinte (&#8220;em processamento&#8221;, &#8220;processada&#8221;, &#8220;com pend\u00eancias&#8221; etc.). Entenda o que quer dizer cada um desses termos:<\/p>\n<p style=\"text-align: justify;\"><strong>Em processamento: <\/strong>esse status indica que a declara\u00e7\u00e3o foi recebida, encontra-se na base de dados da Receita Federal, mas o processamento n\u00e3o foi conclu\u00eddo. Caso o contribuinte esteja aguardando por uma restitui\u00e7\u00e3o, ter\u00e1 que esperar at\u00e9 o pr\u00f3ximo lote. Se houver alguma pend\u00eancia, ser\u00e1 informada.<\/p>\n<p style=\"text-align: justify;\"><strong>Processada: <\/strong>indica que a declara\u00e7\u00e3o foi recebida e o processamento foi conclu\u00eddo.<\/p>\n<p style=\"text-align: justify;\"><strong>Com pend\u00eancias<\/strong>: durante o processamento da declara\u00e7\u00e3o, foram encontradas pend\u00eancias em rela\u00e7\u00e3o a algumas informa\u00e7\u00f5es e o contribuinte deve regulariz\u00e1-las (veja mais informa\u00e7\u00f5es sobre regulariza\u00e7\u00e3o de pend\u00eancias na Receita:<strong><a href=\"http:\/\/zip.net\/bdmV7H\" target=\"_blank\" rel=\"noopener noreferrer\">http:\/\/zip.net\/bdmV7H<\/a><\/strong>).<\/p>\n<p style=\"text-align: justify;\"><strong>Em an\u00e1lise: <\/strong>indica que a declara\u00e7\u00e3o entregue foi processada e segue em an\u00e1lise, ou porque a Receita Federal est\u00e1 aguardando o contribuinte apresentar documentos solicitados via intima\u00e7\u00e3o, ou porque o processo de an\u00e1lise de documentos entregues pelo contribuinte ainda n\u00e3o foi conclu\u00eddo.<\/p>\n<p style=\"text-align: justify;\"><strong>Retificada:<\/strong> indica que a declara\u00e7\u00e3o original foi substitu\u00edda integralmente por uma declara\u00e7\u00e3o retificadora apresentada pelo contribuinte.<\/p>\n<p style=\"text-align: justify;\"><strong>Cancelada: <\/strong>indica que a declara\u00e7\u00e3o foi cancelada por interesse da administra\u00e7\u00e3o tribut\u00e1ria ou pelo pr\u00f3prio contribuinte. Dessa forma, ela deixa de ter seus efeitos legais.<\/p>\n<p style=\"text-align: justify;\"><strong>Tratamento manual: <\/strong>a declara\u00e7\u00e3o est\u00e1 sendo analisada, e o contribuinte deve aguardar contato da Receita Federal por correspond\u00eancia.<\/p>\n<ul>\n<li>Por Rog\u00e9rio Doki &#8211; <a href=\"http:\/\/economia.uol.com.br\/imposto-de-renda\/noticias\/redacao\/2016\/04\/04\/saiba-como-acompanhar-a-situacao-da-sua-declaracao-de-ir-2016.htm\" target=\"_blank\" rel=\"noopener noreferrer\">UOL<\/a><\/li>\n<\/ul>\n","protected":false},"excerpt":{"rendered":"<p>Uma d\u00favida\u00a0frequente nesta \u00e9poca \u00e9 como identificar se \u00a0a declara\u00e7\u00e3o transmitida n\u00e3o caiu na temida &#8220;Malha Fina&#8221;. \u00c9 uma tarefa relativamente simples e muito recomendada\u00a0para acompanhar a sua situa\u00e7\u00e3o junto a Receita Federal e evitar surpresas. Acompanhe a mat\u00e9ria reproduzida abaixo e saiba tudo o que precisa: A Receita Federal disponibiliza na internet o extrato [&hellip;]<\/p>\n","protected":false},"author":3,"featured_media":701,"comment_status":"open","ping_status":"open","sticky":false,"template":"","format":"standard","meta":{"jetpack_post_was_ever_published":false,"_jetpack_newsletter_access":"","_jetpack_dont_email_post_to_subs":false,"_jetpack_newsletter_tier_id":0,"_jetpack_memberships_contains_paywalled_content":false,"_jetpack_memberships_contains_paid_content":false,"footnotes":"","jetpack_publicize_message":"","jetpack_publicize_feature_enabled":true,"jetpack_social_post_already_shared":true,"jetpack_social_options":{"image_generator_settings":{"template":"highway","default_image_id":0,"font":"","enabled":false},"version":2}},"categories":[60],"tags":[250,237,251,225,108,115,226,252,111],"class_list":["post-735","post","type-post","status-publish","format-standard","has-post-thumbnail","hentry","category-consultoria","tag-acompanhamento","tag-codigo","tag-extrato","tag-fina","tag-imposto","tag-irpf","tag-malha","tag-problemas","tag-renda"],"jetpack_publicize_connections":[],"jetpack_featured_media_url":"https:\/\/i0.wp.com\/cfcontabil.com\/cf\/wp-content\/uploads\/2016\/03\/imposto-receita-leao-1.jpg?fit=297%2C170","jetpack_sharing_enabled":true,"jetpack_shortlink":"https:\/\/wp.me\/p2wklX-bR","jetpack-related-posts":[{"id":1296,"url":"http:\/\/cfcontabil.com\/cf\/imposto-de-renda-2018-veja-13-erros-mais-comuns-na-declaracao-e-evite-cair-na-malha-fina\/","url_meta":{"origin":735,"position":0},"title":"Imposto de Renda 2018: Veja 13 erros mais comuns na declara\u00e7\u00e3o e evite cair na malha fina","author":"Ab\u00edlio Gon\u00e7alves","date":"3 de mar\u00e7o de 2018","format":false,"excerpt":"Reportagem do G1 Esquecer de informar pens\u00e3o aliment\u00edcia, colocar cursos n\u00e3o autorizados como despesas de educa\u00e7\u00e3o para deduzir imposto e at\u00e9 erros de digita\u00e7\u00e3o s\u00e3o comuns; prazo para declarar at\u00e9 30 de abril Os motivos que levam algu\u00e9m a cair na malha fina s\u00e3o v\u00e1rios e v\u00e3o desde a omiss\u00e3o\u2026","rel":"","context":"Em &quot;Geral&quot;","block_context":{"text":"Geral","link":"http:\/\/cfcontabil.com\/cf\/category\/geral\/"},"img":{"alt_text":"","src":"https:\/\/i0.wp.com\/cfcontabil.com\/cf\/wp-content\/uploads\/2016\/04\/leao_do_imposto_de_renda-1.jpg?fit=620%2C345&resize=350%2C200","width":350,"height":200,"srcset":"https:\/\/i0.wp.com\/cfcontabil.com\/cf\/wp-content\/uploads\/2016\/04\/leao_do_imposto_de_renda-1.jpg?fit=620%2C345&resize=350%2C200 1x, https:\/\/i0.wp.com\/cfcontabil.com\/cf\/wp-content\/uploads\/2016\/04\/leao_do_imposto_de_renda-1.jpg?fit=620%2C345&resize=525%2C300 1.5x"},"classes":[]},{"id":1206,"url":"http:\/\/cfcontabil.com\/cf\/nao-entregou-a-declaracao-de-irpf-2016-saiba-o-risco-da-malha-fina\/","url_meta":{"origin":735,"position":1},"title":"N\u00e3o entregou a Declara\u00e7\u00e3o de IRPF 2016? Saiba o risco da Malha Fina","author":"Ab\u00edlio Gon\u00e7alves","date":"3 de maio de 2016","format":false,"excerpt":"O prazo para envio terminou \u00e0s 23h59 de sexta-feira (29). Multa m\u00ednima \u00e9 de R$ 165,74, mas pode atingir 20% do imposto devido. A Receita Federal recebeu 27.960.663 declara\u00e7\u00f5es do IR, segundo balan\u00e7o divulgado na madrugada deste s\u00e1bado (30). A estimativa \u00e9 que 239 mil contribuintes tenham perdido o prazo\u2026","rel":"","context":"Em &quot;Geral&quot;","block_context":{"text":"Geral","link":"http:\/\/cfcontabil.com\/cf\/category\/geral\/"},"img":{"alt_text":"","src":"https:\/\/i0.wp.com\/cfcontabil.com\/cf\/wp-content\/uploads\/2016\/05\/Imposto_Renda_IR_Prazo-1.jpg?fit=620%2C412&resize=350%2C200","width":350,"height":200,"srcset":"https:\/\/i0.wp.com\/cfcontabil.com\/cf\/wp-content\/uploads\/2016\/05\/Imposto_Renda_IR_Prazo-1.jpg?fit=620%2C412&resize=350%2C200 1x, https:\/\/i0.wp.com\/cfcontabil.com\/cf\/wp-content\/uploads\/2016\/05\/Imposto_Renda_IR_Prazo-1.jpg?fit=620%2C412&resize=525%2C300 1.5x"},"classes":[]},{"id":1132,"url":"http:\/\/cfcontabil.com\/cf\/ajuda-profissional-evita-problemas-com-o-leao\/","url_meta":{"origin":735,"position":2},"title":"Ajuda profissional evita problemas com o Le\u00e3o","author":"Ab\u00edlio Gon\u00e7alves","date":"20 de abril de 2017","format":false,"excerpt":"Quem se sente inseguro para declarar o IR ou tem grande patrim\u00f4nio, por exemplo, pode recorrer a um contador. Quem entregou o documento com algum erro ou informa\u00e7\u00e3o incompleta pode enviar uma declara\u00e7\u00e3o retificadora at\u00e9 o dia 28 de abril. A cada ano, a Receita Federal vem aprimorando o programa\u2026","rel":"","context":"Em &quot;Departamento Fiscal&quot;","block_context":{"text":"Departamento Fiscal","link":"http:\/\/cfcontabil.com\/cf\/category\/df\/"},"img":{"alt_text":"","src":"https:\/\/i0.wp.com\/cfcontabil.com\/cf\/wp-content\/uploads\/2016\/05\/Imposto_Renda_IR_Prazo-1.jpg?fit=620%2C412&resize=350%2C200","width":350,"height":200,"srcset":"https:\/\/i0.wp.com\/cfcontabil.com\/cf\/wp-content\/uploads\/2016\/05\/Imposto_Renda_IR_Prazo-1.jpg?fit=620%2C412&resize=350%2C200 1x, https:\/\/i0.wp.com\/cfcontabil.com\/cf\/wp-content\/uploads\/2016\/05\/Imposto_Renda_IR_Prazo-1.jpg?fit=620%2C412&resize=525%2C300 1.5x"},"classes":[]},{"id":939,"url":"http:\/\/cfcontabil.com\/cf\/imposto-de-renda-e-o-tema-do-quadro-saiba-mais-stf\/","url_meta":{"origin":735,"position":3},"title":"Imposto de Renda \u00e9 o tema do quadro Saiba Mais &#8211; STF","author":"Ab\u00edlio Gon\u00e7alves","date":"11 de fevereiro de 2017","format":false,"excerpt":"https:\/\/www.youtube.com\/watch?v=QNQjJekLGyw O advogado tributarista Manuel Arruda J\u00fanior esclarece d\u00favidas sobre normas da Receita Federal que se aplicam \u00e0 declara\u00e7\u00e3o do tributo. Ele fala sobre a exig\u00eancia de CPF para a inclus\u00e3o de dependente acima de 14 anos e quem pode figurar como dependente na declara\u00e7\u00e3o. O tributarista explica quais as\u2026","rel":"","context":"Em &quot;Geral&quot;","block_context":{"text":"Geral","link":"http:\/\/cfcontabil.com\/cf\/category\/geral\/"},"img":{"alt_text":"","src":"https:\/\/i0.wp.com\/cfcontabil.com\/cf\/wp-content\/uploads\/2017\/02\/imposto-de-renda-2017-1.jpg?fit=640%2C365&resize=350%2C200","width":350,"height":200,"srcset":"https:\/\/i0.wp.com\/cfcontabil.com\/cf\/wp-content\/uploads\/2017\/02\/imposto-de-renda-2017-1.jpg?fit=640%2C365&resize=350%2C200 1x, https:\/\/i0.wp.com\/cfcontabil.com\/cf\/wp-content\/uploads\/2017\/02\/imposto-de-renda-2017-1.jpg?fit=640%2C365&resize=525%2C300 1.5x"},"classes":[]},{"id":1234,"url":"http:\/\/cfcontabil.com\/cf\/contribuintes-devem-estar-atentos-aos-termos-do-ir\/","url_meta":{"origin":735,"position":4},"title":"Contribuintes devem estar atentos aos termos do IR","author":"Ab\u00edlio Gon\u00e7alves","date":"8 de mar\u00e7o de 2017","format":false,"excerpt":"Na retifica\u00e7\u00e3o \u00e9 poss\u00edvel corrigir erros da declara\u00e7\u00e3o enviada Na hora de preencher a declara\u00e7\u00e3o de Imposto de Renda, a quantidade de termos cont\u00e1beis pode confundir quem deve informar os rendimentos \u00e0 Receita Federal. \u00c9 preciso estar atento a esses conceitos para evitar erros e multas por inconsist\u00eancias. Confira alguns\u2026","rel":"","context":"Em &quot;Departamento Fiscal&quot;","block_context":{"text":"Departamento Fiscal","link":"http:\/\/cfcontabil.com\/cf\/category\/df\/"},"img":{"alt_text":"","src":"https:\/\/i0.wp.com\/cfcontabil.com\/cf\/wp-content\/uploads\/2017\/03\/ir-2016-declaracao-retificadora_615x300.png?resize=350%2C200","width":350,"height":200,"srcset":"https:\/\/i0.wp.com\/cfcontabil.com\/cf\/wp-content\/uploads\/2017\/03\/ir-2016-declaracao-retificadora_615x300.png?resize=350%2C200 1x, https:\/\/i0.wp.com\/cfcontabil.com\/cf\/wp-content\/uploads\/2017\/03\/ir-2016-declaracao-retificadora_615x300.png?resize=525%2C300 1.5x"},"classes":[]},{"id":2976,"url":"http:\/\/cfcontabil.com\/cf\/desvendando-o-dedo-duro-do-imposto-de-renda-o-cruzamento-de-informacoes\/","url_meta":{"origin":735,"position":5},"title":"Desvendando o &#8220;dedo-duro&#8221; do Imposto de Renda: O Cruzamento de Informa\u00e7\u00f5es","author":"Ab\u00edlio Gon\u00e7alves","date":"7 de maio de 2024","format":false,"excerpt":"Voc\u00ea j\u00e1 se perguntou como a Receita Federal consegue detectar inconsist\u00eancias, omiss\u00f5es, mentiras e fraudes na declara\u00e7\u00e3o de Imposto de Renda? O segredo est\u00e1 no eficiente mecanismo de cruzamento de informa\u00e7\u00f5es. Quando voc\u00ea submete sua declara\u00e7\u00e3o de IR, todas as informa\u00e7\u00f5es fornecidas s\u00e3o minuciosamente comparadas com os dados provenientes de\u2026","rel":"","context":"Em &quot;Geral&quot;","block_context":{"text":"Geral","link":"http:\/\/cfcontabil.com\/cf\/category\/geral\/"},"img":{"alt_text":"","src":"https:\/\/i0.wp.com\/cfcontabil.com\/cf\/wp-content\/uploads\/2024\/05\/cruzamento-cfcontabil.png?fit=1200%2C675&resize=350%2C200","width":350,"height":200,"srcset":"https:\/\/i0.wp.com\/cfcontabil.com\/cf\/wp-content\/uploads\/2024\/05\/cruzamento-cfcontabil.png?fit=1200%2C675&resize=350%2C200 1x, https:\/\/i0.wp.com\/cfcontabil.com\/cf\/wp-content\/uploads\/2024\/05\/cruzamento-cfcontabil.png?fit=1200%2C675&resize=525%2C300 1.5x, https:\/\/i0.wp.com\/cfcontabil.com\/cf\/wp-content\/uploads\/2024\/05\/cruzamento-cfcontabil.png?fit=1200%2C675&resize=700%2C400 2x, https:\/\/i0.wp.com\/cfcontabil.com\/cf\/wp-content\/uploads\/2024\/05\/cruzamento-cfcontabil.png?fit=1200%2C675&resize=1050%2C600 3x"},"classes":[]}],"jetpack_likes_enabled":true,"_links":{"self":[{"href":"http:\/\/cfcontabil.com\/cf\/wp-json\/wp\/v2\/posts\/735","targetHints":{"allow":["GET"]}}],"collection":[{"href":"http:\/\/cfcontabil.com\/cf\/wp-json\/wp\/v2\/posts"}],"about":[{"href":"http:\/\/cfcontabil.com\/cf\/wp-json\/wp\/v2\/types\/post"}],"author":[{"embeddable":true,"href":"http:\/\/cfcontabil.com\/cf\/wp-json\/wp\/v2\/users\/3"}],"replies":[{"embeddable":true,"href":"http:\/\/cfcontabil.com\/cf\/wp-json\/wp\/v2\/comments?post=735"}],"version-history":[{"count":0,"href":"http:\/\/cfcontabil.com\/cf\/wp-json\/wp\/v2\/posts\/735\/revisions"}],"wp:featuredmedia":[{"embeddable":true,"href":"http:\/\/cfcontabil.com\/cf\/wp-json\/wp\/v2\/media\/701"}],"wp:attachment":[{"href":"http:\/\/cfcontabil.com\/cf\/wp-json\/wp\/v2\/media?parent=735"}],"wp:term":[{"taxonomy":"category","embeddable":true,"href":"http:\/\/cfcontabil.com\/cf\/wp-json\/wp\/v2\/categories?post=735"},{"taxonomy":"post_tag","embeddable":true,"href":"http:\/\/cfcontabil.com\/cf\/wp-json\/wp\/v2\/tags?post=735"}],"curies":[{"name":"wp","href":"https:\/\/api.w.org\/{rel}","templated":true}]}}