{"id":745,"date":"2016-04-18T11:34:43","date_gmt":"2016-04-18T14:34:43","guid":{"rendered":"http:\/\/cfcontabil.com\/cf\/?p=745"},"modified":"2016-04-18T11:34:43","modified_gmt":"2016-04-18T14:34:43","slug":"cuidados-na-declaracao-irpf-operacoes-imobiliarias","status":"publish","type":"post","link":"http:\/\/cfcontabil.com\/cf\/cuidados-na-declaracao-irpf-operacoes-imobiliarias\/","title":{"rendered":"Cuidados na Declara\u00e7\u00e3o IRPF \u2013 Opera\u00e7\u00f5es Imobili\u00e1rias"},"content":{"rendered":"<p style=\"text-align: justify;\">O\u00a0fim do prazo para a entrega da Declara\u00e7\u00e3o de Imposto de Renda se aproxima e a\u00a0Receita Federal recebeu 35.253 declara\u00e7\u00f5es at\u00e9 o dia 13\/04\u00a0(quarta passada).<\/p>\n<p style=\"text-align: justify;\">Ainda faltam por volta de 55% das declara\u00e7\u00f5es para IRPF 2016 e o prazo para entrega de declara\u00e7\u00f5es termina no dia 29 de abril.<\/p>\n<p style=\"text-align: justify;\">N\u00e3o deixe para a \u00faltima hora! Com dificuldades? Procure um profissional cont\u00e1bil para ajudar na elabora\u00e7\u00e3o da sua declara\u00e7\u00e3o.<\/p>\n<p style=\"text-align: justify;\">Trazemos hoje um artigo do <a href=\"http:\/\/guiatributario.net\">GuiaTribut\u00e1rio<\/a> sobre im\u00f3veis, um dos assuntos que mais geram d\u00favidas na hora de fazer as contas com o Le\u00e3o.<\/p>\n<p style=\"text-align: justify;\"><a href=\"https:\/\/i0.wp.com\/cfcontabil.com\/cf\/wp-content\/uploads\/2016\/04\/imposto_de_renda_declaracao.jpg\"><img data-recalc-dims=\"1\" fetchpriority=\"high\" decoding=\"async\" data-attachment-id=\"747\" data-permalink=\"http:\/\/cfcontabil.com\/cf\/imposto_de_renda_declaracao\/\" data-orig-file=\"https:\/\/i0.wp.com\/cfcontabil.com\/cf\/wp-content\/uploads\/2016\/04\/imposto_de_renda_declaracao-1.jpg?fit=570%2C399\" data-orig-size=\"570,399\" data-comments-opened=\"1\" data-image-meta=\"{&quot;aperture&quot;:&quot;0&quot;,&quot;credit&quot;:&quot;&quot;,&quot;camera&quot;:&quot;&quot;,&quot;caption&quot;:&quot;&quot;,&quot;created_timestamp&quot;:&quot;0&quot;,&quot;copyright&quot;:&quot;&quot;,&quot;focal_length&quot;:&quot;0&quot;,&quot;iso&quot;:&quot;0&quot;,&quot;shutter_speed&quot;:&quot;0&quot;,&quot;title&quot;:&quot;&quot;,&quot;orientation&quot;:&quot;0&quot;}\" data-image-title=\"imposto_de_renda_declaracao\" data-image-description=\"\" data-image-caption=\"\" data-large-file=\"https:\/\/i0.wp.com\/cfcontabil.com\/cf\/wp-content\/uploads\/2016\/04\/imposto_de_renda_declaracao-1.jpg?fit=570%2C399\" class=\" wp-image-747 aligncenter\" src=\"https:\/\/i0.wp.com\/cfcontabil.com\/cf\/wp-content\/uploads\/2016\/04\/imposto_de_renda_declaracao.jpg?resize=685%2C480\" alt=\"imposto_de_renda_declaracao\" width=\"685\" height=\"480\" \/><\/a><\/p>\n<p style=\"text-align: justify;\">O contribuinte, ao elaborar a sua declara\u00e7\u00e3o de imposto de renda, deve estar atento \u00e0 presta\u00e7\u00e3o de informa\u00e7\u00f5es relativas a transa\u00e7\u00f5es imobili\u00e1rias.<\/p>\n<p style=\"text-align: justify;\">Isto porque a Receita Federal, atrav\u00e9s de v\u00e1rios mecanismos, est\u00e1 em condi\u00e7\u00f5es de efetuar diversos cruzamentos de informa\u00e7\u00f5es.<\/p>\n<p style=\"text-align: justify;\"><!--more--><\/p>\n<p style=\"text-align: justify;\">Os cart\u00f3rios e outros contribuintes que efetuam opera\u00e7\u00f5es de natureza imobili\u00e1ria s\u00e3o obrigados a encaminhar declara\u00e7\u00f5es acess\u00f3rias, tais como a DOI \u2013 Declara\u00e7\u00e3o sobre Opera\u00e7\u00f5es Imobili\u00e1rias e a Dimob \u2013 Declara\u00e7\u00e3o de Informa\u00e7\u00f5es sobre Atividades Imobili\u00e1rias, as quais indicam, em pormenores, os detalhes de cada transa\u00e7\u00e3o.<\/p>\n<p style=\"text-align: justify;\">Recomenda-se atentar para o seguinte:<\/p>\n<p style=\"text-align: justify;\">1. Para os casos de aliena\u00e7\u00e3o no campo da declara\u00e7\u00e3o de bens \u201csitua\u00e7\u00e3o em 31\/12\/(ano anterior)\u201d, deve ser informado o valor constante na declara\u00e7\u00e3o do ano-calend\u00e1rio anterior. N\u00e3o precisar\u00e1 ser preenchido o campo \u201csitua\u00e7\u00e3o em 31\/12\/(ano da declara\u00e7\u00e3o)\u201d. No campo Discrimina\u00e7\u00e3o, o contribuinte informar\u00e1, al\u00e9m dos dados do bem alienado, o nome e o n\u00famero de inscri\u00e7\u00e3o no CPF\/CNPJ do adquirente, o valor e a data da aliena\u00e7\u00e3o e as condi\u00e7\u00f5es de pagamento.<\/p>\n<p style=\"text-align: justify;\">2. Para as aquisi\u00e7\u00f5es e aliena\u00e7\u00f5es ocorridas no pr\u00f3prio ano, o contribuinte n\u00e3o deve preencher os campos \u201csitua\u00e7\u00e3o em 31\/12\/(ano anterior)\u201d e \u201c31\/12\/(ano da declara\u00e7\u00e3o)\u201d. No campo Discrimina\u00e7\u00e3o, informar\u00e1 apenas os dados do bem alienado, o valor de aquisi\u00e7\u00e3o, o nome e o n\u00famero de inscri\u00e7\u00e3o no CPF\/CNPJ do adquirente, o valor e a data da aliena\u00e7\u00e3o e as condi\u00e7\u00f5es de pagamento. Incluir tamb\u00e9m eventuais gastos com reformas do im\u00f3vel, e custos com ITBI e demais despesas cartor\u00e1rias e de registro (que ser\u00e3o dedut\u00edveis, quando devidamente documentados, em eventual futuro ganho de capital).<\/p>\n<p style=\"text-align: justify;\">3. Na aliena\u00e7\u00e3o de bens podem ocorrer <strong>Ganhos de Capital tribut\u00e1veis<\/strong>. Considera-se ganho de capital a diferen\u00e7a positiva entre o valor de aliena\u00e7\u00e3o do bem e o seu respectivo custo de aquisi\u00e7\u00e3o. Exemplo: um im\u00f3vel adquirido por R$ 350.000,00 e alienado por R$ 400.000,00 resultar\u00e1 em um ganho de capital de R$ 50.000,00, que pode ou n\u00e3o ser tribut\u00e1vel, sendo necess\u00e1rio utilizar o programa de c\u00e1lculo de ganho de capital, dispon\u00edvel no site da RFB.<\/p>\n<p style=\"text-align: justify;\">4. Declarar corretamente os valores relativos \u00e0 loca\u00e7\u00e3o \u2013 quando o im\u00f3vel locado pertencer a mais de uma pessoa f\u00edsica, em condom\u00ednio ou em comunh\u00e3o, o contrato de loca\u00e7\u00e3o dever\u00e1 discriminar a percentagem do aluguel que cabe a cada propriet\u00e1rio. Em se tratando de bens comuns, em decorr\u00eancia do regime de casamento, os rendimentos poder\u00e3o, opcionalmente, ser tributados pelo total em nome de um dos c\u00f4njuges.<\/p>\n<p style=\"text-align: justify;\"><em class=\"link\">Fonte: <a href=\"https:\/\/guiatributario.net\/2016\/04\/18\/cuidados-na-declaracao-irpf-operacoes-imobiliarias\/\" target=\"_blank\" rel=\"nofollow noopener noreferrer\">https:\/\/guiatributario.net\/2016\/04\/18\/cuidados-na-declaracao-irpf-operacoes-imobiliarias\/<\/a><\/em><\/p>\n","protected":false},"excerpt":{"rendered":"<p>O\u00a0fim do prazo para a entrega da Declara\u00e7\u00e3o de Imposto de Renda se aproxima e a\u00a0Receita Federal recebeu 35.253 declara\u00e7\u00f5es at\u00e9 o dia 13\/04\u00a0(quarta passada). Ainda faltam por volta de 55% das declara\u00e7\u00f5es para IRPF 2016 e o prazo para entrega de declara\u00e7\u00f5es termina no dia 29 de abril. N\u00e3o deixe para a \u00faltima hora! [&hellip;]<\/p>\n","protected":false},"author":3,"featured_media":746,"comment_status":"open","ping_status":"open","sticky":false,"template":"","format":"standard","meta":{"jetpack_post_was_ever_published":false,"_jetpack_newsletter_access":"","_jetpack_dont_email_post_to_subs":false,"_jetpack_newsletter_tier_id":0,"_jetpack_memberships_contains_paywalled_content":false,"_jetpack_memberships_contains_paid_content":false,"footnotes":"","jetpack_publicize_message":"","jetpack_publicize_feature_enabled":true,"jetpack_social_post_already_shared":true,"jetpack_social_options":{"image_generator_settings":{"template":"highway","default_image_id":0,"font":"","enabled":false},"version":2}},"categories":[22],"tags":[260,261,262,263,221,108,115,264,111],"class_list":["post-745","post","type-post","status-publish","format-standard","has-post-thumbnail","hentry","category-geral","tag-alienacoes","tag-dimob","tag-doi","tag-imobiliaria","tag-imoveis","tag-imposto","tag-irpf","tag-operacoes","tag-renda"],"jetpack_publicize_connections":[],"jetpack_featured_media_url":"https:\/\/i0.wp.com\/cfcontabil.com\/cf\/wp-content\/uploads\/2016\/04\/trocaimovel-1.jpg?fit=1181%2C782","jetpack_sharing_enabled":true,"jetpack_shortlink":"https:\/\/wp.me\/p2wklX-c1","jetpack-related-posts":[{"id":2856,"url":"http:\/\/cfcontabil.com\/cf\/prepare-a-sua-documentacao-para-o-imposto-de-renda-pessoa-fisica\/","url_meta":{"origin":745,"position":0},"title":"Prepare a sua documenta\u00e7\u00e3o para o Imposto de Renda Pessoa F\u00edsica!","author":"Ab\u00edlio Gon\u00e7alves","date":"23 de fevereiro de 2023","format":false,"excerpt":"Come\u00e7a no dia\u00a015 de mar\u00e7o\u00a0o prazo para envio das declara\u00e7\u00f5es do Imposto de Renda 2023. A data foi anunciada pela Receita Federal. Chegou a hora de preparar sua documenta\u00e7\u00e3o com anteced\u00eancia.","rel":"","context":"Em &quot;Geral&quot;","block_context":{"text":"Geral","link":"http:\/\/cfcontabil.com\/cf\/category\/geral\/"},"img":{"alt_text":"","src":"https:\/\/i0.wp.com\/cfcontabil.com\/cf\/wp-content\/uploads\/2023\/02\/Imposto-de-Renda-Contabilidade-Post-Feed-para-Instagram.png?fit=1200%2C675&resize=350%2C200","width":350,"height":200,"srcset":"https:\/\/i0.wp.com\/cfcontabil.com\/cf\/wp-content\/uploads\/2023\/02\/Imposto-de-Renda-Contabilidade-Post-Feed-para-Instagram.png?fit=1200%2C675&resize=350%2C200 1x, https:\/\/i0.wp.com\/cfcontabil.com\/cf\/wp-content\/uploads\/2023\/02\/Imposto-de-Renda-Contabilidade-Post-Feed-para-Instagram.png?fit=1200%2C675&resize=525%2C300 1.5x, https:\/\/i0.wp.com\/cfcontabil.com\/cf\/wp-content\/uploads\/2023\/02\/Imposto-de-Renda-Contabilidade-Post-Feed-para-Instagram.png?fit=1200%2C675&resize=700%2C400 2x, https:\/\/i0.wp.com\/cfcontabil.com\/cf\/wp-content\/uploads\/2023\/02\/Imposto-de-Renda-Contabilidade-Post-Feed-para-Instagram.png?fit=1200%2C675&resize=1050%2C600 3x"},"classes":[]},{"id":2186,"url":"http:\/\/cfcontabil.com\/cf\/secretario-da-receita-diz-que-nao-ha-adiamento-do-prazo-de-entrega-do-irpf\/","url_meta":{"origin":745,"position":1},"title":"Secret\u00e1rio da Receita diz que n\u00e3o h\u00e1 adiamento do prazo de entrega do IRPF","author":"Ab\u00edlio Gon\u00e7alves","date":"25 de mar\u00e7o de 2020","format":false,"excerpt":"Segundo Tostes, a not\u00edcia sobre adiamento \u00e9 \u201cimprocedente\u201d. Adriana Fernandes - Estad\u00e3o Conte\u00fado O secret\u00e1rio da Receita Federal, Jos\u00e9 Tostes, informou ao jornal O Estado de S. Paulo, por meio da assessoria de comunica\u00e7\u00e3o do Minist\u00e9rio da Economia, que n\u00e3o houve nenhuma mudan\u00e7a no prazo final de entrega da declara\u00e7\u00e3o\u2026","rel":"","context":"Em &quot;Departamento Fiscal&quot;","block_context":{"text":"Departamento Fiscal","link":"http:\/\/cfcontabil.com\/cf\/category\/df\/"},"img":{"alt_text":"","src":"https:\/\/i0.wp.com\/cfcontabil.com\/cf\/wp-content\/uploads\/2016\/03\/entrega-do-imposto-de-renda-2.jpg?fit=645%2C320&resize=350%2C200","width":350,"height":200,"srcset":"https:\/\/i0.wp.com\/cfcontabil.com\/cf\/wp-content\/uploads\/2016\/03\/entrega-do-imposto-de-renda-2.jpg?fit=645%2C320&resize=350%2C200 1x, https:\/\/i0.wp.com\/cfcontabil.com\/cf\/wp-content\/uploads\/2016\/03\/entrega-do-imposto-de-renda-2.jpg?fit=645%2C320&resize=525%2C300 1.5x"},"classes":[]},{"id":1098,"url":"http:\/\/cfcontabil.com\/cf\/receita-federal-ja-recebeu-mais-de-59-milhoes-de-declaracoes-do-irpf-2017\/","url_meta":{"origin":745,"position":2},"title":"Receita Federal j\u00e1 recebeu mais de 5,9 milh\u00f5es de declara\u00e7\u00f5es do IRPF 2017","author":"Ab\u00edlio Gon\u00e7alves","date":"30 de mar\u00e7o de 2017","format":false,"excerpt":"O prazo de entrega termina 28 de abril Hoje (27\/3) at\u00e9 as 17 horas, 5.978.202 declara\u00e7\u00f5es foram recebidas pelos sistemas da Receita. De acordo com o supervisor nacional do IR, auditor-fiscal Joaquim Adir, a expectativa \u00e9 de que 28,3 milh\u00f5es de contribuintes entreguem a declara\u00e7\u00e3o. O prazo de entrega da\u2026","rel":"","context":"Em &quot;Departamento Fiscal&quot;","block_context":{"text":"Departamento Fiscal","link":"http:\/\/cfcontabil.com\/cf\/category\/df\/"},"img":{"alt_text":"","src":"https:\/\/i0.wp.com\/cfcontabil.com\/cf\/wp-content\/uploads\/2017\/02\/irpfrfb-1.jpg?fit=640%2C340&resize=350%2C200","width":350,"height":200,"srcset":"https:\/\/i0.wp.com\/cfcontabil.com\/cf\/wp-content\/uploads\/2017\/02\/irpfrfb-1.jpg?fit=640%2C340&resize=350%2C200 1x, https:\/\/i0.wp.com\/cfcontabil.com\/cf\/wp-content\/uploads\/2017\/02\/irpfrfb-1.jpg?fit=640%2C340&resize=525%2C300 1.5x"},"classes":[]},{"id":1224,"url":"http:\/\/cfcontabil.com\/cf\/confira-as-regras-da-declaracao-do-irpf-2017\/","url_meta":{"origin":745,"position":3},"title":"Confira as regras da Declara\u00e7\u00e3o do IRPF 2017","author":"Ab\u00edlio Gon\u00e7alves","date":"23 de fevereiro de 2017","format":false,"excerpt":"O prazo de entrega vai de 2 de mar\u00e7o a 28 de abril de 2017 Na manh\u00e3 de hoje (22\/2), a Receita Federal anunciou em coletiva de imprensa as principais novidades e regras do Imposto de Renda das Pessoas F\u00edsicas para este ano. Entre as inova\u00e7\u00f5es est\u00e1 a atualiza\u00e7\u00e3o autom\u00e1tica\u2026","rel":"","context":"Em &quot;Departamento Fiscal&quot;","block_context":{"text":"Departamento Fiscal","link":"http:\/\/cfcontabil.com\/cf\/category\/df\/"},"img":{"alt_text":"","src":"","width":0,"height":0},"classes":[]},{"id":1075,"url":"http:\/\/cfcontabil.com\/cf\/receita-federal-lanca-video-do-imposto-de-renda-2017\/","url_meta":{"origin":745,"position":4},"title":"Receita Federal lan\u00e7a v\u00eddeo do Imposto de Renda 2017","author":"Ab\u00edlio Gon\u00e7alves","date":"21 de mar\u00e7o de 2017","format":false,"excerpt":"A TV Receita acaba de lan\u00e7ar v\u00eddeo em anima\u00e7\u00e3o para a divulga\u00e7\u00e3o do IRPF 2017. As imagens apresentam as novidades da declara\u00e7\u00e3o deste ano, al\u00e9m de enfatizar de forma l\u00fadica e simplificada os pontos b\u00e1sicos da declara\u00e7\u00e3o de imposto de renda pessoa f\u00edsica. Com bom humor e de forma descontra\u00edda,\u2026","rel":"","context":"Em &quot;Departamento Fiscal&quot;","block_context":{"text":"Departamento Fiscal","link":"http:\/\/cfcontabil.com\/cf\/category\/df\/"},"img":{"alt_text":"","src":"https:\/\/i0.wp.com\/cfcontabil.com\/cf\/wp-content\/uploads\/2017\/02\/irpf2017-1.png?fit=490%2C247&resize=350%2C200","width":350,"height":200},"classes":[]},{"id":1118,"url":"http:\/\/cfcontabil.com\/cf\/receita-federal-registra-10-milhoes-de-declaracoes-do-irpf\/","url_meta":{"origin":745,"position":5},"title":"Receita Federal registra 10 milh\u00f5es de declara\u00e7\u00f5es do IRPF","author":"Ab\u00edlio Gon\u00e7alves","date":"11 de abril de 2017","format":false,"excerpt":"Faltam 18 dias para o fim do prazo At\u00e9 as 17 horas desta segunda-feira,10 de abril, 10.002.889 de declara\u00e7\u00f5es foram recebidas pela Receita. A expectativa \u00e9 de que 28,3 milh\u00f5es de contribuintes entreguem a DIRPF 2017. O prazo de entrega termina em 28 de abril. Neste ano o programa Receitanet\u2026","rel":"","context":"Em &quot;Departamento Fiscal&quot;","block_context":{"text":"Departamento Fiscal","link":"http:\/\/cfcontabil.com\/cf\/category\/df\/"},"img":{"alt_text":"","src":"https:\/\/i0.wp.com\/cfcontabil.com\/cf\/wp-content\/uploads\/2017\/02\/irpfrfb-1.jpg?fit=640%2C340&resize=350%2C200","width":350,"height":200,"srcset":"https:\/\/i0.wp.com\/cfcontabil.com\/cf\/wp-content\/uploads\/2017\/02\/irpfrfb-1.jpg?fit=640%2C340&resize=350%2C200 1x, https:\/\/i0.wp.com\/cfcontabil.com\/cf\/wp-content\/uploads\/2017\/02\/irpfrfb-1.jpg?fit=640%2C340&resize=525%2C300 1.5x"},"classes":[]}],"jetpack_likes_enabled":true,"_links":{"self":[{"href":"http:\/\/cfcontabil.com\/cf\/wp-json\/wp\/v2\/posts\/745","targetHints":{"allow":["GET"]}}],"collection":[{"href":"http:\/\/cfcontabil.com\/cf\/wp-json\/wp\/v2\/posts"}],"about":[{"href":"http:\/\/cfcontabil.com\/cf\/wp-json\/wp\/v2\/types\/post"}],"author":[{"embeddable":true,"href":"http:\/\/cfcontabil.com\/cf\/wp-json\/wp\/v2\/users\/3"}],"replies":[{"embeddable":true,"href":"http:\/\/cfcontabil.com\/cf\/wp-json\/wp\/v2\/comments?post=745"}],"version-history":[{"count":0,"href":"http:\/\/cfcontabil.com\/cf\/wp-json\/wp\/v2\/posts\/745\/revisions"}],"wp:featuredmedia":[{"embeddable":true,"href":"http:\/\/cfcontabil.com\/cf\/wp-json\/wp\/v2\/media\/746"}],"wp:attachment":[{"href":"http:\/\/cfcontabil.com\/cf\/wp-json\/wp\/v2\/media?parent=745"}],"wp:term":[{"taxonomy":"category","embeddable":true,"href":"http:\/\/cfcontabil.com\/cf\/wp-json\/wp\/v2\/categories?post=745"},{"taxonomy":"post_tag","embeddable":true,"href":"http:\/\/cfcontabil.com\/cf\/wp-json\/wp\/v2\/tags?post=745"}],"curies":[{"name":"wp","href":"https:\/\/api.w.org\/{rel}","templated":true}]}}