{"id":774,"date":"2016-10-04T16:45:10","date_gmt":"2016-10-04T19:45:10","guid":{"rendered":"http:\/\/cfcontabil.com\/cf\/?p=774"},"modified":"2016-10-04T16:45:10","modified_gmt":"2016-10-04T19:45:10","slug":"obrigatoriedade-da-nfc-e-para-empresas-do-df","status":"publish","type":"post","link":"http:\/\/cfcontabil.com\/cf\/obrigatoriedade-da-nfc-e-para-empresas-do-df\/","title":{"rendered":"Obrigatoriedade da NFC-e para empresas do DF"},"content":{"rendered":"<p style=\"text-align: justify;\">A\u00a0 <strong>Nota Fiscal de Consumidor Eletr\u00f4nica (NFC-e)<\/strong>, tamb\u00e9m conhecida como a Nota Fiscal Eletr\u00f4nica modelo 65, \u00e9 o projeto\u00a0 que substituir\u00e1 a Nota Fiscal de Venda ao Consumidor (Modelo 02D), a Nota Fiscal de Servi\u00e7o (Modelo 03A) e ao Cupom Fiscal emitido por equipamento Emissor de Cupom Fiscal (ECF).<\/p>\n<p style=\"text-align: justify;\">As empresas do Distrito Federal j\u00e1 podem emitir voluntariamente a Nota Fiscal ao Consumidor Eletr\u00f4nica (NFC-e) que a partir de 2016 substituir\u00e1 os documentos atuais em papel. Durante o per\u00edodo de adequa\u00e7\u00e3o os dois modelos ser\u00e3o aceitos.<\/p>\n<p style=\"text-align: justify;\">A NFC-e ter\u00e1 um QR Code, um c\u00f3digo bidimensional que quando escaneado com a c\u00e2mera do celular \u00a0ou tablet, por exemplo, \u00a0conseguir\u00e1 acessar a nota fiscal em vers\u00e3o eletr\u00f4nica pelo sistema da SEF\/DF. Durante a emiss\u00e3o dever\u00e1 ser impresso o Documento Auxiliar da NFC-e (Danfe NFC-e) com base nos padr\u00f5es t\u00e9cnicos do Manual de Orienta\u00e7\u00e3o do Contribuinte, aprovado pelo Ato COTEPE ICMS 11.<\/p>\n<p><a href=\"http:\/\/i1.wp.com\/capitalcontabilidade.com\/wp-content\/uploads\/2015\/11\/mode-de-impressao-nfc-e1.png\"><img fetchpriority=\"high\" decoding=\"async\" class=\"wp-image-451 aligncenter\" src=\"http:\/\/i0.wp.com\/capitalcontabilidade.com\/wp-content\/uploads\/2015\/11\/mode-de-impressao-nfc-e1-300x96.png?resize=412%2C132\" sizes=\"(max-width: 412px) 100vw, 412px\" srcset=\"http:\/\/i1.wp.com\/capitalcontabilidade.com\/wp-content\/uploads\/2015\/11\/mode-de-impressao-nfc-e1.png?resize=300%2C96 300w, http:\/\/i1.wp.com\/capitalcontabilidade.com\/wp-content\/uploads\/2015\/11\/mode-de-impressao-nfc-e1.png?w=610 610w\" alt=\"NFC-e\" width=\"412\" height=\"132\" \/><\/a><\/p>\n<p>N\u00e3o perca os prazos e conhe\u00e7a as datas e mais detalhes:<\/p>\n<p><!--more--><\/p>\n<p style=\"text-align: justify;\">A <a href=\"http:\/\/www.fazenda.df.gov.br\/\/aplicacoes\/legislacao\/legislacao\/TelaSaidaDocumento.cfm?txtNumero=234&amp;txtAno=2014&amp;txtTipo=7&amp;txtParte=.\" target=\"_blank\" rel=\"noopener noreferrer\">portaria 234\/2014<\/a> estabelece os prazos de \u00a0obrigatoriedade de emiss\u00e3o da NFC-e. A partir da obrigatoriedade, o contribuinte n\u00e3o poder\u00e1 autorizar novos ECFs (para emiss\u00e3o de\u00a0 Cupom\u00a0 Fiscal) nem utilizar a nota fiscal de venda ao consumidor (nota modelo 002-D) ou Nota Fiscal de Servi\u00e7o Modelo 03-A . Para quem j\u00e1 possui ECF autorizado, ele continuar\u00e1 sendo utilizado pelo prazo de 2 anos a partir do in\u00edcio da obrigatoriedade do contribuinte.<\/p>\n<p style=\"text-align: justify;\">Para o Distrito Federal a obrigatoriedade foi estabelecida da seguinte forma:<\/p>\n<p style=\"text-align: justify;\"><strong>a) A partir de 1\u00ba de janeiro de 2016:<\/strong><br \/>\n\u2013 novos contribuintes<br \/>\n\u2013 empresas enquadradas no Regime Normal de Apura\u00e7\u00e3o<br \/>\n<strong>b) A partir de 1\u00ba de julho de 2016:<\/strong><br \/>\n\u2013 Optantes pelo Simples Nacional faturamento superior a 1,8 milh\u00e3o;<br \/>\n\u2013 demais empresas n\u00e3o optantes pelo Simples nem enquadradas no Regime Normal<br \/>\n<strong>c) A partir de 1\u00ba de janeiro de 2017:<\/strong><br \/>\n\u2013 Optantes pelo Simples Nacional com faturamento superior a 360 mil Reais<br \/>\n<strong>d) A partir de 1\u00ba de julho de 2017:<\/strong><br \/>\n\u2013 demais optantes pelo Simples Nacional<\/p>\n<p style=\"text-align: justify;\"><strong>Pergunta e Respostas:<\/strong><\/p>\n<p style=\"text-align: justify;\"><strong>1.Os Microempreendedores tamb\u00e9m est\u00e3o obrigados e emitir a NFC-e?<\/strong><\/p>\n<p style=\"text-align: justify;\">Microempreendedores Individuais n\u00e3o s\u00e3o alcan\u00e7ados pela obrigatoriedade de emiss\u00e3o de NFC-e.<\/p>\n<div id=\"attachment_456\" class=\"wp-caption alignright\" style=\"text-align: justify;\"><a href=\"http:\/\/i0.wp.com\/capitalcontabilidade.com\/wp-content\/uploads\/2015\/11\/NFCe.jpg\"><img decoding=\"async\" class=\"wp-image-456 \" src=\"http:\/\/i1.wp.com\/capitalcontabilidade.com\/wp-content\/uploads\/2015\/11\/NFCe-e1447785423528-172x300.jpg?resize=204%2C356\" sizes=\"(max-width: 204px) 100vw, 204px\" srcset=\"http:\/\/i1.wp.com\/capitalcontabilidade.com\/wp-content\/uploads\/2015\/11\/NFCe-e1447785423528.jpg?resize=172%2C300 172w, http:\/\/i1.wp.com\/capitalcontabilidade.com\/wp-content\/uploads\/2015\/11\/NFCe-e1447785423528.jpg?w=257 257w\" alt=\"NFCe\" width=\"196\" height=\"342\" \/><\/a><\/p>\n<p class=\"wp-caption-text\">NFC-e que substituir\u00e1 as notas fiscais de venda ao consumidor , o Cupom Fiscal e as notas de servi\u00e7o modelo 03A no Distrito Federal.<\/p>\n<\/div>\n<p style=\"text-align: justify;\"><strong>2. Quais s\u00e3o as vantagens da NFC-e?\u00a0<\/strong><\/p>\n<ul style=\"text-align: justify;\">\n<li>Dispensa de homologa\u00e7\u00e3o do software pelo fisco;<\/li>\n<li>Uso de Impressora n\u00e3o fiscal, t\u00e9rmica ou a laser;<\/li>\n<li>Simplifica\u00e7\u00e3o de obriga\u00e7\u00f5es acess\u00f3rias (dispensa de impress\u00e3o de Redu\u00e7\u00e3o Z e Leitura X, Mapa Resumo, lacres, revalida\u00e7\u00e3o, comunica\u00e7\u00e3o de\u00a0 ocorr\u00eancias, cessa\u00e7\u00e3o etc).<\/li>\n<li>Dispensa da figura do interventor t\u00e9cnico<\/li>\n<li>Possibilidade de uso de qualquer papel para impress\u00e3o, desde que garanta a legibilidade das informa\u00e7\u00f5es impressas, especialmente o QR-Code.<\/li>\n<li>Transmiss\u00e3o em tempo real ou on-line da NFC-e<\/li>\n<li>N\u00e3o h\u00e1 necessidade de autoriza\u00e7\u00e3o pr\u00e9via do equipamento a ser utilizado<\/li>\n<li>Possibilidade de Uso de novas tecnologias de mobilidade;<\/li>\n<li>Flexibilidade de expans\u00e3o de PDV<\/li>\n<li>Redu\u00e7\u00e3o do custo envolvidos na emiss\u00e3o do documento<\/li>\n<\/ul>\n<p style=\"text-align: justify;\"><strong>3. Quais s\u00e3o os requisitos necess\u00e1rios para a emiss\u00e3o da NFC-e?<\/strong><\/p>\n<ul style=\"text-align: justify;\">\n<li>A Inscri\u00e7\u00e3o no GDF deve estar ativa e regular;<\/li>\n<li>Desenvolver ou adquirir um software\/Aplicativo emissor de NFC-e que fa\u00e7a a transmiss\u00e3o via internet do arquivo XML para a Secretaria de Fazenda;<\/li>\n<li>Possuir internet dispon\u00edvel no local;<\/li>\n<li>Possuir ou adquirir um certificado digital da empresa, padr\u00e3o ICP-Brasil. O certificado deve ser o da pr\u00f3pria empresa (matriz ou filial), n\u00e3o sendo aceito certificado de procurador;<\/li>\n<li>Possuir uma impressora n\u00e3o fiscal;<\/li>\n<li>Fazer o credenciamento no site da SEF (<a href=\"http:\/\/dec.fazenda.df.gov.br\/\" target=\"_blank\" rel=\"noopener noreferrer\">http:\/\/dec.fazenda.df.gov.br<\/a> , op\u00e7\u00e3o Credenciamento)<\/li>\n<\/ul>\n<p style=\"text-align: justify;\"><strong>4. Em quais tipos de opera\u00e7\u00f5es a NFC-e pode ser utilizada?<\/strong><\/p>\n<ul style=\"text-align: justify;\">\n<li><strong>Para empresas comerciais<\/strong>: Somente nas opera\u00e7\u00f5es internas, comerciais, de venda presencial a consumidor final (varejo), quando as mercadorias forem retiradas do estabelecimento, no ato da venda, pelo comprador, ou ainda, na venda para entrega em domic\u00edlio (apenas no caso de delivery) a consumidor final. Para as demais opera\u00e7\u00f5es, o contribuinte dever\u00e1 utilizar a nota fiscal eletr\u00f4nica modelo 55 (NF-e).<\/li>\n<li><strong>Para empresas prestadoras de servi\u00e7o<\/strong>: para servi\u00e7os prestados cujo os tomadores de servi\u00e7os s\u00e3o pessoas f\u00edsicas.<\/li>\n<\/ul>\n<p style=\"text-align: justify;\"><strong>5. A NFC-e pode ser usada para venda com entrega em domic\u00edlio?<\/strong><\/p>\n<p style=\"text-align: justify;\">Sim, apenas no caso de delivery, nas vendas para consumidor final, para entregas de produtos provenientes de pizzarias, lanchonetes, restaurantes, farm\u00e1cias, floriculturas, etc e apenas para opera\u00e7\u00f5es dentro do estado. Nestas hip\u00f3teses ser\u00e1 exigida na NFC-e a identifica\u00e7\u00e3o do consumidor e do endere\u00e7o de entrega.<\/p>\n","protected":false},"excerpt":{"rendered":"<p>A\u00a0 Nota Fiscal de Consumidor Eletr\u00f4nica (NFC-e), tamb\u00e9m conhecida como a Nota Fiscal Eletr\u00f4nica modelo 65, \u00e9 o projeto\u00a0 que substituir\u00e1 a Nota Fiscal de Venda ao Consumidor (Modelo 02D), a Nota Fiscal de Servi\u00e7o (Modelo 03A) e ao Cupom Fiscal emitido por equipamento Emissor de Cupom Fiscal (ECF). As empresas do Distrito Federal j\u00e1 [&hellip;]<\/p>\n","protected":false},"author":3,"featured_media":775,"comment_status":"open","ping_status":"open","sticky":false,"template":"","format":"standard","meta":{"jetpack_post_was_ever_published":false,"_jetpack_newsletter_access":"","_jetpack_dont_email_post_to_subs":false,"_jetpack_newsletter_tier_id":0,"_jetpack_memberships_contains_paywalled_content":false,"_jetpack_memberships_contains_paid_content":false,"footnotes":"","jetpack_publicize_message":"","jetpack_publicize_feature_enabled":true,"jetpack_social_post_already_shared":true,"jetpack_social_options":{"image_generator_settings":{"template":"highway","default_image_id":0,"font":"","enabled":false},"version":2}},"categories":[22],"tags":[273,274,199,275,205,276,277],"class_list":["post-774","post","type-post","status-publish","format-standard","has-post-thumbnail","hentry","category-geral","tag-consumidor","tag-eletronica","tag-fiscal","tag-nfce","tag-nota","tag-obrigatoriedade","tag-venda"],"jetpack_publicize_connections":[],"jetpack_featured_media_url":"https:\/\/i0.wp.com\/cfcontabil.com\/cf\/wp-content\/uploads\/2016\/10\/nfce-1.png?fit=1350%2C1150","jetpack_sharing_enabled":true,"jetpack_shortlink":"https:\/\/wp.me\/p2wklX-cu","jetpack-related-posts":[{"id":2228,"url":"http:\/\/cfcontabil.com\/cf\/consumidores-terao-que-informar-cpf-ou-cnpj-em-compras-acima-de-r-1-mil\/","url_meta":{"origin":774,"position":0},"title":"Consumidores ter\u00e3o que informar CPF ou CNPJ em compras acima de R$ 1 mil","author":"Ab\u00edlio Gon\u00e7alves","date":"6 de abril de 2020","format":false,"excerpt":"Empresas que operam com vendas aos consumidores finais devem informar os dados do consumidor na Nota Fiscal do Consumidor Eletr\u00f4nica (NFCe) quando o valor da opera\u00e7\u00e3o for igual ou superior a R$ 10.000 (dez mil reais). Nas vendas com valor inferior a identifica\u00e7\u00e3o \u00e9 facultativa, ou seja, s\u00f3 \u00e9 exig\u00edvel\u2026","rel":"","context":"Em \"Consumidor\"","block_context":{"text":"Consumidor","link":"http:\/\/cfcontabil.com\/cf\/tag\/consumidor\/"},"img":{"alt_text":"","src":"https:\/\/i0.wp.com\/cfcontabil.com\/cf\/wp-content\/uploads\/2020\/04\/nfce_impressa.png?fit=700%2C400&resize=350%2C200","width":350,"height":200,"srcset":"https:\/\/i0.wp.com\/cfcontabil.com\/cf\/wp-content\/uploads\/2020\/04\/nfce_impressa.png?fit=700%2C400&resize=350%2C200 1x, https:\/\/i0.wp.com\/cfcontabil.com\/cf\/wp-content\/uploads\/2020\/04\/nfce_impressa.png?fit=700%2C400&resize=525%2C300 1.5x, https:\/\/i0.wp.com\/cfcontabil.com\/cf\/wp-content\/uploads\/2020\/04\/nfce_impressa.png?fit=700%2C400&resize=700%2C400 2x"},"classes":[]},{"id":675,"url":"http:\/\/cfcontabil.com\/cf\/atencao-as-mudancas-na-nf-e-o-prazo-expira-no-final-do-mes\/","url_meta":{"origin":774,"position":1},"title":"Aten\u00e7\u00e3o \u00e0s mudan\u00e7as na NF-e. O prazo expira no final do m\u00eas","author":"Ab\u00edlio Gon\u00e7alves","date":"17 de mar\u00e7o de 2016","format":false,"excerpt":"Em abril, o layout das NF-e e da NFC-e ter\u00e1 de incluir campos para contemplar um novo c\u00f3digo identificador de mercadorias, o Cest. As empresas t\u00eam at\u00e9 1\u00b0 de abril para adequar os seus programas geradores de documentos fiscais ao C\u00f3digo Especificador da Substitui\u00e7\u00e3o Tribut\u00e1ria (Cest). Todos aqueles que emitem\u2026","rel":"","context":"Em &quot;Consultoria Empresarial&quot;","block_context":{"text":"Consultoria Empresarial","link":"http:\/\/cfcontabil.com\/cf\/category\/consultoria\/"},"img":{"alt_text":"","src":"https:\/\/i0.wp.com\/cfcontabil.com\/cf\/wp-content\/uploads\/2016\/03\/ncfe-1.jpg?fit=473%2C326&resize=350%2C200","width":350,"height":200},"classes":[]},{"id":119,"url":"http:\/\/cfcontabil.com\/cf\/tecnologia-na-governanca-triburaria\/","url_meta":{"origin":774,"position":2},"title":"Tecnologia na Governan\u00e7a Tribur\u00e1ria","author":"Vin\u00edcius Moizinho","date":"22 de agosto de 2012","format":false,"excerpt":"Bom dia, prezados! Hoje trago a voc\u00eas um excelente artigo produzido por\u00a0Luciano Silva, atual diretor executivo da SPL Fiscal, empresa especializada na presta\u00e7\u00e3o de servi\u00e7os de terceiriza\u00e7\u00e3o de processos fiscais. Nele o autor aborta a import\u00e2ncia do controle tribut\u00e1rio para as empresas brasileiras, destacando como contribuintes podem se beneficiar com\u2026","rel":"","context":"Em &quot;Geral&quot;","block_context":{"text":"Geral","link":"http:\/\/cfcontabil.com\/cf\/category\/geral\/"},"img":{"alt_text":"","src":"https:\/\/i0.wp.com\/thumbs.dreamstime.com\/thumblarge_545\/12865050587MYJsS.jpg?resize=350%2C200","width":350,"height":200},"classes":[]},{"id":1304,"url":"http:\/\/cfcontabil.com\/cf\/nf-e-versao-4-0-sera-obrigatoria-a-partir-de-2-de-julho-saiba-o-que-muda\/","url_meta":{"origin":774,"position":3},"title":"NF-e vers\u00e3o 4.0 ser\u00e1 obrigat\u00f3ria a partir de 2 de julho; saiba o que muda","author":"Ab\u00edlio Gon\u00e7alves","date":"10 de junho de 2018","format":false,"excerpt":"A partir de 2 de julho o Governo Federal deixar\u00e1 de aceitar notas fiscais eletr\u00f4nicas antigas Se voc\u00ea vende produtos (bens e mercadorias), precisa se adaptar \u00e0s altera\u00e7\u00f5es do documento. Apesar da obrigatoriedade do novo layout ter sido prorrogada para julho deste ano (o prazo inicial era abril de 2018),\u2026","rel":"","context":"Em &quot;Departamento Fiscal&quot;","block_context":{"text":"Departamento Fiscal","link":"http:\/\/cfcontabil.com\/cf\/category\/df\/"},"img":{"alt_text":"","src":"https:\/\/i0.wp.com\/cfcontabil.com\/cf\/wp-content\/uploads\/2018\/06\/nfe-4-1.png?fit=523%2C246&resize=350%2C200","width":350,"height":200},"classes":[]},{"id":2208,"url":"http:\/\/cfcontabil.com\/cf\/prazo-para-microempresarios-emitirem-notas-fiscais-e-prorrogado\/","url_meta":{"origin":774,"position":4},"title":"Prazo para microempres\u00e1rios emitirem notas fiscais \u00e9 prorrogado","author":"Ab\u00edlio Gon\u00e7alves","date":"1 de abril de 2020","format":false,"excerpt":"A medida poder\u00e1 ser efetuada at\u00e9 31 de dezembro. Iniciativa deve beneficiar mais de 135 mil microempres\u00e1rios que se utilizam deste servi\u00e7o O prazo para emiss\u00e3o de notas fiscais por meio do Sistema de Emiss\u00e3o de\u00a0Nota Fiscal Avulsa\u00a0(Senfa) para Microempreendedores Individuais (MEIs) do Distrito Federal foi prorrogado para 31 de\u2026","rel":"","context":"Em &quot;Departamento Fiscal&quot;","block_context":{"text":"Departamento Fiscal","link":"http:\/\/cfcontabil.com\/cf\/category\/df\/"},"img":{"alt_text":"","src":"https:\/\/i0.wp.com\/cfcontabil.com\/cf\/wp-content\/uploads\/2020\/04\/nota-fiscal-eletronica-1024x768-1.jpg?fit=1024%2C768&resize=350%2C200","width":350,"height":200,"srcset":"https:\/\/i0.wp.com\/cfcontabil.com\/cf\/wp-content\/uploads\/2020\/04\/nota-fiscal-eletronica-1024x768-1.jpg?fit=1024%2C768&resize=350%2C200 1x, https:\/\/i0.wp.com\/cfcontabil.com\/cf\/wp-content\/uploads\/2020\/04\/nota-fiscal-eletronica-1024x768-1.jpg?fit=1024%2C768&resize=525%2C300 1.5x, https:\/\/i0.wp.com\/cfcontabil.com\/cf\/wp-content\/uploads\/2020\/04\/nota-fiscal-eletronica-1024x768-1.jpg?fit=1024%2C768&resize=700%2C400 2x"},"classes":[]},{"id":545,"url":"http:\/\/cfcontabil.com\/cf\/distrito-federal-omissao-de-livro-fiscal-eletronico\/","url_meta":{"origin":774,"position":5},"title":"Distrito Federal &#8211; Omiss\u00e3o de Livro Fiscal Eletr\u00f4nico","author":"Vin\u00edcius Moizinho","date":"30 de julho de 2014","format":"image","excerpt":"","rel":"","context":"Em &quot;Contabilidade em geral&quot;","block_context":{"text":"Contabilidade em geral","link":"http:\/\/cfcontabil.com\/cf\/category\/contabilidade-2\/"},"img":{"alt_text":"","src":"https:\/\/i0.wp.com\/cfcontabil.com\/cf\/wp-content\/uploads\/2014\/08\/CF-CONTABIL-placa1-2.jpg?fit=1200%2C675&resize=350%2C200","width":350,"height":200,"srcset":"https:\/\/i0.wp.com\/cfcontabil.com\/cf\/wp-content\/uploads\/2014\/08\/CF-CONTABIL-placa1-2.jpg?fit=1200%2C675&resize=350%2C200 1x, https:\/\/i0.wp.com\/cfcontabil.com\/cf\/wp-content\/uploads\/2014\/08\/CF-CONTABIL-placa1-2.jpg?fit=1200%2C675&resize=525%2C300 1.5x, https:\/\/i0.wp.com\/cfcontabil.com\/cf\/wp-content\/uploads\/2014\/08\/CF-CONTABIL-placa1-2.jpg?fit=1200%2C675&resize=700%2C400 2x, https:\/\/i0.wp.com\/cfcontabil.com\/cf\/wp-content\/uploads\/2014\/08\/CF-CONTABIL-placa1-2.jpg?fit=1200%2C675&resize=1050%2C600 3x"},"classes":[]}],"jetpack_likes_enabled":true,"_links":{"self":[{"href":"http:\/\/cfcontabil.com\/cf\/wp-json\/wp\/v2\/posts\/774","targetHints":{"allow":["GET"]}}],"collection":[{"href":"http:\/\/cfcontabil.com\/cf\/wp-json\/wp\/v2\/posts"}],"about":[{"href":"http:\/\/cfcontabil.com\/cf\/wp-json\/wp\/v2\/types\/post"}],"author":[{"embeddable":true,"href":"http:\/\/cfcontabil.com\/cf\/wp-json\/wp\/v2\/users\/3"}],"replies":[{"embeddable":true,"href":"http:\/\/cfcontabil.com\/cf\/wp-json\/wp\/v2\/comments?post=774"}],"version-history":[{"count":0,"href":"http:\/\/cfcontabil.com\/cf\/wp-json\/wp\/v2\/posts\/774\/revisions"}],"wp:featuredmedia":[{"embeddable":true,"href":"http:\/\/cfcontabil.com\/cf\/wp-json\/wp\/v2\/media\/775"}],"wp:attachment":[{"href":"http:\/\/cfcontabil.com\/cf\/wp-json\/wp\/v2\/media?parent=774"}],"wp:term":[{"taxonomy":"category","embeddable":true,"href":"http:\/\/cfcontabil.com\/cf\/wp-json\/wp\/v2\/categories?post=774"},{"taxonomy":"post_tag","embeddable":true,"href":"http:\/\/cfcontabil.com\/cf\/wp-json\/wp\/v2\/tags?post=774"}],"curies":[{"name":"wp","href":"https:\/\/api.w.org\/{rel}","templated":true}]}}