{"id":796,"date":"2016-12-22T14:42:16","date_gmt":"2016-12-22T16:42:16","guid":{"rendered":"http:\/\/cfcontabil.com\/cf\/?p=796"},"modified":"2016-12-22T14:42:16","modified_gmt":"2016-12-22T16:42:16","slug":"feliz-natal-boas-festas-2","status":"publish","type":"post","link":"http:\/\/cfcontabil.com\/cf\/feliz-natal-boas-festas-2\/","title":{"rendered":"Feliz Natal! Boas Festas!"},"content":{"rendered":"<figure id=\"attachment_797\" aria-describedby=\"caption-attachment-797\" style=\"width: 591px\" class=\"wp-caption aligncenter\"><a href=\"https:\/\/i0.wp.com\/cfcontabil.com\/cf\/wp-content\/uploads\/2016\/12\/CARTAO_NATAL_2017-MODELO_02.jpg\"><img data-recalc-dims=\"1\" fetchpriority=\"high\" decoding=\"async\" class=\"size-full wp-image-797\" src=\"https:\/\/i0.wp.com\/cfcontabil.com\/cf\/wp-content\/uploads\/2016\/12\/CARTAO_NATAL_2017-MODELO_02.jpg?resize=591%2C394\" alt=\"Feliz Natal! Boas Festas! \" width=\"591\" height=\"394\" \/><\/a><figcaption id=\"caption-attachment-797\" class=\"wp-caption-text\">Feliz Natal! Boas Festas!<\/figcaption><\/figure>\n","protected":false},"excerpt":{"rendered":"","protected":false},"author":2,"featured_media":1491,"comment_status":"open","ping_status":"open","sticky":false,"template":"","format":"image","meta":{"jetpack_post_was_ever_published":false,"_jetpack_newsletter_access":"","_jetpack_dont_email_post_to_subs":false,"_jetpack_newsletter_tier_id":0,"_jetpack_memberships_contains_paywalled_content":false,"_jetpack_memberships_contains_paid_content":false,"footnotes":"","jetpack_publicize_message":"","jetpack_publicize_feature_enabled":true,"jetpack_social_post_already_shared":true,"jetpack_social_options":{"image_generator_settings":{"template":"highway","default_image_id":0,"font":"","enabled":false},"version":2}},"categories":[22],"tags":[154,156,101,102],"class_list":["post-796","post","type-post","status-publish","format-image","has-post-thumbnail","hentry","category-geral","tag-boas-festas","tag-fim-de-ano","tag-natal","tag-recesso","post_format-post-format-image"],"jetpack_publicize_connections":[],"jetpack_featured_media_url":"https:\/\/i0.wp.com\/cfcontabil.com\/cf\/wp-content\/uploads\/2016\/12\/CARTAO_NATAL_2017-MODELO_02-1.jpg?fit=591%2C394","jetpack_sharing_enabled":true,"jetpack_shortlink":"https:\/\/wp.me\/p2wklX-cQ","jetpack-related-posts":[{"id":626,"url":"http:\/\/cfcontabil.com\/cf\/feliz-natal-boas-festas\/","url_meta":{"origin":796,"position":0},"title":"Feliz Natal! Boas Festas!","author":"Vin\u00edcius Moizinho","date":"21 de dezembro de 2015","format":"image","excerpt":"","rel":"","context":"Em &quot;Geral&quot;","block_context":{"text":"Geral","link":"http:\/\/cfcontabil.com\/cf\/category\/geral\/"},"img":{"alt_text":"","src":"https:\/\/i0.wp.com\/cfcontabil.com\/cf\/wp-content\/uploads\/2014\/07\/CF-Cart%C3%A3o-Natal-2015-2.jpg?fit=897%2C602&resize=350%2C200","width":350,"height":200,"srcset":"https:\/\/i0.wp.com\/cfcontabil.com\/cf\/wp-content\/uploads\/2014\/07\/CF-Cart%C3%A3o-Natal-2015-2.jpg?fit=897%2C602&resize=350%2C200 1x, https:\/\/i0.wp.com\/cfcontabil.com\/cf\/wp-content\/uploads\/2014\/07\/CF-Cart%C3%A3o-Natal-2015-2.jpg?fit=897%2C602&resize=525%2C300 1.5x, https:\/\/i0.wp.com\/cfcontabil.com\/cf\/wp-content\/uploads\/2014\/07\/CF-Cart%C3%A3o-Natal-2015-2.jpg?fit=897%2C602&resize=700%2C400 2x"},"classes":[]},{"id":1204,"url":"http:\/\/cfcontabil.com\/cf\/entao-e-natal-2\/","url_meta":{"origin":796,"position":1},"title":"Ent\u00e3o&#8230; \u00c9 Natal!","author":"Vin\u00edcius Moizinho","date":"10 de dezembro de 2014","format":"aside","excerpt":"","rel":"","context":"Em &quot;Consultoria Empresarial&quot;","block_context":{"text":"Consultoria Empresarial","link":"http:\/\/cfcontabil.com\/cf\/category\/consultoria\/"},"img":{"alt_text":"Boas Festas! Feliz Natal!","src":"https:\/\/i0.wp.com\/cfcontabil.com\/cf\/wp-content\/uploads\/2014\/12\/CF-CONTABIL-NATAL-2014-V.21.png?resize=350%2C200","width":350,"height":200,"srcset":"https:\/\/i0.wp.com\/cfcontabil.com\/cf\/wp-content\/uploads\/2014\/12\/CF-CONTABIL-NATAL-2014-V.21.png?resize=350%2C200 1x, https:\/\/i0.wp.com\/cfcontabil.com\/cf\/wp-content\/uploads\/2014\/12\/CF-CONTABIL-NATAL-2014-V.21.png?resize=525%2C300 1.5x, https:\/\/i0.wp.com\/cfcontabil.com\/cf\/wp-content\/uploads\/2014\/12\/CF-CONTABIL-NATAL-2014-V.21.png?resize=700%2C400 2x"},"classes":[]},{"id":2386,"url":"http:\/\/cfcontabil.com\/cf\/saude-e-esperanca-em-2021\/","url_meta":{"origin":796,"position":2},"title":"Sa\u00fade e Esperan\u00e7a em 2021!","author":"Ab\u00edlio Gon\u00e7alves","date":"23 de dezembro de 2020","format":false,"excerpt":"Em virtude da proximidade das festas de fim de ano, informamos que nosso recesso e f\u00e9rias coletivas se estender\u00e3o de\u00a023 de Dezembro de 2020\u00a0a\u00a004 de Janeiro de 2021. Retornaremos com nossas atividades normais a partir de 04 de Janeiro, em nosso hor\u00e1rio de atendimento habitual nos per\u00edodos matutino (09:00 \u00e0s\u2026","rel":"","context":"Em &quot;Geral&quot;","block_context":{"text":"Geral","link":"http:\/\/cfcontabil.com\/cf\/category\/geral\/"},"img":{"alt_text":"","src":"https:\/\/i0.wp.com\/cfcontabil.com\/cf\/wp-content\/uploads\/2020\/12\/Mensagem-Ano-Novo-2020-CF-Contabil.png?fit=1200%2C848&resize=350%2C200","width":350,"height":200,"srcset":"https:\/\/i0.wp.com\/cfcontabil.com\/cf\/wp-content\/uploads\/2020\/12\/Mensagem-Ano-Novo-2020-CF-Contabil.png?fit=1200%2C848&resize=350%2C200 1x, https:\/\/i0.wp.com\/cfcontabil.com\/cf\/wp-content\/uploads\/2020\/12\/Mensagem-Ano-Novo-2020-CF-Contabil.png?fit=1200%2C848&resize=525%2C300 1.5x, https:\/\/i0.wp.com\/cfcontabil.com\/cf\/wp-content\/uploads\/2020\/12\/Mensagem-Ano-Novo-2020-CF-Contabil.png?fit=1200%2C848&resize=700%2C400 2x, https:\/\/i0.wp.com\/cfcontabil.com\/cf\/wp-content\/uploads\/2020\/12\/Mensagem-Ano-Novo-2020-CF-Contabil.png?fit=1200%2C848&resize=1050%2C600 3x"},"classes":[]},{"id":275,"url":"http:\/\/cfcontabil.com\/cf\/entao-e-natal\/","url_meta":{"origin":796,"position":3},"title":"Ent\u00e3o \u00e9 Natal!","author":"Vin\u00edcius Moizinho","date":"20 de dezembro de 2012","format":false,"excerpt":"Chegou! Mais um ano se encerra.\u00a0Gostar\u00edamos de agradecer a todos pela companhia durante essa longa jornada.\u00a0Nosso\u00a0Natal\u00a0n\u00e3o seria t\u00e3o gratificante sem voc\u00ea!\u00a0Feliz Natal e um 2013 maravilhoso!! Lembrando aos prezados parceiros e queridos amigos leitores que a\u00a0CF Cont\u00e1bil\u00a0estar\u00e1 de recesso no per\u00edodo entre\u00a021 de Dezembro de 2012\u00a0a\u00a002 de Janeiro de 2013.\u2026","rel":"","context":"Em &quot;Geral&quot;","block_context":{"text":"Geral","link":"http:\/\/cfcontabil.com\/cf\/category\/geral\/"},"img":{"alt_text":"\u00c9 Natal!","src":"https:\/\/i0.wp.com\/lh4.googleusercontent.com\/-uoq8jeX_x4w\/UNNQ5a0ZL9I\/AAAAAAAAp04\/6eLu4nxNsro\/s552\/CF%2BNATAL%2BCARD%2B2012%2Bv2.jpg?resize=350%2C200&ssl=1","width":350,"height":200,"srcset":"https:\/\/i0.wp.com\/lh4.googleusercontent.com\/-uoq8jeX_x4w\/UNNQ5a0ZL9I\/AAAAAAAAp04\/6eLu4nxNsro\/s552\/CF%2BNATAL%2BCARD%2B2012%2Bv2.jpg?resize=350%2C200&ssl=1 1x, https:\/\/i0.wp.com\/lh4.googleusercontent.com\/-uoq8jeX_x4w\/UNNQ5a0ZL9I\/AAAAAAAAp04\/6eLu4nxNsro\/s552\/CF%2BNATAL%2BCARD%2B2012%2Bv2.jpg?resize=525%2C300&ssl=1 1.5x"},"classes":[]},{"id":622,"url":"http:\/\/cfcontabil.com\/cf\/comunicado-recesso-2015\/","url_meta":{"origin":796,"position":4},"title":"Comunicado: Recesso de Fim de Ano 2015","author":"Vin\u00edcius Moizinho","date":"7 de dezembro de 2015","format":false,"excerpt":"","rel":"","context":"Em &quot;Geral&quot;","block_context":{"text":"Geral","link":"http:\/\/cfcontabil.com\/cf\/category\/geral\/"},"img":{"alt_text":"","src":"https:\/\/i0.wp.com\/cfcontabil.com\/cf\/wp-content\/uploads\/2014\/07\/CF-ENCARTE-NATAL-2015-2.jpg?fit=849%2C1200&resize=350%2C200","width":350,"height":200,"srcset":"https:\/\/i0.wp.com\/cfcontabil.com\/cf\/wp-content\/uploads\/2014\/07\/CF-ENCARTE-NATAL-2015-2.jpg?fit=849%2C1200&resize=350%2C200 1x, https:\/\/i0.wp.com\/cfcontabil.com\/cf\/wp-content\/uploads\/2014\/07\/CF-ENCARTE-NATAL-2015-2.jpg?fit=849%2C1200&resize=525%2C300 1.5x, https:\/\/i0.wp.com\/cfcontabil.com\/cf\/wp-content\/uploads\/2014\/07\/CF-ENCARTE-NATAL-2015-2.jpg?fit=849%2C1200&resize=700%2C400 2x"},"classes":[]},{"id":778,"url":"http:\/\/cfcontabil.com\/cf\/comunicado-recesso-e-ferias-coletivas-ano-2016\/","url_meta":{"origin":796,"position":5},"title":"COMUNICADO &#8211; Recesso e F\u00e9rias Coletivas &#8211; Ano 2016","author":"Ab\u00edlio Gon\u00e7alves","date":"2 de dezembro de 2016","format":false,"excerpt":"","rel":"","context":"Em &quot;Geral&quot;","block_context":{"text":"Geral","link":"http:\/\/cfcontabil.com\/cf\/category\/geral\/"},"img":{"alt_text":"","src":"https:\/\/i0.wp.com\/cfcontabil.com\/Encarte_Recesso_2016.jpg?resize=350%2C200","width":350,"height":200,"srcset":"https:\/\/i0.wp.com\/cfcontabil.com\/Encarte_Recesso_2016.jpg?resize=350%2C200 1x, https:\/\/i0.wp.com\/cfcontabil.com\/Encarte_Recesso_2016.jpg?resize=525%2C300 1.5x, https:\/\/i0.wp.com\/cfcontabil.com\/Encarte_Recesso_2016.jpg?resize=700%2C400 2x, https:\/\/i0.wp.com\/cfcontabil.com\/Encarte_Recesso_2016.jpg?resize=1050%2C600 3x"},"classes":[]}],"jetpack_likes_enabled":true,"_links":{"self":[{"href":"http:\/\/cfcontabil.com\/cf\/wp-json\/wp\/v2\/posts\/796","targetHints":{"allow":["GET"]}}],"collection":[{"href":"http:\/\/cfcontabil.com\/cf\/wp-json\/wp\/v2\/posts"}],"about":[{"href":"http:\/\/cfcontabil.com\/cf\/wp-json\/wp\/v2\/types\/post"}],"author":[{"embeddable":true,"href":"http:\/\/cfcontabil.com\/cf\/wp-json\/wp\/v2\/users\/2"}],"replies":[{"embeddable":true,"href":"http:\/\/cfcontabil.com\/cf\/wp-json\/wp\/v2\/comments?post=796"}],"version-history":[{"count":0,"href":"http:\/\/cfcontabil.com\/cf\/wp-json\/wp\/v2\/posts\/796\/revisions"}],"wp:featuredmedia":[{"embeddable":true,"href":"http:\/\/cfcontabil.com\/cf\/wp-json\/wp\/v2\/media\/1491"}],"wp:attachment":[{"href":"http:\/\/cfcontabil.com\/cf\/wp-json\/wp\/v2\/media?parent=796"}],"wp:term":[{"taxonomy":"category","embeddable":true,"href":"http:\/\/cfcontabil.com\/cf\/wp-json\/wp\/v2\/categories?post=796"},{"taxonomy":"post_tag","embeddable":true,"href":"http:\/\/cfcontabil.com\/cf\/wp-json\/wp\/v2\/tags?post=796"}],"curies":[{"name":"wp","href":"https:\/\/api.w.org\/{rel}","templated":true}]}}