{"id":1,"date":"2012-02-03T08:47:58","date_gmt":"2012-02-03T10:47:58","guid":{"rendered":"http:\/\/cfcontabil.com\/cf\/?p=1"},"modified":"2012-02-03T08:47:58","modified_gmt":"2012-02-03T10:47:58","slug":"seja-bem-vindo","status":"publish","type":"post","link":"https:\/\/cfcontabil.com\/cf\/seja-bem-vindo\/","title":{"rendered":"Seja Bem Vindo! Blog da CF Cont\u00e1bil"},"content":{"rendered":"<p style=\"text-align: center;\"><img data-recalc-dims=\"1\" decoding=\"async\" class=\"aligncenter\" src=\"https:\/\/i0.wp.com\/www.clubedorh.com.br\/wp-content\/uploads\/2011\/05\/size_380_mao-teclado-laptop-460-jpg.jpg?w=1170\" alt=\"\" \/><br \/>\n<em><strong>NOVO SITE!<\/strong><\/em><\/p>\n<p style=\"text-align: justify;\">O mercado cont\u00e1bil vem passando por diversas mudan\u00e7as, sendo imprescind\u00edvel maior capacita\u00e7\u00e3o por parte dos profissionais que atuam nesse seguimento. A CF Cont\u00e1bil entendendo a necessidade de manter-se atualizada, busca constantemente se aperfei\u00e7oar, tornando-se parceira de seus clientes para gerar informa\u00e7\u00f5es mais detalhadas, precisas e que sejam mais eficazes, auxiliando assim na tomada de decis\u00f5es de seu neg\u00f3cio.<\/p>\n<p style=\"text-align: justify;\"><a href=\"http:\/\/cfcontabil.com\/cf\/seja-bem-vindo\/#more-1\">Saiba mais sobre nosso novo site! Continue lendo.<\/a><\/p>\n<p><!--more--><\/p>\n<p style=\"text-align: justify;\">Estamos na era da informa\u00e7\u00e3o!\u00a0O avan\u00e7o da tecnologia \u00e9 t\u00e3o r\u00e1pido quanto os meios de comunica\u00e7\u00e3o, sendo que a cada dia s\u00e3o lan\u00e7adas novidades ou aprimoradas as existentes, como as redes sociais, softwares, portais de m\u00eddias, entre outros.<\/p>\n<p style=\"text-align: justify;\">O conhecimento destas tecnologias e de seus benef\u00edcios devem fazer parte da profiss\u00e3o cont\u00e1bil, ali\u00e1s, torna-se primordial!<\/p>\n<p><img data-recalc-dims=\"1\" decoding=\"async\" class=\"aligncenter\" src=\"https:\/\/i0.wp.com\/jangadeiroonline.com.br\/empregos\/uploads\/2011\/06\/11630emprego.jpg?w=450\" alt=\"\"  \/><\/p>\n<p style=\"text-align: justify;\">Como exemplo da velocidade tecnol\u00f3gica, tomemos o uso dos disquetes nas declara\u00e7\u00f5es de imposto de renda ou entrega de informa\u00e7\u00f5es aos \u00f3rg\u00e3os p\u00fablicos, outrora a \u00fanica forma de envio de informa\u00e7\u00f5es, demorava meses para sua valida\u00e7\u00e3o, e hoje foram substitu\u00eddos pela transmiss\u00e3o pela internet, e logo via certificado digital por meio de softwares que fazem o mesmo trabalho em quest\u00e3o de minutos.<\/p>\n<p style=\"text-align: justify;\">Um dos grandes benef\u00edcios \u00e9 a agilidade e seguran\u00e7a que as informa\u00e7\u00f5es s\u00e3o declaradas.<\/p>\n<p style=\"text-align: justify;\">As empresas tamb\u00e9m buscam softwares e novas tecnologias que auxiliem na administra\u00e7\u00e3o de suas transa\u00e7\u00f5es, processos log\u00edsticos e financeiros para que gerarem\u00a0relat\u00f3rios administrativos e gerenciais tendo por objetivo a tomada de decis\u00f5es, o mais pr\u00f3ximo do tempo real.<\/p>\n<p style=\"text-align: justify;\">Muitos destes softwares t\u00eam m\u00f3dulos que tornam poss\u00edvel a exporta\u00e7\u00e3o das informa\u00e7\u00f5es cont\u00e1beis de forma precisa e eficiente, permitindo assim que a CF Cont\u00e1bil auxilie seu cliente\u00a0a minimizar custos tribut\u00e1rios, evitar preju\u00edzos e estar em dia com as obriga\u00e7\u00f5es fiscais.<\/p>\n<p><img data-recalc-dims=\"1\" decoding=\"async\" class=\"aligncenter\" src=\"https:\/\/encomosasco.files.wordpress.com\/2012\/06\/blog1.jpg?w=1170\" alt=\"\" \/><\/p>\n<p style=\"text-align: justify;\">Nosso site foi remodelado, sendo agora apresentado em forma de blog, fornecendo\u00a0coment\u00e1rios e informando as principais not\u00edcias sobre contabilidade, tecnologia e afins.<\/p>\n<p style=\"text-align: justify;\">A CF Cont\u00e1bil est\u00e1 presente nas REDES SOCIAIS, como Twitter, Facebook, Foursquare, Skype, permitindo um melhor relacionamento com o cliente e a promo\u00e7\u00e3o de informa\u00e7\u00f5es em tempo real.<\/p>\n<p style=\"text-align: justify;\">Tenha uma assessoria empresarial que a sua empresa necessita, procure-nos para uma visita ao seu neg\u00f3cio!<\/p>\n<p style=\"text-align: justify;\">Conecte-se:<\/p>\n<p>Fa\u00e7a <a href=\"http:\/\/www.foursquare.com\/cfcontabil\">check in<img data-recalc-dims=\"1\" decoding=\"async\" src=\"https:\/\/i0.wp.com\/www.bhshopping.com.br\/namorados\/img\/concurso-cultural\/ico.Foursquare.png?w=30\" alt=\"\"  \/><\/a>, <a href=\"http:\/\/www.twitter.com\/cfcontabil\">siga-nos <img data-recalc-dims=\"1\" decoding=\"async\" src=\"https:\/\/i0.wp.com\/www.freshnetworks.com\/blog\/wp-content\/uploads\/2011\/08\/twitter.png?w=30\" alt=\"\"  \/><\/a>, curta <a href=\"http:\/\/www.facebook.com\/cfcontabil\"><img decoding=\"async\" src=\"http:\/\/www.guia-facebook.com\/wp-content\/themes\/fecebook_webxxs\/timthumb.php?src=http:\/\/www.guia-facebook.com\/wp-content\/uploads\/facebook-like.png&amp;w=50&amp;h=50&amp;zc=1\" alt=\"\" width=\"30\" \/> nossa f\u00e3 page<\/a>, <a href=\"maito:cfcontabil@cfcontabil.com\"><img data-recalc-dims=\"1\" decoding=\"async\" src=\"https:\/\/i0.wp.com\/www.itikawaimoveis.com.br\/images\/email.jpg?w=30\" alt=\"\"  \/>fale conosco!<\/a><\/p>\n<p>&nbsp;<\/p>\n<p style=\"text-align: justify;\">As not\u00edcias e informa\u00e7\u00f5es selecionadas para o dia-a-dia aos atuais empres\u00e1rios e futuros empreendedores de neg\u00f3cios em um \u00fanico lugar!<\/p>\n<p><img data-recalc-dims=\"1\" decoding=\"async\" class=\"aligncenter\" src=\"https:\/\/i0.wp.com\/www.cfcontabil.com\/home\/cfcontabil.JPG?w=1170\" alt=\"\" \/><\/p>\n","protected":false},"excerpt":{"rendered":"<p>NOVO SITE! O mercado cont\u00e1bil vem passando por diversas mudan\u00e7as, sendo imprescind\u00edvel maior capacita\u00e7\u00e3o por parte dos profissionais que atuam nesse seguimento. A CF Cont\u00e1bil entendendo a necessidade de manter-se atualizada, busca constantemente se aperfei\u00e7oar, tornando-se parceira de seus clientes para gerar informa\u00e7\u00f5es mais detalhadas, precisas e que sejam mais eficazes, auxiliando assim na tomada [&hellip;]<\/p>\n","protected":false},"author":3,"featured_media":0,"comment_status":"open","ping_status":"open","sticky":false,"template":"","format":"standard","meta":{"jetpack_post_was_ever_published":false,"_jetpack_newsletter_access":"","_jetpack_dont_email_post_to_subs":false,"_jetpack_newsletter_tier_id":0,"_jetpack_memberships_contains_paywalled_content":false,"_jetpack_memberships_contains_paid_content":false,"footnotes":"","jetpack_publicize_message":"","jetpack_publicize_feature_enabled":true,"jetpack_social_post_already_shared":false,"jetpack_social_options":{"image_generator_settings":{"template":"highway","default_image_id":0,"font":"","enabled":false},"version":2}},"categories":[22],"tags":[19,20,21,23,24,25,26,27],"class_list":["post-1","post","type-post","status-publish","format-standard","hentry","category-geral","tag-brasilia","tag-cf-contabil","tag-contabilidade","tag-informacao","tag-noticias","tag-redes-sociais","tag-softwares","tag-tecnologia"],"jetpack_publicize_connections":[],"jetpack_featured_media_url":"","jetpack_sharing_enabled":true,"jetpack_shortlink":"https:\/\/wp.me\/p2wklX-1","jetpack-related-posts":[{"id":367,"url":"https:\/\/cfcontabil.com\/cf\/o-contador-na-era-tecnologica\/","url_meta":{"origin":1,"position":0},"title":"O Contador na Era Tecnol\u00f3gica","author":"Vin\u00edcius Moizinho","date":"18 de setembro de 2013","format":false,"excerpt":"Bom dia, prezados! \u00c9 fato que a internacionaliza\u00e7\u00e3o das normas cont\u00e1beis deu ao contador outro perfil. A ultrapassada imagem que vinculada ao contador brasileiro, como sendo o guarda-livros de caneta atr\u00e1s da orelha, n\u00e3o passa hoje de folclore e caricatura. A abertura dos mercados globais tornou a Contabilidade a quarta\u2026","rel":"","context":"Em &quot;Consultoria Empresarial&quot;","block_context":{"text":"Consultoria Empresarial","link":"https:\/\/cfcontabil.com\/cf\/category\/consultoria\/"},"img":{"alt_text":"","src":"https:\/\/i0.wp.com\/www.serkat.com.br\/img\/topo\/servicos.jpg?resize=350%2C200","width":350,"height":200},"classes":[]},{"id":3045,"url":"https:\/\/cfcontabil.com\/cf\/a-importancia-da-contabilidade-no-terceiro-setor-sustentabilidade-e-transparencia-para-associacoes-e-ongs\/","url_meta":{"origin":1,"position":1},"title":"A Import\u00e2ncia da Contabilidade no Terceiro Setor: Sustentabilidade e Transpar\u00eancia para Associa\u00e7\u00f5es e ONGs","author":"Ab\u00edlio Gon\u00e7alves","date":"9 de dezembro de 2024","format":false,"excerpt":"A contabilidade no terceiro setor desempenha um papel crucial para garantir a integridade e a efici\u00eancia de organiza\u00e7\u00f5es sem fins lucrativos. Associa\u00e7\u00f5es e ONGs, que frequentemente dependem de doa\u00e7\u00f5es e parcerias, precisam de uma base cont\u00e1bil s\u00f3lida para gerenciar recursos, prestar contas e assegurar sua sustentabilidade. Vamos explorar os pilares\u2026","rel":"","context":"Em &quot;Geral&quot;","block_context":{"text":"Geral","link":"https:\/\/cfcontabil.com\/cf\/category\/geral\/"},"img":{"alt_text":"","src":"https:\/\/i0.wp.com\/cfcontabil.com\/cf\/wp-content\/uploads\/2024\/12\/DALL%C2%B7E-2024-12-09-11.02.42-3setor.webp?fit=1200%2C686&ssl=1&resize=350%2C200","width":350,"height":200,"srcset":"https:\/\/i0.wp.com\/cfcontabil.com\/cf\/wp-content\/uploads\/2024\/12\/DALL%C2%B7E-2024-12-09-11.02.42-3setor.webp?fit=1200%2C686&ssl=1&resize=350%2C200 1x, https:\/\/i0.wp.com\/cfcontabil.com\/cf\/wp-content\/uploads\/2024\/12\/DALL%C2%B7E-2024-12-09-11.02.42-3setor.webp?fit=1200%2C686&ssl=1&resize=525%2C300 1.5x, https:\/\/i0.wp.com\/cfcontabil.com\/cf\/wp-content\/uploads\/2024\/12\/DALL%C2%B7E-2024-12-09-11.02.42-3setor.webp?fit=1200%2C686&ssl=1&resize=700%2C400 2x, https:\/\/i0.wp.com\/cfcontabil.com\/cf\/wp-content\/uploads\/2024\/12\/DALL%C2%B7E-2024-12-09-11.02.42-3setor.webp?fit=1200%2C686&ssl=1&resize=1050%2C600 3x"},"classes":[]},{"id":1830,"url":"https:\/\/cfcontabil.com\/cf\/o-futuro-do-profissional-de-contabilidade-e-a-inteligencia-artificial\/","url_meta":{"origin":1,"position":2},"title":"O futuro do Profissional de Contabilidade e a Intelig\u00eancia Artificial","author":"Ab\u00edlio Gon\u00e7alves","date":"30 de outubro de 2019","format":false,"excerpt":"Vivemos num tempo de grande avan\u00e7o tecnol\u00f3gico. Esse avan\u00e7o atingiu praticamente todas as \u00e1reas do conhecimento humano e em velocidade exponencial. Como ficam o contabilista e a Contabilidade nesse contexto? Vivemos num tempo de grande avan\u00e7o tecnol\u00f3gico. Esse avan\u00e7o atingiu praticamente todas as \u00e1reas do conhecimento humano e em velocidade\u2026","rel":"","context":"Em &quot;Contabilidade em geral&quot;","block_context":{"text":"Contabilidade em geral","link":"https:\/\/cfcontabil.com\/cf\/category\/contabilidade-2\/"},"img":{"alt_text":"","src":"https:\/\/i0.wp.com\/cfcontabil.com\/cf\/wp-content\/uploads\/2019\/10\/servi%C3%A7o_software.jpg?fit=701%2C438&ssl=1&resize=350%2C200","width":350,"height":200,"srcset":"https:\/\/i0.wp.com\/cfcontabil.com\/cf\/wp-content\/uploads\/2019\/10\/servi%C3%A7o_software.jpg?fit=701%2C438&ssl=1&resize=350%2C200 1x, https:\/\/i0.wp.com\/cfcontabil.com\/cf\/wp-content\/uploads\/2019\/10\/servi%C3%A7o_software.jpg?fit=701%2C438&ssl=1&resize=525%2C300 1.5x, https:\/\/i0.wp.com\/cfcontabil.com\/cf\/wp-content\/uploads\/2019\/10\/servi%C3%A7o_software.jpg?fit=701%2C438&ssl=1&resize=700%2C400 2x"},"classes":[]},{"id":1028,"url":"https:\/\/cfcontabil.com\/cf\/artigo-a-contabilidade-na-era-da-midia-social\/","url_meta":{"origin":1,"position":3},"title":"Artigo: A contabilidade na era da m\u00eddia social","author":"Ab\u00edlio Gon\u00e7alves","date":"17 de outubro de 2012","format":false,"excerpt":"Um artigo interessante publicado pelo SESCON de Campinas falando sobre as m\u00eddias digitais, um exemplo para todos os contabilistas, confira a mat\u00e9ria: Como sindicatos, escrit\u00f3rios e editoras est\u00e3o utilizando a internet em busca de divulga\u00e7\u00e3o Houve uma \u00e9poca em que conseguir informa\u00e7\u00f5es sobre o mundo cont\u00e1bil era extremamente dif\u00edcil. Os\u2026","rel":"","context":"Em &quot;Geral&quot;","block_context":{"text":"Geral","link":"https:\/\/cfcontabil.com\/cf\/category\/geral\/"},"img":{"alt_text":"","src":"https:\/\/i0.wp.com\/cfcontabil.com\/cf\/wp-content\/uploads\/2012\/10\/curtirCONTABILIDADE.jpg?resize=350%2C200","width":350,"height":200},"classes":[]},{"id":1278,"url":"https:\/\/cfcontabil.com\/cf\/novo-canal-de-atendimento-whatsapp-cf-contabil\/","url_meta":{"origin":1,"position":4},"title":"Novo Canal de Atendimento &#8211; WhatsApp CF Cont\u00e1bil","author":"Ab\u00edlio Gon\u00e7alves","date":"21 de agosto de 2017","format":false,"excerpt":"","rel":"","context":"Em &quot;Geral&quot;","block_context":{"text":"Geral","link":"https:\/\/cfcontabil.com\/cf\/category\/geral\/"},"img":{"alt_text":"","src":"https:\/\/i0.wp.com\/cfcontabil.com\/cf\/wp-content\/uploads\/2017\/08\/WhatsAppCFCont%C3%A1bil.png?resize=350%2C200","width":350,"height":200,"srcset":"https:\/\/i0.wp.com\/cfcontabil.com\/cf\/wp-content\/uploads\/2017\/08\/WhatsAppCFCont%C3%A1bil.png?resize=350%2C200 1x, https:\/\/i0.wp.com\/cfcontabil.com\/cf\/wp-content\/uploads\/2017\/08\/WhatsAppCFCont%C3%A1bil.png?resize=525%2C300 1.5x"},"classes":[]},{"id":3435,"url":"https:\/\/cfcontabil.com\/cf\/da-automacao-a-inteligencia-o-futuro-da-contabilidade-ja-comecou\/","url_meta":{"origin":1,"position":5},"title":"Da Automa\u00e7\u00e3o \u00e0 Intelig\u00eancia: O Futuro da Contabilidade j\u00e1 Come\u00e7ou","author":"Ab\u00edlio Gon\u00e7alves","date":"10 de setembro de 2025","format":false,"excerpt":"Na \u00faltima edi\u00e7\u00e3o do Conta Azul Con 2025, participei da palestra conduzida por Rodrigo Bogoni e Dercio Bolais, representantes da Thomson Reuters e da Dom\u00ednio. O tema n\u00e3o poderia ser mais atual: como os servi\u00e7os digitais e embarcados est\u00e3o transformando a contabilidade em uma verdadeira consultoria estrat\u00e9gica para empresas de\u2026","rel":"","context":"Em &quot;Geral&quot;","block_context":{"text":"Geral","link":"https:\/\/cfcontabil.com\/cf\/category\/geral\/"},"img":{"alt_text":"","src":"https:\/\/i0.wp.com\/cfcontabil.com\/cf\/wp-content\/uploads\/2025\/09\/conta-azul-con25.png?fit=992%2C388&ssl=1&resize=350%2C200","width":350,"height":200,"srcset":"https:\/\/i0.wp.com\/cfcontabil.com\/cf\/wp-content\/uploads\/2025\/09\/conta-azul-con25.png?fit=992%2C388&ssl=1&resize=350%2C200 1x, https:\/\/i0.wp.com\/cfcontabil.com\/cf\/wp-content\/uploads\/2025\/09\/conta-azul-con25.png?fit=992%2C388&ssl=1&resize=525%2C300 1.5x, https:\/\/i0.wp.com\/cfcontabil.com\/cf\/wp-content\/uploads\/2025\/09\/conta-azul-con25.png?fit=992%2C388&ssl=1&resize=700%2C400 2x"},"classes":[]}],"jetpack_likes_enabled":true,"_links":{"self":[{"href":"https:\/\/cfcontabil.com\/cf\/wp-json\/wp\/v2\/posts\/1","targetHints":{"allow":["GET"]}}],"collection":[{"href":"https:\/\/cfcontabil.com\/cf\/wp-json\/wp\/v2\/posts"}],"about":[{"href":"https:\/\/cfcontabil.com\/cf\/wp-json\/wp\/v2\/types\/post"}],"author":[{"embeddable":true,"href":"https:\/\/cfcontabil.com\/cf\/wp-json\/wp\/v2\/users\/3"}],"replies":[{"embeddable":true,"href":"https:\/\/cfcontabil.com\/cf\/wp-json\/wp\/v2\/comments?post=1"}],"version-history":[{"count":0,"href":"https:\/\/cfcontabil.com\/cf\/wp-json\/wp\/v2\/posts\/1\/revisions"}],"wp:attachment":[{"href":"https:\/\/cfcontabil.com\/cf\/wp-json\/wp\/v2\/media?parent=1"}],"wp:term":[{"taxonomy":"category","embeddable":true,"href":"https:\/\/cfcontabil.com\/cf\/wp-json\/wp\/v2\/categories?post=1"},{"taxonomy":"post_tag","embeddable":true,"href":"https:\/\/cfcontabil.com\/cf\/wp-json\/wp\/v2\/tags?post=1"}],"curies":[{"name":"wp","href":"https:\/\/api.w.org\/{rel}","templated":true}]}}