{"id":100,"date":"2012-08-01T10:59:59","date_gmt":"2012-08-01T13:59:59","guid":{"rendered":"http:\/\/cfcontabil.com\/cf\/?p=100"},"modified":"2012-08-01T10:59:59","modified_gmt":"2012-08-01T13:59:59","slug":"de-quem-e-a-obrigacao-de-gerar-o-sped-fiscal","status":"publish","type":"post","link":"https:\/\/cfcontabil.com\/cf\/de-quem-e-a-obrigacao-de-gerar-o-sped-fiscal\/","title":{"rendered":"De quem \u00e9 a obriga\u00e7\u00e3o de gerar o SPED Fiscal?"},"content":{"rendered":"<p style=\"text-align: justify;\">Bom dia!<\/p>\n<p style=\"text-align: justify;\">Hoje disponibilizo para voc\u00eas um excelente texto produzido pelo colega\u00a0<strong>Leandro Felizali<\/strong>, diretor da<strong> Vinco<\/strong>\u00a0(empresa brasileira especializada na integra\u00e7\u00e3o de sistemas e na migra\u00e7\u00e3o de dados).<\/p>\n<p style=\"text-align: justify;\">Afinal, de quem \u00e9 a obriga\u00e7\u00e3o de gerar o SPED Fiscal? Leandro tem a resposta. Confira logo a seguir.<\/p>\n<p style=\"text-align: justify;\">Boa leitura!<\/p>\n<p style=\"text-align: justify;\"><em><img data-recalc-dims=\"1\" decoding=\"async\" class=\"aligncenter\" src=\"https:\/\/i0.wp.com\/www.gdcorp.com.br\/neoadmin\/imglib\/fnl\/61.jpg?resize=220%2C163\" alt=\"\" width=\"220\" height=\"163\" \/><\/em><\/p>\n<p style=\"text-align: justify;\"><!--more--><\/p>\n<p style=\"text-align: justify;\"><em>As exig\u00eancias do Sistema P\u00fablico de Escritura\u00e7\u00e3o Digital (SPED) ainda s\u00e3o motivo de dor de cabe\u00e7a para muitas empresas. No in\u00edcio, a dificuldade era saber quais as empresas que deveriam se ajustar ao novo sistema e quais os prazos para evitar multas. Agora que os envolvidos j\u00e1 est\u00e3o cientes da nova legisla\u00e7\u00e3o fiscal, o estresse fica por conta do envio das informa\u00e7\u00f5es. Quem tem a obriga\u00e7\u00e3o de gerar os arquivos e enviar para o fisco?<\/em><\/p>\n<div style=\"text-align: justify;\"><em>\u00a0<\/em><\/div>\n<div style=\"text-align: justify;\"><em>Com certeza, a obriga\u00e7\u00e3o \u00e9 da empresa. Afinal, se as informa\u00e7\u00f5es n\u00e3o estiverem corretas ou n\u00e3o forem entregues no prazo ser\u00e1 a empresa que sofrer\u00e1 as san\u00e7\u00f5es. Para cumprir com esta obriga\u00e7\u00e3o fiscal corretamente \u00e9 necess\u00e1rio contar com o aux\u00edlio da assessoria fiscal que para a grande maioria das empresas \u00e9 o seu contador, e dos respons\u00e1veis pelo desenvolvimento dos sistemas de gest\u00e3o das empresas.<\/em><\/div>\n<div style=\"text-align: justify;\"><em>\u00a0<\/em><\/div>\n<div style=\"text-align: justify;\"><em>As empresas de maior porte, que possuem sistemas de gest\u00e3o integrados com abrang\u00eancia fiscal e \u00e1rea fiscal interna, a solu\u00e7\u00e3o tende a estar melhor encaminhada, pois as informa\u00e7\u00f5es s\u00e3o de dom\u00ednio da equipe interna. Entretanto, a maioria das empresas opera com sistemas n\u00e3o integrados e assessoria fiscal externa, geralmente em um escrit\u00f3rio de contabilidade. E \u00e9 nessa hora que surgem as diverg\u00eancias.<\/em><\/div>\n<div style=\"text-align: justify;\"><em>\u00a0<\/em><\/div>\n<div style=\"text-align: justify;\"><em>As softwares houses, geralmente, oferecem sistemas que controlam as opera\u00e7\u00f5es de compra, venda, estoque e financeiro, mas n\u00e3o geram os arquivos em formato SPED. As contabilidades, por sua vez, em sua grande maioria possuem sistemas fiscais que geram os arquivos para o SPED, mas n\u00e3o possuem todas as informa\u00e7\u00f5es necess\u00e1rias ao SPED. E o pior, mesmo que as softwares houses desenvolvam uma funcionalidade para gerar os arquivos em formato SPED, n\u00e3o conseguir\u00e3o gerar o SPED de forma completa, pois h\u00e1 informa\u00e7\u00f5es que s\u00e3o geradas no sistema fiscal da contabilidade. Ou seja, cria-se um impasse. A empresa cobra o contador, que n\u00e3o tem obriga\u00e7\u00e3o nem todos os dados, mas possui um sistema fiscal que gera SPED. O contador cobra a software house, que tem o restante dos dados, mas n\u00e3o pode entregar as informa\u00e7\u00f5es para o fisco, porque precisa do fechamento fiscal feito pelo contador.<\/em><\/div>\n<div style=\"text-align: justify;\"><em>\u00a0<\/em><\/div>\n<div style=\"text-align: justify;\"><em>Para resolver essa ciranda, \u00e9 conveniente dividir as atividades de acordo com os conhecimentos de cada um e, o principal, trabalhar em equipe com todos \u201cremando\u201d na mesma dire\u00e7\u00e3o. Em resumo, temos tr\u00eas envolvidos: empresa, software house e contador.<\/em><\/div>\n<div style=\"text-align: justify;\"><em>\u00a0<\/em><\/div>\n<div style=\"text-align: justify;\"><em>Empresa: \u00e9 a respons\u00e1vel pela entrega do SPED e, caso algo saia errado, ser\u00e1 a \u00fanica prejudicada com multas e san\u00e7\u00f5es fiscais. \u00c9 conveniente que estabele\u00e7a os contatos entre a software house e o contador e acompanhe os resultados, intermediando o processo para evitar desgastes entre as equipes. Outro ponto importante que precisa ficar claro para o empres\u00e1rio \u00e9 que o SPED \u00e9 uma \u201cnova\u201d obriga\u00e7\u00e3o fiscal. \u00c9 comum que as softwares houses ou os contadores cobrem por esse \u201cnovo\u201d servi\u00e7o, pois \u00e9 uma tarefa que exigir\u00e1 a adequa\u00e7\u00e3o do sistema e o acompanhamento da legisla\u00e7\u00e3o com suas respectivas atualiza\u00e7\u00f5es.<\/em><\/div>\n<div style=\"text-align: justify;\"><em>\u00a0<\/em><\/div>\n<div style=\"text-align: justify;\"><em>Software house: geralmente \u00e9 quem controla as opera\u00e7\u00f5es de compra, venda, estoque e financeiro da empresa, por isso \u00e9 detentora de in\u00fameros dados necess\u00e1rios ao SPED. \u00c9 conveniente que exporte essas informa\u00e7\u00f5es para o sistema fiscal da contabilidade e, atualmente, o caminho mais conveniente \u00e9 fazer isso atrav\u00e9s do pr\u00f3prio leiaute do SPED. Mas aten\u00e7\u00e3o, esse SPED n\u00e3o precisa estar completo, nem ser validado pelo \u201cPrograma Validador da Escritura\u00e7\u00e3o Fiscal Digital\u201d, uma vez que o seu destino n\u00e3o ser\u00e1 a Receita Federal e sim, simplesmente, o sistema fiscal do escrit\u00f3rio de contabilidade. Esse SPED conter\u00e1 as informa\u00e7\u00f5es que o sistema de gest\u00e3o da software house j\u00e1 armazena.<\/em><\/div>\n<div style=\"text-align: justify;\"><em>\u00a0<\/em><\/div>\n<div style=\"text-align: justify;\"><em>Contador: de forma geral, \u00e9 o respons\u00e1vel pela apura\u00e7\u00e3o dos impostos atrav\u00e9s dos recursos de seu sistema fiscal. Devido \u00e0 grande quantidade de informa\u00e7\u00f5es necess\u00e1rias ao SPED, vem se tornando invi\u00e1vel a digita\u00e7\u00e3o dos dados fornecidos pelas empresas e \u00e9 nesse momento que o contador precisa do apoio da software house. Praticamente todos os sistemas fiscais do mercado permitem a importa\u00e7\u00e3o de dados. O problema \u00e9 que cada um oferecia seu pr\u00f3prio leiaute de importa\u00e7\u00e3o, dificultando a integra\u00e7\u00e3o entre os sistemas de gest\u00e3o das empresas e os sistemas fiscais dos contadores. Com a obrigatoriedade do SPED ocorreu uma padroniza\u00e7\u00e3o no mercado e, hoje, a grande maioria dos sistemas fiscais importam informa\u00e7\u00f5es atrav\u00e9s do leiaute SPED. Dessa forma, um bom caminho \u00e9 que o contador importe as informa\u00e7\u00f5es fiscais atrav\u00e9s desse padr\u00e3o e, em seguida, fa\u00e7a a complementa\u00e7\u00e3o necess\u00e1ria para apura\u00e7\u00e3o dos impostos atrav\u00e9s do seu sistema fiscal e, finalmente, a respectiva gera\u00e7\u00e3o do arquivo SPED para a Receita Federal.<\/em><\/div>\n<div style=\"text-align: justify;\"><em>\u00a0<\/em><\/div>\n<div style=\"text-align: justify;\"><em>Em pelo menos uma coisa j\u00e1 h\u00e1 o consenso entre os tr\u00eas envolvidos, gerar o SPED de forma completa e correta n\u00e3o \u00e9 uma tarefa simples. Pesquisas realizadas recentemente mostram que 96,3% dos entrevistados ainda necessitam investir mais recursos, profissionais e consultoria externa, para conseguir cumprir as obriga\u00e7\u00f5es exigidas pelo SPED. Outra pesquisa, ainda mais alarmante, mostra que 98% dos dados j\u00e1 enviados pelo SPED \u00e0 Receita Federal n\u00e3o seguiram as regras da entidade, causando erros ou diverg\u00eancias de informa\u00e7\u00f5es.<\/em><\/div>\n<div style=\"text-align: justify;\"><em>\u00a0<\/em><\/div>\n<div style=\"text-align: justify;\"><em>Bom, acho que \u00e9 conveniente que a software house exporte as informa\u00e7\u00f5es que armazena em seu sistema de gest\u00e3o atrav\u00e9s do leiaute SPED e entregue esses arquivos para que o contador possa import\u00e1-los em seu sistema fiscal. Este, por sua vez, se encarregar\u00e1 de fechar a apura\u00e7\u00e3o dos impostos e gerar o SPED novamente, s\u00f3 que agora, de forma completa e correta para ser entregue ao fisco. Ao empres\u00e1rio caber\u00e1 a responsabilidade de acompanhar esse processo e, claro, pagar a &#8216;nova&#8217; conta.&#8221;<\/em><\/div>\n<div style=\"text-align: justify;\"><\/div>\n<div style=\"text-align: justify;\">Fonte: <a title=\"Segs\" href=\"http:\/\/www.segs.com.br\">Segs<\/a><\/div>\n","protected":false},"excerpt":{"rendered":"<p>Bom dia! Hoje disponibilizo para voc\u00eas um excelente texto produzido pelo colega\u00a0Leandro Felizali, diretor da Vinco\u00a0(empresa brasileira especializada na integra\u00e7\u00e3o de sistemas e na migra\u00e7\u00e3o de dados). Afinal, de quem \u00e9 a obriga\u00e7\u00e3o de gerar o SPED Fiscal? Leandro tem a resposta. Confira logo a seguir. Boa leitura!<\/p>\n","protected":false},"author":2,"featured_media":0,"comment_status":"open","ping_status":"open","sticky":false,"template":"","format":"standard","meta":{"jetpack_post_was_ever_published":false,"_jetpack_newsletter_access":"","_jetpack_dont_email_post_to_subs":false,"_jetpack_newsletter_tier_id":0,"_jetpack_memberships_contains_paywalled_content":false,"_jetpack_memberships_contains_paid_content":false,"footnotes":"","jetpack_publicize_message":"","jetpack_publicize_feature_enabled":true,"jetpack_social_post_already_shared":false,"jetpack_social_options":{"image_generator_settings":{"template":"highway","default_image_id":0,"font":"","enabled":false},"version":2}},"categories":[46],"tags":[19,21,35,36,37],"class_list":["post-100","post","type-post","status-publish","format-standard","hentry","category-df","tag-brasilia","tag-contabilidade","tag-fisco","tag-receita-federal","tag-sped"],"jetpack_publicize_connections":[],"jetpack_featured_media_url":"","jetpack_sharing_enabled":true,"jetpack_shortlink":"https:\/\/wp.me\/p2wklX-1C","jetpack-related-posts":[{"id":1201,"url":"https:\/\/cfcontabil.com\/cf\/o-sped-chegou-para-o-lucro-presumido\/","url_meta":{"origin":100,"position":0},"title":"O SPED chegou para o Lucro Presumido","author":"Vin\u00edcius Moizinho","date":"13 de novembro de 2012","format":false,"excerpt":"Bom dia, prezados!\u00a0Vamos falar de SPED? O Sistema P\u00fablico de Escritura\u00e7\u00e3o Digital (SPED) \u00e9 uma ferramenta que integra as informa\u00e7\u00f5es prestadas pelos contribuintes, de forma eletr\u00f4nica, em arquivos digitais, para a Receita Federal do Brasil - RFB. Esses arquivos precisam obedecer a um formato padronizado e predefinido e servem para\u2026","rel":"","context":"Em &quot;Geral&quot;","block_context":{"text":"Geral","link":"https:\/\/cfcontabil.com\/cf\/category\/geral\/"},"img":{"alt_text":"","src":"https:\/\/i0.wp.com\/cfcontabil.com\/cf\/wp-content\/uploads\/2012\/11\/sped-mao.jpg?resize=350%2C200","width":350,"height":200},"classes":[]},{"id":119,"url":"https:\/\/cfcontabil.com\/cf\/tecnologia-na-governanca-triburaria\/","url_meta":{"origin":100,"position":1},"title":"Tecnologia na Governan\u00e7a Tribur\u00e1ria","author":"Vin\u00edcius Moizinho","date":"22 de agosto de 2012","format":false,"excerpt":"Bom dia, prezados! Hoje trago a voc\u00eas um excelente artigo produzido por\u00a0Luciano Silva, atual diretor executivo da SPL Fiscal, empresa especializada na presta\u00e7\u00e3o de servi\u00e7os de terceiriza\u00e7\u00e3o de processos fiscais. Nele o autor aborta a import\u00e2ncia do controle tribut\u00e1rio para as empresas brasileiras, destacando como contribuintes podem se beneficiar com\u2026","rel":"","context":"Em &quot;Geral&quot;","block_context":{"text":"Geral","link":"https:\/\/cfcontabil.com\/cf\/category\/geral\/"},"img":{"alt_text":"","src":"https:\/\/i0.wp.com\/thumbs.dreamstime.com\/thumblarge_545\/12865050587MYJsS.jpg?resize=350%2C200","width":350,"height":200},"classes":[]},{"id":905,"url":"https:\/\/cfcontabil.com\/cf\/esocial-permitira-que-governo-federal-intensifique-fiscalizacoes\/","url_meta":{"origin":100,"position":2},"title":"eSocial permitir\u00e1 que Governo Federal intensifique fiscaliza\u00e7\u00f5es","author":"Ab\u00edlio Gon\u00e7alves","date":"28 de janeiro de 2017","format":false,"excerpt":"Helio Donin Jr. afirmou que Minist\u00e9rio do Trabalho s\u00f3 tem capacidade para fiscalizar 3% das empresas Unificar as informa\u00e7\u00f5es e cruzar a base de dados para poder identificar poss\u00edveis irregularidades e atuar com a fiscaliza\u00e7\u00e3o \u00e9 um dos objetivos do Governo Federal com a implementa\u00e7\u00e3o do eSocial. Foi o que\u2026","rel":"","context":"Em &quot;Departamento Pessoal&quot;","block_context":{"text":"Departamento Pessoal","link":"https:\/\/cfcontabil.com\/cf\/category\/dp\/"},"img":{"alt_text":"","src":"https:\/\/i0.wp.com\/cfcontabil.com\/cf\/wp-content\/uploads\/2016\/03\/E-social-1-1.jpg?fit=660%2C271&ssl=1&resize=350%2C200","width":350,"height":200,"srcset":"https:\/\/i0.wp.com\/cfcontabil.com\/cf\/wp-content\/uploads\/2016\/03\/E-social-1-1.jpg?fit=660%2C271&ssl=1&resize=350%2C200 1x, https:\/\/i0.wp.com\/cfcontabil.com\/cf\/wp-content\/uploads\/2016\/03\/E-social-1-1.jpg?fit=660%2C271&ssl=1&resize=525%2C300 1.5x"},"classes":[]},{"id":1414,"url":"https:\/\/cfcontabil.com\/cf\/portal-web-da-efd-reinf\/","url_meta":{"origin":100,"position":3},"title":"Portal Web da EFD-REINF","author":"Ab\u00edlio Gon\u00e7alves","date":"30 de outubro de 2018","format":false,"excerpt":"Com a disponibiliza\u00e7\u00e3o de Portal Web para a EFD-REINF, ser\u00e1 necess\u00e1rio efetivar o novo perfil \"EFD-REINF-Geral\" para acesso por procura\u00e7\u00e3o. O Portal Web da EFD-REINF entra em produ\u00e7\u00e3o a partir do dia 29\/10\/2018 e estar\u00e1 dispon\u00edvel no Centro Virtual de Atendimento da Receita Federal do Brasil - e-CAC, no link:\u00a0https:\/\/cav.receita.fazenda.gov.br\/autenticacao\/login\/index\u2026","rel":"","context":"Em &quot;Departamento Fiscal&quot;","block_context":{"text":"Departamento Fiscal","link":"https:\/\/cfcontabil.com\/cf\/category\/df\/"},"img":{"alt_text":"","src":"https:\/\/i0.wp.com\/cfcontabil.com\/cf\/wp-content\/uploads\/2018\/10\/sped-1.png?fit=557%2C268&ssl=1&resize=350%2C200","width":350,"height":200,"srcset":"https:\/\/i0.wp.com\/cfcontabil.com\/cf\/wp-content\/uploads\/2018\/10\/sped-1.png?fit=557%2C268&ssl=1&resize=350%2C200 1x, https:\/\/i0.wp.com\/cfcontabil.com\/cf\/wp-content\/uploads\/2018\/10\/sped-1.png?fit=557%2C268&ssl=1&resize=525%2C300 1.5x"},"classes":[]},{"id":67,"url":"https:\/\/cfcontabil.com\/cf\/prorrogacao-basta\/","url_meta":{"origin":100,"position":4},"title":"Prorroga\u00e7\u00e3o basta?","author":"Vin\u00edcius Moizinho","date":"17 de julho de 2012","format":false,"excerpt":"Boas noites, prezados! Aqui estamos uma vez mais, agora trazendo um tema para reflex\u00e3o. Mais cedo publicamos em\u00a0nossa p\u00e1gina do Facebook\u00a0que foi adiado\u00a0de Julho de 2012 para Janeiro de 2013 o in\u00edcio do projeto da EFD Contribui\u00e7\u00f5es para as empresas do Lucro Presumido, com a entrega da Escritura\u00e7\u00e3o Fiscal Digital\u2026","rel":"","context":"Em &quot;Geral&quot;","block_context":{"text":"Geral","link":"https:\/\/cfcontabil.com\/cf\/category\/geral\/"},"img":{"alt_text":"","src":"https:\/\/i0.wp.com\/www.rhedesistemas.com.br\/site\/media\/k2\/items\/cache\/85b62d4a27ea43297eb1ab349b6e06c6_XL.jpg?resize=350%2C200","width":350,"height":200,"srcset":"https:\/\/i0.wp.com\/www.rhedesistemas.com.br\/site\/media\/k2\/items\/cache\/85b62d4a27ea43297eb1ab349b6e06c6_XL.jpg?resize=350%2C200 1x, https:\/\/i0.wp.com\/www.rhedesistemas.com.br\/site\/media\/k2\/items\/cache\/85b62d4a27ea43297eb1ab349b6e06c6_XL.jpg?resize=525%2C300 1.5x, https:\/\/i0.wp.com\/www.rhedesistemas.com.br\/site\/media\/k2\/items\/cache\/85b62d4a27ea43297eb1ab349b6e06c6_XL.jpg?resize=700%2C400 2x"},"classes":[]},{"id":931,"url":"https:\/\/cfcontabil.com\/cf\/publicacao-de-nova-versao-do-programa-da-ecd\/","url_meta":{"origin":100,"position":5},"title":"Publica\u00e7\u00e3o de Nova Vers\u00e3o do Programa da ECD","author":"Ab\u00edlio Gon\u00e7alves","date":"9 de fevereiro de 2017","format":false,"excerpt":"Vers\u00e3o 4.0.0 do programa da ECD Foi publicada a vers\u00e3o 4.0.0 do programa da ECD com as altera\u00e7\u00f5es referentes ao leiaute 5, publicado no Manual da ECD anexo ao Ato Declarat\u00f3rio Executivo n\u00b0 93\/2016. A vers\u00e3o 4.0.0 deve ser utilizada para a transmiss\u00e3o de todos os leiautes. A transmiss\u00e3o da\u2026","rel":"","context":"Em &quot;Departamento Fiscal&quot;","block_context":{"text":"Departamento Fiscal","link":"https:\/\/cfcontabil.com\/cf\/category\/df\/"},"img":{"alt_text":"","src":"https:\/\/i0.wp.com\/cfcontabil.com\/cf\/wp-content\/uploads\/2017\/02\/ecd-1.jpg?fit=870%2C371&ssl=1&resize=350%2C200","width":350,"height":200,"srcset":"https:\/\/i0.wp.com\/cfcontabil.com\/cf\/wp-content\/uploads\/2017\/02\/ecd-1.jpg?fit=870%2C371&ssl=1&resize=350%2C200 1x, https:\/\/i0.wp.com\/cfcontabil.com\/cf\/wp-content\/uploads\/2017\/02\/ecd-1.jpg?fit=870%2C371&ssl=1&resize=525%2C300 1.5x, https:\/\/i0.wp.com\/cfcontabil.com\/cf\/wp-content\/uploads\/2017\/02\/ecd-1.jpg?fit=870%2C371&ssl=1&resize=700%2C400 2x"},"classes":[]}],"jetpack_likes_enabled":true,"_links":{"self":[{"href":"https:\/\/cfcontabil.com\/cf\/wp-json\/wp\/v2\/posts\/100","targetHints":{"allow":["GET"]}}],"collection":[{"href":"https:\/\/cfcontabil.com\/cf\/wp-json\/wp\/v2\/posts"}],"about":[{"href":"https:\/\/cfcontabil.com\/cf\/wp-json\/wp\/v2\/types\/post"}],"author":[{"embeddable":true,"href":"https:\/\/cfcontabil.com\/cf\/wp-json\/wp\/v2\/users\/2"}],"replies":[{"embeddable":true,"href":"https:\/\/cfcontabil.com\/cf\/wp-json\/wp\/v2\/comments?post=100"}],"version-history":[{"count":0,"href":"https:\/\/cfcontabil.com\/cf\/wp-json\/wp\/v2\/posts\/100\/revisions"}],"wp:attachment":[{"href":"https:\/\/cfcontabil.com\/cf\/wp-json\/wp\/v2\/media?parent=100"}],"wp:term":[{"taxonomy":"category","embeddable":true,"href":"https:\/\/cfcontabil.com\/cf\/wp-json\/wp\/v2\/categories?post=100"},{"taxonomy":"post_tag","embeddable":true,"href":"https:\/\/cfcontabil.com\/cf\/wp-json\/wp\/v2\/tags?post=100"}],"curies":[{"name":"wp","href":"https:\/\/api.w.org\/{rel}","templated":true}]}}