{"id":1025,"date":"2012-07-27T15:56:06","date_gmt":"2012-07-27T18:56:06","guid":{"rendered":"http:\/\/cfcontabil.com\/cf\/?p=89"},"modified":"2012-07-27T15:56:06","modified_gmt":"2012-07-27T18:56:06","slug":"jornada-de-trabalho-e-adicional-de-hora-extra","status":"publish","type":"post","link":"https:\/\/cfcontabil.com\/cf\/jornada-de-trabalho-e-adicional-de-hora-extra\/","title":{"rendered":"Jornada de trabalho e Adicional de hora extra"},"content":{"rendered":"<p><img data-recalc-dims=\"1\" fetchpriority=\"high\" decoding=\"async\" class=\"aligncenter\" src=\"https:\/\/i0.wp.com\/playmagem.com.br\/portal\/wp-content\/uploads\/2012\/04\/jornada.gif?resize=350%2C351\" alt=\"Jornada de Trabalho\" width=\"350\" height=\"351\" \/><\/p>\n<p style=\"text-align: justify;\">Meu post hoje \u00e9 sobre horas extras, mas antes vamos falar um pouco sobre jornada de trabalho, j\u00e1 que horas extras s\u00e3o aquelas que v\u00e3o al\u00e9m da jornada de trabalho do empregado.<\/p>\n<p style=\"text-align: justify;\">A express\u00e3o &#8220;jornada&#8221; deriva do italiano <em>giorno<\/em> (que significa dia), ou seja, representa a dura\u00e7\u00e3o di\u00e1ria do trabalho.<\/p>\n<p style=\"text-align: justify;\">A jornada de trabalho est\u00e1 regulamentada no art. 7\u00ba , inciso XIII da Constitui\u00e7\u00e3o Federal &#8211; CF, conforme segue:<\/p>\n<blockquote>\n<p style=\"text-align: justify;\">Art. 7\u00ba S\u00e3o direitos dos trabalhadores urbanos e rurais, al\u00e9m de outros que visem \u00e0 melhoria de sua condi\u00e7\u00e3o social:<\/p>\n<p style=\"text-align: justify;\">(&#8230;)<\/p>\n<p style=\"text-align: justify;\">XIII &#8211; dura\u00e7\u00e3o do trabalho normal n\u00e3o superior a oito horas di\u00e1rias e quarenta e quatro semanais, facultada a compensa\u00e7\u00e3o de hor\u00e1rios e a redu\u00e7\u00e3o da jornada, mediante acordo ou conven\u00e7\u00e3o coletiva de trabalho .<\/p>\n<\/blockquote>\n<p style=\"text-align: justify;\"><!--more--><\/p>\n<p style=\"text-align: justify;\">Embora a constitui\u00e7\u00e3o tenha limitado a jornada m\u00e1xima de trabalho, temos algumas exce\u00e7\u00f5es devido a particularidade da profiss\u00e3o, por exemplo: Empregados em turnos ininterruptos de revezamento, banc\u00e1rios, telefonistas, professores, entre outros.<\/p>\n<p style=\"text-align: justify;\">A limita\u00e7\u00e3o da jornada de trabalho em 8 horas di\u00e1rias e 44 semanais, significa dizer que se determinado trabalhador fizer 9 horas de trabalho, independente de n\u00e3o completar as 44 semanais ter\u00e1 direito ao valor de hora extra referente a sobrejornada.<\/p>\n<p>&nbsp;<\/p>\n<p style=\"text-align: justify;\"><strong>Exemplo:<\/strong><\/p>\n<p style=\"text-align: justify;\">Um empregado com jornada de trabalho de 8 horas di\u00e1rias, de segunda a sexta-feira e sem labor aos s\u00e1bados, portanto jornada semanal de 40 horas.<\/p>\n<p style=\"text-align: justify;\">Supondo que um dia na semana tenha trabalhado por 9 horas, assim a jornada semanal de 41 horas.<\/p>\n<p style=\"text-align: justify;\">Observem, nesse caso embora n\u00e3o tenha ultrapassado o limite de 44 horas semanais, o empregado tem direito a 1 hora extra, devido o trabalho extraordin\u00e1rio realizado al\u00e9m das 8 horas di\u00e1ria.<\/p>\n<p style=\"text-align: justify;\">Da mesma forma, um empregado que trabalha 8 horas di\u00e1rias de segunda a s\u00e1bado, ter\u00e1 uma jornada semanal de 48 horas, tendo direito a 4 horas extras, pois mesmo n\u00e3o ultrapassando o limite di\u00e1rio de8 horas, ter\u00e1 ultrapassado o limite de 44 horas semanais.<\/p>\n<p style=\"text-align: justify;\">Na jornada normal di\u00e1ria, n\u00e3o ser\u00e3o computados nem descontados os 5 (cinco) minutos antes e 5 (cinco) minutos depois da jornada de trabalho, observado o limite m\u00e1ximo de 10 (dez) minutos di\u00e1rios, conforme S\u00famula n\u00ba 366 do TST:<\/p>\n<blockquote><p><strong style=\"text-align: justify;\">Cart\u00e3o de Ponto &#8211; Registro &#8211; Horas Extras &#8211; Minutos que Antecedem e Sucedem a Jornada de Trabalho<\/strong><\/p>\n<p style=\"text-align: justify;\">\u00a0 \u00a0 N\u00e3o ser\u00e3o descontadas nem computadas como jornada extraordin\u00e1ria as varia\u00e7\u00f5es de hor\u00e1rio do registro de ponto n\u00e3o excedentes de cinco minutos, observado o limite m\u00e1ximo de dez minutos di\u00e1rios. Se ultrapassado esse limite, ser\u00e1 considerada como extra a totalidade do tempo que exceder a jornada normal. (ex-OJs n\u00ba 23 &#8211; Inserida em 03.06.1996 e n\u00ba 326 &#8211; DJ 09.12.2003)<\/p>\n<\/blockquote>\n<p><img data-recalc-dims=\"1\" decoding=\"async\" class=\"aligncenter\" src=\"https:\/\/i0.wp.com\/www.alamedavirtual.com.br\/wp-content\/uploads\/2010\/07\/Controle-Eletr%C3%B4nico-de-Jornada-de-Trabalho.jpg?resize=385%2C300\" alt=\"hora\" width=\"385\" height=\"300\" \/><\/p>\n<p style=\"text-align: justify;\">Falando em <strong>horas extraordin\u00e1rias<\/strong> (tamb\u00e9m conhecidas como horas extras), estas dever\u00e3o ser pagas, ou compensadas:<\/p>\n<p style=\"text-align: justify;\">Acordo de compensa\u00e7\u00e3o ou banco de horas &#8211; ocorre quando o empregado faz horas extras em determinado dia para diminuir sua carga hor\u00e1ria em outro dias, devendo estas horas serem compensadas em at\u00e9 1 ano; n\u00e3o havendo a compensa\u00e7\u00e3o nesse per\u00edodo dever\u00e3o ser pagas como horas extras.<\/p>\n<p style=\"text-align: justify;\">As horas extras quando quando n\u00e3o devidamente compensadas, dever\u00e3o ser pagas com adicional m\u00ednimo de 50%, conforme determina a CF, art. 7\u00ba , inciso XVI :<\/p>\n<blockquote>\n<p style=\"text-align: justify;\">XVI &#8211; remunera\u00e7\u00e3o do servi\u00e7o extraordin\u00e1rio superior, no m\u00ednimo, em cinquenta por cento \u00e0 do normal<\/p>\n<\/blockquote>\n<p style=\"text-align: justify;\">Ainda sobre hora extra ou sobrejornada, o artigo 59 da Consolida\u00e7\u00e3o das leis trabalhistas &#8211; CLT, disciplina:<\/p>\n<blockquote>\n<p style=\"text-align: justify;\">Art. 59\u00a0 \u2013 A dura\u00e7\u00e3o normal do trabalho poder\u00e1 ser acrescida de horas suplementares, em n\u00famero n\u00e3o excedente de 2 (duas), mediante acordo escrito entre empregador\u00a0e empregado, ou mediante contrato coletivo de trabalho.<\/p>\n<\/blockquote>\n<p style=\"text-align: justify;\">No entanto, a limita\u00e7\u00e3o em duas horas extras, n\u00e3o exime o empregador de pagar todas as horas trabalhadas, conforme s\u00famula n\u00ba 376 do TST, conforme segue:<\/p>\n<blockquote>\n<p style=\"text-align: justify;\"><strong>Horas Extras &#8211; Limita\u00e7\u00e3o Legal &#8211; C\u00e1lculo dos Haveres Trabalhistas<\/strong><br \/>\nI\u00a0&#8211; A limita\u00e7\u00e3o legal da jornada suplementar a duas horas di\u00e1rias n\u00e3o exime o empregador de pagar todas as horas trabalhadas. (ex-OJ n\u00ba 117 &#8211; Inserida em 20.11.1997)<br \/>\nII\u00a0&#8211; O valor das horas extras habitualmente prestadas integra o c\u00e1lculo dos haveres trabalhistas, independentemente da limita\u00e7\u00e3o prevista no &#8220;caput&#8221; do art. 59 da CLT. (ex-OJ n\u00ba 89 &#8211; Inserida em 28.04.1997)<\/p>\n<\/blockquote>\n<h1 style=\"text-align: justify;\"><strong>C\u00e1lculo do valor da hora extra:<\/strong><\/h1>\n<p style=\"text-align: justify;\">Para efetuar o c\u00e1lculo da hora extra, primeiro \u00e9 necess\u00e1rio saber o valor do sal\u00e1rio-hora do trabalhador.<\/p>\n<p style=\"text-align: justify;\">Para isso, precisamos de um divisor, que para os trabalhadores com jornada semana de 44 horas, ser\u00e1 obtido pela seguinte opera\u00e7\u00e3o:<\/p>\n<p style=\"text-align: justify;\">1 &#8211; Quantidade de horas semanais (44)<br \/>\n2 &#8211; Dividir pela quantidade de dias trabalhados na semana (segunda a s\u00e1bado &#8211; 6 dias)<br \/>\n3 &#8211; Multiplicar pela quantidade de dias no m\u00eas legal (30 dias)<\/p>\n<p style=\"text-align: justify;\">(44 : 6) * 30 = 220<\/p>\n<p style=\"text-align: justify;\">Assim, o divisor para saber o valor da hora ser\u00e1 220, conforme exemplo abaixo:<\/p>\n<p style=\"text-align: justify;\">Trabalhador com sal\u00e1rio de R$ 622,00 realizou 6 horas extras:<\/p>\n<p style=\"text-align: justify;\">Sal\u00e1rio: R$ 622,00<br \/>\nDividor: 220<br \/>\nValor da hora normal: R$ 2,83<br \/>\nValor da hora extra: R$ 2,83 * 1,5 = 4,24<br \/>\nValor total das horas extras trabalhadas: R$ 4,24 * 6 = R$ 25,44<\/p>\n<p style=\"text-align: justify;\">Outros percentuais de horas extras poder\u00e3o ser determinados por conven\u00e7\u00e3o coletiva de trabalho.<\/p>\n<p style=\"text-align: justify;\"><em>Abra\u00e7os a todos!<\/em><\/p>\n<p style=\"text-align: justify;\"><em>Ju<\/em><\/p>\n","protected":false},"excerpt":{"rendered":"<p>Meu post hoje \u00e9 sobre horas extras, mas antes vamos falar um pouco sobre jornada de trabalho, j\u00e1 que horas extras s\u00e3o aquelas que v\u00e3o al\u00e9m da jornada de trabalho do empregado. A express\u00e3o &#8220;jornada&#8221; deriva do italiano giorno (que significa dia), ou seja, representa a dura\u00e7\u00e3o di\u00e1ria do trabalho. A jornada de trabalho est\u00e1 [&hellip;]<\/p>\n","protected":false},"author":4,"featured_media":0,"comment_status":"open","ping_status":"open","sticky":false,"template":"","format":"standard","meta":{"jetpack_post_was_ever_published":false,"_jetpack_newsletter_access":"","_jetpack_dont_email_post_to_subs":false,"_jetpack_newsletter_tier_id":0,"_jetpack_memberships_contains_paywalled_content":false,"_jetpack_memberships_contains_paid_content":false,"footnotes":"","jetpack_publicize_message":"","jetpack_publicize_feature_enabled":true,"jetpack_social_post_already_shared":false,"jetpack_social_options":{"image_generator_settings":{"template":"highway","default_image_id":0,"font":"","enabled":false},"version":2}},"categories":[29],"tags":[28,42,43,44,30,45],"class_list":["post-1025","post","type-post","status-publish","format-standard","hentry","category-dp","tag-departamento","tag-extras","tag-horas","tag-jornada","tag-pessoal","tag-trabalho"],"jetpack_publicize_connections":[],"jetpack_featured_media_url":"","jetpack_sharing_enabled":true,"jetpack_shortlink":"https:\/\/wp.me\/p2wklX-gx","jetpack-related-posts":[{"id":1265,"url":"https:\/\/cfcontabil.com\/cf\/reforma-trabalhista-como-era-e-como-ficara\/","url_meta":{"origin":1025,"position":0},"title":"Reforma trabalhista: como era e como ficar\u00e1?","author":"Ab\u00edlio Gon\u00e7alves","date":"27 de julho de 2017","format":false,"excerpt":"Reforma trabalhista, uma das principais mudan\u00e7as ansiosamente aguardada por empres\u00e1rios e industriais, \u00a0foi\u00a0publicada no Di\u00e1rio Oficial da Uni\u00e3o, no dia\u00a014 de julho de 2017, sob forma de\u00a0Lei n\u00ba 13.467. Segundo o Executivo Nacional, as 100 mudan\u00e7as na Consolida\u00e7\u00e3o das Leis do Trabalho \u2013 CLT, que entrar\u00e3o em vigor em novembro\u2026","rel":"","context":"Em &quot;Departamento Pessoal&quot;","block_context":{"text":"Departamento Pessoal","link":"https:\/\/cfcontabil.com\/cf\/category\/dp\/"},"img":{"alt_text":"","src":"https:\/\/i0.wp.com\/cfcontabil.com\/cf\/wp-content\/uploads\/2017\/05\/carteira-de-trabalho-1.jpg?fit=590%2C302&ssl=1&resize=350%2C200","width":350,"height":200,"srcset":"https:\/\/i0.wp.com\/cfcontabil.com\/cf\/wp-content\/uploads\/2017\/05\/carteira-de-trabalho-1.jpg?fit=590%2C302&ssl=1&resize=350%2C200 1x, https:\/\/i0.wp.com\/cfcontabil.com\/cf\/wp-content\/uploads\/2017\/05\/carteira-de-trabalho-1.jpg?fit=590%2C302&ssl=1&resize=525%2C300 1.5x"},"classes":[]},{"id":1140,"url":"https:\/\/cfcontabil.com\/cf\/comissao-aprova-relatorio-da-reforma-trabalhista\/","url_meta":{"origin":1025,"position":1},"title":"Comiss\u00e3o aprova relat\u00f3rio da reforma trabalhista","author":"Ab\u00edlio Gon\u00e7alves","date":"27 de abril de 2017","format":false,"excerpt":"Projeto define as situa\u00e7\u00f5es nas quais acordos coletivos poder\u00e3o se sobrepor \u00e0 lei trabalhista. A comiss\u00e3o especial da C\u00e2mara destinada a analisar a reforma trabalhista aprovou nesta ter\u00e7a-feira (25) o parecer do relator Rog\u00e9rio Marinho (PSDB-RN) por 27 votos a favor e 10 contra. O projeto foi encaminhado ao Legislativo\u2026","rel":"","context":"Em &quot;Departamento Pessoal&quot;","block_context":{"text":"Departamento Pessoal","link":"https:\/\/cfcontabil.com\/cf\/category\/dp\/"},"img":{"alt_text":"","src":"https:\/\/i0.wp.com\/cfcontabil.com\/cf\/wp-content\/uploads\/2017\/01\/CTPStrabalho-1.jpg?fit=1200%2C781&ssl=1&resize=350%2C200","width":350,"height":200,"srcset":"https:\/\/i0.wp.com\/cfcontabil.com\/cf\/wp-content\/uploads\/2017\/01\/CTPStrabalho-1.jpg?fit=1200%2C781&ssl=1&resize=350%2C200 1x, https:\/\/i0.wp.com\/cfcontabil.com\/cf\/wp-content\/uploads\/2017\/01\/CTPStrabalho-1.jpg?fit=1200%2C781&ssl=1&resize=525%2C300 1.5x, https:\/\/i0.wp.com\/cfcontabil.com\/cf\/wp-content\/uploads\/2017\/01\/CTPStrabalho-1.jpg?fit=1200%2C781&ssl=1&resize=700%2C400 2x, https:\/\/i0.wp.com\/cfcontabil.com\/cf\/wp-content\/uploads\/2017\/01\/CTPStrabalho-1.jpg?fit=1200%2C781&ssl=1&resize=1050%2C600 3x"},"classes":[]},{"id":1339,"url":"https:\/\/cfcontabil.com\/cf\/empregado-domestico-2\/","url_meta":{"origin":1025,"position":2},"title":"Empregado Dom\u00e9stico","author":"Ab\u00edlio Gon\u00e7alves","date":"10 de julho de 2018","format":false,"excerpt":"Considera\u00e7\u00f5es sobre contrato de trabalho, encargos sociais e eSocial O trabalho dom\u00e9stico \u00e9 regido pela Lei Complementar (LC) n\u00ba 150, de 1\u00ba de junho de 2015, que regulamentou os principais direitos da categoria, estabeleceu a aplica\u00e7\u00e3o subsidi\u00e1ria da Consolida\u00e7\u00e3o das Leis do Trabalho\u00a0(CLT)\u00a0e a implanta\u00e7\u00e3o do\u00a0Simples Dom\u00e9sticoconsolidado pelo M\u00f3dulo Web\u2026","rel":"","context":"Em &quot;Geral&quot;","block_context":{"text":"Geral","link":"https:\/\/cfcontabil.com\/cf\/category\/geral\/"},"img":{"alt_text":"","src":"https:\/\/i0.wp.com\/cfcontabil.com\/cf\/wp-content\/uploads\/2016\/03\/domestica-1.jpeg?fit=600%2C315&ssl=1&resize=350%2C200","width":350,"height":200,"srcset":"https:\/\/i0.wp.com\/cfcontabil.com\/cf\/wp-content\/uploads\/2016\/03\/domestica-1.jpeg?fit=600%2C315&ssl=1&resize=350%2C200 1x, https:\/\/i0.wp.com\/cfcontabil.com\/cf\/wp-content\/uploads\/2016\/03\/domestica-1.jpeg?fit=600%2C315&ssl=1&resize=525%2C300 1.5x"},"classes":[]},{"id":2375,"url":"https:\/\/cfcontabil.com\/cf\/13o-salario-deve-ser-integral-para-quem-teve-jornada-reduzida-diz-governo\/","url_meta":{"origin":1025,"position":3},"title":"13\u00ba sal\u00e1rio deve ser integral para quem teve jornada reduzida, diz governo","author":"Ab\u00edlio Gon\u00e7alves","date":"18 de novembro de 2020","format":false,"excerpt":"Segundo o documento, o benef\u00edcio natalino \u00e9 calculado com base na remunera\u00e7\u00e3o integral do m\u00eas de dezembro, sem influ\u00eancia das redu\u00e7\u00f5es tempor\u00e1rias de jornada e sal\u00e1rio. BAIXE O ARQUIVO COMPLETO: SEI_ME-11826535-Nota-T\u00e9cnicaBaixar O governo divulgou uma nota t\u00e9cnica em que define que\u00a0o 13\u00ba sal\u00e1rio deve ser pago integramente para quem teve\u2026","rel":"","context":"Em &quot;Departamento Pessoal&quot;","block_context":{"text":"Departamento Pessoal","link":"https:\/\/cfcontabil.com\/cf\/category\/dp\/"},"img":{"alt_text":"","src":"https:\/\/i0.wp.com\/cfcontabil.com\/cf\/wp-content\/uploads\/2019\/10\/dinheiro.jpg?fit=670%2C400&ssl=1&resize=350%2C200","width":350,"height":200,"srcset":"https:\/\/i0.wp.com\/cfcontabil.com\/cf\/wp-content\/uploads\/2019\/10\/dinheiro.jpg?fit=670%2C400&ssl=1&resize=350%2C200 1x, https:\/\/i0.wp.com\/cfcontabil.com\/cf\/wp-content\/uploads\/2019\/10\/dinheiro.jpg?fit=670%2C400&ssl=1&resize=525%2C300 1.5x"},"classes":[]},{"id":1084,"url":"https:\/\/cfcontabil.com\/cf\/ministro-reafirma-compromisso-com-trabalhadores-na-modernizacao-da-clt\/","url_meta":{"origin":1025,"position":4},"title":"Ministro reafirma compromisso com trabalhadores na moderniza\u00e7\u00e3o da CLT","author":"Ab\u00edlio Gon\u00e7alves","date":"24 de mar\u00e7o de 2017","format":false,"excerpt":"Durante reuni\u00e3o de grupo de estudo formado com centrais sindicais, Ronaldo Nogueira garantiu que proposta do governo mant\u00e9m direitos e defendeu o fortalecimento dos sindicatos O ministro do Trabalho, Ronaldo Nogueira, assegurou aos l\u00edderes das principais centrais sindicais que a proposta de moderniza\u00e7\u00e3o da Consolida\u00e7\u00e3o das Leis Trabalhistas (CLT) n\u00e3o\u2026","rel":"","context":"Em &quot;Departamento Pessoal&quot;","block_context":{"text":"Departamento Pessoal","link":"https:\/\/cfcontabil.com\/cf\/category\/dp\/"},"img":{"alt_text":"","src":"https:\/\/i0.wp.com\/cfcontabil.com\/cf\/wp-content\/uploads\/2017\/02\/ctps-digital-1.jpg?fit=1200%2C627&ssl=1&resize=350%2C200","width":350,"height":200,"srcset":"https:\/\/i0.wp.com\/cfcontabil.com\/cf\/wp-content\/uploads\/2017\/02\/ctps-digital-1.jpg?fit=1200%2C627&ssl=1&resize=350%2C200 1x, https:\/\/i0.wp.com\/cfcontabil.com\/cf\/wp-content\/uploads\/2017\/02\/ctps-digital-1.jpg?fit=1200%2C627&ssl=1&resize=525%2C300 1.5x, https:\/\/i0.wp.com\/cfcontabil.com\/cf\/wp-content\/uploads\/2017\/02\/ctps-digital-1.jpg?fit=1200%2C627&ssl=1&resize=700%2C400 2x, https:\/\/i0.wp.com\/cfcontabil.com\/cf\/wp-content\/uploads\/2017\/02\/ctps-digital-1.jpg?fit=1200%2C627&ssl=1&resize=1050%2C600 3x"},"classes":[]},{"id":2215,"url":"https:\/\/cfcontabil.com\/cf\/ponto-a-ponto-mp-936-2020-entenda-cortes-salariais-suspensoes-e-beneficio\/","url_meta":{"origin":1025,"position":5},"title":"Ponto a ponto MP 936\/2020: Entenda cortes salariais, suspens\u00f5es e benef\u00edcio","author":"Ab\u00edlio Gon\u00e7alves","date":"2 de abril de 2020","format":false,"excerpt":"A MP 936\/2020 possibilita o corte salarial de at\u00e9 70%, suspens\u00e3o do contrato de trabalho e benef\u00edcio emergencial. Entenda ponto a ponto O Di\u00e1rio Oficial da Uni\u00e3o publicou nesta quarta-feira, 01, a MP 936\/2020 que institui o Programa Emergencial de Manuten\u00e7\u00e3o do Emprego e da Renda. Em suma, a norma\u2026","rel":"","context":"Em &quot;Departamento Pessoal&quot;","block_context":{"text":"Departamento Pessoal","link":"https:\/\/cfcontabil.com\/cf\/category\/dp\/"},"img":{"alt_text":"","src":"https:\/\/i0.wp.com\/cfcontabil.com\/cf\/wp-content\/uploads\/2020\/04\/emprego-4.jpg.pagespeed.ic_.4H7FnGacfP.jpg?fit=1086%2C652&ssl=1&resize=350%2C200","width":350,"height":200,"srcset":"https:\/\/i0.wp.com\/cfcontabil.com\/cf\/wp-content\/uploads\/2020\/04\/emprego-4.jpg.pagespeed.ic_.4H7FnGacfP.jpg?fit=1086%2C652&ssl=1&resize=350%2C200 1x, https:\/\/i0.wp.com\/cfcontabil.com\/cf\/wp-content\/uploads\/2020\/04\/emprego-4.jpg.pagespeed.ic_.4H7FnGacfP.jpg?fit=1086%2C652&ssl=1&resize=525%2C300 1.5x, https:\/\/i0.wp.com\/cfcontabil.com\/cf\/wp-content\/uploads\/2020\/04\/emprego-4.jpg.pagespeed.ic_.4H7FnGacfP.jpg?fit=1086%2C652&ssl=1&resize=700%2C400 2x, https:\/\/i0.wp.com\/cfcontabil.com\/cf\/wp-content\/uploads\/2020\/04\/emprego-4.jpg.pagespeed.ic_.4H7FnGacfP.jpg?fit=1086%2C652&ssl=1&resize=1050%2C600 3x"},"classes":[]}],"jetpack_likes_enabled":true,"_links":{"self":[{"href":"https:\/\/cfcontabil.com\/cf\/wp-json\/wp\/v2\/posts\/1025","targetHints":{"allow":["GET"]}}],"collection":[{"href":"https:\/\/cfcontabil.com\/cf\/wp-json\/wp\/v2\/posts"}],"about":[{"href":"https:\/\/cfcontabil.com\/cf\/wp-json\/wp\/v2\/types\/post"}],"author":[{"embeddable":true,"href":"https:\/\/cfcontabil.com\/cf\/wp-json\/wp\/v2\/users\/4"}],"replies":[{"embeddable":true,"href":"https:\/\/cfcontabil.com\/cf\/wp-json\/wp\/v2\/comments?post=1025"}],"version-history":[{"count":0,"href":"https:\/\/cfcontabil.com\/cf\/wp-json\/wp\/v2\/posts\/1025\/revisions"}],"wp:attachment":[{"href":"https:\/\/cfcontabil.com\/cf\/wp-json\/wp\/v2\/media?parent=1025"}],"wp:term":[{"taxonomy":"category","embeddable":true,"href":"https:\/\/cfcontabil.com\/cf\/wp-json\/wp\/v2\/categories?post=1025"},{"taxonomy":"post_tag","embeddable":true,"href":"https:\/\/cfcontabil.com\/cf\/wp-json\/wp\/v2\/tags?post=1025"}],"curies":[{"name":"wp","href":"https:\/\/api.w.org\/{rel}","templated":true}]}}