{"id":1026,"date":"2012-09-21T15:18:15","date_gmt":"2012-09-21T18:18:15","guid":{"rendered":"http:\/\/cfcontabil.com\/cf\/?p=125"},"modified":"2012-09-21T15:18:15","modified_gmt":"2012-09-21T18:18:15","slug":"dia-do-contador","status":"publish","type":"post","link":"https:\/\/cfcontabil.com\/cf\/dia-do-contador\/","title":{"rendered":"Dia do Contador"},"content":{"rendered":"<p style=\"text-align: justify\">Nos antecipando um pouquinho aos final de semana, fica a lembran\u00e7a: \u00a0contabilista, parab\u00e9ns pelo seu dia!<\/p>\n<p><a href=\"https:\/\/i0.wp.com\/cfcontabil.com\/cf\/wp-content\/uploads\/2012\/09\/Dia-do-Contador.png\"><img data-recalc-dims=\"1\" fetchpriority=\"high\" decoding=\"async\" class=\"size-full wp-image-126 aligncenter\" src=\"https:\/\/i0.wp.com\/cfcontabil.com\/cf\/wp-content\/uploads\/2012\/09\/Dia-do-Contador.png?resize=453%2C565\" alt=\"\" width=\"453\" height=\"565\" \/><\/a><\/p>\n<p>Como homenagem, reproduzimos texto de Fernando Kitzinger Dannemann, dispon\u00edvel no portal <a title=\"Recando das Letras\" href=\"http:\/\/www.recantodasletras.com.br\/artigos\/304275\" target=\"_blank\" rel=\"noopener noreferrer\">Recando das Letras<\/a>. Confira!<\/p>\n<p><!--more--><\/p>\n<div style=\"text-align: center\"><\/div>\n<div style=\"text-align: center\"><strong>DIA DO CONTADOR &#8211; 22 de setembro\u00a0<\/strong><\/div>\n<div style=\"text-align: center\"><\/div>\n<div style=\"text-align: center\"><\/div>\n<p style=\"text-align: justify\">\u00a0\u00a0\u00a0\u00a0\u00a0\u00a0\u00a0\u00a0\u00a0\u00a0<em>Regulamentada pelo decreto n\u00ba 9295 de 1946, a profiss\u00e3o de contador tem suas atribui\u00e7\u00f5es definidas pela resolu\u00e7\u00e3o 560, de 1983, do Conselho Federal de Contabilidade. Para a pr\u00e1tica de sua atividade profissional, o contador necessita ter forma\u00e7\u00e3o cultural s\u00f3lida e diversificada, pois os pareceres, os relat\u00f3rios e as demonstra\u00e7\u00f5es cont\u00e1beis realizadas sob sua responsabilidade, s\u00e3o elementos indispens\u00e1veis \u00e0 orienta\u00e7\u00e3o e fundamenta\u00e7\u00e3o de decis\u00f5es tomadas pelos dirigentes de empresas tanto p\u00fablicas como privadas. A data de 22 de setembro foi escolhida como a de comemora\u00e7\u00e3o do Dia do Contador por ser ela a mesma dedicada ao padroeiro da profiss\u00e3o, S\u00e3o Mateus, um ap\u00f3stolo que antes de se dedicar \u00e0 evangeliza\u00e7\u00e3o exercia a atividade de publicano (cobrador de rendimentos p\u00fablicos, uma categoria de gente rica que arrematava em leil\u00e3o o direito \u00e0 cobran\u00e7a dos impostos nas diversas prov\u00edncias romanas).\u00a0<\/em><\/p>\n<p style=\"text-align: justify\"><em>No Brasil, a sele\u00e7\u00e3o da data marca tamb\u00e9m a cria\u00e7\u00e3o, em 1945, do curso de ci\u00eancias cont\u00e1beis, atrav\u00e9s do decreto n\u00ba 7988. O ministrado pela Universidade Federal de Minas Gerais &#8211; UFMG, um dos primeiros cursos superiores em contabilidade instalados no Brasil, come\u00e7ou a funcionar no mesmo ano de sua cria\u00e7\u00e3o, na rec\u00e9m-constitu\u00edda Faculdade de Ci\u00eancias Econ\u00f4micas e Administrativas de Minas Gerais, hoje denominada Faculdade de Ci\u00eancias Econ\u00f4micas. Em 1953, ele passou a se chamado de Ci\u00eancias Cont\u00e1beis. O in\u00edcio desse sistema de ordena\u00e7\u00e3o e escritura\u00e7\u00e3o das contas de uma empresa aconteceu empiricamente, ou seja, seu conhecimento desenvolveu-se atrav\u00e9s da experi\u00eancia adquirida com a pr\u00e1tica, e seu criador &#8211; e principal divulgador do m\u00e9todo de partidas dobradas &#8211; foi o monge franciscano Lucas Pacioli (1450-1510), matem\u00e1tico italiano e professor dessa mat\u00e9ria nas principais cidades de seu pa\u00eds.\u00a0<\/em><\/p>\n<p style=\"text-align: justify\"><em>At\u00e9 a primeira metade da d\u00e9cada de 70 o praticante desse of\u00edcio t\u00e9cnico tamb\u00e9m era conhecido no Brasil como guarda-livros, mas como os profissionais de Contabilidade passaram a receber o nome de contadores, esta express\u00e3o caiu completamente em desuso. Aqueles que se formam ou concluem os cursos de n\u00edvel superior de Ci\u00eancias Cont\u00e1beis recebem o diploma de Bacharel em Ci\u00eancias Cont\u00e1beis. Particularmente, tamb\u00e9m se pode atribuir o t\u00edtulo de t\u00e9cnicos de contabilidade aos que t\u00eam forma\u00e7\u00e3o de n\u00edvel secund\u00e1rio. O exerc\u00edcio da profiss\u00e3o pede conhecimentos aprofundados de planejamento, coordena\u00e7\u00e3o, controle, an\u00e1lise e interpreta\u00e7\u00e3o das informa\u00e7\u00f5es econ\u00f4mico-financeiras e patrimoniais. O mercado de trabalho para os bachar\u00e9is em ci\u00eancias cont\u00e1beis s\u00e3o basicamente, as empresas industriais, comerciais e governamentais. O contador pode tamb\u00e9m lecionar para as classes de 1\u00ba, 2\u00ba e 3\u00ba Graus.\u00a0<\/em><\/p>\n<p style=\"text-align: justify\"><em>Um estudo sobre os profissionais dessa \u00e1rea esclarece que ainda na d\u00e9cada de 80 os contadores gerenciais ficavam longe do centro de decis\u00f5es e tinham pouco contato com os outros departamentos, n\u00e3o participando do processo decis\u00f3rio e sendo informados posteriormente das que haviam sido tomadas. Hoje, por\u00e9m, o papel do contador gerencial sofreu profunda transforma\u00e7\u00e3o, pois um n\u00famero crescente desses profissionais se dedica quase integralmente \u00e0 consultoria interna ou analise de neg\u00f3cios, dentro de suas pr\u00f3prias empresas, terceirizando seus trabalhos. O avan\u00e7o da inform\u00e1tica tamb\u00e9m tem liberado os contadores gerencias dos trabalhos rotineiros de contabilidade, raz\u00e3o pela qual eles podem disponibilizar mais tempo para os relat\u00f3rios, an\u00e1lise e interpreta\u00e7\u00e3o das informa\u00e7\u00f5es do mercado. A maioria deles deixou o isolamento para atuar dentro dos departamentos operacionais, interagindo com os demais segmentos comerciais, administrativos e financeiros e participando das decis\u00f5es finais que nortear\u00e3o as atividades da empresa.\u00a0<\/em><\/p>\n<p style=\"text-align: justify\"><em>Os contadores que ingressam no mercado t\u00eam conhecimento de que a profiss\u00e3o exige pr\u00e9-requisitos pessoais, tais como habilidade e boa comunica\u00e7\u00e3o oral e escrita, habilidade de atuar em equipes de trabalho, capacidade de an\u00e1lise detalhada, s\u00f3lida experi\u00eancia em contabilidade e conhecimento aprofundado da atividade comercial, como um todo, pois al\u00e9m de detectar os problemas possivelmente existentes na empresa, o contador tamb\u00e9m precisa de habilidade bastante para apresentar as poss\u00edveis op\u00e7\u00f5es de solu\u00e7\u00e3o aos que foram identificados. Atualmente, trabalhar como contador tornou-se bem mais interessante e gratificante que no passado, pois o profissional do setor deixou de ser um funcion\u00e1rio burocrata para tornar-se parceiro estrat\u00e9gico da empresa em que atua.<\/em><\/p>\n","protected":false},"excerpt":{"rendered":"<p>Nos antecipando um pouquinho aos final de semana, fica a lembran\u00e7a: \u00a0contabilista, parab\u00e9ns pelo seu dia! Como homenagem, reproduzimos texto de Fernando Kitzinger Dannemann, dispon\u00edvel no portal Recando das Letras. Confira!<\/p>\n","protected":false},"author":2,"featured_media":0,"comment_status":"open","ping_status":"open","sticky":false,"template":"","format":"standard","meta":{"jetpack_post_was_ever_published":false,"_jetpack_newsletter_access":"","_jetpack_dont_email_post_to_subs":false,"_jetpack_newsletter_tier_id":0,"_jetpack_memberships_contains_paywalled_content":false,"_jetpack_memberships_contains_paid_content":false,"footnotes":"","jetpack_publicize_message":"","jetpack_publicize_feature_enabled":true,"jetpack_social_post_already_shared":false,"jetpack_social_options":{"image_generator_settings":{"template":"highway","default_image_id":0,"font":"","enabled":false},"version":2}},"categories":[22],"tags":[],"class_list":["post-1026","post","type-post","status-publish","format-standard","hentry","category-geral"],"jetpack_publicize_connections":[],"jetpack_featured_media_url":"","jetpack_sharing_enabled":true,"jetpack_shortlink":"https:\/\/wp.me\/p2wklX-gy","jetpack-related-posts":[{"id":316,"url":"https:\/\/cfcontabil.com\/cf\/caso-cachoeira-braco-direito-nao-e-contador\/","url_meta":{"origin":1026,"position":0},"title":"Caso Cachoeira: \u201cBra\u00e7o direito\u201d N\u00c3O \u00e9 Contador","author":"Vin\u00edcius Moizinho","date":"25 de janeiro de 2013","format":false,"excerpt":"Bom dia, prezados! Hoje venho lhes trazer uma informa\u00e7\u00e3o relevante que, infelizmente, tem sido negligenciada pela m\u00eddia em geral. \u00c9 a respeito de Geovani Pereira da Silva, preso por ser considerado o contador da quadrilha desmantelada pela Pol\u00edcia Federal na resolu\u00e7\u00e3o do Caso\u00a0Carlinhos Cachoeira. O Conselho Regional de Contabilidade do\u2026","rel":"","context":"Em &quot;Geral&quot;","block_context":{"text":"Geral","link":"https:\/\/cfcontabil.com\/cf\/category\/geral\/"},"img":{"alt_text":"Conselho Regional de Contabilidade do DF","src":"https:\/\/i0.wp.com\/api.ning.com\/files\/dp5RmXzcyHBAaTQGxS-th1QSkWv34NNAjXClDAZf9qtJost6xYP2BTF5WlAXh7b50XStOJdvLZ1G7XiG3i0pF1KC7TJGeZ7G\/LogoCRCDF_peq.gif?resize=350%2C200","width":350,"height":200},"classes":[]},{"id":2346,"url":"https:\/\/cfcontabil.com\/cf\/o-que-podemos-aprender-com-os-contadores\/","url_meta":{"origin":1026,"position":1},"title":"O que podemos aprender com os contadores","author":"Ab\u00edlio Gon\u00e7alves","date":"22 de setembro de 2020","format":false,"excerpt":"Sem d\u00favidas, o cen\u00e1rio atual \u00e9 de desafio imenso para os contadores Muitos podem n\u00e3o saber, mas o contador, celebrado neste 22 de setembro, e\u00eam contribu\u00eddo, cada vez mais, n\u00e3o apenas para o aprimoramento da gest\u00e3o e governan\u00e7a corporativa, como para a transpar\u00eancia e integridade, anseios irrevers\u00edveis da sociedade contempor\u00e2nea.\u2026","rel":"","context":"Em &quot;Geral&quot;","block_context":{"text":"Geral","link":"https:\/\/cfcontabil.com\/cf\/category\/geral\/"},"img":{"alt_text":"","src":"https:\/\/i0.wp.com\/cfcontabil.com\/cf\/wp-content\/uploads\/2019\/09\/tecnologia-na-contabilidade-vantagens-1024x633.jpg?fit=1024%2C633&ssl=1&resize=350%2C200","width":350,"height":200,"srcset":"https:\/\/i0.wp.com\/cfcontabil.com\/cf\/wp-content\/uploads\/2019\/09\/tecnologia-na-contabilidade-vantagens-1024x633.jpg?fit=1024%2C633&ssl=1&resize=350%2C200 1x, https:\/\/i0.wp.com\/cfcontabil.com\/cf\/wp-content\/uploads\/2019\/09\/tecnologia-na-contabilidade-vantagens-1024x633.jpg?fit=1024%2C633&ssl=1&resize=525%2C300 1.5x, https:\/\/i0.wp.com\/cfcontabil.com\/cf\/wp-content\/uploads\/2019\/09\/tecnologia-na-contabilidade-vantagens-1024x633.jpg?fit=1024%2C633&ssl=1&resize=700%2C400 2x"},"classes":[]},{"id":1203,"url":"https:\/\/cfcontabil.com\/cf\/bons-contadores-contatos-ruins\/","url_meta":{"origin":1026,"position":2},"title":"Bons contadores, contatos ruins","author":"Vin\u00edcius Moizinho","date":"24 de maio de 2013","format":false,"excerpt":"Salve, salve prezados! Passado quase um m\u00eas do conturbado per\u00edodo onde pessoas f\u00edsicas correm contra o tempo para prestar contas ao n\u00e3o-t\u00e3o-querido-assim le\u00e3o de estima\u00e7\u00e3o do Fisco, volto abordando um tema interessante para reflex\u00e3o. Considere: determinados tipos de servi\u00e7o demandam certo grau de qualifica\u00e7\u00e3o para que sejam realizados. Alguns com\u2026","rel":"","context":"Em &quot;Consultoria Empresarial&quot;","block_context":{"text":"Consultoria Empresarial","link":"https:\/\/cfcontabil.com\/cf\/category\/consultoria\/"},"img":{"alt_text":"","src":"","width":0,"height":0},"classes":[]},{"id":3435,"url":"https:\/\/cfcontabil.com\/cf\/da-automacao-a-inteligencia-o-futuro-da-contabilidade-ja-comecou\/","url_meta":{"origin":1026,"position":3},"title":"Da Automa\u00e7\u00e3o \u00e0 Intelig\u00eancia: O Futuro da Contabilidade j\u00e1 Come\u00e7ou","author":"Ab\u00edlio Gon\u00e7alves","date":"10 de setembro de 2025","format":false,"excerpt":"Na \u00faltima edi\u00e7\u00e3o do Conta Azul Con 2025, participei da palestra conduzida por Rodrigo Bogoni e Dercio Bolais, representantes da Thomson Reuters e da Dom\u00ednio. O tema n\u00e3o poderia ser mais atual: como os servi\u00e7os digitais e embarcados est\u00e3o transformando a contabilidade em uma verdadeira consultoria estrat\u00e9gica para empresas de\u2026","rel":"","context":"Em &quot;Geral&quot;","block_context":{"text":"Geral","link":"https:\/\/cfcontabil.com\/cf\/category\/geral\/"},"img":{"alt_text":"","src":"https:\/\/i0.wp.com\/cfcontabil.com\/cf\/wp-content\/uploads\/2025\/09\/conta-azul-con25.png?fit=992%2C388&ssl=1&resize=350%2C200","width":350,"height":200,"srcset":"https:\/\/i0.wp.com\/cfcontabil.com\/cf\/wp-content\/uploads\/2025\/09\/conta-azul-con25.png?fit=992%2C388&ssl=1&resize=350%2C200 1x, https:\/\/i0.wp.com\/cfcontabil.com\/cf\/wp-content\/uploads\/2025\/09\/conta-azul-con25.png?fit=992%2C388&ssl=1&resize=525%2C300 1.5x, https:\/\/i0.wp.com\/cfcontabil.com\/cf\/wp-content\/uploads\/2025\/09\/conta-azul-con25.png?fit=992%2C388&ssl=1&resize=700%2C400 2x"},"classes":[]},{"id":367,"url":"https:\/\/cfcontabil.com\/cf\/o-contador-na-era-tecnologica\/","url_meta":{"origin":1026,"position":4},"title":"O Contador na Era Tecnol\u00f3gica","author":"Vin\u00edcius Moizinho","date":"18 de setembro de 2013","format":false,"excerpt":"Bom dia, prezados! \u00c9 fato que a internacionaliza\u00e7\u00e3o das normas cont\u00e1beis deu ao contador outro perfil. A ultrapassada imagem que vinculada ao contador brasileiro, como sendo o guarda-livros de caneta atr\u00e1s da orelha, n\u00e3o passa hoje de folclore e caricatura. A abertura dos mercados globais tornou a Contabilidade a quarta\u2026","rel":"","context":"Em &quot;Consultoria Empresarial&quot;","block_context":{"text":"Consultoria Empresarial","link":"https:\/\/cfcontabil.com\/cf\/category\/consultoria\/"},"img":{"alt_text":"","src":"https:\/\/i0.wp.com\/www.serkat.com.br\/img\/topo\/servicos.jpg?resize=350%2C200","width":350,"height":200},"classes":[]},{"id":2293,"url":"https:\/\/cfcontabil.com\/cf\/dia-do-trabalho-pandemia-da-covid-19-trouxe-mudancas-na-rotina-dos-profissionais-da-contabilidade\/","url_meta":{"origin":1026,"position":5},"title":"Dia do Trabalho: Pandemia da Covid-19 trouxe mudan\u00e7as na rotina dos profissionais da contabilidade","author":"Ab\u00edlio Gon\u00e7alves","date":"5 de maio de 2020","format":false,"excerpt":"A limita\u00e7\u00e3o do contato social e da circula\u00e7\u00e3o de pessoas, como forma de combate e controle \u00e0 pandemia da Covid-19, e a crise econ\u00f4mica gerada pela doen\u00e7a impactaram diretamente na vida do trabalhador. Como um elo importante da cadeia econ\u00f4mica dos pa\u00edses, os profissionais da contabilidade sentem os efeitos da\u2026","rel":"","context":"Em &quot;Geral&quot;","block_context":{"text":"Geral","link":"https:\/\/cfcontabil.com\/cf\/category\/geral\/"},"img":{"alt_text":"","src":"https:\/\/i0.wp.com\/cfcontabil.com\/cf\/wp-content\/uploads\/2020\/04\/coronavirus-continentes-mundo.jpeg?resize=350%2C200","width":350,"height":200,"srcset":"https:\/\/i0.wp.com\/cfcontabil.com\/cf\/wp-content\/uploads\/2020\/04\/coronavirus-continentes-mundo.jpeg?resize=350%2C200 1x, https:\/\/i0.wp.com\/cfcontabil.com\/cf\/wp-content\/uploads\/2020\/04\/coronavirus-continentes-mundo.jpeg?resize=525%2C300 1.5x"},"classes":[]}],"jetpack_likes_enabled":true,"_links":{"self":[{"href":"https:\/\/cfcontabil.com\/cf\/wp-json\/wp\/v2\/posts\/1026","targetHints":{"allow":["GET"]}}],"collection":[{"href":"https:\/\/cfcontabil.com\/cf\/wp-json\/wp\/v2\/posts"}],"about":[{"href":"https:\/\/cfcontabil.com\/cf\/wp-json\/wp\/v2\/types\/post"}],"author":[{"embeddable":true,"href":"https:\/\/cfcontabil.com\/cf\/wp-json\/wp\/v2\/users\/2"}],"replies":[{"embeddable":true,"href":"https:\/\/cfcontabil.com\/cf\/wp-json\/wp\/v2\/comments?post=1026"}],"version-history":[{"count":0,"href":"https:\/\/cfcontabil.com\/cf\/wp-json\/wp\/v2\/posts\/1026\/revisions"}],"wp:attachment":[{"href":"https:\/\/cfcontabil.com\/cf\/wp-json\/wp\/v2\/media?parent=1026"}],"wp:term":[{"taxonomy":"category","embeddable":true,"href":"https:\/\/cfcontabil.com\/cf\/wp-json\/wp\/v2\/categories?post=1026"},{"taxonomy":"post_tag","embeddable":true,"href":"https:\/\/cfcontabil.com\/cf\/wp-json\/wp\/v2\/tags?post=1026"}],"curies":[{"name":"wp","href":"https:\/\/api.w.org\/{rel}","templated":true}]}}