{"id":1028,"date":"2012-10-17T15:49:47","date_gmt":"2012-10-17T18:49:47","guid":{"rendered":"http:\/\/cfcontabil.com\/cf\/?p=138"},"modified":"2012-10-17T15:49:47","modified_gmt":"2012-10-17T18:49:47","slug":"artigo-a-contabilidade-na-era-da-midia-social","status":"publish","type":"post","link":"https:\/\/cfcontabil.com\/cf\/artigo-a-contabilidade-na-era-da-midia-social\/","title":{"rendered":"Artigo: A contabilidade na era da m\u00eddia social"},"content":{"rendered":"<p style=\"text-align: justify;\">Um artigo interessante publicado pelo SESCON de Campinas falando sobre as m\u00eddias digitais, um exemplo para todos os contabilistas, confira a mat\u00e9ria:<\/p>\n<p style=\"text-align: justify;\"><em>Como sindicatos, escrit\u00f3rios e editoras est\u00e3o utilizando a internet em busca de divulga\u00e7\u00e3o<\/em><\/p>\n<p>Houve uma \u00e9poca em que conseguir informa\u00e7\u00f5es sobre o mundo cont\u00e1bil era extremamente dif\u00edcil. Os meios de divulga\u00e7\u00e3o n\u00e3o eram muitos, demoravam a chegar e nem sempre respondiam as d\u00favidas de contadores. Esse per\u00edodo de escassa divulga\u00e7\u00e3o de dados acabou.<\/p>\n<p><a href=\"https:\/\/i0.wp.com\/cfcontabil.com\/cf\/wp-content\/uploads\/2012\/10\/curtirCONTABILIDADE.jpg\"><img data-recalc-dims=\"1\" fetchpriority=\"high\" decoding=\"async\" class=\"aligncenter size-full wp-image-139\" title=\"curtir CONTABILIDADE\" src=\"https:\/\/i0.wp.com\/cfcontabil.com\/cf\/wp-content\/uploads\/2012\/10\/curtirCONTABILIDADE.jpg?resize=500%2C247\" alt=\"\" width=\"500\" height=\"247\" \/><\/a><\/p>\n<p><!--more--><\/p>\n<p style=\"text-align: justify;\">Na \u00e9poca de populariza\u00e7\u00e3o de redes sociais como o Twitter, o Facebook e o LinkedIn, a informa\u00e7\u00e3o surge na tela a todo momento. Mais do que isso, os sites, se bem usados, se transformam em poderosas ferramentas de marketing, que podem impulsionar neg\u00f3cios.<\/p>\n<p style=\"text-align: justify;\">Diz o senso comum que a contabilidade \u00e9 um assunto espinhoso e pesado. Nesse caso, seria dif\u00edcil que redes sociais fossem uma via de publica\u00e7\u00e3o de informa\u00e7\u00f5es cont\u00e1beis. A realidade, por\u00e9m, se encarrega de demonstrar o contr\u00e1rio.<\/p>\n<p style=\"text-align: justify;\">Os perfis relativos \u00e0 contabilidade, no Twitter, s\u00e3o diversos (veja quadro abaixo). Parte deles tem mais de 3 mil seguidores. \u00c9 uma quantia significativa para um assunto que, embora seja cada vez mais importante nas empresas, n\u00e3o \u00e9 popular.<\/p>\n<p style=\"text-align: justify;\">Um escrit\u00f3rio de contabilidade em Campinas que faz uso das redes sociais com \u00eaxito \u00e9 o Project Business. Para o s\u00f3cio-propriet\u00e1rio, Ant\u00f4nio Carlos da Silva, \u201catualmente n\u00e3o se pode prescindir do uso desse tipo de m\u00eddia\u201d.<\/p>\n<p style=\"text-align: justify;\">A Project Business tem um perfil no LinkedIn no qual aparecem o curr\u00edculo resumido de Silva e os grupos e associa\u00e7\u00f5es da empresa. No LinkedIn, a Project Business tem mais de 500 conex\u00f5es, com outras empresas e profissionais. O perfil no site n\u00e3o exige que o usu\u00e1rio o atualize diariamente, o que facilita a manuten\u00e7\u00e3o.<\/p>\n<p style=\"text-align: justify;\">\u201cA contabilidade \u00e9 um instrumento de gest\u00e3o indispens\u00e1vel para qualquer empresa e o interesse pela ci\u00eancia cont\u00e1bil \u00e9 cada vez maior. Isso facilita a dissemina\u00e7\u00e3o de informa\u00e7\u00f5es\u201d, afirma Jos\u00e9 Maria Chapina Alcazar, presidente do Sescon-SP.<\/p>\n<p style=\"text-align: justify;\">Para Carlos Eduardo Moura, da Happy Hour Comunica\u00e7\u00e3o, que trabalha com comunica\u00e7\u00e3o corporativa e m\u00eddias sociais, os perfis de Twitter que mais se destacam s\u00e3o aqueles que n\u00e3o falam o jarg\u00e3o cl\u00e1ssico. \u201cEles utilizam uma linguagem clara, acess\u00edvel, que cria empatia com um p\u00fablico maior\u201d, acredita.<\/p>\n<p style=\"text-align: justify;\"><strong>Poder de influ\u00eancia<\/strong><\/p>\n<p style=\"text-align: justify;\">O poder de influ\u00eancia das m\u00eddias sociais tem se tornado t\u00e3o grande que h\u00e1 profissionais que afirmam que a m\u00eddia tradicional, como jornais e revistas, se tornou ultrapassada frente a necessidades dos escrit\u00f3rios de contabilidade.<\/p>\n<p style=\"text-align: justify;\">\u201cUma empresa que conte com uma ag\u00eancia que saiba trabalhar corretamente e com m\u00e9todo em m\u00eddias sociais tem uma proposta mais inteligente do que a que investe em m\u00eddias tradicionais\u201d, diz Tatiana Pezoa, da C2CBalloon, outra empresa a trabalhar com novas m\u00eddias. Para Moura, \u201cn\u00e3o vale muito a pena um escrit\u00f3rio de contabilidade investir em m\u00eddias tradicionais. \u00c9 muito mais interessante a pr\u00f3pria empresa fazer o seu pr\u00f3prio canal de comunica\u00e7\u00e3o\u201d.<\/p>\n<p style=\"text-align: justify;\">\u00c9 verdade, entretanto, que, dependendo do tamanho da corpora\u00e7\u00e3o, a m\u00eddia tradicional ainda \u00e9 interessante. \u201cAs m\u00eddias tradicionais s\u00e3o e ser\u00e3o sempre eficazes\u201d, reflete Alcazar. \u201cMas n\u00e3o se pode desprezar o poder de dissemina\u00e7\u00e3o e de comunica\u00e7\u00e3o das m\u00eddias sociais, que tendem a aumentar gradualmente\u201d, complementa.<\/p>\n<p style=\"text-align: justify;\"><strong>Ferramenta de marketing<\/strong><\/p>\n<p style=\"text-align: justify;\">Os escrit\u00f3rios e sindicatos de contabilidade t\u00eam utilizado as m\u00eddias sociais tamb\u00e9m como ferramenta de marketing.<\/p>\n<p style=\"text-align: justify;\">O Sescon-SP \u00e9 um dos sindicatos que melhor utilizam o Facebook. S\u00e3o 4 perfis, cada um voltado a uma necessidade espec\u00edfica. O perfil da Unisescon se dirige aos cursos da universidade e o do Sescon Solid\u00e1rio \u00e9 para a\u00e7\u00f5es beneficentes. H\u00e1 ainda o pr\u00f3prio perfil do \u00f3rg\u00e3o e o voltado ao PQEC (Programa de Qualidade das Empresas Cont\u00e1beis).<\/p>\n<p style=\"text-align: justify;\">Tanto Moura quanto Pezoa acreditam que a busca por novos clientes \u00e9 uma vantagem da utiliza\u00e7\u00e3o das m\u00eddias sociais. \u201cMas leva-se algum tempo. Uma campanha para apresentar resultados de vendas leva at\u00e9 9 meses\u201d, afirma Pezoa. Para Moura, \u201co trabalho deve ser feito com persist\u00eancia e olhando-se para o longo prazo. O resultado n\u00e3o surge do dia para a noite\u201d.<\/p>\n<p style=\"text-align: justify;\">A Editora Portal Tribut\u00e1rio, por exemplo, tem realizado esse trabalho com compet\u00eancia. \u201cNosso objetivo nas redes sociais \u00e9 a atualiza\u00e7\u00e3o profissional de nossos clientes, que nos escrevem dizendo que obtiveram resultados com a ajuda dos perfis\u201d, afirma a assessoria de imprensa. A editora comanda 4 perfis no Twitter (@normaslegais, @guiatrabalhista, @guiacontabil e @guiatributario) e al\u00e9m disso est\u00e1 presente no Facebook.<\/p>\n<p style=\"text-align: justify;\"><strong>Vantagens de um perfil pr\u00f3prio<\/strong><\/p>\n<p style=\"text-align: justify;\">Um escrit\u00f3rio de contabilidade que queira ter o seu pr\u00f3prio perfil no Twitter ou Facebook deve ter bem claro o seu objetivo. Se souber trabalhar com as m\u00eddias, em rela\u00e7\u00e3o a conte\u00fado postado ou medi\u00e7\u00f5es de retorno, tem como iniciar o trabalho por conta pr\u00f3pria.<\/p>\n<p style=\"text-align: justify;\">Caso contr\u00e1rio, o ideal \u00e9 procurar uma ag\u00eancia de comunica\u00e7\u00e3o que detenha o conhecimento necess\u00e1rio para que um perfil n\u00e3o seja uma perda de tempo.<\/p>\n<p style=\"text-align: justify;\">N\u00e3o s\u00e3o poucas as vantagens de um perfil pr\u00f3prio em uma conta como o Facebook ou o LinkedIn. Ele permite demonstrar que a empresa det\u00e9m grande conhecimento sobre o assunto com o qual trabalha, que est\u00e1 atualizada com as \u00faltimas not\u00edcias da \u00e1rea, que \u00e9 confi\u00e1vel e s\u00f3lida.<\/p>\n<p style=\"text-align: justify;\">\u201cUma empresa de contabilidade pode ajudar empres\u00e1rios que est\u00e3o iniciando ou responder d\u00favidas de empres\u00e1rios sobre, por exemplo, como pagar menos impostos\u201d, afirma Moura.<\/p>\n<p style=\"text-align: justify;\">Pezoa d\u00e1 a dica: \u201cAs pessoas s\u00f3 se interessam e seguem marcas se elas agregam valor a suas vidas\u201d. Ela recomenda que os escrit\u00f3rios publiquem informa\u00e7\u00f5es sobre impostos, imposto de renda, assuntos voltados a micro e pequenas empresas, aposentadoria e d\u00favidas sobre registros de funcion\u00e1rios.<\/p>\n<p style=\"text-align: justify;\">Moura tamb\u00e9m indica que n\u00e3o adianta criar um perfil nas redes sociais e atualizar de vez em quando. \u201cNesse quesito, frequ\u00eancia \u00e9 fundamental\u201d.<\/p>\n<p style=\"text-align: justify;\"><strong>Facebook, Twitter ou LinkedIn?<\/strong><\/p>\n<p style=\"text-align: justify;\">A primeira escolha ap\u00f3s a decis\u00e3o de investir em m\u00eddias sociais \u00e9 em rela\u00e7\u00e3o ao site em que o perfil ser\u00e1 feito. No caso dos escrit\u00f3rios de contabilidade, muitos acabam por preferir montar um perfil no Facebook, por\u00e9m sem fazer atualiza\u00e7\u00f5es constantes. O resultado, em geral, \u00e9 que s\u00e3o poucos os seguidores e o resultado, em termos de vendas, \u00e9 p\u00edfio.<\/p>\n<p style=\"text-align: justify;\">Para Carlos Eduardo Moura, da Happy Hour Comunica\u00e7\u00e3o, o ideal talvez seja come\u00e7ar pelo LinkedIn ou pelo Empreendemia. O LinkedIn \u00e9 a maior rede de contatos profissionais do mundo e o Empreendemia se constitui em uma rede voltada a empresas (sobretudo micro e pequenas). Depois, partir para o Facebook e o Twitter.<\/p>\n<p><strong>10 perfis para seguir no Twitter<\/strong><\/p>\n<ul>\n<li>@guiacontabil (contabilidade e escritura\u00e7\u00e3o)<\/li>\n<li>@rfbrasil (Receita Federal do Brasil)<\/li>\n<li>@contabilidade (contabilidade e auditoria)<\/li>\n<li>@guiatributario (atualiza\u00e7\u00e3o tribut\u00e1ria)<\/li>\n<li>@RedeRNC (rede nacional de contabilidade)<\/li>\n<li>@fipecafi (pesquisas e cursos)<\/li>\n<li>@classecontabil (consultoria gratuita)<\/li>\n<li>@CVMEducacional (Comiss\u00e3o de Valores Mobili\u00e1rios)<\/li>\n<li>@forumcontabeis (not\u00edcias sobre contabilidade)<\/li>\n<li>@contabnatv (contabilidade na TV)<\/li>\n<\/ul>\n<p><strong>O que s\u00e3o m\u00eddias sociais<\/strong><\/p>\n<p style=\"text-align: justify;\">As m\u00eddias sociais s\u00e3o sites na internet que re\u00fanem pessoas e empresas. Cada pessoa\/empresa det\u00e9m um perfil, que nada mais \u00e9 do que uma p\u00e1gina contendo informa\u00e7\u00f5es sobre o seu autor. Nas m\u00eddias sociais, trocam-se informa\u00e7\u00f5es, fotos, v\u00eddeos, mensagens e qualquer outro tipo de informa\u00e7\u00e3o digital.<\/p>\n<p style=\"text-align: justify;\">Entre os sites mais conhecidos est\u00e3o o Twitter, o Facebook e o LinkedIn. Cada um deles possui uma forma de uso e um design diferenciado. O Twitter \u00e9 um micro-blog (\u201cdi\u00e1rio\u201d) que permite que o usu\u00e1rio mande textos com at\u00e9 140 caracteres para seus seguidores. No Facebook, os usu\u00e1rios criam perfis com suas fotos e listas de prefer\u00eancia, trocando mensagens privadas e p\u00fablicas (no caso de empresas, criam-se p\u00e1ginas corporativas). O LinkedIn, por sua vez, \u00e9 voltado principalmente a expor perfis profissionais.<\/p>\n<p><strong>FONTE: SESCON CAMPINAS &#8211; JORNAL EDI\u00c7\u00c3O 17<\/strong><\/p>\n<h1 style=\"text-align: justify;\">Os principais perfis da CF Cont\u00e1bil s\u00e3o:<\/h1>\n<p>&nbsp;<\/p>\n<p><span style=\"font-size: 22px;\"><a href=\"https:\/\/www.facebook.com\/cfcontabil\">https:\/\/www.facebook.com\/cfcontabil<\/a><\/span><\/p>\n<p><span style=\"font-size: 22px;\"><a href=\"https:\/\/twitter.com\/cfcontabil\">https:\/\/twitter.com\/cfcontabil<\/a><\/span><\/p>\n<p><span style=\"font-size: 22px;\"><a href=\"https:\/\/pt.foursquare.com\/cfcontabil\">https:\/\/pt.foursquare.com\/cfcontabil<\/a><\/span><\/p>\n<p style=\"text-align: justify;\">Conecte-se, siga-nos, fa\u00e7a check in e saiba mais sobre nossos servi\u00e7os com nossos funcion\u00e1rios e colaboradores! Estamos aguardando seu contato!<\/p>\n","protected":false},"excerpt":{"rendered":"<p>Um artigo interessante publicado pelo SESCON de Campinas falando sobre as m\u00eddias digitais, um exemplo para todos os contabilistas, confira a mat\u00e9ria: Como sindicatos, escrit\u00f3rios e editoras est\u00e3o utilizando a internet em busca de divulga\u00e7\u00e3o Houve uma \u00e9poca em que conseguir informa\u00e7\u00f5es sobre o mundo cont\u00e1bil era extremamente dif\u00edcil. Os meios de divulga\u00e7\u00e3o n\u00e3o eram [&hellip;]<\/p>\n","protected":false},"author":3,"featured_media":0,"comment_status":"open","ping_status":"open","sticky":false,"template":"","format":"standard","meta":{"jetpack_post_was_ever_published":false,"_jetpack_newsletter_access":"","_jetpack_dont_email_post_to_subs":false,"_jetpack_newsletter_tier_id":0,"_jetpack_memberships_contains_paywalled_content":false,"_jetpack_memberships_contains_paid_content":false,"footnotes":"","jetpack_publicize_message":"","jetpack_publicize_feature_enabled":true,"jetpack_social_post_already_shared":false,"jetpack_social_options":{"image_generator_settings":{"template":"highway","default_image_id":0,"font":"","enabled":false},"version":2}},"categories":[22],"tags":[21,54,55,56,57,58],"class_list":["post-1028","post","type-post","status-publish","format-standard","hentry","category-geral","tag-contabilidade","tag-facebook","tag-internet","tag-midias-sociais","tag-publicidade","tag-redes"],"jetpack_publicize_connections":[],"jetpack_featured_media_url":"","jetpack_sharing_enabled":true,"jetpack_shortlink":"https:\/\/wp.me\/p2wklX-gA","jetpack-related-posts":[{"id":1,"url":"https:\/\/cfcontabil.com\/cf\/seja-bem-vindo\/","url_meta":{"origin":1028,"position":0},"title":"Seja Bem Vindo! Blog da CF Cont\u00e1bil","author":"Ab\u00edlio Gon\u00e7alves","date":"3 de fevereiro de 2012","format":false,"excerpt":"NOVO SITE! O mercado cont\u00e1bil vem passando por diversas mudan\u00e7as, sendo imprescind\u00edvel maior capacita\u00e7\u00e3o por parte dos profissionais que atuam nesse seguimento. A CF Cont\u00e1bil entendendo a necessidade de manter-se atualizada, busca constantemente se aperfei\u00e7oar, tornando-se parceira de seus clientes para gerar informa\u00e7\u00f5es mais detalhadas, precisas e que sejam mais\u2026","rel":"","context":"Em &quot;Geral&quot;","block_context":{"text":"Geral","link":"https:\/\/cfcontabil.com\/cf\/category\/geral\/"},"img":{"alt_text":"","src":"","width":0,"height":0},"classes":[]},{"id":1202,"url":"https:\/\/cfcontabil.com\/cf\/2013-ano-da-contabilidade-no-brasil\/","url_meta":{"origin":1028,"position":1},"title":"2013: ano da Contabilidade no Brasil","author":"Vin\u00edcius Moizinho","date":"9 de janeiro de 2013","format":false,"excerpt":"\u00a0 O ano de 2013 ser\u00e1, sem d\u00favida, um dos mais importantes para a Contabilidade brasileira. Lideran\u00e7as e \u00f3rg\u00e3os ligados \u00e0 profiss\u00e3o est\u00e3o se unindo para que toda a sociedade saiba e reconhe\u00e7a o verdadeiro papel do profissional da contabilidade. \u00a0 \u00a0 \u00a0 Conhe\u00e7a, a seguir, um pouco do projeto.\u2026","rel":"","context":"Em &quot;Consultoria Empresarial&quot;","block_context":{"text":"Consultoria Empresarial","link":"https:\/\/cfcontabil.com\/cf\/category\/consultoria\/"},"img":{"alt_text":"Ano da Contabilidade no Brasil","src":"http:\/\/www.crcsc.org.br\/arquivosSGC\/BANNER_20121211103353Ano20da20Contabilidade.jpg&w=418&h=238&c=s","width":350,"height":200},"classes":[]},{"id":316,"url":"https:\/\/cfcontabil.com\/cf\/caso-cachoeira-braco-direito-nao-e-contador\/","url_meta":{"origin":1028,"position":2},"title":"Caso Cachoeira: \u201cBra\u00e7o direito\u201d N\u00c3O \u00e9 Contador","author":"Vin\u00edcius Moizinho","date":"25 de janeiro de 2013","format":false,"excerpt":"Bom dia, prezados! Hoje venho lhes trazer uma informa\u00e7\u00e3o relevante que, infelizmente, tem sido negligenciada pela m\u00eddia em geral. \u00c9 a respeito de Geovani Pereira da Silva, preso por ser considerado o contador da quadrilha desmantelada pela Pol\u00edcia Federal na resolu\u00e7\u00e3o do Caso\u00a0Carlinhos Cachoeira. O Conselho Regional de Contabilidade do\u2026","rel":"","context":"Em &quot;Geral&quot;","block_context":{"text":"Geral","link":"https:\/\/cfcontabil.com\/cf\/category\/geral\/"},"img":{"alt_text":"Conselho Regional de Contabilidade do DF","src":"https:\/\/i0.wp.com\/api.ning.com\/files\/dp5RmXzcyHBAaTQGxS-th1QSkWv34NNAjXClDAZf9qtJost6xYP2BTF5WlAXh7b50XStOJdvLZ1G7XiG3i0pF1KC7TJGeZ7G\/LogoCRCDF_peq.gif?resize=350%2C200","width":350,"height":200},"classes":[]},{"id":367,"url":"https:\/\/cfcontabil.com\/cf\/o-contador-na-era-tecnologica\/","url_meta":{"origin":1028,"position":3},"title":"O Contador na Era Tecnol\u00f3gica","author":"Vin\u00edcius Moizinho","date":"18 de setembro de 2013","format":false,"excerpt":"Bom dia, prezados! \u00c9 fato que a internacionaliza\u00e7\u00e3o das normas cont\u00e1beis deu ao contador outro perfil. A ultrapassada imagem que vinculada ao contador brasileiro, como sendo o guarda-livros de caneta atr\u00e1s da orelha, n\u00e3o passa hoje de folclore e caricatura. A abertura dos mercados globais tornou a Contabilidade a quarta\u2026","rel":"","context":"Em &quot;Consultoria Empresarial&quot;","block_context":{"text":"Consultoria Empresarial","link":"https:\/\/cfcontabil.com\/cf\/category\/consultoria\/"},"img":{"alt_text":"","src":"https:\/\/i0.wp.com\/www.serkat.com.br\/img\/topo\/servicos.jpg?resize=350%2C200","width":350,"height":200},"classes":[]},{"id":2006,"url":"https:\/\/cfcontabil.com\/cf\/zorra-e-alvo-de-nota-de-repudio-do-conselho-federal-de-contabilidade\/","url_meta":{"origin":1028,"position":4},"title":"&#8216;Zorra&#8217; \u00e9 alvo de nota de rep\u00fadio do Conselho Federal de Contabilidade","author":"Ab\u00edlio Gon\u00e7alves","date":"11 de dezembro de 2019","format":false,"excerpt":"Esquete de humor\u00edstico da Globo mostrou contador vencendo o 'Trof\u00e9u N\u00e3o Fede e Nem Cheira' O\u00a0Conselho Federal\u00a0de\u00a0Contabilidade\u00a0divulgou uma nota de rep\u00fadio ao\u00a0Zorra, programa de\u00a0humor\u00a0da\u00a0Globo, nesta ter\u00e7a-feira, 10. O motivo foi uma\u00a0esquete\u00a0exibida no \u00faltimo s\u00e1bado, 7, em que o\u00a0\"Trof\u00e9u N\u00e3o Fede e Nem Cheira\"\u00a0\u00e9 entregue a um contador, interpretado por\u00a0Welder Rodrigues.\u2026","rel":"","context":"Em &quot;Geral&quot;","block_context":{"text":"Geral","link":"https:\/\/cfcontabil.com\/cf\/category\/geral\/"},"img":{"alt_text":"","src":"https:\/\/i0.wp.com\/cfcontabil.com\/cf\/wp-content\/uploads\/2019\/12\/CFC.png?fit=500%2C250&ssl=1&resize=350%2C200","width":350,"height":200},"classes":[]},{"id":1587,"url":"https:\/\/cfcontabil.com\/cf\/tecnologia-e-contabilidade\/","url_meta":{"origin":1028,"position":5},"title":"Tecnologia e Contabilidade","author":"Ab\u00edlio Gon\u00e7alves","date":"16 de setembro de 2019","format":false,"excerpt":"Como surpreende o ritmo das inova\u00e7\u00f5es e a tend\u00eancia mundial com os r\u00e1pidos avan\u00e7os tecnol\u00f3gicos atualmente. \u00c9 um processo sem volta, que vislumbra um tempo novo surgindo. \u00c9 poss\u00edvel ressaltar que o impacto \u00e9 sentindo em todas as \u00e1reas de neg\u00f3cios e at\u00e9 da vida cotidiana. A evolu\u00e7\u00e3o \u00e9 um\u2026","rel":"","context":"Em &quot;Consultoria Empresarial&quot;","block_context":{"text":"Consultoria Empresarial","link":"https:\/\/cfcontabil.com\/cf\/category\/consultoria\/"},"img":{"alt_text":"","src":"https:\/\/i0.wp.com\/cfcontabil.com\/cf\/wp-content\/uploads\/2019\/09\/tecnologia-na-contabilidade-vantagens-1024x633.jpg?fit=1024%2C633&ssl=1&resize=350%2C200","width":350,"height":200,"srcset":"https:\/\/i0.wp.com\/cfcontabil.com\/cf\/wp-content\/uploads\/2019\/09\/tecnologia-na-contabilidade-vantagens-1024x633.jpg?fit=1024%2C633&ssl=1&resize=350%2C200 1x, https:\/\/i0.wp.com\/cfcontabil.com\/cf\/wp-content\/uploads\/2019\/09\/tecnologia-na-contabilidade-vantagens-1024x633.jpg?fit=1024%2C633&ssl=1&resize=525%2C300 1.5x, https:\/\/i0.wp.com\/cfcontabil.com\/cf\/wp-content\/uploads\/2019\/09\/tecnologia-na-contabilidade-vantagens-1024x633.jpg?fit=1024%2C633&ssl=1&resize=700%2C400 2x"},"classes":[]}],"jetpack_likes_enabled":true,"_links":{"self":[{"href":"https:\/\/cfcontabil.com\/cf\/wp-json\/wp\/v2\/posts\/1028","targetHints":{"allow":["GET"]}}],"collection":[{"href":"https:\/\/cfcontabil.com\/cf\/wp-json\/wp\/v2\/posts"}],"about":[{"href":"https:\/\/cfcontabil.com\/cf\/wp-json\/wp\/v2\/types\/post"}],"author":[{"embeddable":true,"href":"https:\/\/cfcontabil.com\/cf\/wp-json\/wp\/v2\/users\/3"}],"replies":[{"embeddable":true,"href":"https:\/\/cfcontabil.com\/cf\/wp-json\/wp\/v2\/comments?post=1028"}],"version-history":[{"count":0,"href":"https:\/\/cfcontabil.com\/cf\/wp-json\/wp\/v2\/posts\/1028\/revisions"}],"wp:attachment":[{"href":"https:\/\/cfcontabil.com\/cf\/wp-json\/wp\/v2\/media?parent=1028"}],"wp:term":[{"taxonomy":"category","embeddable":true,"href":"https:\/\/cfcontabil.com\/cf\/wp-json\/wp\/v2\/categories?post=1028"},{"taxonomy":"post_tag","embeddable":true,"href":"https:\/\/cfcontabil.com\/cf\/wp-json\/wp\/v2\/tags?post=1028"}],"curies":[{"name":"wp","href":"https:\/\/api.w.org\/{rel}","templated":true}]}}