{"id":1029,"date":"2012-10-24T14:55:30","date_gmt":"2012-10-24T17:55:30","guid":{"rendered":"http:\/\/cfcontabil.com\/cf\/?p=152"},"modified":"2012-10-24T14:55:30","modified_gmt":"2012-10-24T17:55:30","slug":"consultoria-empresarial-seu-negocio-precisa","status":"publish","type":"post","link":"https:\/\/cfcontabil.com\/cf\/consultoria-empresarial-seu-negocio-precisa\/","title":{"rendered":"Consultoria Empresarial: Seu neg\u00f3cio precisa?"},"content":{"rendered":"<div align=\"center\">\n<p style=\"text-align: justify;\">A Consultoria Empresarial pode ser comparada ao que \u00e9 feito por um m\u00e9dico: o paciente em busca de melhora revela seus sintomas que s\u00e3o observados e a sua combina\u00e7\u00e3o determinar\u00e1 qual \u00e9 a doen\u00e7a diagnosticada e como deve ser tratada.<\/p>\n<p style=\"text-align: justify;\"><a href=\"https:\/\/i0.wp.com\/cfcontabil.com\/cf\/wp-content\/uploads\/2012\/10\/saibaoqueasua-empresa-precisa.png\"><img data-recalc-dims=\"1\" decoding=\"async\" data-attachment-id=\"154\" data-permalink=\"https:\/\/cfcontabil.com\/cf\/saibaoqueasua-empresa-precisa\/\" data-orig-file=\"https:\/\/i0.wp.com\/cfcontabil.com\/cf\/wp-content\/uploads\/2012\/10\/saibaoqueasua-empresa-precisa-2.png?fit=190%2C118&amp;ssl=1\" data-orig-size=\"190,118\" data-comments-opened=\"1\" data-image-meta=\"{&quot;aperture&quot;:&quot;0&quot;,&quot;credit&quot;:&quot;&quot;,&quot;camera&quot;:&quot;&quot;,&quot;caption&quot;:&quot;&quot;,&quot;created_timestamp&quot;:&quot;0&quot;,&quot;copyright&quot;:&quot;&quot;,&quot;focal_length&quot;:&quot;0&quot;,&quot;iso&quot;:&quot;0&quot;,&quot;shutter_speed&quot;:&quot;0&quot;,&quot;title&quot;:&quot;&quot;,&quot;orientation&quot;:&quot;0&quot;}\" data-image-title=\"saibaoqueasua empresa precisa\" data-image-description=\"\" data-image-caption=\"\" data-large-file=\"https:\/\/i0.wp.com\/cfcontabil.com\/cf\/wp-content\/uploads\/2012\/10\/saibaoqueasua-empresa-precisa-2.png?fit=190%2C118&amp;ssl=1\" class=\"aligncenter size-full wp-image-154\" title=\"saibaoqueasua empresa precisa\" src=\"https:\/\/i0.wp.com\/cfcontabil.com\/cf\/wp-content\/uploads\/2012\/10\/saibaoqueasua-empresa-precisa.png?resize=190%2C118\" alt=\"\" width=\"190\" height=\"118\" \/><\/a><\/p>\n<p style=\"text-align: justify;\">No caso das empresas os sintomas podem ser: lucro pequeno, baixa efici\u00eancia, c\u00e1lculo do pre\u00e7o de venda inexistente ou incorreto, alta tributa\u00e7\u00e3o fiscal, dentre outros.<\/p>\n<p style=\"text-align: justify;\">E o resultado da consultoria \u00e9 chamado de <span style=\"font-size: 14px;\"><strong>Diagn\u00f3stico Empresarial.<\/strong><\/span><\/p>\n<p style=\"text-align: justify;\">Podemos imaginar o diagn\u00f3stico como como uma fotografia ou um quadro da sua empresa, onde ser\u00e1 poss\u00edvel apontar com clareza as fraquezas internas, amea\u00e7as (concorr\u00eancia), os pontos fortes para serem trabalhados e as oportunidades para o neg\u00f3cio crescer e expandir.<\/p>\n<p style=\"text-align: justify;\">Hoje o empres\u00e1rio ou empreendedor sabe realmente do que precisa?<\/p>\n<p style=\"text-align: justify;\"><!--more--><\/p>\n<p class=\"alignleft\" align=\"justify\"><img decoding=\"async\" class=\"alignleft\" src=\"https:\/\/encrypted-tbn1.gstatic.com\/images?q=tbn:ANd9GcS96pmV3wGUOyn9qjoZxOFqpoAjkjB7wvB0BwoHTW8SgMJLGmu6lA\" alt=\"\" \/><\/p>\n<p>&nbsp;<\/p>\n<p align=\"justify\">Em 2009 iniciamos a presta\u00e7\u00e3o de servi\u00e7os de\u00a0<span style=\"color: #000066;\">CONSULTORIA EMPRESARIAL<\/span>:<\/p>\n<blockquote>\n<p align=\"justify\">\u00c9 um conjunto de ferramentas empresariais cuja miss\u00e3o \u00e9 a de visualizar a empresa, identificar os seus problemas b\u00e1sicos, buscar as informa\u00e7\u00f5es que podem solucionar esses problemas e elaborar uma proposta de solu\u00e7\u00e3o e a orienta\u00e7\u00e3o mais objetiva e realista \u00e0 decis\u00e3o do empres\u00e1rio.<\/p>\n<\/blockquote>\n<p align=\"justify\"><img data-recalc-dims=\"1\" decoding=\"async\" class=\"aligncenter\" src=\"https:\/\/i0.wp.com\/4.bp.blogspot.com\/_JKTGFXX8c-Q\/TCipZuHHIWI\/AAAAAAAAAGA\/c1wPZNR64ik\/s1600\/QuebraCabeca.JPG?w=500\" alt=\"\"  \/><\/p>\n<p align=\"justify\">A consultoria realiza a captura da <span style=\"font-size: 14px;\"><strong>IMAGEM ATUAL<\/strong><\/span> da empresa, agrupando todas as \u00e1reas\/departamentos em um s\u00f3 diagn\u00f3stico e com o fim de demonstrar ao empres\u00e1rio a situa\u00e7\u00e3o em que se encontra a ger\u00eancia do neg\u00f3cio, auxiliar na tomada de decis\u00f5es e caminhos para tra\u00e7ar novas estrat\u00e9gias!<\/p>\n<p align=\"justify\">Equiparando a um quebra-cabe\u00e7a, podemos portanto identificar a &#8220;pe\u00e7a&#8221; que est\u00e1 faltando na empresa, como observamos alguns exemplos a seguir:<\/p>\n<p align=\"justify\"><a href=\"https:\/\/i0.wp.com\/cfcontabil.com\/cf\/wp-content\/uploads\/2012\/10\/quebra-cabe%C3%A7a.jpg\"><img data-recalc-dims=\"1\" fetchpriority=\"high\" decoding=\"async\" data-attachment-id=\"156\" data-permalink=\"https:\/\/cfcontabil.com\/cf\/quebra-cabeca\/\" data-orig-file=\"https:\/\/i0.wp.com\/cfcontabil.com\/cf\/wp-content\/uploads\/2012\/10\/quebra-cabe%C3%A7a-2.jpg?fit=274%2C243&amp;ssl=1\" data-orig-size=\"274,243\" data-comments-opened=\"1\" data-image-meta=\"{&quot;aperture&quot;:&quot;0&quot;,&quot;credit&quot;:&quot;&quot;,&quot;camera&quot;:&quot;&quot;,&quot;caption&quot;:&quot;&quot;,&quot;created_timestamp&quot;:&quot;0&quot;,&quot;copyright&quot;:&quot;&quot;,&quot;focal_length&quot;:&quot;0&quot;,&quot;iso&quot;:&quot;0&quot;,&quot;shutter_speed&quot;:&quot;0&quot;,&quot;title&quot;:&quot;&quot;,&quot;orientation&quot;:&quot;0&quot;}\" data-image-title=\"quebra-cabe\u00e7a\" data-image-description=\"\" data-image-caption=\"\" data-large-file=\"https:\/\/i0.wp.com\/cfcontabil.com\/cf\/wp-content\/uploads\/2012\/10\/quebra-cabe%C3%A7a-2.jpg?fit=274%2C243&amp;ssl=1\" class=\"aligncenter size-full wp-image-156\" title=\"quebra-cabe\u00e7a\" src=\"https:\/\/i0.wp.com\/cfcontabil.com\/cf\/wp-content\/uploads\/2012\/10\/quebra-cabe%C3%A7a.jpg?resize=274%2C243\" alt=\"\" width=\"274\" height=\"243\" \/><\/a><\/p>\n<blockquote>\n<p style=\"text-align: justify;\">Do ponto de vista comercial \u00e9 preciso analisar se voc\u00ea est\u00e1 fazendo a propaganda adequada ao seu cliente (p\u00fablico-alvo), comunicando a ele quais as vantagens de fazer neg\u00f3cios com a sua empresa, demonstrando seus diferenciais.<\/p>\n<p style=\"text-align: justify;\">Comercialmente cabe tamb\u00e9m uma an\u00e1lise dos vendedores (seja uma pessoa, seja voc\u00ea mesmo ou uma equipe), se est\u00e3o preparados e ativos na busca de clientes, trabalhando o valor de seus produtos e servi\u00e7os, ou se est\u00e3o negociando somente pre\u00e7os, com dificuldades de argumentos de vendas diante da concorr\u00eancia que est\u00e1 muito acirrada no seu segmento.<\/p>\n<p style=\"text-align: justify;\">Bem, se existe uma dificuldade em rela\u00e7\u00e3o ao pre\u00e7o de venda com a concorr\u00eancia, cabe analisar os custos de seus produtos e\/ou servi\u00e7os. Verificar se estes est\u00e3o alinhados com a realidade do mercado e se a maneira como voc\u00ea est\u00e1 formando o pre\u00e7o de venda est\u00e1 levando em conta todos os itens que interferem no pre\u00e7o final de seus produtos ou servi\u00e7os, avaliando se a margem de lucro est\u00e1 sendo preservada no momento da venda, tanto pela pol\u00edtica de descontos quanto na pol\u00edtica de recebimentos parcelados e na inadimpl\u00eancia.<\/p>\n<p style=\"text-align: justify;\">Outra an\u00e1lise a ser feita \u00e9 saber se financeiramente a empresa est\u00e1 sob controle, ou seja, independentemente de qual for a situa\u00e7\u00e3o atual, voc\u00ea tem nas m\u00e3os os n\u00fameros e relat\u00f3rios referentes \u00e0s contas que devem ser pagas todo m\u00eas, as vendas e os recebimentos mensais, os impostos, despesas financeiras como juros e taxas, enfim, existe efetivamente uma gest\u00e3o financeira do seu neg\u00f3cio?<\/p>\n<p style=\"text-align: justify;\">Mais um aspecto a ser analisado \u00e9 se a produ\u00e7\u00e3o ou a presta\u00e7\u00e3o dos servi\u00e7os da sua empresa est\u00e3o adequadas, tanto em termos de processos quanto em termos de qualidade diante do mercado, ou seja, uma avalia\u00e7\u00e3o da produtividade, tanto no gerenciamento dos processos quanto na gest\u00e3o das pessoas envolvidas em todos os departamentos para que a empresa funcione de maneira eficiente.<\/p>\n<p style=\"text-align: justify;\">E, finalmente, se a sua empresa disp\u00f5e de todos esses recursos e informa\u00e7\u00f5es, e mesmo assim voc\u00ea n\u00e3o est\u00e1 identificando os problemas, talvez seja recomendado fazer uma an\u00e1lise do seu desempenho como empreendedor e investir no seu desenvolvimento como gestor.<\/p>\n<p style=\"text-align: justify;\">Fonte: Sebrae\/Contabilizando o Sucesso<\/p>\n<\/blockquote>\n<p align=\"justify\">Solicite um or\u00e7amento para um\u00a0DIAGN\u00d3STICO EMPRESARIAL!<\/p>\n<p align=\"center\"><a href=\"https:\/\/i0.wp.com\/cfcontabil.com\/cf\/wp-content\/uploads\/2012\/10\/pluzze.png\"><img data-recalc-dims=\"1\" decoding=\"async\" title=\"pluzze\" src=\"https:\/\/i0.wp.com\/cfcontabil.com\/cf\/wp-content\/uploads\/2012\/10\/pluzze.png?resize=297%2C261\" alt=\"\" width=\"297\" height=\"261\" \/><\/a><\/p>\n<p align=\"justify\">Para preencher as &#8220;pe\u00e7as&#8221; faltantes no &#8220;quebra-cabe\u00e7a&#8221; (diagn\u00f3stico), tamb\u00e9m oferecemos consultorias espec\u00edficas nas \u00e1reas:<\/p>\n<p align=\"justify\">\u2022 projetos para financiamentos da empresa;<br \/>\n\u2022 regulariza\u00e7\u00e3o da empresa;<br \/>\n\u2022 forma\u00e7\u00e3o do pre\u00e7o de venda;<br \/>\n\u2022 busca e registro de marca;<br \/>\n\u2022 elabora\u00e7\u00e3o de projetos para financiamento;<br \/>\n\u2022 palestras;<br \/>\n\u2022 e mais!<\/p>\n<p><img data-recalc-dims=\"1\" loading=\"lazy\" decoding=\"async\" src=\"https:\/\/i0.wp.com\/4.bp.blogspot.com\/-TH-7EeL6e0k\/TZ4UZztBXXI\/AAAAAAAAAAM\/-zyxzWEimQw\/s1600\/stockxpertcom_id259861_size1.jpg?resize=512%2C323\" alt=\"\" width=\"512\" height=\"323\" \/><\/p>\n<p><span style=\"font-size: 18px;\"><strong><span style=\"color: #003300;\">Elabora\u00e7\u00e3o de Projetos de Viabilidade Econ\u00f4mica<\/span><\/strong><\/span><\/p>\n<p>S\u00e3o elaborados mediante consultoria direta aos empreendedores e empres\u00e1rios solicitantes e destinam-se a diagnosticar a viabilidade de um empreendimento ou a fundamentar um pedido de financiamento.<\/p>\n<p>Com esta consultoria, facilitar\u00e1 o acesso dos empreendimentos de pequeno porte a benef\u00edcios credit\u00edcios, fiscais e econ\u00f4micos (por exemplo, aquisi\u00e7\u00e3o de lotes industriais).<\/p>\n<p><img data-recalc-dims=\"1\" decoding=\"async\" src=\"https:\/\/i0.wp.com\/www.crcdf.org.br\/crcdf\/images\/destaque\/rede-contabilizando.jpg?w=1170\" alt=\"\" \/><\/p>\n<p>Toda nossa equipe de trabalho passou pelo <span style=\"font-size: 12px;\"><strong>CURSO CONTABILIZANDO O SUCESSO<\/strong><\/span>.<\/p>\n<p>A capacita\u00e7\u00e3o \u00e9 continuada pelo Sebrae-DF e em todos os anos seguintes ao t\u00e9rmino do curso, nossos consultores permanecem atualizados devido a participam em v\u00e1rias oficinas e cursos relacionados a diversas \u00e1reas e legisla\u00e7\u00f5es novas oferecidos pela REDE.<\/p>\n<p>Nossos Consultores: Candido Fernandes (2002), Ab\u00edlio Gon\u00e7alves (2007), Vinicius Moizinho (2010) e Juc\u00e9lia Martins (2011).<\/p>\n<p style=\"text-align: center;\" align=\"justify\">Parceira com o Sebrae-DF (Rede Contabilizando o Sucesso)<\/p>\n<p style=\"text-align: center;\" align=\"justify\">\u00a0<a href=\"http:\/\/www.sebrae.com.br\/uf\/distrito-federal\/menu_TEMAS_INTERESSE\/contabilizando-o-sucesso\">Saiba mais sobre o Contabilizando o Sucesso clicando aqui<\/a>!<\/p>\n<\/div>\n","protected":false},"excerpt":{"rendered":"<p>A Consultoria Empresarial pode ser comparada ao que \u00e9 feito por um m\u00e9dico: o paciente em busca de melhora revela seus sintomas que s\u00e3o observados e a sua combina\u00e7\u00e3o determinar\u00e1 qual \u00e9 a doen\u00e7a diagnosticada e como deve ser tratada. No caso das empresas os sintomas podem ser: lucro pequeno, baixa efici\u00eancia, c\u00e1lculo do pre\u00e7o [&hellip;]<\/p>\n","protected":false},"author":3,"featured_media":0,"comment_status":"open","ping_status":"open","sticky":false,"template":"","format":"standard","meta":{"jetpack_post_was_ever_published":false,"_jetpack_newsletter_access":"","_jetpack_dont_email_post_to_subs":false,"_jetpack_newsletter_tier_id":0,"_jetpack_memberships_contains_paywalled_content":false,"_jetpack_memberships_contains_paid_content":false,"footnotes":"","jetpack_publicize_message":"","jetpack_publicize_feature_enabled":true,"jetpack_social_post_already_shared":false,"jetpack_social_options":{"image_generator_settings":{"template":"highway","default_image_id":0,"font":"","enabled":false},"version":2}},"categories":[60],"tags":[59,61,21,62,63,64,65,41],"class_list":["post-1029","post","type-post","status-publish","format-standard","hentry","category-consultoria","tag-consultoria-2","tag-contabil","tag-contabilidade","tag-extra","tag-judicial","tag-pericia","tag-servicos","tag-trabalhista"],"jetpack_publicize_connections":[],"jetpack_featured_media_url":"","jetpack_sharing_enabled":true,"jetpack_shortlink":"https:\/\/wp.me\/p2wklX-gB","jetpack-related-posts":[{"id":424,"url":"https:\/\/cfcontabil.com\/cf\/recesso-e-ferias-coletivas-2013\/","url_meta":{"origin":1029,"position":0},"title":"Recesso e F\u00e9rias Coletivas 2013","author":"Vin\u00edcius Moizinho","date":"20 de dezembro de 2013","format":false,"excerpt":"","rel":"","context":"Em &quot;Consultoria Empresarial&quot;","block_context":{"text":"Consultoria Empresarial","link":"https:\/\/cfcontabil.com\/cf\/category\/consultoria\/"},"img":{"alt_text":"","src":"","width":0,"height":0},"classes":[]},{"id":590,"url":"https:\/\/cfcontabil.com\/cf\/homenagem-ao-dia-do-trabalhador\/","url_meta":{"origin":1029,"position":1},"title":"Homenagem ao Dia do Trabalhador","author":"Ab\u00edlio Gon\u00e7alves","date":"30 de abril de 2015","format":"image","excerpt":"","rel":"","context":"Em &quot;Consultoria Empresarial&quot;","block_context":{"text":"Consultoria Empresarial","link":"https:\/\/cfcontabil.com\/cf\/category\/consultoria\/"},"img":{"alt_text":"","src":"https:\/\/i0.wp.com\/cfcontabil.com\/cf\/wp-content\/uploads\/2015\/04\/cropped-contabilidade-assessoria-financeira-brasilia-df2-1410x600_c-2.jpg?fit=1200%2C312&ssl=1&resize=350%2C200","width":350,"height":200,"srcset":"https:\/\/i0.wp.com\/cfcontabil.com\/cf\/wp-content\/uploads\/2015\/04\/cropped-contabilidade-assessoria-financeira-brasilia-df2-1410x600_c-2.jpg?fit=1200%2C312&ssl=1&resize=350%2C200 1x, https:\/\/i0.wp.com\/cfcontabil.com\/cf\/wp-content\/uploads\/2015\/04\/cropped-contabilidade-assessoria-financeira-brasilia-df2-1410x600_c-2.jpg?fit=1200%2C312&ssl=1&resize=525%2C300 1.5x, https:\/\/i0.wp.com\/cfcontabil.com\/cf\/wp-content\/uploads\/2015\/04\/cropped-contabilidade-assessoria-financeira-brasilia-df2-1410x600_c-2.jpg?fit=1200%2C312&ssl=1&resize=700%2C400 2x, https:\/\/i0.wp.com\/cfcontabil.com\/cf\/wp-content\/uploads\/2015\/04\/cropped-contabilidade-assessoria-financeira-brasilia-df2-1410x600_c-2.jpg?fit=1200%2C312&ssl=1&resize=1050%2C600 3x"},"classes":[]},{"id":578,"url":"https:\/\/cfcontabil.com\/cf\/comunicado-recesso-de-fim-de-ano-2014\/","url_meta":{"origin":1029,"position":2},"title":"Comunicado: Recesso de Fim de Ano 2014","author":"Vin\u00edcius Moizinho","date":"19 de dezembro de 2014","format":"aside","excerpt":"","rel":"","context":"Em &quot;Consultoria Empresarial&quot;","block_context":{"text":"Consultoria Empresarial","link":"https:\/\/cfcontabil.com\/cf\/category\/consultoria\/"},"img":{"alt_text":"CF CONTABIL - Recesso e Ferias 2014","src":"https:\/\/i0.wp.com\/cfcontabil.com\/cf\/wp-content\/uploads\/2014\/12\/CF-CONTABIL-Recesso-e-Ferias-2014.png?resize=350%2C200","width":350,"height":200,"srcset":"https:\/\/i0.wp.com\/cfcontabil.com\/cf\/wp-content\/uploads\/2014\/12\/CF-CONTABIL-Recesso-e-Ferias-2014.png?resize=350%2C200 1x, https:\/\/i0.wp.com\/cfcontabil.com\/cf\/wp-content\/uploads\/2014\/12\/CF-CONTABIL-Recesso-e-Ferias-2014.png?resize=525%2C300 1.5x, https:\/\/i0.wp.com\/cfcontabil.com\/cf\/wp-content\/uploads\/2014\/12\/CF-CONTABIL-Recesso-e-Ferias-2014.png?resize=700%2C400 2x"},"classes":[]},{"id":1204,"url":"https:\/\/cfcontabil.com\/cf\/entao-e-natal-2\/","url_meta":{"origin":1029,"position":3},"title":"Ent\u00e3o&#8230; \u00c9 Natal!","author":"Vin\u00edcius Moizinho","date":"10 de dezembro de 2014","format":"aside","excerpt":"","rel":"","context":"Em &quot;Consultoria Empresarial&quot;","block_context":{"text":"Consultoria Empresarial","link":"https:\/\/cfcontabil.com\/cf\/category\/consultoria\/"},"img":{"alt_text":"Boas Festas! Feliz Natal!","src":"https:\/\/i0.wp.com\/cfcontabil.com\/cf\/wp-content\/uploads\/2014\/12\/CF-CONTABIL-NATAL-2014-V.21.png?resize=350%2C200","width":350,"height":200,"srcset":"https:\/\/i0.wp.com\/cfcontabil.com\/cf\/wp-content\/uploads\/2014\/12\/CF-CONTABIL-NATAL-2014-V.21.png?resize=350%2C200 1x, https:\/\/i0.wp.com\/cfcontabil.com\/cf\/wp-content\/uploads\/2014\/12\/CF-CONTABIL-NATAL-2014-V.21.png?resize=525%2C300 1.5x, https:\/\/i0.wp.com\/cfcontabil.com\/cf\/wp-content\/uploads\/2014\/12\/CF-CONTABIL-NATAL-2014-V.21.png?resize=700%2C400 2x"},"classes":[]},{"id":584,"url":"https:\/\/cfcontabil.com\/cf\/recesso-no-aniversario-de-brasilia\/","url_meta":{"origin":1029,"position":4},"title":"Recesso no anivers\u00e1rio de Bras\u00edlia","author":"Vin\u00edcius Moizinho","date":"17 de abril de 2015","format":"quote","excerpt":"","rel":"","context":"Em &quot;Consultoria Empresarial&quot;","block_context":{"text":"Consultoria Empresarial","link":"https:\/\/cfcontabil.com\/cf\/category\/consultoria\/"},"img":{"alt_text":"Recesso dia 20 de Abril de 2015","src":"https:\/\/i0.wp.com\/cfcontabil.com\/cf\/wp-content\/uploads\/2015\/04\/CF-CONTABIL-Aniversario-de-Brasilia.png?resize=350%2C200","width":350,"height":200,"srcset":"https:\/\/i0.wp.com\/cfcontabil.com\/cf\/wp-content\/uploads\/2015\/04\/CF-CONTABIL-Aniversario-de-Brasilia.png?resize=350%2C200 1x, https:\/\/i0.wp.com\/cfcontabil.com\/cf\/wp-content\/uploads\/2015\/04\/CF-CONTABIL-Aniversario-de-Brasilia.png?resize=525%2C300 1.5x, https:\/\/i0.wp.com\/cfcontabil.com\/cf\/wp-content\/uploads\/2015\/04\/CF-CONTABIL-Aniversario-de-Brasilia.png?resize=700%2C400 2x"},"classes":[]},{"id":2060,"url":"https:\/\/cfcontabil.com\/cf\/tudo-no-azul-para-2020\/","url_meta":{"origin":1029,"position":5},"title":"TUDO NO AZUL PARA 2020!","author":"Ab\u00edlio Gon\u00e7alves","date":"8 de janeiro de 2020","format":false,"excerpt":". https:\/\/www.youtube.com\/watch?v=7qWmSX5F85g FALE CONOSCO Quero apresentar uma solu\u00e7\u00e3o definitiva para a gest\u00e3o financeira e cont\u00e1bil para voc\u00ea, empres\u00e1rio ou futuro empreendedor, nesta sexta, dia 10 de janeiro, em uma live que ter\u00e1 in\u00edcio \u00e1s 7h da manh\u00e3. . Facebook Twitter Instagram","rel":"","context":"Em &quot;Consultoria Empresarial&quot;","block_context":{"text":"Consultoria Empresarial","link":"https:\/\/cfcontabil.com\/cf\/category\/consultoria\/"},"img":{"alt_text":"","src":"https:\/\/i0.wp.com\/cfcontabil.com\/cf\/wp-content\/uploads\/2020\/01\/tudo-azul-2.jpeg?fit=1200%2C675&ssl=1&resize=350%2C200","width":350,"height":200,"srcset":"https:\/\/i0.wp.com\/cfcontabil.com\/cf\/wp-content\/uploads\/2020\/01\/tudo-azul-2.jpeg?fit=1200%2C675&ssl=1&resize=350%2C200 1x, https:\/\/i0.wp.com\/cfcontabil.com\/cf\/wp-content\/uploads\/2020\/01\/tudo-azul-2.jpeg?fit=1200%2C675&ssl=1&resize=525%2C300 1.5x, https:\/\/i0.wp.com\/cfcontabil.com\/cf\/wp-content\/uploads\/2020\/01\/tudo-azul-2.jpeg?fit=1200%2C675&ssl=1&resize=700%2C400 2x, https:\/\/i0.wp.com\/cfcontabil.com\/cf\/wp-content\/uploads\/2020\/01\/tudo-azul-2.jpeg?fit=1200%2C675&ssl=1&resize=1050%2C600 3x"},"classes":[]}],"jetpack_likes_enabled":true,"_links":{"self":[{"href":"https:\/\/cfcontabil.com\/cf\/wp-json\/wp\/v2\/posts\/1029","targetHints":{"allow":["GET"]}}],"collection":[{"href":"https:\/\/cfcontabil.com\/cf\/wp-json\/wp\/v2\/posts"}],"about":[{"href":"https:\/\/cfcontabil.com\/cf\/wp-json\/wp\/v2\/types\/post"}],"author":[{"embeddable":true,"href":"https:\/\/cfcontabil.com\/cf\/wp-json\/wp\/v2\/users\/3"}],"replies":[{"embeddable":true,"href":"https:\/\/cfcontabil.com\/cf\/wp-json\/wp\/v2\/comments?post=1029"}],"version-history":[{"count":0,"href":"https:\/\/cfcontabil.com\/cf\/wp-json\/wp\/v2\/posts\/1029\/revisions"}],"wp:attachment":[{"href":"https:\/\/cfcontabil.com\/cf\/wp-json\/wp\/v2\/media?parent=1029"}],"wp:term":[{"taxonomy":"category","embeddable":true,"href":"https:\/\/cfcontabil.com\/cf\/wp-json\/wp\/v2\/categories?post=1029"},{"taxonomy":"post_tag","embeddable":true,"href":"https:\/\/cfcontabil.com\/cf\/wp-json\/wp\/v2\/tags?post=1029"}],"curies":[{"name":"wp","href":"https:\/\/api.w.org\/{rel}","templated":true}]}}