{"id":1030,"date":"2012-10-25T00:00:39","date_gmt":"2012-10-25T03:00:39","guid":{"rendered":"http:\/\/cfcontabil.com\/cf\/?p=176"},"modified":"2012-10-25T00:00:39","modified_gmt":"2012-10-25T03:00:39","slug":"estabilidade-da-empregada-gestante-e-o-contrato-de-experiencia","status":"publish","type":"post","link":"https:\/\/cfcontabil.com\/cf\/estabilidade-da-empregada-gestante-e-o-contrato-de-experiencia\/","title":{"rendered":"Estabilidade da empregada gestante e o contrato de experi\u00eancia"},"content":{"rendered":"<p style=\"text-align: justify;\">Oi gente, hoje o tema \u00e9 o direito \u00e0 estabilidade \u00e0 empregada gestante e qual efeito desse direito no contrato de experi\u00eancia.<\/p>\n<p><img data-recalc-dims=\"1\" decoding=\"async\" class=\"aligncenter\" src=\"https:\/\/i0.wp.com\/2.bp.blogspot.com\/-RqrCBCA5UXk\/T7N1wD-asPI\/AAAAAAAAGQs\/rXEhChl54yM\/s1600\/Gestantes.jpg?w=1170\" alt=\"\" \/><\/p>\n<p style=\"text-align: justify;\">Na Constitui\u00e7\u00e3o Federal do Brasil, promulgada em 1988, est\u00e3o estabelecidos em seu artigo 7\u00ba, os direitos dos trabalhadores urbanos e rurais, al\u00e9m de outros que visem \u00e0 melhoria de sua condi\u00e7\u00e3o social.<\/p>\n<p style=\"text-align: justify;\"><!--more--><\/p>\n<p class=\"alignleft\" style=\"text-align: justify;\"><img decoding=\"async\" src=\"https:\/\/encrypted-tbn2.gstatic.com\/images?q=tbn:ANd9GcSVFMEAlW5hvHe9NJsyoKUabpsm7yNAw8TuY607nFSlo6BI4cvmBA\" alt=\"\" \/><\/p>\n<p>&nbsp;<\/p>\n<p style=\"text-align: justify;\">Dentre os direitos elencados, destacamos:<\/p>\n<blockquote>\n<p style=\"text-align: justify;\">Art. 7\u00ba, I\u00a0&#8211;\u00a0 rela\u00e7\u00e3o de emprego protegida contra despedida arbitr\u00e1ria ou sem justa causa, nos termos de lei complementar, que prever\u00e1 indeniza\u00e7\u00e3o compensat\u00f3ria, dentre outros direitos;<\/p>\n<\/blockquote>\n<p style=\"text-align: justify;\">E o artigo 10, II, b do Ato das Disposi\u00e7\u00f5es Constitucionais Transit\u00f3rias, disp\u00f5e que:<\/p>\n<blockquote>\n<p style=\"text-align: justify;\">Art. 10 &#8211; At\u00e9 que seja promulgada a Lei Complementar a que se refere o artigo 7\u00ba, I da Constitui\u00e7\u00e3o:<\/p>\n<p style=\"text-align: justify;\">I &#8211; &#8230;<\/p>\n<p style=\"text-align: justify;\">II &#8211; fica vedada a dispensa arbitr\u00e1ria ou sem justa causa:<\/p>\n<p style=\"text-align: justify;\">a) &#8230;.<\/p>\n<p style=\"text-align: justify;\">b) da empregada gestante, desde a confirma\u00e7\u00e3o da gravidez at\u00e9 cinco meses ap\u00f3s o parto.<\/p>\n<\/blockquote>\n<p style=\"text-align: justify;\">Significa dizer que esse per\u00edodo compreendido entre a confirma\u00e7\u00e3o da gravidez at\u00e9 cinco meses ap\u00f3s o parto, a empregada gestante possui estabilidade provis\u00f3ria, n\u00e3o podendo ser demitida, salvo por motivo justo.<\/p>\n<p style=\"text-align: justify;\">Vale dizer que a estabilidade se d\u00e1 a partir confirma\u00e7\u00e3o da gravidez ou seja, desde o momento em que a mesma se iniciou.<\/p>\n<p style=\"text-align: justify;\">Na hip\u00f3tese de ser demitida nesse per\u00edodo,\u00a0 a empregada faz jus a uma indeniza\u00e7\u00e3o correspondente a remunera\u00e7\u00e3o e benef\u00edcios a que teria direito durante o per\u00edodo estabilit\u00e1rio ou ainda reintegra\u00e7\u00e3o ao trabalho.<\/p>\n<p style=\"text-align: justify;\">E como fica a situa\u00e7\u00e3o da empregada contratada sob o regime de contrato de experi\u00eancia, cuja dura\u00e7\u00e3o m\u00e1xima \u00e9 90 dias? Tamb\u00e9m tem direito a estabilidade?<\/p>\n<p><img data-recalc-dims=\"1\" decoding=\"async\" class=\"aligncenter\" src=\"https:\/\/i0.wp.com\/altoestenews.com.br\/galeria\/545726_387453321327434_352990995_n.jpg?w=1170\" alt=\"\" \/><\/p>\n<p style=\"text-align: justify;\">A resposta a essa pergunta \u00e9 <span style=\"font-size: 16px;\"><strong><span style=\"text-decoration: underline;\">sim<\/span><\/strong><\/span>!<\/p>\n<p style=\"text-align: justify;\">Essa estabilidade foi uma inova\u00e7\u00e3o na recente altera\u00e7\u00e3o da s\u00famula 244,\u00a0 onde foi estendida \u00e0 gestante, o direito a estabilidade\u00a0 ainda que em contrato de experi\u00eancia, conforme segue:<\/p>\n<blockquote>\n<p style=\"text-align: justify;\">GESTANTE. ESTABILIDADE PROVIS\u00d3RIA\u00a0(reda\u00e7\u00e3o do item III alterada na sess\u00e3o do Tribunal Pleno realizada em 14.09.2012) &#8211;\u00a0Res. 185\/2012, DEJT divulgado em 25, 26 e 27.09.2012<\/p>\n<p style=\"text-align: justify;\">I &#8211; O desconhecimento do estado grav\u00eddico pelo empregador n\u00e3o afasta o direito ao pagamento da indeniza\u00e7\u00e3o decorrente da estabilidade (art. 10, II, &#8220;b&#8221; do ADCT).<\/p>\n<p style=\"text-align: justify;\">\u00a0II &#8211; A garantia de emprego \u00e0 gestante s\u00f3 autoriza a reintegra\u00e7\u00e3o se esta se der durante o per\u00edodo de estabilidade. Do contr\u00e1rio, a garantia restringe-se aos sal\u00e1rios e demais direitos correspondentes ao per\u00edodo de estabilidade.<\/p>\n<p style=\"text-align: justify;\">\u00a0III\u00a0&#8211;\u00a0A empregada gestante tem direito \u00e0 estabilidade provis\u00f3ria prevista no art. 10, inciso II, al\u00ednea \u201cb\u201d, do Ato das Disposi\u00e7\u00f5es Constitucionais Transit\u00f3rias, mesmo na hip\u00f3tese de admiss\u00e3o mediante contrato por tempo determinado.&#8221; (grifos nosso)<\/p>\n<\/blockquote>\n<p style=\"text-align: justify;\"><img data-recalc-dims=\"1\" decoding=\"async\" src=\"https:\/\/i0.wp.com\/www.benitopepe.com.br\/wp-content\/gallery\/teset\/resumo.png?w=1170\" alt=\"\" \/><\/p>\n<p style=\"text-align: justify;\"><strong>Resumindo:<\/strong><\/p>\n<p style=\"text-align: justify;\"><em>A empregada gestante tem direito a estabilidade provis\u00f3ria desde a confirma\u00e7\u00e3o da gravidez at\u00e9 cinco meses ap\u00f3s o parto, ainda que esteja trabalhando sob regime de contrato de trabalho por tempo determinado.<\/em><\/p>\n<p style=\"text-align: justify;\"><em>\u00a0<\/em><\/p>\n<p style=\"text-align: justify;\"><em>Abra\u00e7os,<\/em><\/p>\n<p style=\"text-align: justify;\"><em>Ju<\/em><\/p>\n","protected":false},"excerpt":{"rendered":"<p>Oi gente, hoje o tema \u00e9 o direito \u00e0 estabilidade \u00e0 empregada gestante e qual efeito desse direito no contrato de experi\u00eancia. Na Constitui\u00e7\u00e3o Federal do Brasil, promulgada em 1988, est\u00e3o estabelecidos em seu artigo 7\u00ba, os direitos dos trabalhadores urbanos e rurais, al\u00e9m de outros que visem \u00e0 melhoria de sua condi\u00e7\u00e3o social.<\/p>\n","protected":false},"author":4,"featured_media":0,"comment_status":"open","ping_status":"open","sticky":false,"template":"","format":"standard","meta":{"jetpack_post_was_ever_published":false,"_jetpack_newsletter_access":"","_jetpack_dont_email_post_to_subs":false,"_jetpack_newsletter_tier_id":0,"_jetpack_memberships_contains_paywalled_content":false,"_jetpack_memberships_contains_paid_content":false,"footnotes":"","jetpack_publicize_message":"","jetpack_publicize_feature_enabled":true,"jetpack_social_post_already_shared":false,"jetpack_social_options":{"image_generator_settings":{"template":"highway","default_image_id":0,"font":"","enabled":false},"version":2}},"categories":[29],"tags":[38,28,66,67,39,68,30,27,32,45],"class_list":["post-1030","post","type-post","status-publish","format-standard","hentry","category-dp","tag-contrato","tag-departamento","tag-empregada","tag-estabilidade","tag-experiencia","tag-gestante","tag-pessoal","tag-tecnologia","tag-trabalhistas","tag-trabalho"],"jetpack_publicize_connections":[],"jetpack_featured_media_url":"","jetpack_sharing_enabled":true,"jetpack_shortlink":"https:\/\/wp.me\/p2wklX-gC","jetpack-related-posts":[{"id":73,"url":"https:\/\/cfcontabil.com\/cf\/contrato-de-experiencia\/","url_meta":{"origin":1030,"position":0},"title":"Contrato de Experi\u00eancia","author":"Juc\u00e9lia Martins","date":"19 de julho de 2012","format":false,"excerpt":"A CLT - Consolida\u00e7\u00e3o das leis do trabalho regulamenta em seu artigo 443 o contrato individual de trabalho, podendo ser por prazo determinado ou indeterminado. Referente contrato de trabalho por prazo determinado, vamos falar sobre\u00a0contrato de experi\u00eancia. Uma d\u00favida comum \u00e9 se o contrato de experi\u00eancia dever ser feito \u00a0na\u2026","rel":"","context":"Em &quot;Departamento Pessoal&quot;","block_context":{"text":"Departamento Pessoal","link":"https:\/\/cfcontabil.com\/cf\/category\/dp\/"},"img":{"alt_text":"","src":"https:\/\/i0.wp.com\/3.bp.blogspot.com\/_mcBh-gAtbqM\/S8HNpK5PwYI\/AAAAAAAAAFA\/9DZGYH9NnCA\/s320\/CONTRATO%2BDE%2BEXPERIENCIA.jpg?resize=350%2C200","width":350,"height":200},"classes":[]},{"id":1339,"url":"https:\/\/cfcontabil.com\/cf\/empregado-domestico-2\/","url_meta":{"origin":1030,"position":1},"title":"Empregado Dom\u00e9stico","author":"Ab\u00edlio Gon\u00e7alves","date":"10 de julho de 2018","format":false,"excerpt":"Considera\u00e7\u00f5es sobre contrato de trabalho, encargos sociais e eSocial O trabalho dom\u00e9stico \u00e9 regido pela Lei Complementar (LC) n\u00ba 150, de 1\u00ba de junho de 2015, que regulamentou os principais direitos da categoria, estabeleceu a aplica\u00e7\u00e3o subsidi\u00e1ria da Consolida\u00e7\u00e3o das Leis do Trabalho\u00a0(CLT)\u00a0e a implanta\u00e7\u00e3o do\u00a0Simples Dom\u00e9sticoconsolidado pelo M\u00f3dulo Web\u2026","rel":"","context":"Em &quot;Geral&quot;","block_context":{"text":"Geral","link":"https:\/\/cfcontabil.com\/cf\/category\/geral\/"},"img":{"alt_text":"","src":"https:\/\/i0.wp.com\/cfcontabil.com\/cf\/wp-content\/uploads\/2016\/03\/domestica-1.jpeg?fit=600%2C315&ssl=1&resize=350%2C200","width":350,"height":200,"srcset":"https:\/\/i0.wp.com\/cfcontabil.com\/cf\/wp-content\/uploads\/2016\/03\/domestica-1.jpeg?fit=600%2C315&ssl=1&resize=350%2C200 1x, https:\/\/i0.wp.com\/cfcontabil.com\/cf\/wp-content\/uploads\/2016\/03\/domestica-1.jpeg?fit=600%2C315&ssl=1&resize=525%2C300 1.5x"},"classes":[]},{"id":1200,"url":"https:\/\/cfcontabil.com\/cf\/ferias\/","url_meta":{"origin":1030,"position":2},"title":"F\u00e9rias","author":"Juc\u00e9lia Martins","date":"7 de novembro de 2012","format":false,"excerpt":"Oi pessoal,\u00a0 quem ai j\u00e1 est\u00e1 pensando nas f\u00e9rias do final de ano? O per\u00edodo de f\u00e9rias existe para que as pessoas se recuperem do estresse acumulado no trabalho durante o ano. Vamos falar um pouco sobre esse direito do trabalhador? Neste post trataremos dos seguintes assuntos: 1. Direito a\u2026","rel":"","context":"Em &quot;Departamento Pessoal&quot;","block_context":{"text":"Departamento Pessoal","link":"https:\/\/cfcontabil.com\/cf\/category\/dp\/"},"img":{"alt_text":"Tabela de f\u00e9rias","src":"https:\/\/i0.wp.com\/cfcontabil.com\/cf\/wp-content\/uploads\/2012\/11\/ferias.jpg?resize=350%2C200","width":350,"height":200},"classes":[]},{"id":2215,"url":"https:\/\/cfcontabil.com\/cf\/ponto-a-ponto-mp-936-2020-entenda-cortes-salariais-suspensoes-e-beneficio\/","url_meta":{"origin":1030,"position":3},"title":"Ponto a ponto MP 936\/2020: Entenda cortes salariais, suspens\u00f5es e benef\u00edcio","author":"Ab\u00edlio Gon\u00e7alves","date":"2 de abril de 2020","format":false,"excerpt":"A MP 936\/2020 possibilita o corte salarial de at\u00e9 70%, suspens\u00e3o do contrato de trabalho e benef\u00edcio emergencial. Entenda ponto a ponto O Di\u00e1rio Oficial da Uni\u00e3o publicou nesta quarta-feira, 01, a MP 936\/2020 que institui o Programa Emergencial de Manuten\u00e7\u00e3o do Emprego e da Renda. Em suma, a norma\u2026","rel":"","context":"Em &quot;Departamento Pessoal&quot;","block_context":{"text":"Departamento Pessoal","link":"https:\/\/cfcontabil.com\/cf\/category\/dp\/"},"img":{"alt_text":"","src":"https:\/\/i0.wp.com\/cfcontabil.com\/cf\/wp-content\/uploads\/2020\/04\/emprego-4.jpg.pagespeed.ic_.4H7FnGacfP.jpg?fit=1086%2C652&ssl=1&resize=350%2C200","width":350,"height":200,"srcset":"https:\/\/i0.wp.com\/cfcontabil.com\/cf\/wp-content\/uploads\/2020\/04\/emprego-4.jpg.pagespeed.ic_.4H7FnGacfP.jpg?fit=1086%2C652&ssl=1&resize=350%2C200 1x, https:\/\/i0.wp.com\/cfcontabil.com\/cf\/wp-content\/uploads\/2020\/04\/emprego-4.jpg.pagespeed.ic_.4H7FnGacfP.jpg?fit=1086%2C652&ssl=1&resize=525%2C300 1.5x, https:\/\/i0.wp.com\/cfcontabil.com\/cf\/wp-content\/uploads\/2020\/04\/emprego-4.jpg.pagespeed.ic_.4H7FnGacfP.jpg?fit=1086%2C652&ssl=1&resize=700%2C400 2x, https:\/\/i0.wp.com\/cfcontabil.com\/cf\/wp-content\/uploads\/2020\/04\/emprego-4.jpg.pagespeed.ic_.4H7FnGacfP.jpg?fit=1086%2C652&ssl=1&resize=1050%2C600 3x"},"classes":[]},{"id":252,"url":"https:\/\/cfcontabil.com\/cf\/fundo-de-garantia-do-tempo-de-servico-fgts\/","url_meta":{"origin":1030,"position":4},"title":"Fundo de Garantia do Tempo de Servi\u00e7o &#8211; FGTS","author":"Juc\u00e9lia Martins","date":"6 de dezembro de 2012","format":false,"excerpt":"Oi pessoal! Como est\u00e3o? Animados para as festas de final de ano? \u00a0 Muitas pessoas me perguntam como sacar o FGTS, ent\u00e3o resolvi colocar algumas informa\u00e7\u00f5es aqui. \u00a0 Voc\u00ea sabe o que \u00e9 FGTS? O FGTS foi institu\u00eddo pela Lei n\u00ba 5.107, de 13\/09\/66 e \u00a0regulamentado pelo Decreto n\u00ba 59.820,\u2026","rel":"","context":"Em &quot;Geral&quot;","block_context":{"text":"Geral","link":"https:\/\/cfcontabil.com\/cf\/category\/geral\/"},"img":{"alt_text":"","src":"https:\/\/i0.wp.com\/www.fgts.gov.br\/resources\/logofgts_v2.jpg?resize=350%2C200","width":350,"height":200},"classes":[]},{"id":1907,"url":"https:\/\/cfcontabil.com\/cf\/fim-de-ano-abre-milhares-de-vagas-temporarias-e-esporadicas-veja-como-funciona-cada-contratacao\/","url_meta":{"origin":1030,"position":5},"title":"Fim de ano abre milhares de vagas tempor\u00e1rias e espor\u00e1dicas; veja como funciona cada contrata\u00e7\u00e3o","author":"Ab\u00edlio Gon\u00e7alves","date":"18 de novembro de 2019","format":false,"excerpt":"Al\u00e9m das vagas tempor\u00e1rias, que s\u00e3o o principal recurso usado pelas empresas para atender \u00e0 demanda extra de servi\u00e7os, h\u00e1 ainda as vagas intermitentes, que atendem \u00e0 necessidade de trabalhos em per\u00edodos alternados. Para atender \u00e0 demanda de final de ano, os \u00faltimos meses do ano trazem milhares de oportunidades\u2026","rel":"","context":"Em &quot;Departamento Pessoal&quot;","block_context":{"text":"Departamento Pessoal","link":"https:\/\/cfcontabil.com\/cf\/category\/dp\/"},"img":{"alt_text":"","src":"https:\/\/i0.wp.com\/cfcontabil.com\/cf\/wp-content\/uploads\/2019\/11\/carteira-trabalho.jpg?fit=826%2C371&ssl=1&resize=350%2C200","width":350,"height":200,"srcset":"https:\/\/i0.wp.com\/cfcontabil.com\/cf\/wp-content\/uploads\/2019\/11\/carteira-trabalho.jpg?fit=826%2C371&ssl=1&resize=350%2C200 1x, https:\/\/i0.wp.com\/cfcontabil.com\/cf\/wp-content\/uploads\/2019\/11\/carteira-trabalho.jpg?fit=826%2C371&ssl=1&resize=525%2C300 1.5x, https:\/\/i0.wp.com\/cfcontabil.com\/cf\/wp-content\/uploads\/2019\/11\/carteira-trabalho.jpg?fit=826%2C371&ssl=1&resize=700%2C400 2x"},"classes":[]}],"jetpack_likes_enabled":true,"_links":{"self":[{"href":"https:\/\/cfcontabil.com\/cf\/wp-json\/wp\/v2\/posts\/1030","targetHints":{"allow":["GET"]}}],"collection":[{"href":"https:\/\/cfcontabil.com\/cf\/wp-json\/wp\/v2\/posts"}],"about":[{"href":"https:\/\/cfcontabil.com\/cf\/wp-json\/wp\/v2\/types\/post"}],"author":[{"embeddable":true,"href":"https:\/\/cfcontabil.com\/cf\/wp-json\/wp\/v2\/users\/4"}],"replies":[{"embeddable":true,"href":"https:\/\/cfcontabil.com\/cf\/wp-json\/wp\/v2\/comments?post=1030"}],"version-history":[{"count":0,"href":"https:\/\/cfcontabil.com\/cf\/wp-json\/wp\/v2\/posts\/1030\/revisions"}],"wp:attachment":[{"href":"https:\/\/cfcontabil.com\/cf\/wp-json\/wp\/v2\/media?parent=1030"}],"wp:term":[{"taxonomy":"category","embeddable":true,"href":"https:\/\/cfcontabil.com\/cf\/wp-json\/wp\/v2\/categories?post=1030"},{"taxonomy":"post_tag","embeddable":true,"href":"https:\/\/cfcontabil.com\/cf\/wp-json\/wp\/v2\/tags?post=1030"}],"curies":[{"name":"wp","href":"https:\/\/api.w.org\/{rel}","templated":true}]}}