{"id":1033,"date":"2017-03-06T11:52:22","date_gmt":"2017-03-06T14:52:22","guid":{"rendered":"http:\/\/cfcontabil.com\/cf\/?p=1033"},"modified":"2017-03-06T11:52:22","modified_gmt":"2017-03-06T14:52:22","slug":"dctf-inativa-prorrogacao-do-prazo-de-entrega","status":"publish","type":"post","link":"https:\/\/cfcontabil.com\/cf\/dctf-inativa-prorrogacao-do-prazo-de-entrega\/","title":{"rendered":"DCTF Inativa &#8211; Prorroga\u00e7\u00e3o do prazo de entrega"},"content":{"rendered":"<h1 class=\"entry-title\" style=\"text-align: center;\">Entrega das <strong>inativas e sem movimento<\/strong> de janeiro e fevereiro de 2017 poder\u00e1 ser transmitida at\u00e9 22 de maio.<\/h1>\n<p><a href=\"https:\/\/i0.wp.com\/cfcontabil.com\/cf\/wp-content\/uploads\/2017\/02\/dctf.png\"><img data-recalc-dims=\"1\" fetchpriority=\"high\" decoding=\"async\" data-attachment-id=\"918\" data-permalink=\"https:\/\/cfcontabil.com\/cf\/dctf\/\" data-orig-file=\"https:\/\/i0.wp.com\/cfcontabil.com\/cf\/wp-content\/uploads\/2017\/02\/dctf-1.png?fit=800%2C500&amp;ssl=1\" data-orig-size=\"800,500\" data-comments-opened=\"1\" data-image-meta=\"{&quot;aperture&quot;:&quot;0&quot;,&quot;credit&quot;:&quot;&quot;,&quot;camera&quot;:&quot;&quot;,&quot;caption&quot;:&quot;&quot;,&quot;created_timestamp&quot;:&quot;0&quot;,&quot;copyright&quot;:&quot;&quot;,&quot;focal_length&quot;:&quot;0&quot;,&quot;iso&quot;:&quot;0&quot;,&quot;shutter_speed&quot;:&quot;0&quot;,&quot;title&quot;:&quot;&quot;,&quot;orientation&quot;:&quot;0&quot;}\" data-image-title=\"dctf\" data-image-description=\"\" data-image-caption=\"\" data-large-file=\"https:\/\/i0.wp.com\/cfcontabil.com\/cf\/wp-content\/uploads\/2017\/02\/dctf-1.png?fit=800%2C500&amp;ssl=1\" class=\"aligncenter size-full wp-image-918\" src=\"https:\/\/i0.wp.com\/cfcontabil.com\/cf\/wp-content\/uploads\/2017\/02\/dctf.png?resize=800%2C500\" alt=\"\" width=\"800\" height=\"500\" \/><\/a><\/p>\n<p style=\"text-align: justify;\">A altera\u00e7\u00e3o do prazo de entrega ocorreu com a publica\u00e7\u00e3o (DOU de 06\/03) da\u00a0<a href=\"http:\/\/pesquisa.in.gov.br\/imprensa\/jsp\/visualiza\/index.jsp?data=06\/03\/2017&amp;jornal=1&amp;pagina=60&amp;totalArquivos=96\">Instru\u00e7\u00e3o Normativa n\u00ba 1.697\/2017.<\/a><\/p>\n<p style=\"text-align: justify;\">O prazo de entrega DCTF da compet\u00eancia janeiro de 2017 tinha como vencimento dia 21 de mar\u00e7o deste ano.<\/p>\n<p style=\"text-align: justify;\">A Receita Federal j\u00e1 havia atrav\u00e9s de nota divulgado que o prazo de entrega da obriga\u00e7\u00e3o para as inativas e sem movimento seria prorrogado.<\/p>\n<p style=\"text-align: justify;\">A prorroga\u00e7\u00e3o do prazo de entrega da DCTF dos meses de janeiro e fevereiro de 2017, das inativas ou que n\u00e3o tenham d\u00e9bitos a declarar para 22 de maio de 2017 \u201cveio em boa hora\u201d.<\/p>\n<p style=\"text-align: justify;\">Para alterar o prazo de entrega da obriga\u00e7\u00e3o, a Receita Federal acrescentou o Art. 10-B a\u00a0<a href=\"http:\/\/normas.receita.fazenda.gov.br\/sijut2consulta\/link.action?idAto=70249\">Instru\u00e7\u00e3o Normativa n\u00ba 1.599 de 2015<\/a>, que disp\u00f5e sobre a Declara\u00e7\u00e3o de D\u00e9bitos e Cr\u00e9ditos Tribut\u00e1rios Federais (DCTF).<\/p>\n<p>Com esta medida tamb\u00e9m cancelou as multas aplicadas indevidamente por atraso na apresenta\u00e7\u00e3o da DCTF.<\/p>\n<p>Confira na \u00edntegra:<!--more--><\/p>\n<p>&nbsp;<\/p>\n<div class=\"conteudo\">\n<div align=\"justify\">\n<div align=\"center\"><span style=\"font-family: helvetica; font-size: small;\"><em><strong>Prorrogado o prazo para apresenta\u00e7\u00e3o das DTCF de inativas<\/strong><\/em><br \/>\n<\/span><\/div>\n<p><span style=\"font-family: helvetica; font-size: small;\"><br \/>\n<strong>O SECRET\u00c1RIO DA RECEITA FEDERAL DO BRASIL,<\/strong> no uso da atribui\u00e7\u00e3o que lhe confere o inciso III do art. 280 do Regimento Interno da Secretaria da Receita Federal do Brasil, aprovado pela Portaria MF n\u00ba 203, de 14 de maio de 2012, e tendo em vista o disposto no art. 5\u00ba do Decreto-Lei n\u00ba 2.124, de 13 de junho de 1984, no art. 16 da Lei n\u00ba 9.779, de 19 de janeiro de 1999, e no art. 7\u00ba da Lei n\u00ba 10.426, de 24 de abril de 2002, resolve:<br \/>\n<strong><br \/>\nArt. 1\u00ba<\/strong> Os arts. 3\u00ba e 6\u00ba da Instru\u00e7\u00e3o Normativa RFB n\u00ba 1.599, de 11 de dezembro de 2015, passam a vigorar com a seguinte reda\u00e7\u00e3o:<\/span><\/p>\n<p>&#8220;Art. 3\u00ba &#8230;&#8230;&#8230;&#8230;&#8230;&#8230;&#8230;&#8230;&#8230;&#8230;&#8230;&#8230;&#8230;&#8230;&#8230;&#8230;&#8230;&#8230;&#8230;&#8230;&#8230;&#8230;&#8230;&#8230;&#8230;&#8230;&#8230;.<br \/>\n&#8230;&#8230;&#8230;&#8230;&#8230;&#8230;&#8230;&#8230;&#8230;&#8230;&#8230;&#8230;&#8230;&#8230;&#8230;&#8230;&#8230;&#8230;&#8230;&#8230;&#8230;&#8230;&#8230;&#8230;&#8230;&#8230;&#8230;&#8230;&#8230;&#8230;&#8230;..<br \/>\n\u00a7 2\u00ba &#8230;&#8230;&#8230;&#8230;&#8230;&#8230;&#8230;&#8230;&#8230;&#8230;&#8230;&#8230;&#8230;&#8230;&#8230;&#8230;&#8230;&#8230;&#8230;&#8230;&#8230;&#8230;&#8230;&#8230;&#8230;&#8230;&#8230;&#8230;&#8230;<br \/>\n&#8230;&#8230;&#8230;&#8230;&#8230;&#8230;&#8230;&#8230;&#8230;&#8230;&#8230;&#8230;&#8230;&#8230;&#8230;&#8230;&#8230;&#8230;&#8230;&#8230;&#8230;&#8230;&#8230;&#8230;&#8230;&#8230;&#8230;&#8230;&#8230;&#8230;&#8230;..<br \/>\nIII &#8211; &#8230;&#8230;&#8230;&#8230;&#8230;&#8230;&#8230;&#8230;&#8230;&#8230;&#8230;&#8230;&#8230;&#8230;&#8230;&#8230;&#8230;&#8230;&#8230;&#8230;&#8230;&#8230;&#8230;&#8230;&#8230;&#8230;&#8230;&#8230;&#8230;.<br \/>\n&#8230;&#8230;&#8230;&#8230;&#8230;&#8230;&#8230;&#8230;&#8230;&#8230;&#8230;&#8230;&#8230;&#8230;&#8230;&#8230;&#8230;&#8230;&#8230;&#8230;&#8230;&#8230;&#8230;&#8230;&#8230;&#8230;&#8230;&#8230;&#8230;&#8230;&#8230;..<br \/>\nd) em rela\u00e7\u00e3o ao m\u00eas subsequente \u00e0quele em que se verificar elevada oscila\u00e7\u00e3o da taxa de c\u00e2mbio, na hip\u00f3tese de altera\u00e7\u00e3o da op\u00e7\u00e3o pelo regime de compet\u00eancia para o regime de caixa prevista no art. 5\u00ba da Instru\u00e7\u00e3o Normativa RFB n\u00ba 1.079, de 3 de novembro de 2010.<br \/>\n&#8230;&#8230;&#8230;&#8230;&#8230;&#8230;&#8230;&#8230;&#8230;&#8230;&#8230;&#8230;&#8230;&#8230;&#8230;&#8230;&#8230;&#8230;&#8230;&#8230;&#8230;&#8230;&#8230;&#8230;&#8230;&#8230;&#8230;&#8230;&#8221; (NR)<\/p>\n<p>&#8220;Art. 6\u00ba &#8230;&#8230;&#8230;&#8230;&#8230;&#8230;&#8230;&#8230;&#8230;&#8230;&#8230;&#8230;&#8230;&#8230;&#8230;&#8230;&#8230;&#8230;&#8230;&#8230;&#8230;&#8230;&#8230;&#8230;&#8230;&#8230;&#8230;.<br \/>\n&#8230;&#8230;&#8230;&#8230;&#8230;&#8230;&#8230;&#8230;&#8230;&#8230;&#8230;&#8230;&#8230;&#8230;&#8230;&#8230;&#8230;&#8230;&#8230;&#8230;&#8230;&#8230;&#8230;&#8230;&#8230;&#8230;&#8230;&#8230;&#8230;&#8230;&#8230;..<\/p>\n<p>\u00a7 12. A dispensa de informa\u00e7\u00e3o relativa aos c\u00f3digos de receita 1889, 2063, 3533, 3540, 3562 e 5936 na DCTF, de que trata o \u00a7 7\u00ba, aplica-se retroativamente a partir de 14 de dezembro de 2015.<\/p>\n<p>\u00a7 13. As DCTF apresentadas pelos estados, pelo Distrito Federal e pelos munic\u00edpios, bem como por suas autarquias e funda\u00e7\u00f5es, em desacordo com o disposto no \u00a7 12 dever\u00e3o ser retificadas.&#8221; (NR)<br \/>\n<strong><br \/>\nArt. 2\u00ba<\/strong> A Instru\u00e7\u00e3o Normativa RFB n\u00ba 1.599, de 2015, passa a vigorar acrescida do art. 10-B, no &#8220;Cap\u00edtulo VIII-A &#8211; Das Disposi\u00e7\u00f5es Transit\u00f3rias&#8221;, com a seguinte reda\u00e7\u00e3o:<\/p>\n<p>&#8220;Art. 10-B. O prazo de apresenta\u00e7\u00e3o das DCTF relativas aos meses de janeiro e fevereiro de 2017 das pessoas jur\u00eddicas e demais entidades de que trata o caput do art. 2\u00ba, que estejam inativas ou n\u00e3o tenham d\u00e9bitos a declarar, fica prorrogado para at\u00e9 22 de maio de 2017.<\/p>\n<p>Par\u00e1grafo \u00fanico. Ficam canceladas as multas pelo atraso na apresenta\u00e7\u00e3o das DCTF de que trata o caput apresentadas dentro do prazo ali previsto.&#8221;<\/p>\n<p><strong>Art. 3\u00ba<\/strong> Esta Instru\u00e7\u00e3o Normativa entra em vigor na data de sua publica\u00e7\u00e3o no Di\u00e1rio Oficial da Uni\u00e3o.<\/p>\n<p>&nbsp;<\/p>\n<div align=\"center\"><span style=\"font-family: helvetica; font-size: small;\">JORGE ANTONIO DEHER RACHID<\/span><span style=\"font-family: helvetica; font-size: small;\"><br \/>\n<\/span><\/div>\n<p><span style=\"font-family: helvetica; font-size: small;\"><br \/>\n<\/span><\/p>\n<\/div>\n<\/div>\n<div>Fonte: COAD<\/div>\n","protected":false},"excerpt":{"rendered":"<p>Entrega das inativas e sem movimento de janeiro e fevereiro de 2017 poder\u00e1 ser transmitida at\u00e9 22 de maio. A altera\u00e7\u00e3o do prazo de entrega ocorreu com a publica\u00e7\u00e3o (DOU de 06\/03) da\u00a0Instru\u00e7\u00e3o Normativa n\u00ba 1.697\/2017. O prazo de entrega DCTF da compet\u00eancia janeiro de 2017 tinha como vencimento dia 21 de mar\u00e7o deste ano. [&hellip;]<\/p>\n","protected":false},"author":3,"featured_media":1034,"comment_status":"open","ping_status":"open","sticky":false,"template":"","format":"standard","meta":{"jetpack_post_was_ever_published":false,"_jetpack_newsletter_access":"","_jetpack_dont_email_post_to_subs":true,"_jetpack_newsletter_tier_id":0,"_jetpack_memberships_contains_paywalled_content":false,"_jetpack_memberships_contains_paid_content":false,"footnotes":"","jetpack_publicize_message":"","jetpack_publicize_feature_enabled":true,"jetpack_social_post_already_shared":true,"jetpack_social_options":{"image_generator_settings":{"template":"highway","default_image_id":0,"font":"","enabled":false},"version":2}},"categories":[46],"tags":[347,375,285,123,106,350,287,116,188,442,378],"class_list":["post-1033","post","type-post","status-publish","format-standard","has-post-thumbnail","hentry","category-df","tag-347","tag-creditos","tag-dctf","tag-debitos","tag-declaracao","tag-entrega","tag-inativa","tag-prazo","tag-programa","tag-prorrogado","tag-tributarios"],"jetpack_publicize_connections":[],"jetpack_featured_media_url":"https:\/\/i0.wp.com\/cfcontabil.com\/cf\/wp-content\/uploads\/2017\/03\/dctf-inativa-1.png?fit=1024%2C768&ssl=1","jetpack_sharing_enabled":true,"jetpack_shortlink":"https:\/\/wp.me\/p2wklX-gF","jetpack-related-posts":[{"id":1142,"url":"https:\/\/cfcontabil.com\/cf\/dctf-2205-vence-o-prazo-de-entrega-das-inativas-e-sem-movimento-em-jan-e-fev2017\/","url_meta":{"origin":1033,"position":0},"title":"DCTF \u2013 22\/05 vence o prazo de entrega das Inativas e sem movimento em jan e fev\/2017","author":"Ab\u00edlio Gon\u00e7alves","date":"28 de abril de 2017","format":false,"excerpt":"Com a\u00a0prorroga\u00e7\u00e3o do prazo de entrega da DCTF inativa 2017\u00a0e sem movimento dos meses de janeiro e fevereiro de 2017 para 22 de maio de 2017, houve um grande n\u00famero de\u00a0d\u00favidas e questionamentos nas redes sociais, principalmente sobre o uso do Certificado Digital. \u00c9 fato que n\u00e3o faz nenhum sentido\u2026","rel":"","context":"Em &quot;Departamento Fiscal&quot;","block_context":{"text":"Departamento Fiscal","link":"https:\/\/cfcontabil.com\/cf\/category\/df\/"},"img":{"alt_text":"","src":"https:\/\/i0.wp.com\/cfcontabil.com\/cf\/wp-content\/uploads\/2017\/02\/dctf-1.png?fit=800%2C500&ssl=1&resize=350%2C200","width":350,"height":200,"srcset":"https:\/\/i0.wp.com\/cfcontabil.com\/cf\/wp-content\/uploads\/2017\/02\/dctf-1.png?fit=800%2C500&ssl=1&resize=350%2C200 1x, https:\/\/i0.wp.com\/cfcontabil.com\/cf\/wp-content\/uploads\/2017\/02\/dctf-1.png?fit=800%2C500&ssl=1&resize=525%2C300 1.5x, https:\/\/i0.wp.com\/cfcontabil.com\/cf\/wp-content\/uploads\/2017\/02\/dctf-1.png?fit=800%2C500&ssl=1&resize=700%2C400 2x"},"classes":[]},{"id":1192,"url":"https:\/\/cfcontabil.com\/cf\/dctf-inativa-e-sem-debitos-2017-receita-promete-liberar-transmissao-a-partir-do-dia-2606\/","url_meta":{"origin":1033,"position":1},"title":"DCTF Inativa e Sem D\u00e9bitos 2017 &#8211; Receita promete liberar transmiss\u00e3o a partir do dia 26\/06","author":"Ab\u00edlio Gon\u00e7alves","date":"21 de junho de 2017","format":false,"excerpt":"Precisa entregar a DCTF Inativa 2017 e Sem D\u00e9bitos a declarar de janeiro at\u00e9 abril de 2017? Receita Federal promete liberar a transmiss\u00e3o a partir do dia 26 de junho. Depois de muita espera a Receita Federal liberou dia 16\/06 a vers\u00e3o 3.4 do Programa Gerador da\u00a0DCTF\u00a0que servir\u00e1 para preencher\u2026","rel":"","context":"Em &quot;Departamento Fiscal&quot;","block_context":{"text":"Departamento Fiscal","link":"https:\/\/cfcontabil.com\/cf\/category\/df\/"},"img":{"alt_text":"","src":"https:\/\/i0.wp.com\/cfcontabil.com\/cf\/wp-content\/uploads\/2017\/06\/site-receita-federal-dctf-1.jpeg?fit=1200%2C675&ssl=1&resize=350%2C200","width":350,"height":200,"srcset":"https:\/\/i0.wp.com\/cfcontabil.com\/cf\/wp-content\/uploads\/2017\/06\/site-receita-federal-dctf-1.jpeg?fit=1200%2C675&ssl=1&resize=350%2C200 1x, https:\/\/i0.wp.com\/cfcontabil.com\/cf\/wp-content\/uploads\/2017\/06\/site-receita-federal-dctf-1.jpeg?fit=1200%2C675&ssl=1&resize=525%2C300 1.5x, https:\/\/i0.wp.com\/cfcontabil.com\/cf\/wp-content\/uploads\/2017\/06\/site-receita-federal-dctf-1.jpeg?fit=1200%2C675&ssl=1&resize=700%2C400 2x, https:\/\/i0.wp.com\/cfcontabil.com\/cf\/wp-content\/uploads\/2017\/06\/site-receita-federal-dctf-1.jpeg?fit=1200%2C675&ssl=1&resize=1050%2C600 3x"},"classes":[]},{"id":1171,"url":"https:\/\/cfcontabil.com\/cf\/entrega-da-dctf-inativa-prorrogada-para-julho-de-2017\/","url_meta":{"origin":1033,"position":2},"title":"Entrega da DCTF Inativa prorrogada para Julho de 2017","author":"Ab\u00edlio Gon\u00e7alves","date":"24 de maio de 2017","format":false,"excerpt":"Confirmado a data de prorroga\u00e7\u00e3o da entrega da DCTF Inativa para dia 21 de Julho de 2017. Veja na \u00edntegra: SECRETARIA DA RECEITA FEDERAL DO BRASIL INSTRU\u00c7\u00c3O NORMATIVA N\u00ba 1.708, DE 22 DE MAIO DE 2017 D.O.U EM 23\/05\/2017 Altera a Instru\u00e7\u00e3o Normativa RFB n\u00ba 1.599, de 11 de dezembro\u2026","rel":"","context":"Em &quot;Departamento Fiscal&quot;","block_context":{"text":"Departamento Fiscal","link":"https:\/\/cfcontabil.com\/cf\/category\/df\/"},"img":{"alt_text":"","src":"https:\/\/i0.wp.com\/cfcontabil.com\/cf\/wp-content\/uploads\/2017\/02\/dctf-1.png?fit=800%2C500&ssl=1&resize=350%2C200","width":350,"height":200,"srcset":"https:\/\/i0.wp.com\/cfcontabil.com\/cf\/wp-content\/uploads\/2017\/02\/dctf-1.png?fit=800%2C500&ssl=1&resize=350%2C200 1x, https:\/\/i0.wp.com\/cfcontabil.com\/cf\/wp-content\/uploads\/2017\/02\/dctf-1.png?fit=800%2C500&ssl=1&resize=525%2C300 1.5x, https:\/\/i0.wp.com\/cfcontabil.com\/cf\/wp-content\/uploads\/2017\/02\/dctf-1.png?fit=800%2C500&ssl=1&resize=700%2C400 2x"},"classes":[]},{"id":1149,"url":"https:\/\/cfcontabil.com\/cf\/pgd-dctf-inativa-2017-novo-prazo-julho2017\/","url_meta":{"origin":1033,"position":3},"title":"PGD DCTF INATIVA 2017 &#8211; NOVO PRAZO &#8211; JULHO\/2017","author":"Ab\u00edlio Gon\u00e7alves","date":"3 de maio de 2017","format":false,"excerpt":"A pr\u00f3xima vers\u00e3o do PGD DCTF ser\u00e1 disponibilizada em breve. O prazo para a apresenta\u00e7\u00e3o das DCTF relativas aos meses de janeiro a abril de 2017 para as pessoas jur\u00eddicas que estejam inativas ou que n\u00e3o tenham d\u00e9bitos a declarar ser\u00e1 prorrogado para at\u00e9 21\/07\/2017. A Receita Federal se manifestou,\u2026","rel":"","context":"Em &quot;Departamento Fiscal&quot;","block_context":{"text":"Departamento Fiscal","link":"https:\/\/cfcontabil.com\/cf\/category\/df\/"},"img":{"alt_text":"","src":"https:\/\/i0.wp.com\/cfcontabil.com\/cf\/wp-content\/uploads\/2017\/02\/dctf-1.png?fit=800%2C500&ssl=1&resize=350%2C200","width":350,"height":200,"srcset":"https:\/\/i0.wp.com\/cfcontabil.com\/cf\/wp-content\/uploads\/2017\/02\/dctf-1.png?fit=800%2C500&ssl=1&resize=350%2C200 1x, https:\/\/i0.wp.com\/cfcontabil.com\/cf\/wp-content\/uploads\/2017\/02\/dctf-1.png?fit=800%2C500&ssl=1&resize=525%2C300 1.5x, https:\/\/i0.wp.com\/cfcontabil.com\/cf\/wp-content\/uploads\/2017\/02\/dctf-1.png?fit=800%2C500&ssl=1&resize=700%2C400 2x"},"classes":[]},{"id":1055,"url":"https:\/\/cfcontabil.com\/cf\/dctf-de-janeiro-e-de-fevereiro-de-2017-inativas\/","url_meta":{"origin":1033,"position":4},"title":"DCTF DE JANEIRO E DE FEVEREIRO DE 2017 (Inativas)","author":"Ab\u00edlio Gon\u00e7alves","date":"10 de mar\u00e7o de 2017","format":false,"excerpt":"Muitas d\u00favidas surgiram ap\u00f3s a publica\u00e7\u00e3o no Di\u00e1rio Oficial da Uni\u00e3o (dia 06.03.2017), da\u00a0Instru\u00e7\u00e3o Normativa RFB n\u00b0 1.697\/2017, que disp\u00f5e de altera\u00e7\u00f5es na Instru\u00e7\u00e3o Normativa RFB n\u00b0 1.599\/2015, referente a Declara\u00e7\u00e3o de D\u00e9bitos e Cr\u00e9ditos Tribut\u00e1rios Federais (DCTF). Para auxiliar, destacamos resumidamente as altera\u00e7\u00f5es que ocorreram a seguir: a) fica\u2026","rel":"","context":"Em &quot;Departamento Fiscal&quot;","block_context":{"text":"Departamento Fiscal","link":"https:\/\/cfcontabil.com\/cf\/category\/df\/"},"img":{"alt_text":"","src":"https:\/\/i0.wp.com\/cfcontabil.com\/cf\/wp-content\/uploads\/2017\/03\/dctf-inativa-1.png?fit=1024%2C768&ssl=1&resize=350%2C200","width":350,"height":200,"srcset":"https:\/\/i0.wp.com\/cfcontabil.com\/cf\/wp-content\/uploads\/2017\/03\/dctf-inativa-1.png?fit=1024%2C768&ssl=1&resize=350%2C200 1x, https:\/\/i0.wp.com\/cfcontabil.com\/cf\/wp-content\/uploads\/2017\/03\/dctf-inativa-1.png?fit=1024%2C768&ssl=1&resize=525%2C300 1.5x, https:\/\/i0.wp.com\/cfcontabil.com\/cf\/wp-content\/uploads\/2017\/03\/dctf-inativa-1.png?fit=1024%2C768&ssl=1&resize=700%2C400 2x"},"classes":[]},{"id":1243,"url":"https:\/\/cfcontabil.com\/cf\/dctf-inativa-no-pgd-versao-3-4-bloqueada-ate-30-06\/","url_meta":{"origin":1033,"position":5},"title":"DCTF INATIVA NO PGD VERS\u00c3O 3.4 BLOQUEADA AT\u00c9 30.06","author":"Ab\u00edlio Gon\u00e7alves","date":"28 de junho de 2017","format":false,"excerpt":"A libera\u00e7\u00e3o da RFB para a entrega das empresas inativas pela DCTF foi novamente adiada para at\u00e9 dia 30.06.2017 e desde ent\u00e3o surgiram muitas d\u00favidas sobre como preencher e transmitir a declara\u00e7\u00e3o, por isso fizemos um passo-a-passo, para adiantar o trabalho neste curto per\u00edodo para transmiss\u00e3o, pois para 2017, o\u2026","rel":"","context":"Em &quot;Departamento Fiscal&quot;","block_context":{"text":"Departamento Fiscal","link":"https:\/\/cfcontabil.com\/cf\/category\/df\/"},"img":{"alt_text":"","src":"https:\/\/i0.wp.com\/cfcontabil.com\/cf\/wp-content\/uploads\/2017\/06\/INATIVA_DCTF34-1.png?fit=1200%2C530&ssl=1&resize=350%2C200","width":350,"height":200,"srcset":"https:\/\/i0.wp.com\/cfcontabil.com\/cf\/wp-content\/uploads\/2017\/06\/INATIVA_DCTF34-1.png?fit=1200%2C530&ssl=1&resize=350%2C200 1x, https:\/\/i0.wp.com\/cfcontabil.com\/cf\/wp-content\/uploads\/2017\/06\/INATIVA_DCTF34-1.png?fit=1200%2C530&ssl=1&resize=525%2C300 1.5x, https:\/\/i0.wp.com\/cfcontabil.com\/cf\/wp-content\/uploads\/2017\/06\/INATIVA_DCTF34-1.png?fit=1200%2C530&ssl=1&resize=700%2C400 2x, https:\/\/i0.wp.com\/cfcontabil.com\/cf\/wp-content\/uploads\/2017\/06\/INATIVA_DCTF34-1.png?fit=1200%2C530&ssl=1&resize=1050%2C600 3x"},"classes":[]}],"jetpack_likes_enabled":true,"_links":{"self":[{"href":"https:\/\/cfcontabil.com\/cf\/wp-json\/wp\/v2\/posts\/1033","targetHints":{"allow":["GET"]}}],"collection":[{"href":"https:\/\/cfcontabil.com\/cf\/wp-json\/wp\/v2\/posts"}],"about":[{"href":"https:\/\/cfcontabil.com\/cf\/wp-json\/wp\/v2\/types\/post"}],"author":[{"embeddable":true,"href":"https:\/\/cfcontabil.com\/cf\/wp-json\/wp\/v2\/users\/3"}],"replies":[{"embeddable":true,"href":"https:\/\/cfcontabil.com\/cf\/wp-json\/wp\/v2\/comments?post=1033"}],"version-history":[{"count":0,"href":"https:\/\/cfcontabil.com\/cf\/wp-json\/wp\/v2\/posts\/1033\/revisions"}],"wp:featuredmedia":[{"embeddable":true,"href":"https:\/\/cfcontabil.com\/cf\/wp-json\/wp\/v2\/media\/1034"}],"wp:attachment":[{"href":"https:\/\/cfcontabil.com\/cf\/wp-json\/wp\/v2\/media?parent=1033"}],"wp:term":[{"taxonomy":"category","embeddable":true,"href":"https:\/\/cfcontabil.com\/cf\/wp-json\/wp\/v2\/categories?post=1033"},{"taxonomy":"post_tag","embeddable":true,"href":"https:\/\/cfcontabil.com\/cf\/wp-json\/wp\/v2\/tags?post=1033"}],"curies":[{"name":"wp","href":"https:\/\/api.w.org\/{rel}","templated":true}]}}