{"id":1039,"date":"2017-03-08T11:06:28","date_gmt":"2017-03-08T14:06:28","guid":{"rendered":"http:\/\/cfcontabil.com\/cf\/?p=1039"},"modified":"2017-03-08T11:06:28","modified_gmt":"2017-03-08T14:06:28","slug":"servicos-medicos-a-dmed-e-o-imposto-de-renda","status":"publish","type":"post","link":"https:\/\/cfcontabil.com\/cf\/servicos-medicos-a-dmed-e-o-imposto-de-renda\/","title":{"rendered":"Servi\u00e7os M\u00e9dicos: A Dmed e o Imposto de Renda"},"content":{"rendered":"<p style=\"text-align: justify;\">A <strong>Declara\u00e7\u00e3o de Servi\u00e7os M\u00e9dicos e de Sa\u00fade \u2013 Dmed<\/strong> deste ano precisa ser apresentada por todas as empresas ou pessoas f\u00edsicas equiparadas a pessoas jur\u00eddicas (aquelas que, em nome individual, tenha qualquer atividade econ\u00f4mica de natureza civil ou comercial, com o fim de lucro), <strong>at\u00e9 o dia 31 de mar\u00e7o de 2017<\/strong>, contendo as informa\u00e7\u00f5es referentes ao ano-calend\u00e1rio 2016.<\/p>\n<p style=\"text-align: justify;\">Milhares de\u00a0pessoas jur\u00eddicas e profissionais equiparados a empresas que atuam na \u00e1rea da sa\u00fade, como hospitais, operadoras de planos de sa\u00fade, laborat\u00f3rios e as cl\u00ednicas m\u00e9dicas ou odontol\u00f3gicas devem fornecer \u00e0 Receita Federal do Brasil \u2013 RFB os valores recebidos de pessoas f\u00edsicas (identificados pelo CPF) no ano passado.<\/p>\n<p style=\"text-align: justify;\">Por essa raz\u00e3o \u00e9 necess\u00e1rio uma aten\u00e7\u00e3o especial\u00a0a Declara\u00e7\u00e3o do Imposto de Renda Pessoa F\u00edsica &#8211; DIRPF, pois este\u00a0sistema tem funcionado perfeitamente: realizando o cruzamento de dados entre a DMED e a DIRPF, colocando diversos contribuintes na<strong> Malha Fina<\/strong> quando h\u00e1 diverg\u00eancias.<\/p>\n<p style=\"text-align: justify;\">Portanto, \u00e9 importante que os valores declarados, tanto pelas empresas quanto pelos contribuintes pessoas f\u00edsicas, estejam suportados por documentos comprobat\u00f3rios, como recibos, transfer\u00eancias banc\u00e1rias, boletos e c\u00f3pias de cheques nominativos que comprovem os pagamentos.<\/p>\n<p style=\"text-align: justify;\">\u00c9 bom recordar que somente\u00a0s\u00e3o considerados servi\u00e7os de sa\u00fade da pessoa jur\u00eddica ou equipada, de acordo com a Receita Federal, os trabalhos desenvolvidos por <strong>fisioterapeutas, psic\u00f3logos, fonoaudi\u00f3logos, psicanalistas, odont\u00f3logos, terapeutas ocupacionais, servi\u00e7os radiol\u00f3gicos, de pr\u00f3teses dent\u00e1rias e ortop\u00e9dicas<\/strong>. A\u00a0regra na \u00edntegra pode ser verificada na <a href=\"http:\/\/normas.receita.fazenda.gov.br\/sijut2consulta\/link.action?idAto=15951\">Instru\u00e7\u00e3o Normativa n\u00ba 985<\/a>, de 22 de dezembro de 2009, no artigo 3\u00ba.<\/p>\n<p style=\"text-align: justify;\"><img data-recalc-dims=\"1\" fetchpriority=\"high\" decoding=\"async\" class=\"aligncenter size-full\" src=\"https:\/\/i0.wp.com\/www.certisignexplica.com.br\/wp-content\/uploads\/2017\/03\/tudo-o-que-voce-precisa-saber-sobre-a-dmed-702x336.jpg?resize=702%2C336\" width=\"702\" height=\"336\" \/><\/p>\n<p style=\"text-align: justify;\">Agora para voc\u00ea que est\u00e1 na categoria de\u00a0<strong>m\u00e9dicos<\/strong>, <strong>dentistas<\/strong>, <strong>fisioterapeutas<\/strong> e <strong>demais trabalhadores da \u00e1rea da sa\u00fade<\/strong>, bem como os<strong> Contadores<\/strong> que atuam direta ou indiretamente com esses profissionais, trazemos um um guia de \u201c<em><strong>Perguntas e Respostas<\/strong><\/em>\u201d elaborado pela <a href=\"http:\/\/www.certisignexplica.com.br\/tudo-o-que-voce-precisa-saber-sobre-a-dmed-2017\/\">Certisign<\/a> explicando pontos importantes da Dmed, confira:<\/p>\n<p style=\"text-align: justify;\"><!--more--><\/p>\n<h3>Quem est\u00e1 obrigado a declarar a Dmed?<\/h3>\n<p>Devem entregar a Dmed: todas as pessoas jur\u00eddicas prestadoras de servi\u00e7os m\u00e9dicos e de sa\u00fade; pessoas f\u00edsicas equiparadas \u00e0 jur\u00eddica que atuem como prestadores de servi\u00e7o de sa\u00fade; operadoras de planos privados de assist\u00eancia \u00e0 sa\u00fade (empresa constitu\u00edda sob a modalidade de sociedade comercial ou civil, entidade de autogest\u00e3o ou cooperativa autorizada pela Ag\u00eancia Nacional de Sa\u00fade Suplementar \u2013 ANS a comercializar planos privados de assist\u00eancia \u00e0 sa\u00fade); e prestadoras de servi\u00e7o de sa\u00fade.<\/p>\n<h3>Para fins da Receita Federal, o que \u00e9 considerado \u201cservi\u00e7o m\u00e9dico\u201d?<\/h3>\n<p>\u00c9 todo servi\u00e7o prestado por m\u00e9dico de qualquer especialidade, hospitais, terapeutas, terapeutas ocupacionais, servi\u00e7os de pr\u00f3teses ortop\u00e9dicas e dent\u00e1rias, psic\u00f3logos, fisioterapeutas, dentistas, fonoaudi\u00f3logos, hospitais, servi\u00e7os radiol\u00f3gicos, cl\u00ednicas m\u00e9dicas de qualquer especialidade, servi\u00e7os prestados por estabelecimento geri\u00e1trico e as entidades de ensino destinadas \u00e0 instru\u00e7\u00e3o de deficiente mental ou f\u00edsico.<\/p>\n<h3>Quando a Dmed foi institu\u00edda?<\/h3>\n<p>Essa declara\u00e7\u00e3o foi aprovada pela Instru\u00e7\u00e3o Normativa n\u00ba 985, de 22 de dezembro de 2009.<\/p>\n<h3>Todo profissional liberal \u00e9 obrigado a apresentar a Dmed?<\/h3>\n<p>N\u00e3o, s\u00f3 est\u00e1 obrigado a apresentar a declara\u00e7\u00e3o o profissional liberal equiparado \u00e0 pessoa jur\u00eddica.<\/p>\n<h3>O que deve ser informado na Dmed?<\/h3>\n<p>Devem constar nesta declara\u00e7\u00e3o os valores recebidos de pessoas f\u00edsicas relacionados ao pagamento de presta\u00e7\u00e3o de servi\u00e7os m\u00e9dicos e de sa\u00fade, e plano privado de assist\u00eancia \u00e0 sa\u00fade. No caso de valores recebidos, devem ser informados nome completo e n\u00famero de inscri\u00e7\u00e3o no Cadastro de Pessoas F\u00edsicas \u2013 CPF do respons\u00e1vel pelo pagamento; nome completo e n\u00famero do CPF do benefici\u00e1rio do servi\u00e7o (se o mesmo for menor de 18 anos e n\u00e3o possuir CPF, \u00e9 necess\u00e1rio informar nome de data de nascimento); e valor pago em reais.<\/p>\n<h3>Devem ser informados na Dmed os valores recebidos de empresas ou do Sistema \u00danico de Sa\u00fade \u2013 SUS?<\/h3>\n<p>N\u00e3o, n\u00e3o devem. S\u00f3 devem ser informados na Dmed os valores pagos de empresas e pessoas f\u00edsicas equiparadas a pessoas jur\u00eddicas.<\/p>\n<h3>Quem est\u00e1 dispensado da entrega da Dmed?<\/h3>\n<p>Est\u00e3o dispensadas de enviar a Dmed as empresas inativas; ativas, mas que n\u00e3o tenham prestado nenhum tipo de servi\u00e7o; e as que tenham prestado servi\u00e7os de sa\u00fade somente \u00e0s pessoas jur\u00eddicas.<\/p>\n<h3>O que acontece com que deixar de entregar a Dmed?<\/h3>\n<p>A falta de apresenta\u00e7\u00e3o da Dmed, ou o seu envio com incorre\u00e7\u00f5es ou omiss\u00f5es, pode gerar multa. Por apresenta\u00e7\u00e3o extempor\u00e2nea, o valor ser\u00e1 de R$ 5 mil por me?s-calenda?rio ou fra\u00e7\u00e3o, relativamente \u00e0s empresas que estiverem iniciando suas atividades, que sejam imunes ou isentas ou que, tenham apurado lucro presumido na \u00faltima Dmed apresentada. As empresas do Lucro Real ter\u00e3o de pagar R$ 1.500,00 por m\u00eas-calend\u00e1rio ou fra\u00e7\u00e3o.<\/p>\n<h3>E no caso de informa\u00e7\u00f5es erradas?<\/h3>\n<p>No caso de informa\u00e7\u00f5es inexatas, incompletas ou omitidas, ser\u00e1 estabelecida multa de <strong>5%, n\u00e3o inferior a R$ 100,00<\/strong>, do valor das transa\u00e7\u00f5es comerciais. Informar dados falsos ou omiti-los na Dmed \u00e9 infra\u00e7\u00e3o contra a ordem tribut\u00e1ria, prevista no artigo<strong> 2\u00ba da Lei n\u00ba 8.137\/1990<\/strong>, e pode ocasionar em deten\u00e7\u00e3o de seis meses a dois anos, al\u00e9m de multas.<\/p>\n<p>Importante lembrar que para entregar a <strong>Dmed \u00e9 obrigat\u00f3rio o uso do Certificado Digital<\/strong>, a ferramenta que garante autenticidade, validade jur\u00eddica e seguran\u00e7a aos documentos eletr\u00f4nicos.<\/p>\n<p>Como desde 2010, para enviar esta declara\u00e7\u00e3o \u00e9 necess\u00e1rio que pessoas f\u00edsicas e jur\u00eddicas fa\u00e7am uso desta tecnologia, \u00e9 importante que os mesmos fiquem atentos aos prazos de vencimentos do <strong>e-CPF ou do e-CNPJ<\/strong>, uma vez que a validade \u00e9 de, no m\u00e1ximo, tr\u00eas anos.<\/p>\n","protected":false},"excerpt":{"rendered":"<p>A Declara\u00e7\u00e3o de Servi\u00e7os M\u00e9dicos e de Sa\u00fade \u2013 Dmed deste ano precisa ser apresentada por todas as empresas ou pessoas f\u00edsicas equiparadas a pessoas jur\u00eddicas (aquelas que, em nome individual, tenha qualquer atividade econ\u00f4mica de natureza civil ou comercial, com o fim de lucro), at\u00e9 o dia 31 de mar\u00e7o de 2017, contendo as [&hellip;]<\/p>\n","protected":false},"author":3,"featured_media":1040,"comment_status":"open","ping_status":"open","sticky":false,"template":"","format":"standard","meta":{"jetpack_post_was_ever_published":false,"_jetpack_newsletter_access":"","_jetpack_dont_email_post_to_subs":false,"_jetpack_newsletter_tier_id":0,"_jetpack_memberships_contains_paywalled_content":false,"_jetpack_memberships_contains_paid_content":false,"footnotes":"","jetpack_publicize_message":"#Servi\u00e7os #M\u00e9dicos: A Dmed e o Imposto de Renda\n\nSaiba um pouco mais sobre a import\u00e2ncia desta declara\u00e7\u00e3o","jetpack_publicize_feature_enabled":true,"jetpack_social_post_already_shared":true,"jetpack_social_options":{"image_generator_settings":{"template":"highway","default_image_id":0,"font":"","enabled":false},"version":2}},"categories":[46],"tags":[443,106,444,445,108,229,115,446,447,111,448,164],"class_list":["post-1039","post","type-post","status-publish","format-standard","has-post-thumbnail","hentry","category-df","tag-certificado","tag-declaracao","tag-digital","tag-dmed","tag-imposto","tag-ir","tag-irpf","tag-medicos","tag-recibo","tag-renda","tag-saude","tag-servico"],"jetpack_publicize_connections":[],"jetpack_featured_media_url":"https:\/\/i0.wp.com\/cfcontabil.com\/cf\/wp-content\/uploads\/2017\/03\/DMED2017-1.png?fit=1024%2C768&ssl=1","jetpack_sharing_enabled":true,"jetpack_shortlink":"https:\/\/wp.me\/p2wklX-gL","jetpack-related-posts":[{"id":2976,"url":"https:\/\/cfcontabil.com\/cf\/desvendando-o-dedo-duro-do-imposto-de-renda-o-cruzamento-de-informacoes\/","url_meta":{"origin":1039,"position":0},"title":"Desvendando o &#8220;dedo-duro&#8221; do Imposto de Renda: O Cruzamento de Informa\u00e7\u00f5es","author":"Ab\u00edlio Gon\u00e7alves","date":"7 de maio de 2024","format":false,"excerpt":"Voc\u00ea j\u00e1 se perguntou como a Receita Federal consegue detectar inconsist\u00eancias, omiss\u00f5es, mentiras e fraudes na declara\u00e7\u00e3o de Imposto de Renda? O segredo est\u00e1 no eficiente mecanismo de cruzamento de informa\u00e7\u00f5es. Quando voc\u00ea submete sua declara\u00e7\u00e3o de IR, todas as informa\u00e7\u00f5es fornecidas s\u00e3o minuciosamente comparadas com os dados provenientes de\u2026","rel":"","context":"Em &quot;Geral&quot;","block_context":{"text":"Geral","link":"https:\/\/cfcontabil.com\/cf\/category\/geral\/"},"img":{"alt_text":"","src":"https:\/\/i0.wp.com\/cfcontabil.com\/cf\/wp-content\/uploads\/2024\/05\/cruzamento-cfcontabil.png?fit=1200%2C675&ssl=1&resize=350%2C200","width":350,"height":200,"srcset":"https:\/\/i0.wp.com\/cfcontabil.com\/cf\/wp-content\/uploads\/2024\/05\/cruzamento-cfcontabil.png?fit=1200%2C675&ssl=1&resize=350%2C200 1x, https:\/\/i0.wp.com\/cfcontabil.com\/cf\/wp-content\/uploads\/2024\/05\/cruzamento-cfcontabil.png?fit=1200%2C675&ssl=1&resize=525%2C300 1.5x, https:\/\/i0.wp.com\/cfcontabil.com\/cf\/wp-content\/uploads\/2024\/05\/cruzamento-cfcontabil.png?fit=1200%2C675&ssl=1&resize=700%2C400 2x, https:\/\/i0.wp.com\/cfcontabil.com\/cf\/wp-content\/uploads\/2024\/05\/cruzamento-cfcontabil.png?fit=1200%2C675&ssl=1&resize=1050%2C600 3x"},"classes":[]},{"id":1205,"url":"https:\/\/cfcontabil.com\/cf\/os-dedos-duros-do-ir-que-te-fazem-cair-na-malha-fina\/","url_meta":{"origin":1039,"position":1},"title":"Os dedos-duros do IR que te fazem cair na malha fina","author":"Ab\u00edlio Gon\u00e7alves","date":"12 de abril de 2016","format":false,"excerpt":"O contribuinte que est\u00e1 obrigado a declarar o Imposto de Renda (IR) 2016 precisa ter aten\u00e7\u00e3o redobrada ao preencher alguns dados da declara\u00e7\u00e3o que \"deduram\" ao Fisco eventuais omiss\u00f5es ou inconsist\u00eancias. A cada ano, a Receita Federal exige que mais empresas e entidades enviem informa\u00e7\u00f5es sobre as movimenta\u00e7\u00f5es dos contribuintes\u2026","rel":"","context":"Em &quot;Geral&quot;","block_context":{"text":"Geral","link":"https:\/\/cfcontabil.com\/cf\/category\/geral\/"},"img":{"alt_text":"","src":"","width":0,"height":0},"classes":[]},{"id":643,"url":"https:\/\/cfcontabil.com\/cf\/receita-esta-de-olho-ate-nas-redes-sociais\/","url_meta":{"origin":1039,"position":2},"title":"Receita est\u00e1 de olho at\u00e9 nas redes sociais","author":"Ab\u00edlio Gon\u00e7alves","date":"7 de mar\u00e7o de 2016","format":false,"excerpt":"Fisco monitora perfis na internet para evitar sonega\u00e7\u00e3o Postagens em redes sociais mostrando o dia a dia das pessoas podem render aos internautas muito mais do que algumas curtidas e coment\u00e1rios. A exibi\u00e7\u00e3o na web pode ganhar tamb\u00e9m a aten\u00e7\u00e3o da Receita Federal. Isso porque o Fisco est\u00e1 de olho\u2026","rel":"","context":"Em &quot;Geral&quot;","block_context":{"text":"Geral","link":"https:\/\/cfcontabil.com\/cf\/category\/geral\/"},"img":{"alt_text":"RedesSociais","src":"https:\/\/i0.wp.com\/cfcontabil.com\/cf\/wp-content\/uploads\/2016\/03\/RedesSociais.png?resize=350%2C200","width":350,"height":200,"srcset":"https:\/\/i0.wp.com\/cfcontabil.com\/cf\/wp-content\/uploads\/2016\/03\/RedesSociais.png?resize=350%2C200 1x, https:\/\/i0.wp.com\/cfcontabil.com\/cf\/wp-content\/uploads\/2016\/03\/RedesSociais.png?resize=525%2C300 1.5x"},"classes":[]},{"id":321,"url":"https:\/\/cfcontabil.com\/cf\/imposto-de-renda-pf-2013\/","url_meta":{"origin":1039,"position":3},"title":"Imposto de Renda PF 2013","author":"Ab\u00edlio Gon\u00e7alves","date":"20 de fevereiro de 2013","format":false,"excerpt":"Declara\u00e7\u00e3o de Ajuste do Imposto de Renda Pessoa F\u00edsica 2013 Se aproxima o dia da libera\u00e7\u00e3o do programa para elabora\u00e7\u00e3o da DIRPF 2013 (dispon\u00edvel em 25\/02 \u00e1s 8h) e o prazo para a entrega da declara\u00e7\u00e3o do exerc\u00edcio 2013 inicia em 01 de mar\u00e7o e encerra dia 30 de abril.\u2026","rel":"","context":"Em &quot;Geral&quot;","block_context":{"text":"Geral","link":"https:\/\/cfcontabil.com\/cf\/category\/geral\/"},"img":{"alt_text":"imposto de renda","src":"https:\/\/i0.wp.com\/mundoconectado.net\/wp-content\/uploads\/2013\/02\/entrega-do-imposto-de-renda.jpg?resize=350%2C200","width":350,"height":200,"srcset":"https:\/\/i0.wp.com\/mundoconectado.net\/wp-content\/uploads\/2013\/02\/entrega-do-imposto-de-renda.jpg?resize=350%2C200 1x, https:\/\/i0.wp.com\/mundoconectado.net\/wp-content\/uploads\/2013\/02\/entrega-do-imposto-de-renda.jpg?resize=525%2C300 1.5x"},"classes":[]},{"id":1234,"url":"https:\/\/cfcontabil.com\/cf\/contribuintes-devem-estar-atentos-aos-termos-do-ir\/","url_meta":{"origin":1039,"position":4},"title":"Contribuintes devem estar atentos aos termos do IR","author":"Ab\u00edlio Gon\u00e7alves","date":"8 de mar\u00e7o de 2017","format":false,"excerpt":"Na retifica\u00e7\u00e3o \u00e9 poss\u00edvel corrigir erros da declara\u00e7\u00e3o enviada Na hora de preencher a declara\u00e7\u00e3o de Imposto de Renda, a quantidade de termos cont\u00e1beis pode confundir quem deve informar os rendimentos \u00e0 Receita Federal. \u00c9 preciso estar atento a esses conceitos para evitar erros e multas por inconsist\u00eancias. Confira alguns\u2026","rel":"","context":"Em &quot;Departamento Fiscal&quot;","block_context":{"text":"Departamento Fiscal","link":"https:\/\/cfcontabil.com\/cf\/category\/df\/"},"img":{"alt_text":"","src":"https:\/\/i0.wp.com\/cfcontabil.com\/cf\/wp-content\/uploads\/2017\/03\/ir-2016-declaracao-retificadora_615x300.png?resize=350%2C200","width":350,"height":200,"srcset":"https:\/\/i0.wp.com\/cfcontabil.com\/cf\/wp-content\/uploads\/2017\/03\/ir-2016-declaracao-retificadora_615x300.png?resize=350%2C200 1x, https:\/\/i0.wp.com\/cfcontabil.com\/cf\/wp-content\/uploads\/2017\/03\/ir-2016-declaracao-retificadora_615x300.png?resize=525%2C300 1.5x"},"classes":[]},{"id":1227,"url":"https:\/\/cfcontabil.com\/cf\/prazo-para-entrega-da-dirf-se-encerra-em-27-de-fevereiro\/","url_meta":{"origin":1039,"position":5},"title":"Prazo para entrega da DIRF se encerra em 27 de fevereiro","author":"Ab\u00edlio Gon\u00e7alves","date":"23 de fevereiro de 2017","format":false,"excerpt":"Aten\u00e7\u00e3o: em alguns casos documento tem que ser entregue mesmo por quem n\u00e3o reteve IR O prazo para apresenta\u00e7\u00e3o da DIRF2017 se encerra as 23h59min59s, hor\u00e1rio de Bras\u00edlia, de 27 de fevereiro de 2017. A Receita Federal alerta que entre as hip\u00f3teses de obrigatoriedade de apresenta\u00e7\u00e3o da Declara\u00e7\u00e3o do Imposto\u2026","rel":"","context":"Em &quot;Departamento Pessoal&quot;","block_context":{"text":"Departamento Pessoal","link":"https:\/\/cfcontabil.com\/cf\/category\/dp\/"},"img":{"alt_text":"","src":"","width":0,"height":0},"classes":[]}],"jetpack_likes_enabled":true,"_links":{"self":[{"href":"https:\/\/cfcontabil.com\/cf\/wp-json\/wp\/v2\/posts\/1039","targetHints":{"allow":["GET"]}}],"collection":[{"href":"https:\/\/cfcontabil.com\/cf\/wp-json\/wp\/v2\/posts"}],"about":[{"href":"https:\/\/cfcontabil.com\/cf\/wp-json\/wp\/v2\/types\/post"}],"author":[{"embeddable":true,"href":"https:\/\/cfcontabil.com\/cf\/wp-json\/wp\/v2\/users\/3"}],"replies":[{"embeddable":true,"href":"https:\/\/cfcontabil.com\/cf\/wp-json\/wp\/v2\/comments?post=1039"}],"version-history":[{"count":0,"href":"https:\/\/cfcontabil.com\/cf\/wp-json\/wp\/v2\/posts\/1039\/revisions"}],"wp:featuredmedia":[{"embeddable":true,"href":"https:\/\/cfcontabil.com\/cf\/wp-json\/wp\/v2\/media\/1040"}],"wp:attachment":[{"href":"https:\/\/cfcontabil.com\/cf\/wp-json\/wp\/v2\/media?parent=1039"}],"wp:term":[{"taxonomy":"category","embeddable":true,"href":"https:\/\/cfcontabil.com\/cf\/wp-json\/wp\/v2\/categories?post=1039"},{"taxonomy":"post_tag","embeddable":true,"href":"https:\/\/cfcontabil.com\/cf\/wp-json\/wp\/v2\/tags?post=1039"}],"curies":[{"name":"wp","href":"https:\/\/api.w.org\/{rel}","templated":true}]}}