{"id":1045,"date":"2017-03-09T12:00:17","date_gmt":"2017-03-09T15:00:17","guid":{"rendered":"http:\/\/cfcontabil.com\/cf\/?p=1045"},"modified":"2017-03-09T12:00:17","modified_gmt":"2017-03-09T15:00:17","slug":"adesao-ao-parcelamento-especial-de-debitos-do-simples-nacional-se-encerra-no-proximo-dia-10","status":"publish","type":"post","link":"https:\/\/cfcontabil.com\/cf\/adesao-ao-parcelamento-especial-de-debitos-do-simples-nacional-se-encerra-no-proximo-dia-10\/","title":{"rendered":"Ades\u00e3o ao parcelamento especial de d\u00e9bitos do Simples Nacional se encerra no pr\u00f3ximo dia 10"},"content":{"rendered":"<p style=\"text-align: justify;\">O contribuinte que pretende aderir ao parcelamento especial de d\u00e9bitos do Simples Nacional inscritos em D\u00edvida Ativa da Uni\u00e3o (DAU) precisa estar atento. O prazo para ades\u00e3o a essa modalidade de parcelamento se encerra no pr\u00f3ximo dia 10 de mar\u00e7o. O parcelamento foi regulamentado pela Portaria PGFN n\u00b0 1.110 de 8 de dezembro de 2016.<\/p>\n<p>O contribuinte poder\u00e1 selecionar as inscri\u00e7\u00f5es em DAU que deseja parcelar e o pedido poder\u00e1 ser feito pelo devedor principal ou pelo correspons\u00e1vel. \u00c9 vedada a concess\u00e3o do parcelamento aos sujeitos passivos com fal\u00eancia decretada.<\/p>\n<p>A d\u00edvida ser\u00e1 consolidada na data do pedido de parcelamento e resultar\u00e1 da soma do valor principal, da multa de mora ou de of\u00edcio, dos juros de mora, e dos encargos legais. O valor das presta\u00e7\u00f5es ser\u00e1 obtido mediante divis\u00e3o da d\u00edvida consolidada em at\u00e9 120 parcelas, observado o valor m\u00ednimo de R$ 300 por parcela.<\/p>\n<p style=\"text-align: justify;\"><!--more--><\/p>\n<p>As presta\u00e7\u00f5es vencer\u00e3o no \u00faltimo dia \u00fatil de cada m\u00eas, inclusive a primeira. O pagamento das presta\u00e7\u00f5es dever\u00e1 ser efetuado exclusivamente mediante Documento de Arrecada\u00e7\u00e3o do Simples Nacional (DAS) emitido atrav\u00e9s do e-CAC da PGFN, pelo sistema de parcelamento da Procuradoria.<\/p>\n<p>Os contribuintes que possuem parcelamentos em curso, inclusive aqueles concedidos com base na Portaria PGFN n\u00b0 802\/2012, dever\u00e3o, antes de solicitar o pedido de ades\u00e3o ao parcelamento especial, desistir dos parcelamentos a que aderiram anteriormente. A desist\u00eancia pode ser feita por meio do e-CAC. Mais detalhes sobre o processo de desist\u00eancia podem ser obtidos clicando aqui.<\/p>\n<p>Aqueles que possuem d\u00e9bitos com exigibilidade suspensa por decis\u00e3o judicial dever\u00e3o apresentar \u201cRequerimento de Revis\u00e3o de D\u00edvida Inscrita&#8221;, para solicitar a altera\u00e7\u00e3o da situa\u00e7\u00e3o da inscri\u00e7\u00e3o em d\u00edvida ativa, e comprovar a desist\u00eancia expressa e irrevog\u00e1vel da a\u00e7\u00e3o judicial, e, cumulativamente, a ren\u00fancia a quaisquer alega\u00e7\u00f5es de direito sobre as quais se funde a a\u00e7\u00e3o judicial.<\/p>\n<p>Em ambos os casos, as medidas dever\u00e3o ser realizadas at\u00e9 o dia 10 de mar\u00e7o de 2017.<\/p>\n<p>Para aderir \u00e0 essa modalidade de pagamento, o contribuinte dever\u00e1 ir at\u00e9 o Portal e-CAC, selecionar a op\u00e7\u00e3o \u201cParcelamento\u201d e em seguida \u201cParcelamento Especial Simples Nacional\u201d.<\/p>\n<p>Fonte: PGFN<\/p>\n","protected":false},"excerpt":{"rendered":"<p>O contribuinte que pretende aderir ao parcelamento especial de d\u00e9bitos do Simples Nacional inscritos em D\u00edvida Ativa da Uni\u00e3o (DAU) precisa estar atento. O prazo para ades\u00e3o a essa modalidade de parcelamento se encerra no pr\u00f3ximo dia 10 de mar\u00e7o. O parcelamento foi regulamentado pela Portaria PGFN n\u00b0 1.110 de 8 de dezembro de 2016. [&hellip;]<\/p>\n","protected":false},"author":3,"featured_media":862,"comment_status":"open","ping_status":"open","sticky":false,"template":"","format":"standard","meta":{"jetpack_post_was_ever_published":false,"_jetpack_newsletter_access":"","_jetpack_dont_email_post_to_subs":false,"_jetpack_newsletter_tier_id":0,"_jetpack_memberships_contains_paywalled_content":false,"_jetpack_memberships_contains_paid_content":false,"footnotes":"","jetpack_publicize_message":"","jetpack_publicize_feature_enabled":true,"jetpack_social_post_already_shared":true,"jetpack_social_options":{"image_generator_settings":{"template":"highway","default_image_id":0,"font":"","enabled":false},"version":2}},"categories":[46],"tags":[449,450,451,432,211,113,441,213],"class_list":["post-1045","post","type-post","status-publish","format-standard","has-post-thumbnail","hentry","category-df","tag-ativa","tag-das","tag-dau","tag-divida","tag-nacional","tag-parcelamento","tag-pgfn","tag-simples"],"jetpack_publicize_connections":[],"jetpack_featured_media_url":"https:\/\/i0.wp.com\/cfcontabil.com\/cf\/wp-content\/uploads\/2017\/01\/simples-1.jpg?fit=520%2C271&ssl=1","jetpack_sharing_enabled":true,"jetpack_shortlink":"https:\/\/wp.me\/p2wklX-gR","jetpack-related-posts":[{"id":1249,"url":"https:\/\/cfcontabil.com\/cf\/pgfn-publica-regulamentacao-do-parcelamento-especial-de-debitos-previdenciarios-de-entes-federativos\/","url_meta":{"origin":1045,"position":0},"title":"PGFN publica regulamenta\u00e7\u00e3o do parcelamento especial de d\u00e9bitos previdenci\u00e1rios de entes federativos","author":"Ab\u00edlio Gon\u00e7alves","date":"3 de julho de 2017","format":false,"excerpt":"Parcelamento foi institu\u00eddo pela Medida Provis\u00f3ria n\u00b0 778\/2017 A Procuradoria-Geral da Fazenda Nacional (PGFN) publicou em 19 de junho de 2017 no Di\u00e1rio Oficial da Uni\u00e3o (DOU) a Portaria PGFN n\u00b0 645, de 16 de junho de 2017. O texto trata do parcelamento especial de d\u00e9bitos previdenci\u00e1rios junto \u00e0 Uni\u00e3o\u2026","rel":"","context":"Em &quot;Departamento Fiscal&quot;","block_context":{"text":"Departamento Fiscal","link":"https:\/\/cfcontabil.com\/cf\/category\/df\/"},"img":{"alt_text":"","src":"https:\/\/i0.wp.com\/cfcontabil.com\/cf\/wp-content\/uploads\/2016\/03\/dinheiro-1.jpg?fit=661%2C351&ssl=1&resize=350%2C200","width":350,"height":200,"srcset":"https:\/\/i0.wp.com\/cfcontabil.com\/cf\/wp-content\/uploads\/2016\/03\/dinheiro-1.jpg?fit=661%2C351&ssl=1&resize=350%2C200 1x, https:\/\/i0.wp.com\/cfcontabil.com\/cf\/wp-content\/uploads\/2016\/03\/dinheiro-1.jpg?fit=661%2C351&ssl=1&resize=525%2C300 1.5x"},"classes":[]},{"id":1237,"url":"https:\/\/cfcontabil.com\/cf\/adesoes-ao-prt-da-pgfn-ultrapassam-o-montante-de-r-23-bilhoes-no-primeiro-mes\/","url_meta":{"origin":1045,"position":1},"title":"Ades\u00f5es ao PRT da PGFN ultrapassam o montante de R$ 2,3 bilh\u00f5es no primeiro m\u00eas","author":"Ab\u00edlio Gon\u00e7alves","date":"8 de mar\u00e7o de 2017","format":false,"excerpt":"Mais de 8 mil contribuintes aderiram ao benef\u00edcio. Atente-se para as datas. No primeiro m\u00eas de ades\u00f5es ao Programa de Regulariza\u00e7\u00e3o Tribut\u00e1ria (PRT) da Procuradoria-Geral da Fazenda Nacional (PGFN) mais de 8 mil contribuintes aderiram ao programa, o que representa um montante que supera os R$ 2,3 bilh\u00f5es. O PRT\u2026","rel":"","context":"Em &quot;Departamento Fiscal&quot;","block_context":{"text":"Departamento Fiscal","link":"https:\/\/cfcontabil.com\/cf\/category\/df\/"},"img":{"alt_text":"","src":"https:\/\/i0.wp.com\/cfcontabil.com\/cf\/wp-content\/uploads\/2017\/02\/receita-federal-1-1.png?fit=702%2C325&ssl=1&resize=350%2C200","width":350,"height":200,"srcset":"https:\/\/i0.wp.com\/cfcontabil.com\/cf\/wp-content\/uploads\/2017\/02\/receita-federal-1-1.png?fit=702%2C325&ssl=1&resize=350%2C200 1x, https:\/\/i0.wp.com\/cfcontabil.com\/cf\/wp-content\/uploads\/2017\/02\/receita-federal-1-1.png?fit=702%2C325&ssl=1&resize=525%2C300 1.5x, https:\/\/i0.wp.com\/cfcontabil.com\/cf\/wp-content\/uploads\/2017\/02\/receita-federal-1-1.png?fit=702%2C325&ssl=1&resize=700%2C400 2x"},"classes":[]},{"id":2533,"url":"https:\/\/cfcontabil.com\/cf\/mei-tem-ate-31-de-agosto-de-2021-para-regularizar-seus-debitos\/","url_meta":{"origin":1045,"position":2},"title":"MEI tem at\u00e9 31 de agosto de 2021 para regularizar seus d\u00e9bitos","author":"Ab\u00edlio Gon\u00e7alves","date":"5 de agosto de 2021","format":false,"excerpt":"At\u00e9 o dia 31\/08\/2021, o MEI\u00a0poder\u00e1\u00a0regularizar\u00a0seus d\u00e9bitos (INSS, ISS e ICMS)\u00a0por meio de recolhimento em DAS, acessando o\u00a0PGMEI,\u00a0ou\u00a0parcelando.\u00a0 A\u00a0partir de setembro, a Receita Federal (RFB) encaminhar\u00e1\u00a0os d\u00e9bitos\u00a0apurados nas\u00a0Declara\u00e7\u00f5es Anuais Simplificadas para o Microempreendedor Individual\u00a0(DASN-Simei), n\u00e3o regularizados, para inscri\u00e7\u00e3o em D\u00edvida Ativa. O envio \u00e0 D\u00edvida Ativa ser\u00e1 da seguinte forma:\u2013\u2026","rel":"","context":"Em &quot;Geral&quot;","block_context":{"text":"Geral","link":"https:\/\/cfcontabil.com\/cf\/category\/geral\/"},"img":{"alt_text":"","src":"https:\/\/i0.wp.com\/cfcontabil.com\/cf\/wp-content\/uploads\/2017\/03\/mei-micro-empreendedor-individual-696x287-1.jpg?fit=696%2C287&ssl=1&resize=350%2C200","width":350,"height":200,"srcset":"https:\/\/i0.wp.com\/cfcontabil.com\/cf\/wp-content\/uploads\/2017\/03\/mei-micro-empreendedor-individual-696x287-1.jpg?fit=696%2C287&ssl=1&resize=350%2C200 1x, https:\/\/i0.wp.com\/cfcontabil.com\/cf\/wp-content\/uploads\/2017\/03\/mei-micro-empreendedor-individual-696x287-1.jpg?fit=696%2C287&ssl=1&resize=525%2C300 1.5x"},"classes":[]},{"id":1892,"url":"https:\/\/cfcontabil.com\/cf\/mp-do-contribuinte-legal-negociacao-de-dividas-junto-a-uniao\/","url_meta":{"origin":1045,"position":3},"title":"MP do Contribuinte Legal: negocia\u00e7\u00e3o de d\u00edvidas junto \u00e0 Uni\u00e3o","author":"Ab\u00edlio Gon\u00e7alves","date":"13 de novembro de 2019","format":false,"excerpt":"1\u00ba edital com os crit\u00e9rios de elegibilidade para ades\u00e3o a proposta de transa\u00e7\u00e3o tribut\u00e1ria junto \u00e0 PGFN dever\u00e1 ser publicado at\u00e9 o m\u00eas de dezembro Assinada no dia 16 de outubro, a Medida Provis\u00f3ria do Contribuinte Legal (MP n\u00ba 899\/2019) estabeleceu requisitos e condi\u00e7\u00f5es para a regulariza\u00e7\u00e3o e a resolu\u00e7\u00e3o\u2026","rel":"","context":"Em &quot;Departamento Fiscal&quot;","block_context":{"text":"Departamento Fiscal","link":"https:\/\/cfcontabil.com\/cf\/category\/df\/"},"img":{"alt_text":"","src":"https:\/\/i0.wp.com\/cfcontabil.com\/cf\/wp-content\/uploads\/2019\/11\/mp-contribuinte-legal.jpg?fit=678%2C452&ssl=1&resize=350%2C200","width":350,"height":200,"srcset":"https:\/\/i0.wp.com\/cfcontabil.com\/cf\/wp-content\/uploads\/2019\/11\/mp-contribuinte-legal.jpg?fit=678%2C452&ssl=1&resize=350%2C200 1x, https:\/\/i0.wp.com\/cfcontabil.com\/cf\/wp-content\/uploads\/2019\/11\/mp-contribuinte-legal.jpg?fit=678%2C452&ssl=1&resize=525%2C300 1.5x"},"classes":[]},{"id":2613,"url":"https:\/\/cfcontabil.com\/cf\/microempreendedores-individuais-mei-devem-regularizar-dividas-ate-31-de-agosto\/","url_meta":{"origin":1045,"position":4},"title":"Microempreendedores Individuais (MEI) devem regularizar d\u00edvidas at\u00e9 31 de agosto","author":"Ab\u00edlio Gon\u00e7alves","date":"10 de agosto de 2021","format":false,"excerpt":"Os Microempreendedores Individuais (MEI) que est\u00e3o devendo impostos, poder\u00e3o regularizar suas d\u00edvidas at\u00e9 o final deste m\u00eas. A situa\u00e7\u00e3o pode ser resolvida pelo pagamento dos d\u00e9bitos, utilizando o Documento de Arrecada\u00e7\u00e3o do Simples Nacional (DAS), ou parcelamento, que deve ser realizado at\u00e9 o dia 31\/08\/2021.\u00a0Tanto a emiss\u00e3o do DAS para\u2026","rel":"","context":"Em &quot;Geral&quot;","block_context":{"text":"Geral","link":"https:\/\/cfcontabil.com\/cf\/category\/geral\/"},"img":{"alt_text":"","src":"https:\/\/i0.wp.com\/cfcontabil.com\/cf\/wp-content\/uploads\/2020\/04\/MEI-1200x675-1.png?fit=1200%2C675&ssl=1&resize=350%2C200","width":350,"height":200,"srcset":"https:\/\/i0.wp.com\/cfcontabil.com\/cf\/wp-content\/uploads\/2020\/04\/MEI-1200x675-1.png?fit=1200%2C675&ssl=1&resize=350%2C200 1x, https:\/\/i0.wp.com\/cfcontabil.com\/cf\/wp-content\/uploads\/2020\/04\/MEI-1200x675-1.png?fit=1200%2C675&ssl=1&resize=525%2C300 1.5x, https:\/\/i0.wp.com\/cfcontabil.com\/cf\/wp-content\/uploads\/2020\/04\/MEI-1200x675-1.png?fit=1200%2C675&ssl=1&resize=700%2C400 2x, https:\/\/i0.wp.com\/cfcontabil.com\/cf\/wp-content\/uploads\/2020\/04\/MEI-1200x675-1.png?fit=1200%2C675&ssl=1&resize=1050%2C600 3x"},"classes":[]},{"id":1256,"url":"https:\/\/cfcontabil.com\/cf\/receita-federal-alerta-sobre-o-prazo-de-adesao-ao-parcelamento-de-debitos-dos-estados-do-distrito-federal-e-dos-municipios\/","url_meta":{"origin":1045,"position":5},"title":"Receita Federal alerta sobre o prazo de ades\u00e3o ao parcelamento de d\u00e9bitos dos Estados, do Distrito Federal e dos Munic\u00edpios","author":"Ab\u00edlio Gon\u00e7alves","date":"24 de julho de 2017","format":false,"excerpt":"O prazo para op\u00e7\u00e3o vai at\u00e9 31 de julho de 2017 O prazo de ades\u00e3o ao parcelamento das contribui\u00e7\u00f5es previdenci\u00e1rias de responsabilidade dos estados, do Distrito Federal e dos munic\u00edpios, de que trata a Medida Provis\u00f3ria n\u00ba 778, de 16 de maio de 2017 (PREM), termina em 31 de julho\u2026","rel":"","context":"Em &quot;Departamento Fiscal&quot;","block_context":{"text":"Departamento Fiscal","link":"https:\/\/cfcontabil.com\/cf\/category\/df\/"},"img":{"alt_text":"","src":"https:\/\/i0.wp.com\/cfcontabil.com\/cf\/wp-content\/uploads\/2017\/07\/PREM-1.png?fit=506%2C310&ssl=1&resize=350%2C200","width":350,"height":200},"classes":[]}],"jetpack_likes_enabled":true,"_links":{"self":[{"href":"https:\/\/cfcontabil.com\/cf\/wp-json\/wp\/v2\/posts\/1045","targetHints":{"allow":["GET"]}}],"collection":[{"href":"https:\/\/cfcontabil.com\/cf\/wp-json\/wp\/v2\/posts"}],"about":[{"href":"https:\/\/cfcontabil.com\/cf\/wp-json\/wp\/v2\/types\/post"}],"author":[{"embeddable":true,"href":"https:\/\/cfcontabil.com\/cf\/wp-json\/wp\/v2\/users\/3"}],"replies":[{"embeddable":true,"href":"https:\/\/cfcontabil.com\/cf\/wp-json\/wp\/v2\/comments?post=1045"}],"version-history":[{"count":0,"href":"https:\/\/cfcontabil.com\/cf\/wp-json\/wp\/v2\/posts\/1045\/revisions"}],"wp:featuredmedia":[{"embeddable":true,"href":"https:\/\/cfcontabil.com\/cf\/wp-json\/wp\/v2\/media\/862"}],"wp:attachment":[{"href":"https:\/\/cfcontabil.com\/cf\/wp-json\/wp\/v2\/media?parent=1045"}],"wp:term":[{"taxonomy":"category","embeddable":true,"href":"https:\/\/cfcontabil.com\/cf\/wp-json\/wp\/v2\/categories?post=1045"},{"taxonomy":"post_tag","embeddable":true,"href":"https:\/\/cfcontabil.com\/cf\/wp-json\/wp\/v2\/tags?post=1045"}],"curies":[{"name":"wp","href":"https:\/\/api.w.org\/{rel}","templated":true}]}}