{"id":1047,"date":"2017-03-10T05:00:34","date_gmt":"2017-03-10T08:00:34","guid":{"rendered":"http:\/\/cfcontabil.com\/cf\/?p=1047"},"modified":"2017-03-10T05:00:34","modified_gmt":"2017-03-10T08:00:34","slug":"rais-2016-declaracao-garante-pagamento-de-beneficios","status":"publish","type":"post","link":"https:\/\/cfcontabil.com\/cf\/rais-2016-declaracao-garante-pagamento-de-beneficios\/","title":{"rendered":"RAIS 2016 &#8211; Declara\u00e7\u00e3o garante pagamento de benef\u00edcios"},"content":{"rendered":"<p style=\"text-align: justify;\">Abono Salarial, FGTS e INSS s\u00e3o algumas das informa\u00e7\u00f5es que podem ser checadas pela RAIS.<\/p>\n<p style=\"text-align: justify;\">O prazo para entregar a Rela\u00e7\u00e3o Anual de Informa\u00e7\u00f5es Sociais (RAIS) de 2016 termina no pr\u00f3ximo dia 17 de mar\u00e7o.\u00a0 Os contribuintes com CNPJ ativo na Receita Federal em 2016, incluindo os Microempreendedores Individuais (MEI) com funcion\u00e1rio ou mesmo aqueles chegaram a contratar algum empregado pelo Cadastro de Empreendedor Individual (CEI) no ano passado s\u00e3o obrigados a entregar o documento, sob pena de multa. Mas voc\u00ea sabe para que serve a RAIS?<\/p>\n<p style=\"text-align: justify;\">Al\u00e9m de ser a base de dados mais completa sobre empregadores e trabalhadores formais no Brasil, ela \u00e9 a principal fonte de informa\u00e7\u00e3o do governo para a elabora\u00e7\u00e3o de pol\u00edticas p\u00fablicas de emprego e para o pagamento de benef\u00edcios. Por isso, a entrega do Relat\u00f3rio \u00e9 obrigat\u00f3ria desde grandes empresas com milhares de funcion\u00e1rios at\u00e9 pequenos neg\u00f3cios.<!--more--><\/p>\n<p style=\"text-align: justify;\">O coordenador-geral de Estat\u00edsticas do Minist\u00e9rio do Trabalho, M\u00e1rio Magalh\u00e3es, explica que pela RAIS o governo consegue identificar os setores que est\u00e3o empregando mais e os que est\u00e3o empregando menos, e as regi\u00f5es do Brasil onde a economia vai melhor ou pior. Tamb\u00e9m consegue ver quais as m\u00e9dias salariais de admiss\u00e3o. E tudo isso \u00e9 usado como subs\u00eddio para elaborar as pol\u00edticas de emprego, acompanhar seu desempenho e fazer avalia\u00e7\u00f5es posteriores. O banco de dados permite, por exemplo, que o governo veja se as pol\u00edticas adotadas foram capazes de gerar mais empregos ou aumentar a renda dos trabalhadores.<\/p>\n<p>O controle sobre os benef\u00edcios pagos aos trabalhadores tamb\u00e9m passa pela RAIS, uma ferramenta importante para a fiscaliza\u00e7\u00e3o do Minist\u00e9rio do Trabalho. \u00c9 da rela\u00e7\u00e3o de empregados declarados na RAIS, por exemplo, que sai a lista dos que receber\u00e3o o abono salarial do PIS\/Pasep. O chefe de divis\u00e3o do Departamento de Normatiza\u00e7\u00e3o do Minist\u00e9rio do Trabalho, Silvano de Jesus, explica que h\u00e1 casos em que o trabalhador tem direito ao benef\u00edcio, mas n\u00e3o consegue sacar porque o empregador n\u00e3o incluiu o trabalhador na RAIS ou n\u00e3o informou corretamente seus dados na declara\u00e7\u00e3o.<\/p>\n<p>\u201cQuando isso acontece, se o trabalhador ainda est\u00e1 na empresa, n\u00f3s aconselhamos que ele converse com o empregador para que seja feita a corre\u00e7\u00e3o e\/ou inclus\u00e3o dos dados na RAIS, possibilitando o recebimento do benef\u00edcio do abono salarial referente ao per\u00edodo trabalhado. Se ele n\u00e3o tiver \u00eaxito, a\u00ed recomendamos acionar o auditor fiscal do trabalho, que ir\u00e1 at\u00e9 a empresa para verificar essa e tamb\u00e9m todas as demais quest\u00f5es trabalhistas\u201d, explica Silvano.<\/p>\n<p>Como na declara\u00e7\u00e3o de cada empregado na RAIS deve constar seu sal\u00e1rio, \u00e9 poss\u00edvel checar tamb\u00e9m por esse banco de dados se os valores de recolhimento de FGTS e INSS est\u00e3o corretos. E essa informa\u00e7\u00e3o pode ainda ajudar o trabalhador no momento da aposentadoria.<\/p>\n<p>\u201c\u00c0s vezes o trabalhador perdeu a carteira de trabalho e, na hora de se aposentar, precisa comprovar tempo de v\u00ednculo empregat\u00edcio com as empresas por onde ele passou. Pela RAIS \u00e9 poss\u00edvel retirar um extrato desse v\u00ednculo e, desse modo, o tempo de emprego com carteira assinada do trabalhador fica registrado na RAIS\u201d.<\/p>\n<p>Declarar a RAIS \u00e9 simples e sem custo. Basta entrar no site www.rais.gov.br e baixar o programa da declara\u00e7\u00e3o. A pessoa s\u00f3 precisa ir preenchendo os dados no formul\u00e1rio. Ao final do preenchimento, se todas as informa\u00e7\u00f5es foram inseridas de maneira correta, o pr\u00f3prio programa sugere a grava\u00e7\u00e3o e a transmiss\u00e3o dos dados. E est\u00e1 pronta a declara\u00e7\u00e3o. Caso a declara\u00e7\u00e3o seja uma RAIS Negativa, ou seja, de estabelecimento que n\u00e3o possui nenhum empregado, o procedimento \u00e9 ainda mais f\u00e1cil. Nesse caso, o estabelecimento poder\u00e1 preencher o documento diretamente no site da RAIS, pelo formul\u00e1rio online RAIS Negativa.<\/p>\n<p>Mais informa\u00e7\u00f5es sobre como declarar a RAIS no site http:\/\/rais.gov.br<\/p>\n<p>Fonte: www.trabalho.gov.br<\/p>\n","protected":false},"excerpt":{"rendered":"<p>Abono Salarial, FGTS e INSS s\u00e3o algumas das informa\u00e7\u00f5es que podem ser checadas pela RAIS. O prazo para entregar a Rela\u00e7\u00e3o Anual de Informa\u00e7\u00f5es Sociais (RAIS) de 2016 termina no pr\u00f3ximo dia 17 de mar\u00e7o.\u00a0 Os contribuintes com CNPJ ativo na Receita Federal em 2016, incluindo os Microempreendedores Individuais (MEI) com funcion\u00e1rio ou mesmo aqueles [&hellip;]<\/p>\n","protected":false},"author":3,"featured_media":845,"comment_status":"open","ping_status":"open","sticky":false,"template":"","format":"standard","meta":{"jetpack_post_was_ever_published":false,"_jetpack_newsletter_access":"","_jetpack_dont_email_post_to_subs":false,"_jetpack_newsletter_tier_id":0,"_jetpack_memberships_contains_paywalled_content":false,"_jetpack_memberships_contains_paid_content":false,"footnotes":"","jetpack_publicize_message":"","jetpack_publicize_feature_enabled":true,"jetpack_social_post_already_shared":true,"jetpack_social_options":{"image_generator_settings":{"template":"highway","default_image_id":0,"font":"","enabled":false},"version":2}},"categories":[29],"tags":[452,235,299,336,185,453,52,165,45],"class_list":["post-1047","post","type-post","status-publish","format-standard","has-post-thumbnail","hentry","category-dp","tag-anual","tag-emprego","tag-informacoes","tag-ministerio","tag-rais","tag-relacao","tag-sociais","tag-trabalhador","tag-trabalho"],"jetpack_publicize_connections":[],"jetpack_featured_media_url":"https:\/\/i0.wp.com\/cfcontabil.com\/cf\/wp-content\/uploads\/2017\/01\/rais-1280x720-1.jpg?fit=1280%2C720&ssl=1","jetpack_sharing_enabled":true,"jetpack_shortlink":"https:\/\/wp.me\/p2wklX-gT","jetpack-related-posts":[{"id":844,"url":"https:\/\/cfcontabil.com\/cf\/entrega-da-rais-2016-sera-ate-dia-17-de-marco\/","url_meta":{"origin":1047,"position":0},"title":"Entrega da RAIS 2016 ser\u00e1 at\u00e9 dia 17 de mar\u00e7o","author":"Ab\u00edlio Gon\u00e7alves","date":"23 de janeiro de 2017","format":false,"excerpt":"Quem n\u00e3o cumprir o prazo pagar\u00e1 multa que pode chegar a R$ 42.641,00 O per\u00edodo para entrega da declara\u00e7\u00e3o da Rela\u00e7\u00e3o Anual de Informa\u00e7\u00f5es Sociais (RAIS) de 2016 iniciou no\u00a0dia 17 de janeiro e se estende at\u00e9 17 de mar\u00e7o. S\u00e3o obrigadas a preencher o documento todas as pessoas jur\u00eddicas\u2026","rel":"","context":"Em &quot;Departamento Pessoal&quot;","block_context":{"text":"Departamento Pessoal","link":"https:\/\/cfcontabil.com\/cf\/category\/dp\/"},"img":{"alt_text":"","src":"https:\/\/i0.wp.com\/cfcontabil.com\/cf\/wp-content\/uploads\/2017\/01\/rais-1280x720-1.jpg?fit=1200%2C675&ssl=1&resize=350%2C200","width":350,"height":200,"srcset":"https:\/\/i0.wp.com\/cfcontabil.com\/cf\/wp-content\/uploads\/2017\/01\/rais-1280x720-1.jpg?fit=1200%2C675&ssl=1&resize=350%2C200 1x, https:\/\/i0.wp.com\/cfcontabil.com\/cf\/wp-content\/uploads\/2017\/01\/rais-1280x720-1.jpg?fit=1200%2C675&ssl=1&resize=525%2C300 1.5x, https:\/\/i0.wp.com\/cfcontabil.com\/cf\/wp-content\/uploads\/2017\/01\/rais-1280x720-1.jpg?fit=1200%2C675&ssl=1&resize=700%2C400 2x, https:\/\/i0.wp.com\/cfcontabil.com\/cf\/wp-content\/uploads\/2017\/01\/rais-1280x720-1.jpg?fit=1200%2C675&ssl=1&resize=1050%2C600 3x"},"classes":[]},{"id":649,"url":"https:\/\/cfcontabil.com\/cf\/prazo-de-entrega-da-rais-termina-em-18marco\/","url_meta":{"origin":1047,"position":1},"title":"Prazo de Entrega da RAIS Termina em 18\/Mar\u00e7o","author":"Ab\u00edlio Gon\u00e7alves","date":"10 de mar\u00e7o de 2016","format":false,"excerpt":"Para o ano base 2015, o\u00a0prazo para a entrega da\u00a0RAIS \u2013 Rela\u00e7\u00e3o Anual de Informa\u00e7\u00f5es Sociais\u00a0encerra-se no dia 18\/03\/2016.\u00a0\u00a0O prazo n\u00e3o ser\u00e1 prorrogado. Segundo a Portaria n\u00ba 269, de 29 de dezembro de 2015, do Minist\u00e9rio do Trabalho e Emprego (MTE), a entrega da Rais n\u00e3o ser\u00e1 prorrogada. Assim, a\u2026","rel":"","context":"Em &quot;Departamento Pessoal&quot;","block_context":{"text":"Departamento Pessoal","link":"https:\/\/cfcontabil.com\/cf\/category\/dp\/"},"img":{"alt_text":"","src":"https:\/\/i0.wp.com\/cfcontabil.com\/cf\/wp-content\/uploads\/2016\/03\/rais-2016-2-2.jpg?fit=530%2C249&ssl=1&resize=350%2C200","width":350,"height":200,"srcset":"https:\/\/i0.wp.com\/cfcontabil.com\/cf\/wp-content\/uploads\/2016\/03\/rais-2016-2-2.jpg?fit=530%2C249&ssl=1&resize=350%2C200 1x, https:\/\/i0.wp.com\/cfcontabil.com\/cf\/wp-content\/uploads\/2016\/03\/rais-2016-2-2.jpg?fit=530%2C249&ssl=1&resize=525%2C300 1.5x"},"classes":[]},{"id":684,"url":"https:\/\/cfcontabil.com\/cf\/reta-final-para-enviar-a-rais\/","url_meta":{"origin":1047,"position":2},"title":"Reta final para enviar a RAIS","author":"Ab\u00edlio Gon\u00e7alves","date":"17 de mar\u00e7o de 2016","format":false,"excerpt":"N\u00e3o perca tempo! Encerra-se no dia 18 de mar\u00e7o o prazo para envio da RAIS. E\u00a0caso tenha d\u00favidas sobre a declara\u00e7\u00e3o, busque a assist\u00eancia de uma Contabilidade para auxili\u00e1-lo no preenchimento da Rela\u00e7\u00e3o Anual de Informa\u00e7\u00f5es Sociais (RAIS) \u2013 Ano-Base 2015. As declara\u00e7\u00f5es dever\u00e3o ser fornecidas pela internet, mediante utiliza\u00e7\u00e3o\u2026","rel":"","context":"Em &quot;Consultoria Empresarial&quot;","block_context":{"text":"Consultoria Empresarial","link":"https:\/\/cfcontabil.com\/cf\/category\/consultoria\/"},"img":{"alt_text":"","src":"https:\/\/i0.wp.com\/cfcontabil.com\/cf\/wp-content\/uploads\/2016\/03\/rais-2015-1.jpg?fit=358%2C200&ssl=1&resize=350%2C200","width":350,"height":200},"classes":[]},{"id":859,"url":"https:\/\/cfcontabil.com\/cf\/ministerio-do-trabalho-lanca-cartilha-para-esclarecer-duvidas-da-rais\/","url_meta":{"origin":1047,"position":3},"title":"Minist\u00e9rio do Trabalho lan\u00e7a cartilha para esclarecer d\u00favidas da RAIS","author":"Ab\u00edlio Gon\u00e7alves","date":"26 de janeiro de 2017","format":false,"excerpt":"Publica\u00e7\u00e3o serve para esclarecer d\u00favidas sobre como fazer a declara\u00e7\u00e3o de forma correta O Minist\u00e9rio do Trabalho acaba de lan\u00e7ar a Cartilha da Rais, para esclarecer d\u00favidas sobre como fazer a declara\u00e7\u00e3o anual de forma correta. Desde o dia 17 de janeiro est\u00e1 aberto o prazo para declarar as informa\u00e7\u00f5es\u2026","rel":"","context":"Em &quot;Departamento Pessoal&quot;","block_context":{"text":"Departamento Pessoal","link":"https:\/\/cfcontabil.com\/cf\/category\/dp\/"},"img":{"alt_text":"","src":"https:\/\/i0.wp.com\/cfcontabil.com\/cf\/wp-content\/uploads\/2017\/01\/rais-1280x720-1.jpg?fit=1200%2C675&ssl=1&resize=350%2C200","width":350,"height":200,"srcset":"https:\/\/i0.wp.com\/cfcontabil.com\/cf\/wp-content\/uploads\/2017\/01\/rais-1280x720-1.jpg?fit=1200%2C675&ssl=1&resize=350%2C200 1x, https:\/\/i0.wp.com\/cfcontabil.com\/cf\/wp-content\/uploads\/2017\/01\/rais-1280x720-1.jpg?fit=1200%2C675&ssl=1&resize=525%2C300 1.5x, https:\/\/i0.wp.com\/cfcontabil.com\/cf\/wp-content\/uploads\/2017\/01\/rais-1280x720-1.jpg?fit=1200%2C675&ssl=1&resize=700%2C400 2x, https:\/\/i0.wp.com\/cfcontabil.com\/cf\/wp-content\/uploads\/2017\/01\/rais-1280x720-1.jpg?fit=1200%2C675&ssl=1&resize=1050%2C600 3x"},"classes":[]},{"id":1758,"url":"https:\/\/cfcontabil.com\/cf\/publicada-portaria-que-substitui-o-caged-e-rais-pelo-esocial\/","url_meta":{"origin":1047,"position":4},"title":"Publicada portaria que substitui o CAGED e RAIS pelo eSocial","author":"Ab\u00edlio Gon\u00e7alves","date":"15 de outubro de 2019","format":false,"excerpt":"A partir da compet\u00eancia de janeiro 2020 As empresas ou pessoas f\u00edsicas equiparadas a empresas passam a ser obrigadas a substituir as declara\u00e7\u00f5es de CAGED mensal (Cadastro Geral de Empregados e Desempregados) e RAIS (Rela\u00e7\u00e3o Anual de Informa\u00e7\u00f5es Sociais) a partir do ano base 2019, onde eram realizadas a comunica\u00e7\u00e3o\u2026","rel":"","context":"Em &quot;Departamento Pessoal&quot;","block_context":{"text":"Departamento Pessoal","link":"https:\/\/cfcontabil.com\/cf\/category\/dp\/"},"img":{"alt_text":"","src":"https:\/\/i0.wp.com\/cfcontabil.com\/cf\/wp-content\/uploads\/2017\/01\/rais-1280x720-1.jpg?fit=1200%2C675&ssl=1&resize=350%2C200","width":350,"height":200,"srcset":"https:\/\/i0.wp.com\/cfcontabil.com\/cf\/wp-content\/uploads\/2017\/01\/rais-1280x720-1.jpg?fit=1200%2C675&ssl=1&resize=350%2C200 1x, https:\/\/i0.wp.com\/cfcontabil.com\/cf\/wp-content\/uploads\/2017\/01\/rais-1280x720-1.jpg?fit=1200%2C675&ssl=1&resize=525%2C300 1.5x, https:\/\/i0.wp.com\/cfcontabil.com\/cf\/wp-content\/uploads\/2017\/01\/rais-1280x720-1.jpg?fit=1200%2C675&ssl=1&resize=700%2C400 2x, https:\/\/i0.wp.com\/cfcontabil.com\/cf\/wp-content\/uploads\/2017\/01\/rais-1280x720-1.jpg?fit=1200%2C675&ssl=1&resize=1050%2C600 3x"},"classes":[]},{"id":1178,"url":"https:\/\/cfcontabil.com\/cf\/veja-as-obrigacoes-trabalhistas-a-serem-extintas-com-o-esocial\/","url_meta":{"origin":1047,"position":5},"title":"Veja as obriga\u00e7\u00f5es trabalhistas a serem extintas com o eSocial","author":"Ab\u00edlio Gon\u00e7alves","date":"13 de junho de 2017","format":false,"excerpt":"Com a implementa\u00e7\u00e3o, a transmiss\u00e3o das informa\u00e7\u00f5es ser\u00e1 feita de forma \u00fanica e centralizada Atualmente as informa\u00e7\u00f5es geradas pelos Departamentos Pessoais das empresas s\u00e3o transmitidas a diversos \u00f3rg\u00e3os diferentes, como a Caixa Econ\u00f4mica Federal (CEF), Instituto Nacional do Seguro Social (INSS), o Minist\u00e9rio da Previd\u00eancia (MPS), o Minist\u00e9rio do Trabalho\u2026","rel":"","context":"Em &quot;Departamento Pessoal&quot;","block_context":{"text":"Departamento Pessoal","link":"https:\/\/cfcontabil.com\/cf\/category\/dp\/"},"img":{"alt_text":"","src":"https:\/\/i0.wp.com\/cfcontabil.com\/cf\/wp-content\/uploads\/2016\/03\/E-social-1-1.jpg?fit=660%2C271&ssl=1&resize=350%2C200","width":350,"height":200,"srcset":"https:\/\/i0.wp.com\/cfcontabil.com\/cf\/wp-content\/uploads\/2016\/03\/E-social-1-1.jpg?fit=660%2C271&ssl=1&resize=350%2C200 1x, https:\/\/i0.wp.com\/cfcontabil.com\/cf\/wp-content\/uploads\/2016\/03\/E-social-1-1.jpg?fit=660%2C271&ssl=1&resize=525%2C300 1.5x"},"classes":[]}],"jetpack_likes_enabled":true,"_links":{"self":[{"href":"https:\/\/cfcontabil.com\/cf\/wp-json\/wp\/v2\/posts\/1047","targetHints":{"allow":["GET"]}}],"collection":[{"href":"https:\/\/cfcontabil.com\/cf\/wp-json\/wp\/v2\/posts"}],"about":[{"href":"https:\/\/cfcontabil.com\/cf\/wp-json\/wp\/v2\/types\/post"}],"author":[{"embeddable":true,"href":"https:\/\/cfcontabil.com\/cf\/wp-json\/wp\/v2\/users\/3"}],"replies":[{"embeddable":true,"href":"https:\/\/cfcontabil.com\/cf\/wp-json\/wp\/v2\/comments?post=1047"}],"version-history":[{"count":0,"href":"https:\/\/cfcontabil.com\/cf\/wp-json\/wp\/v2\/posts\/1047\/revisions"}],"wp:featuredmedia":[{"embeddable":true,"href":"https:\/\/cfcontabil.com\/cf\/wp-json\/wp\/v2\/media\/845"}],"wp:attachment":[{"href":"https:\/\/cfcontabil.com\/cf\/wp-json\/wp\/v2\/media?parent=1047"}],"wp:term":[{"taxonomy":"category","embeddable":true,"href":"https:\/\/cfcontabil.com\/cf\/wp-json\/wp\/v2\/categories?post=1047"},{"taxonomy":"post_tag","embeddable":true,"href":"https:\/\/cfcontabil.com\/cf\/wp-json\/wp\/v2\/tags?post=1047"}],"curies":[{"name":"wp","href":"https:\/\/api.w.org\/{rel}","templated":true}]}}