{"id":105,"date":"2012-08-02T11:23:41","date_gmt":"2012-08-02T14:23:41","guid":{"rendered":"http:\/\/cfcontabil.com\/cf\/?p=105"},"modified":"2012-08-02T11:23:41","modified_gmt":"2012-08-02T14:23:41","slug":"inovacao-com-midias-sociais","status":"publish","type":"post","link":"https:\/\/cfcontabil.com\/cf\/inovacao-com-midias-sociais\/","title":{"rendered":"&#8220;Inova\u00e7\u00e3o com M\u00eddias Sociais&#8221; #MidiasSociaisIF"},"content":{"rendered":"<p style=\"text-align: justify;\">Utilizar as m\u00eddias sociais \u00e9, por exemplo, para um blogueiro, extremamente essencial! A divulga\u00e7\u00e3o e promo\u00e7\u00e3o n\u00e3o \u00e9 mais unilateral! Este modelo est\u00e1 velho e \u00e9 preciso repensa-lo. E \u00e9 neste exemplo que atualmente as empresas est\u00e3o aprendendo que a interatividade \u00e9 a chave para bons neg\u00f3cios.<\/p>\n<p><img data-recalc-dims=\"1\" fetchpriority=\"high\" decoding=\"async\" class=\"alignnone\" title=\"M\u00eddias Sociais\" src=\"http:\/\/flammarion.files.wordpress.com\/2011\/04\/midias-sociais.jpg?resize=565%2C290\" alt=\"\" width=\"565\" height=\"290\" \/><\/p>\n<p style=\"text-align: center;\"><strong><span style=\"text-align: justify;\"><span style=\"font-size: 12px;\">&#8220;<\/span><em>Tem gente falando da sua empresa na internet e voc\u00ea precisa saber disso.&#8221;<\/em><\/span><\/strong><\/p>\n<p style=\"text-align: justify;\"><span style=\"text-align: justify;\">Este \u00e9 o tema apresentado ontem (1\u00ba), pelo\u00a0Instituto Fecom\u00e9rcio (IF) que iniciou ao ciclo de palestras direcionadas para empres\u00e1rios e gestores de neg\u00f3cios, na palestra <strong>Inova\u00e7\u00e3o com M\u00eddias Sociais<\/strong>, no audit\u00f3rio Parlamundi, da LBV. Com a presen\u00e7a do presidente do Sistema Fecom\u00e9rcio-DF, Adelmir Santana e dos palestrantes Waldez Ludwig, Marcelo Minutti e Fabio Seixas.<\/span><\/p>\n<p style=\"text-align: justify;\">A <a href=\"http:\/\/www.facebook.com\/cfcontabil\" target=\"_blank\" rel=\"noopener noreferrer\">CF Cont\u00e1bil<\/a> esteve presente com <a href=\"https:\/\/twitter.com\/cfcontabil\" target=\"_blank\" rel=\"noopener noreferrer\">Ab\u00edlio Gon\u00e7alves<\/a> e <a href=\"https:\/\/twitter.com\/VMoizinho\" target=\"_blank\" rel=\"noopener noreferrer\">Vincicius Moizinho<\/a>!<\/p>\n<p><!--more--><img data-recalc-dims=\"1\" decoding=\"async\" class=\"alignnone aligncenter\" title=\"M\u00eddias Sociais\" src=\"https:\/\/i0.wp.com\/www.sistemafecomerciodf.com.br\/portal\/images\/imgs_noticias\/midias-sociais.jpg?resize=490%2C300\" alt=\"\" width=\"490\" height=\"300\" \/><\/p>\n<blockquote>\n<div><a href=\"https:\/\/twitter.com\/fecomerciodf\" data-user-id=\"97954309\">@<strong>fecomerciodf<\/strong><\/a><\/div>\n<p>&#8220;\u00c9 uma honra abrir este encontro de m\u00eddias s\u00f3cias e o IF estar\u00e1 investindo neste caminho, sempre&#8221;, Elizabet Campos<\/p><\/blockquote>\n<h1>Os palestrantes:<\/h1>\n<p>&nbsp;<\/p>\n<div data-user-id=\"53247835\" data-screen-name=\"waldezludwig\"><a href=\"https:\/\/twitter.com\/waldezludwig\" data-send-impression-cookie=\"true\"><img data-recalc-dims=\"1\" decoding=\"async\" src=\"https:\/\/i0.wp.com\/twimg0-a.akamaihd.net\/profile_images\/308521940\/6b_normal.jpg?w=1170&#038;ssl=1\" alt=\"Waldez Luiz Ludwig\" \/><\/a>\u00a0<a href=\"https:\/\/twitter.com\/waldezludwig\" data-send-impression-cookie=\"true\"><s>@<\/s>waldezludwig<\/a><\/div>\n<div style=\"text-align: justify;\"><em>Waldez Luiz Ludwig \u00e9 professor, consultor em gest\u00e3o empresarial e palestrante. Rio de Janeiro &#8211; Brasil\u00a0\u00b7\u00a0<a href=\"http:\/\/www.ludwig.com.br\/\" rel=\"me nofollow noopener noreferrer\" target=\"_blank\">http:\/\/www.ludwig.com.br<\/a><\/em><\/div>\n<div><\/div>\n<div><\/div>\n<div data-user-id=\"1160561\" data-screen-name=\"fseixas\"><a href=\"https:\/\/twitter.com\/fseixas\" data-send-impression-cookie=\"true\"><img data-recalc-dims=\"1\" decoding=\"async\" src=\"https:\/\/i0.wp.com\/twimg0-a.akamaihd.net\/profile_images\/2162139093\/avatar_120x140_normal.jpg?w=1170&#038;ssl=1\" alt=\"Fabio Seixas\" \/><\/a>\u00a0<a href=\"https:\/\/twitter.com\/fseixas\" data-send-impression-cookie=\"true\"><s>@<\/s>fseixas<\/a><\/div>\n<div style=\"text-align: justify;\"><em>Passionate Entrepreneur. CEO at\u00a0<a href=\"https:\/\/twitter.com\/camiseteria\" rel=\"nofollow\"><s>@<\/s><strong>camiseteria<\/strong><\/a>, startup mentor at\u00a0<a href=\"https:\/\/twitter.com\/21212com\" rel=\"nofollow\"><s>@<\/s><strong>21212com<\/strong><\/a>, advisor partner at\u00a0<a href=\"https:\/\/twitter.com\/bloompa_news\" rel=\"nofollow\"><s>@<\/s><strong>bloompa_news<\/strong><\/a>, TEDx Speaker. Rio de Janeiro, Brasil\u00a0\u00b7\u00a0<a href=\"http:\/\/twitter.com\/camiseteria\" rel=\"me nofollow noopener noreferrer\" target=\"_blank\">http:\/\/twitter.com\/camiseteria<\/a><\/em><\/div>\n<div><\/div>\n<div><\/div>\n<div>\n<p><a href=\"https:\/\/i0.wp.com\/colunistas.ig.com.br\/tecnozilla\/files\/2009\/07\/Foto-Marcelo-Minutti-Tecnozilla-v2.png\"><img data-recalc-dims=\"1\" decoding=\"async\" title=\"Foto - Marcelo Minutti - Tecnozilla\" src=\"https:\/\/i0.wp.com\/colunistas.ig.com.br\/tecnozilla\/files\/2009\/07\/Foto-Marcelo-Minutti-Tecnozilla-v2.png?resize=48%2C48\" alt=\"\" width=\"48\" height=\"48\" \/><\/a>\u00a0<a href=\"twitter.com\/mminutti\" target=\"_blank\" rel=\"noopener noreferrer\">@mminutti<\/a><\/p>\n<p style=\"text-align: justify;\"><em>Rebelde digital, blogueiro, contador de hist\u00f3rias, f\u00e3 do Chewbacca e Cylon convertido. Consultor, empreendedor e professor de Estrat\u00e9gias Empresarias, Inova\u00e7\u00e3o e Comunica\u00e7\u00e3o Digital no Ibmec, IESB, PUC entre outras.\u00a0<a href=\"http:\/\/twitter.com\/mminutti\">twitter.com\/mminutti<\/a><\/em><\/p>\n<h1 style=\"text-align: justify;\">Principais momentos:<\/h1>\n<p>&nbsp;<\/p>\n<blockquote>\n<div><a href=\"https:\/\/twitter.com\/fecomerciodf\" data-user-id=\"97954309\"><s>@<\/s><strong>fecomerciodf<\/strong><\/a><\/div>\n<p>Presidente do Sistema Fecomercio DF\u00a0<a dir=\"ltr\" href=\"https:\/\/twitter.com\/adelmir_santana\"><s>@<\/s><strong>adelmir_santana<\/strong><\/a>\u00a0&#8220;\u00c9 uma honra ver o\u00a0<a dir=\"ltr\" href=\"https:\/\/twitter.com\/if_df\"><s>@<\/s><strong>IF_DF<\/strong><\/a>\u00a0inovando e discutindo as m\u00eddias sociais&#8221;,<a dir=\"ltr\" href=\"https:\/\/twitter.com\/search\/%23MidiasSociaisIF\" data-query-source=\"hashtag_click\"><s>#<\/s><strong>MidiasSociaisIF<\/strong><\/a><\/p><\/blockquote>\n<\/div>\n<blockquote>\n<div><a href=\"https:\/\/twitter.com\/fecomerciodf\" data-user-id=\"97954309\"><s>@<\/s><strong>fecomerciodf<\/strong><\/a><\/div>\n<p>Mais de 500 pessoas participam do\u00a0<a dir=\"ltr\" href=\"https:\/\/twitter.com\/search\/%23MidiasSociaisIF\" data-query-source=\"hashtag_click\"><s>#<\/s><strong>MidiasSociaisIF<\/strong><\/a>\u00a0aqui no audit\u00f3rio da LBV\u00a0<a dir=\"ltr\" href=\"http:\/\/t.co\/JLg4lh65\" data-pre-embedded=\"true\">pic.twitter.com\/JLg4lh65<\/a><\/p><\/blockquote>\n<p><img data-recalc-dims=\"1\" loading=\"lazy\" decoding=\"async\" class=\"alignnone\" title=\"Midias Sociais IF\" src=\"https:\/\/i0.wp.com\/p.twimg.com\/AzPuYq_CEAA4i2D.jpg?resize=600%2C448&#038;ssl=1\" alt=\"\" width=\"600\" height=\"448\" \/><\/p>\n<p style=\"text-align: justify;\"><strong>Primeira palestra<\/strong> com\u00a0Marcelo Minutti falando sobre a revolu\u00e7\u00e3o 2.0 que \u00e9 feita com as m\u00eddias sociais.<\/p>\n<blockquote>\n<div><a href=\"https:\/\/twitter.com\/cfcontabil\" data-user-id=\"217241762\"><s>@<\/s><strong>cfcontabil<\/strong><\/a><\/div>\n<p>Homo Digitalis &#8211; duas categorias: Ingressantes (\u00e9 n\u00f3s) e os Nativos (a Geovana!)\u00a0<a dir=\"ltr\" href=\"https:\/\/twitter.com\/VMoizinho\"><s>@<\/s><strong>VMoizinho<\/strong><\/a>\u00a0rs\u00a0<a dir=\"ltr\" href=\"https:\/\/twitter.com\/search\/%23MidiasSociaisIF\" data-query-source=\"hashtag_click\"><s>#<\/s><strong>MidiasSociaisIF<\/strong><\/a><\/p><\/blockquote>\n<p style=\"text-align: justify;\">Destacou que hoje temos 80 milh\u00f5es de internautas no Brasil e podemos ver uma revolu\u00e7\u00e3o que \u00e9 atualmente o facebook: precisou 9 meses para atingir 50 milh\u00f5es de usu\u00e1rios enquanto o r\u00e1dio levou 38 anos.<\/p>\n<blockquote>\n<div>\n<p><a href=\"https:\/\/twitter.com\/fecomerciodf\" data-user-id=\"97954309\"><s>@<\/s><strong>fecomerciodf<\/strong><\/a><a dir=\"ltr\" href=\"https:\/\/twitter.com\/search\/%23MidiasSociaisIF\" data-query-source=\"hashtag_click\"><s>#<\/s><strong>MidiasSociaisIF<\/strong><\/a>\u00a0&gt; perfil do consumidor conectado: 57% s\u00e3o geradores de conte\u00fado, 48% buscam opini\u00e3o, 21% fazem compras, 70% compartilham&#8230;<\/p>\n<\/div>\n<\/blockquote>\n<p><img data-recalc-dims=\"1\" loading=\"lazy\" decoding=\"async\" class=\"alignnone\" title=\"Marcelo Minutti Midias Sociais IF\" src=\"https:\/\/i0.wp.com\/p.twimg.com\/AzP6EvSCMAANK0j.jpg?resize=600%2C448&#038;ssl=1\" alt=\"\" width=\"600\" height=\"448\" \/><\/p>\n<blockquote>\n<div><a href=\"https:\/\/twitter.com\/Rbrandao\" data-user-id=\"17145758\"><s>@<\/s><strong>Rbrandao<\/strong><\/a><\/div>\n<p>Apenas 14% acrecitam em publicidade tradicional &#8211; Napa consulting group\u00a0<a dir=\"ltr\" href=\"https:\/\/twitter.com\/search\/%23midiassociaisif\" data-query-source=\"hashtag_click\"><s>#<\/s><strong>midiassociaisif<\/strong><\/a><\/p><\/blockquote>\n<div>Estamos na era da WEB 2.0 onde:<\/div>\n<blockquote>\n<div><a href=\"https:\/\/twitter.com\/rncarvalho\" data-user-id=\"89677179\"><s>@<\/s><strong>rncarvalho<\/strong><\/a><\/div>\n<p>78% das pessoas confiam em recomenda\u00e7\u00f5es de outras pessoas<a dir=\"ltr\" href=\"https:\/\/twitter.com\/search\/%23MidiasSociaisIF\" data-query-source=\"hashtag_click\"><s>#<\/s><strong>MidiasSociaisIF<\/strong><\/a><\/p><\/blockquote>\n<p>N\u00e3o existe bom comunicador ou vendedor, \u00e9 preciso que:<\/p>\n<blockquote>\n<div><a href=\"https:\/\/twitter.com\/cfcontabil\" data-user-id=\"217241762\"><s>@<\/s><strong>cfcontabil<\/strong><\/a><\/div>\n<p>A mensagem que deseja apresentar deve estar dentro do contexto do consumidor!\u00a0<a dir=\"ltr\" href=\"https:\/\/twitter.com\/search\/%23MidiasSociaisIF\" data-query-source=\"hashtag_click\"><s>#<\/s><strong>MidiasSociaisIF<\/strong><\/a><\/p><\/blockquote>\n<p>A viraliza\u00e7\u00e3o de um conte\u00fado acontece pois:<\/p>\n<blockquote>\n<div><a href=\"https:\/\/twitter.com\/cfcontabil\" data-user-id=\"217241762\"><s>@<\/s><strong>cfcontabil<\/strong><\/a><\/div>\n<p>Novos seguidores geram mais seguidores, n\u00e3o quem iniciou o movimento, o l\u00edder!\u00a0<a dir=\"ltr\" href=\"https:\/\/twitter.com\/search\/%23MidiasSociaisIF\" data-query-source=\"hashtag_click\"><s>#<\/s><strong>MidiasSociaisIF<\/strong><\/a>\u00a0Seja o primeiro seguidor!<\/p><\/blockquote>\n<p>Veja um exemplo claro e divertido sobre o primeiro seguidor!<\/p>\n<p>[youtube_video]http:\/\/youtu.be\/BjXW_hgbuH4[\/youtube_video]<\/p>\n<p><a title=\"O PRIMEIRO SEGUIDOR - YOUTUBE\" href=\"http:\/\/www.youtube.com\/watch?v=BjXW_hgbuH4\" target=\"_blank\" rel=\"noopener noreferrer\">http:\/\/www.youtube.com\/watch?v=BjXW_hgbuH4<\/a><\/p>\n<p>Portanto, conclui Marcelo Minutti, \u00e9 necess\u00e1rio come\u00e7ar do jeito certo! Veja:<\/p>\n<p><img data-recalc-dims=\"1\" loading=\"lazy\" decoding=\"async\" class=\"alignnone\" title=\"Midias Sociais IF\" src=\"https:\/\/i0.wp.com\/p.twimg.com\/AzP3muUCYAAa76_.jpg?resize=600%2C450&#038;ssl=1\" alt=\"\" width=\"600\" height=\"450\" \/><\/p>\n<p>Encerra a apresenta\u00e7\u00e3o com a cita\u00e7\u00e3o:<\/p>\n<blockquote>\n<div><a href=\"https:\/\/twitter.com\/VMoizinho\" data-user-id=\"89513950\"><s>@<\/s><strong>VMoizinho<\/strong><\/a><\/div>\n<p>&#8220;A melhor maneira de prever o futuro \u00e9 cria-lo&#8221; (Peter Drucker)<a dir=\"ltr\" href=\"https:\/\/twitter.com\/search\/%23midiassociaisif\" data-query-source=\"hashtag_click\"><s>#<\/s><strong>midiassociaisif<\/strong><\/a><\/p><\/blockquote>\n<p><img data-recalc-dims=\"1\" loading=\"lazy\" decoding=\"async\" class=\"alignnone\" title=\"F\u00e1bio Seixas Midias Sociais IF\" src=\"https:\/\/i0.wp.com\/p.twimg.com\/AzP7vbRCEAAWLai.jpg?resize=600%2C337&#038;ssl=1\" alt=\"\" width=\"600\" height=\"337\" \/><\/p>\n<p style=\"text-align: justify;\"><strong>Segunda palestra<\/strong> com\u00a0empreendedor F\u00e1bio Seixas\u00a0do\u00a0<a dir=\"ltr\" href=\"https:\/\/twitter.com\/Camiseteria\"><s>@<\/s><strong>Camiseteria<\/strong><\/a>, com o tema &#8220;inovando no com\u00e9rico eletr\u00f4nico&#8221;.<\/p>\n<blockquote>\n<div><a href=\"https:\/\/twitter.com\/Rbrandao\" data-user-id=\"17145758\"><s>@<\/s><strong>Rbrandao<\/strong><\/a><\/div>\n<p>&#8220;A\u00a0<a dir=\"ltr\" href=\"https:\/\/twitter.com\/Camiseteria\"><s>@<\/s><strong>camiseteria<\/strong><\/a>\u00a0\u00e9 minha 4a. empresa. Ou seja, j\u00e1 quebrei 3.&#8221; via<a dir=\"ltr\" href=\"https:\/\/twitter.com\/fseixas\"><s>@<\/s><strong>fseixas<\/strong><\/a>\u00a0<a dir=\"ltr\" href=\"https:\/\/twitter.com\/search\/%23midiassociaisif\" data-query-source=\"hashtag_click\"><s>#<\/s><strong>midiassociaisif<\/strong><\/a><\/p><\/blockquote>\n<p style=\"text-align: justify;\">Destaca que:<\/p>\n<blockquote>\n<div><a href=\"https:\/\/twitter.com\/rncarvalho\" data-user-id=\"89677179\"><s>@<\/s><strong>rncarvalho<\/strong><\/a><\/div>\n<p>Um dos principais pilares da\u00a0<a dir=\"ltr\" href=\"https:\/\/twitter.com\/Camiseteria\"><s>@<\/s><strong>camiseteria<\/strong><\/a>: Ser uma empresa participativa\u00a0<a dir=\"ltr\" href=\"https:\/\/twitter.com\/fseixas\"><s>@<\/s><strong>fseixas<\/strong><\/a>\u00a0<a dir=\"ltr\" href=\"https:\/\/twitter.com\/search\/%23MidiasSociaisIF\" data-query-source=\"hashtag_click\"><s>#<\/s><strong>MidiasSociaisIF<\/strong><\/a><\/p><\/blockquote>\n<p>Por isso o:<\/p>\n<blockquote>\n<div><a href=\"https:\/\/twitter.com\/renatotn\" data-user-id=\"42130674\"><s>@<\/s><strong>renatotn<\/strong><\/a><\/div>\n<p><a dir=\"ltr\" href=\"https:\/\/twitter.com\/search\/%23midiassociaisif\" data-query-source=\"hashtag_click\"><s>#<\/s><strong>midiassociaisif<\/strong><\/a>\u00a0segredo do sucesso do camiseteria: &#8220;seja ou ofere\u00e7a o servi\u00e7o de uma empresa q vc gostaria de freq\u00fcentar&#8221;<\/p><\/blockquote>\n<p>\u00c9 preciso conhecer a rede onde sua empresa vai estar e como agir, deu como exemplo que:<\/p>\n<blockquote>\n<div><a href=\"https:\/\/twitter.com\/carlosmachado\" data-user-id=\"16904098\"><s>@<\/s><strong>carlosmachado<\/strong><\/a><\/div>\n<p>A vida \u00fatil de um tweet \u00e9 de 7 minutos,\u00a0<a dir=\"ltr\" href=\"https:\/\/twitter.com\/fseixas\"><s>@<\/s><strong>fseixas<\/strong><\/a>\u00a0disse informa\u00e7\u00e3o no<a dir=\"ltr\" href=\"https:\/\/twitter.com\/search\/%23MidiasSociaisIF\" data-query-source=\"hashtag_click\"><s>#<\/s><strong>MidiasSociaisIF<\/strong><\/a><\/p><\/blockquote>\n<p><span style=\"text-align: justify;\">Encerrou contando alguns casos da @camiseteria e suas a\u00e7\u00f5es diante do mercado virtual.<\/span><\/p>\n<p><img data-recalc-dims=\"1\" loading=\"lazy\" decoding=\"async\" class=\"alignnone\" title=\"Waldez Ludwig M\u00eddias Sociais IF\" src=\"https:\/\/i0.wp.com\/p.twimg.com\/AzP_vhaCYAAt4zN.jpg?resize=600%2C337&#038;ssl=1\" alt=\"\" width=\"600\" height=\"337\" \/><\/p>\n<p style=\"text-align: justify;\"><strong>Palestra magna<\/strong> com Waldez Ludwig, com o tema <em>Inova\u00e7\u00e3o com M\u00eddias Sociais<\/em>.<\/p>\n<blockquote>\n<div><a href=\"https:\/\/twitter.com\/jornalistadosol\" data-user-id=\"58988465\"><s>@<\/s><strong>jornalistadosol<\/strong><\/a><\/div>\n<p>Agora palestra magna do @wagnerludwig no\u00a0<a dir=\"ltr\" href=\"https:\/\/twitter.com\/search\/%23MidiasSociaisIF\" data-query-source=\"hashtag_click\"><s>#<\/s><strong>MidiasSociaisIF<\/strong><\/a>\u00a0que come\u00e7a falando sobre curr\u00edculo de inform\u00e1tica e nada \u00e9 a mesma coisa rss<\/p><\/blockquote>\n<p>Destacou que:<\/p>\n<blockquote>\n<div><a href=\"https:\/\/twitter.com\/cfcontabil\" data-user-id=\"217241762\">?<s>@<\/s><strong>cfcontabil<\/strong><\/a><\/div>\n<p>58% das pessoas trabalham odeiam trabalhar!\u00a0<a dir=\"ltr\" href=\"https:\/\/twitter.com\/waldezludwig\"><s>@<\/s><strong>waldezludwig<\/strong><\/a><a dir=\"ltr\" href=\"https:\/\/twitter.com\/search\/%23midiassociaisif\" data-query-source=\"hashtag_click\"><s>#<\/s><strong>midiassociaisif<\/strong><\/a><\/p><\/blockquote>\n<p>E muitas vezes acontece de um:<\/p>\n<blockquote>\n<div><a href=\"https:\/\/twitter.com\/cfcontabil\" data-user-id=\"217241762\"><s>@<\/s><strong>cfcontabil<\/strong><\/a><\/div>\n<p>Funcion\u00e1rio tem unha encravada e j\u00e1 pede per\u00edcia para ganhar aposentadoria!\u00a0<a dir=\"ltr\" href=\"https:\/\/twitter.com\/search\/%23comedia\" data-query-source=\"hashtag_click\"><s>#<\/s><strong>comedia<\/strong><\/a>\u00a0<a dir=\"ltr\" href=\"https:\/\/twitter.com\/waldezludwig\"><s>@<\/s><strong>waldezludwig<\/strong><\/a>\u00a0<a dir=\"ltr\" href=\"https:\/\/twitter.com\/search\/%23midiassociaisif\" data-query-source=\"hashtag_click\"><s>#<\/s><strong>midiassociaisif<\/strong><\/a><\/p><\/blockquote>\n<p>Exemplo de sucesso, investir em pessoas:<\/p>\n<blockquote>\n<div><a href=\"https:\/\/twitter.com\/cfcontabil\" data-user-id=\"217241762\"><s>@<\/s><strong>cfcontabil<\/strong><\/a><\/div>\n<p>300 funcion\u00e1rios no facebook, quantos funcion\u00e1rios tem o GDF???<a dir=\"ltr\" href=\"https:\/\/twitter.com\/waldezludwig\"><s>@<\/s><strong>waldezludwig<\/strong><\/a>\u00a0<a dir=\"ltr\" href=\"https:\/\/twitter.com\/search\/%23midiassociaisif\" data-query-source=\"hashtag_click\"><s>#<\/s><strong>midiassociaisif<\/strong><\/a><\/p><\/blockquote>\n<p>Sobre inova\u00e7\u00e3o:<\/p>\n<blockquote>\n<div><a href=\"https:\/\/twitter.com\/fecomerciodf\" data-user-id=\"97954309\"><s>@<\/s><strong>fecomerciodf<\/strong><\/a><\/div>\n<p><a dir=\"ltr\" href=\"https:\/\/twitter.com\/search\/%23MidiasSociaisIF\" data-query-source=\"hashtag_click\"><s>#<\/s><strong>MidiasSociaisIF<\/strong><\/a>\u00a0&gt; A verdade nao \u00e9 aquilo que pode ser dita. Pergunte e ouse sempre\u00a0<a dir=\"ltr\" href=\"https:\/\/twitter.com\/waldezludwig\"><s>@<\/s><strong>waldezludwig<\/strong><\/a>\u00a0<a dir=\"ltr\" href=\"https:\/\/twitter.com\/search\/%23MidiasSociaisIF\" data-query-source=\"hashtag_click\"><s>#<\/s><strong>MidiasSociaisIF<\/strong><\/a><\/p><\/blockquote>\n<p>E falou sobre o que n\u00e3o \u00e9 inova\u00e7\u00e3o:<\/p>\n<blockquote>\n<div><a href=\"https:\/\/twitter.com\/cfcontabil\" data-user-id=\"217241762\"><s>@<\/s><strong>cfcontabil<\/strong><\/a><\/div>\n<p>Voc\u00ea sabe o que est\u00e1 fazendo? N\u00c3O FA\u00c7A! Porque j\u00e1 \u00e9 velho!<a dir=\"ltr\" href=\"https:\/\/twitter.com\/waldezludwig\"><s>@<\/s><strong>waldezludwig<\/strong><\/a>\u00a0<a dir=\"ltr\" href=\"https:\/\/twitter.com\/search\/%23midiassociaisif\" data-query-source=\"hashtag_click\"><s>#<\/s><strong>midiassociaisif<\/strong><\/a><\/p><\/blockquote>\n<p>Temos um novo guru:<\/p>\n<blockquote>\n<div><a href=\"https:\/\/twitter.com\/cfcontabil\" data-user-id=\"217241762\"><s>@<\/s><strong>cfcontabil<\/strong><\/a><\/div>\n<p>Hoje ningu\u00e9m sai mais sem consultar o Google! O novo or\u00e1culo!<a dir=\"ltr\" href=\"https:\/\/twitter.com\/waldezludwig\"><s>@<\/s><strong>waldezludwig<\/strong><\/a>\u00a0<a dir=\"ltr\" href=\"https:\/\/twitter.com\/search\/%23midiassociaisif\" data-query-source=\"hashtag_click\"><s>#<\/s><strong>midiassociaisif<\/strong><\/a><\/p><\/blockquote>\n<p><img data-recalc-dims=\"1\" loading=\"lazy\" decoding=\"async\" class=\"alignnone aligncenter\" title=\"Google Midias Sociais IF\" src=\"https:\/\/i0.wp.com\/engrenagensweb.com\/wp-content\/uploads\/2010\/03\/google_futuro-300x225.jpg?resize=300%2C225\" alt=\"\" width=\"300\" height=\"225\" \/><\/p>\n<p>O sucesso na comunica\u00e7\u00e3o n\u00e3o \u00e9 muitas informa\u00e7\u00f5es:<\/p>\n<blockquote>\n<div><a href=\"https:\/\/twitter.com\/neto_rodrigues\" data-user-id=\"44154176\"><s>@<\/s><strong>neto_rodrigues<\/strong><\/a><\/div>\n<p>N\u00e3o adianta ter muita informa\u00e7\u00e3o sem ter conhecimento (Waldez Ludwig)\u00a0<a dir=\"ltr\" href=\"https:\/\/twitter.com\/search\/%23midiassociaisif\" data-query-source=\"hashtag_click\"><s>#<\/s><strong>midiassociaisif<\/strong><\/a><\/p><\/blockquote>\n<p>Todos somos respons\u00e1veis e detentores do conhecimento:<\/p>\n<blockquote>\n<div><a href=\"https:\/\/twitter.com\/VMoizinho\" data-user-id=\"89513950\"><s>@<\/s><strong>VMoizinho<\/strong><\/a><\/div>\n<p>RT\u00a0<a dir=\"ltr\" href=\"https:\/\/twitter.com\/jornalistadosol\"><s>@<\/s><strong>jornalistadosol<\/strong><\/a>: Socialismo por uma via inusitada: a das m\u00eddias sociais. Os Oper\u00e1rios, os produtores tb s\u00e3o donos\u00a0<a dir=\"ltr\" href=\"https:\/\/twitter.com\/search\/%23MidiasSociaisIF\" data-query-source=\"hashtag_click\"><s>#<\/s><strong>MidiasSociaisIF<\/strong><\/a><\/p><\/blockquote>\n<p><img loading=\"lazy\" decoding=\"async\" class=\"alignnone\" title=\"Midias Sociais IF\" src=\"https:\/\/instagr.am\/p\/NzjLDOjTov\/media\/?size=l\" alt=\"\" width=\"612\" height=\"612\" \/><\/p>\n<p>N\u00e3o quer se expor nas m\u00eddias sociais? Segue a dica de @waldezludwig:<\/p>\n<blockquote>\n<div><a href=\"https:\/\/twitter.com\/cfcontabil\" data-user-id=\"217241762\"><s>@<\/s><strong>cfcontabil<\/strong><\/a><\/div>\n<p>xerofilia: amor pela c\u00f3pia. Digitalizou: j\u00e1 era! Quer que a coisa seja sua? N\u00c3O DIGITALIZA! kkkk\u00a0<a dir=\"ltr\" href=\"https:\/\/twitter.com\/waldezludwig\"><s>@<\/s><strong>waldezludwig<\/strong><\/a>\u00a0<a dir=\"ltr\" href=\"https:\/\/twitter.com\/search\/%23midiassociaisif\" data-query-source=\"hashtag_click\"><s>#<\/s><strong>midiassociaisif<\/strong><\/a><\/p><\/blockquote>\n<p>Hoje n\u00e3o \u00e9 importante a grife ou status da empresa, e sim a MARCA:<\/p>\n<blockquote>\n<div><a href=\"https:\/\/twitter.com\/cfcontabil\" data-user-id=\"217241762\"><s>@<\/s><strong>cfcontabil<\/strong><\/a><\/div>\n<p>*A marca \u00e9 um sentimento que as pessoas tem de voc\u00ea &#8211; marty neumeier<\/p><\/blockquote>\n<p>E \u00e9 por isso que:<\/p>\n<blockquote>\n<div><a href=\"https:\/\/twitter.com\/cfcontabil\" data-user-id=\"217241762\"><s>@<\/s><strong>cfcontabil<\/strong><\/a><\/div>\n<p>Ningu\u00e9m vende &#8211; Algu\u00e9m \u00e9 que compra\u00a0<a dir=\"ltr\" href=\"https:\/\/twitter.com\/waldezludwig\"><s>@<\/s><strong>waldezludwig<\/strong><\/a><a dir=\"ltr\" href=\"https:\/\/twitter.com\/search\/%23midiassociaisif\" data-query-source=\"hashtag_click\"><s>#<\/s><strong>midiassociaisif<\/strong><\/a><\/p><\/blockquote>\n<p>Ningu\u00e9m \u00e9 100% em tudo, \u00e9 preciso se especializar, ser bom em alguma coisa, pois:<\/p>\n<blockquote>\n<div><a href=\"https:\/\/twitter.com\/cfcontabil\" data-user-id=\"217241762\"><s>@<\/s><strong>cfcontabil<\/strong><\/a><\/div>\n<p>Quem tira dez em tudo n\u00e3o sabe fazer nada! \u00c9 preciso\u00a0<a dir=\"ltr\" href=\"https:\/\/twitter.com\/search\/%23taento\" data-query-source=\"hashtag_click\"><s>#<\/s><strong>talento<\/strong><\/a><a dir=\"ltr\" href=\"https:\/\/twitter.com\/search\/%23midiassociaisif\" data-query-source=\"hashtag_click\"><s>#<\/s><strong>midiassociaisif<\/strong><\/a>\u00a0<a dir=\"ltr\" href=\"https:\/\/twitter.com\/waldezludwig\"><s>@<\/s><strong>waldezludwig<\/strong><\/a>\u00a0<a dir=\"ltr\" href=\"http:\/\/t.co\/VQJhpiKg\" data-pre-embedded=\"true\">pic.twitter.com\/VQJhpiKg<\/a><\/p><\/blockquote>\n<p><img loading=\"lazy\" decoding=\"async\" class=\"alignnone\" title=\"Talento Midias Sociais\" src=\"https:\/\/p.twimg.com\/AzQPnO-CYAIUvVw.jpg:large\" alt=\"\" width=\"1000\" height=\"562\" \/><\/p>\n<blockquote>\n<div><a href=\"https:\/\/twitter.com\/VMoizinho\" data-user-id=\"89513950\"><s>@<\/s><strong>VMoizinho<\/strong><\/a><\/div>\n<p>&#8220;Talento \u00e9 aquilo que voc\u00ea faz que os outros acham que voc\u00ea faz melhor que os outros.&#8221;\u00a0<a dir=\"ltr\" href=\"https:\/\/twitter.com\/if_df\"><s>@<\/s><strong>if_df<\/strong><\/a>\u00a0<a dir=\"ltr\" href=\"https:\/\/twitter.com\/fecomerciodf\"><s>@<\/s><strong>fecomerciodf<\/strong><\/a>\u00a0<a dir=\"ltr\" href=\"https:\/\/twitter.com\/waldezludwig\"><s>@<\/s><strong>waldezludwig<\/strong><\/a><a dir=\"ltr\" href=\"https:\/\/twitter.com\/search\/%23midiassociaisif\" data-query-source=\"hashtag_click\"><s>#<\/s><strong>midiassociaisif<\/strong><\/a><\/p><\/blockquote>\n<p>Uma id\u00e9ia inovadora \u00e9 v\u00e1lida quando a o consentimento da equipe, atrav\u00e9s da conversa e exposi\u00e7\u00e3o dos objetivos, pois:<\/p>\n<blockquote>\n<div><a href=\"https:\/\/twitter.com\/cfcontabil\" data-user-id=\"217241762\"><s>@<\/s><strong>cfcontabil<\/strong><\/a><\/div>\n<p>No caso de inova\u00e7\u00e3o, n\u00e3o coloque em vota\u00e7\u00e3o um rol de id\u00e9ias, pois a pior id\u00e9ia vai ganhar, \u00e9 a da maioria!\u00a0<a dir=\"ltr\" href=\"https:\/\/twitter.com\/search\/%23midiassociaisif\" data-query-source=\"hashtag_click\"><s>#<\/s><strong>midiassociaisif<\/strong><\/a><\/p><\/blockquote>\n<p>Saiba que:<\/p>\n<blockquote>\n<div><a href=\"https:\/\/twitter.com\/cfcontabil\" data-user-id=\"217241762\"><s>@<\/s><strong>cfcontabil<\/strong><\/a><\/div>\n<p>As melhores id\u00e9ias s\u00e3o de pessoas malucas! Santos Dumont disse vou voar! Como? N\u00e3o tenho a menor id\u00e9ia! kkk\u00a0<a dir=\"ltr\" href=\"https:\/\/twitter.com\/search\/%23midiassociaisif\" data-query-source=\"hashtag_click\"><s>#<\/s><strong>midiassociaisif<\/strong><\/a><a dir=\"ltr\" href=\"https:\/\/twitter.com\/waldezludwig\"><s>@<\/s><strong>waldezludwig<\/strong><\/a><\/p><\/blockquote>\n<p style=\"text-align: justify;\">Encerrou sua apresenta\u00e7\u00e3o comentando que todo o material desta palestra e de outras que j\u00e1 apresentou est\u00e3o dispon\u00edveis em seu site e o download \u00e9 livre para c\u00f3pias e reprodu\u00e7\u00f5es:<\/p>\n<blockquote>\n<div><a href=\"https:\/\/twitter.com\/cfcontabil\" data-user-id=\"217241762\"><s>@<\/s><strong>cfcontabil<\/strong><\/a><\/div>\n<p><a title=\"http:\/\/ludiwig.com.br\" dir=\"ltr\" href=\"http:\/\/t.co\/dfBeuOtf\" target=\"_blank\" data-expanded-url=\"http:\/\/ludiwig.com.br\" rel=\"noopener noreferrer\">http:\/\/ludiwig.com.br\u00a0<\/a>\u00a0&#8211; tudo est\u00e1 l\u00e1!\u00a0<a dir=\"ltr\" href=\"https:\/\/twitter.com\/waldezludwig\"><s>@<\/s><strong>waldezludwig<\/strong><\/a>\u00a0<a dir=\"ltr\" href=\"https:\/\/twitter.com\/search\/%23midiassociaisif\" data-query-source=\"hashtag_click\"><s>#<\/s><strong>midiassociaisif<\/strong><\/a><\/p><\/blockquote>\n<p><img data-recalc-dims=\"1\" loading=\"lazy\" decoding=\"async\" class=\"alignnone\" title=\"Debate Midias Sociais IF\" src=\"https:\/\/i0.wp.com\/p.twimg.com\/AzQRWh0CUAEx7XS.jpg?resize=600%2C337&#038;ssl=1\" alt=\"\" width=\"600\" height=\"337\" \/><\/p>\n<p>Momento aberto para debate:<\/p>\n<blockquote>\n<div><a href=\"https:\/\/twitter.com\/cfcontabil\" data-user-id=\"217241762\"><s>@<\/s><strong>cfcontabil<\/strong><\/a><\/div>\n<p>Ao debate!\u00a0<a dir=\"ltr\" href=\"https:\/\/twitter.com\/search\/%23midiassociaisif\" data-query-source=\"hashtag_click\"><s>#<\/s><strong>midiassociaisif<\/strong><\/a>\u00a0com\u00a0<a dir=\"ltr\" href=\"https:\/\/twitter.com\/waldezludwig\"><s>@<\/s><strong>waldezludwig<\/strong><\/a>\u00a0<a dir=\"ltr\" href=\"https:\/\/twitter.com\/mminutti\"><s>@<\/s><strong>mminutti<\/strong><\/a>\u00a0<a dir=\"ltr\" href=\"https:\/\/twitter.com\/fseixas\"><s>@<\/s><strong>fseixas<\/strong><\/a><a dir=\"ltr\" href=\"http:\/\/t.co\/PTGSAYpK\" data-pre-embedded=\"true\">pic.twitter.com\/PTGSAYpK<\/a><\/p><\/blockquote>\n<p style=\"text-align: justify;\">Apresenta\u00e7\u00e3o de alguns casos e as opini\u00f5es dos palestrantes, encerrada com a \u00faltima participa\u00e7\u00e3o de @waldezludwig:<\/p>\n<blockquote>\n<div><a href=\"https:\/\/twitter.com\/cfcontabil\" data-user-id=\"217241762\"><s>@<\/s><strong>cfcontabil<\/strong><\/a><\/div>\n<p>Criatividade \u00e9 coisa de pobre! Inova\u00e7\u00e3o \u00e9 muito mais do que ter id\u00e9ias!\u00a0<a dir=\"ltr\" href=\"https:\/\/twitter.com\/waldezludwig\"><s>@<\/s><strong>waldezludwig<\/strong><\/a>\u00a0<a dir=\"ltr\" href=\"https:\/\/twitter.com\/search\/%23midiassociaisif\" data-query-source=\"hashtag_click\"><s>#<\/s><strong>midiassociaisif<\/strong><\/a><\/p><\/blockquote>\n<p>Out of the box!<\/p>\n<p><img data-recalc-dims=\"1\" decoding=\"async\" class=\"alignnone\" title=\"midias sociais if\" src=\"https:\/\/i0.wp.com\/empoweredonlineentrepreneurs.com\/wp-content\/uploads\/2011\/03\/Out-of-the-Box.jpg?w=200\" alt=\"\"  \/><\/p>\n<blockquote>\n<div><a href=\"https:\/\/twitter.com\/adelmir_santana\" data-user-id=\"59858644\"><s>@<\/s><strong>adelmir_santana<\/strong><\/a><\/div>\n<p>Palestra do\u00a0<a dir=\"ltr\" href=\"https:\/\/twitter.com\/waldezludwig\"><s>@<\/s><strong>waldezludwig<\/strong><\/a>\u00a0ao som de gargalhadas do p\u00fablico&#8230; Uma figura e grande palestrante.\u00a0<a dir=\"ltr\" href=\"https:\/\/twitter.com\/search\/%23MidiasSociaisIF\" data-query-source=\"hashtag_click\"><s>#<\/s><strong>MidiasSociaisIF<\/strong><\/a><\/p><\/blockquote>\n<p style=\"text-align: justify;\">\u00a0Um evento divertid\u00edssimo e muito proveitoso! Nossos parab\u00e9ns ao Instituto Fecom\u00e9rcio, conte conosco para as pr\u00f3ximas palestras!<\/p>\n<p><img data-recalc-dims=\"1\" loading=\"lazy\" decoding=\"async\" class=\"alignnone aligncenter\" title=\"Midias Sociais IF\" src=\"https:\/\/i0.wp.com\/twimg0-a.akamaihd.net\/profile_images\/1519491884\/federacao_twitter-01_reasonably_small.jpg?resize=128%2C128&#038;ssl=1\" alt=\"\" width=\"128\" height=\"128\" \/><\/p>\n<p style=\"text-align: justify;\">Um sucesso virtual tamb\u00e9m:<\/p>\n<blockquote>\n<div><a href=\"https:\/\/twitter.com\/fecomerciodf\" data-user-id=\"97954309\"><s>@<\/s><strong>fecomerciodf<\/strong><\/a><\/div>\n<p>Parab\u00e9ns a produ\u00e7\u00e3o do\u00a0<a dir=\"ltr\" href=\"https:\/\/twitter.com\/search\/%23MidiasSociaisIF\" data-query-source=\"hashtag_click\"><s>#<\/s><strong>MidiasSociaisIF<\/strong><\/a>\u00a0e aos participantes do evento que levaram a hastag aos TTs\u00a0<a title=\"http:\/\/fb.me\/E41pOcEG\" dir=\"ltr\" href=\"http:\/\/t.co\/pCyakCAR\" target=\"_blank\" data-expanded-url=\"http:\/\/fb.me\/E41pOcEG\" rel=\"noopener noreferrer\">http:\/\/fb.me\/E41pOcEG\u00a0<\/a><\/p><\/blockquote>\n<p><img data-recalc-dims=\"1\" loading=\"lazy\" decoding=\"async\" class=\"alignnone\" title=\"Midias Sociais IF\" src=\"https:\/\/i0.wp.com\/www.cursosif.com.br\/wp-content\/uploads\/cartaz1-alterado-sebrae.jpg?resize=900%2C637\" alt=\"\" width=\"900\" height=\"637\" \/><\/p>\n","protected":false},"excerpt":{"rendered":"<p>Utilizar as m\u00eddias sociais \u00e9, por exemplo, para um blogueiro, extremamente essencial! A divulga\u00e7\u00e3o e promo\u00e7\u00e3o n\u00e3o \u00e9 mais unilateral! Este modelo est\u00e1 velho e \u00e9 preciso repensa-lo. E \u00e9 neste exemplo que atualmente as empresas est\u00e3o aprendendo que a interatividade \u00e9 a chave para bons neg\u00f3cios. &#8220;Tem gente falando da sua empresa na internet [&hellip;]<\/p>\n","protected":false},"author":3,"featured_media":0,"comment_status":"open","ping_status":"open","sticky":false,"template":"","format":"standard","meta":{"jetpack_post_was_ever_published":false,"_jetpack_newsletter_access":"","_jetpack_dont_email_post_to_subs":false,"_jetpack_newsletter_tier_id":0,"_jetpack_memberships_contains_paywalled_content":false,"_jetpack_memberships_contains_paid_content":false,"footnotes":"","jetpack_publicize_message":"","jetpack_publicize_feature_enabled":true,"jetpack_social_post_already_shared":false,"jetpack_social_options":{"image_generator_settings":{"template":"highway","default_image_id":0,"font":"","enabled":false},"version":2}},"categories":[22],"tags":[47,48,49,50,51,52,53],"class_list":["post-105","post","type-post","status-publish","format-standard","hentry","category-geral","tag-empresas","tag-inovacao","tag-interatividade","tag-midias","tag-negocios","tag-sociais","tag-web-2-0"],"jetpack_publicize_connections":[],"jetpack_featured_media_url":"","jetpack_sharing_enabled":true,"jetpack_shortlink":"https:\/\/wp.me\/p2wklX-1H","jetpack-related-posts":[{"id":1028,"url":"https:\/\/cfcontabil.com\/cf\/artigo-a-contabilidade-na-era-da-midia-social\/","url_meta":{"origin":105,"position":0},"title":"Artigo: A contabilidade na era da m\u00eddia social","author":"Ab\u00edlio Gon\u00e7alves","date":"17 de outubro de 2012","format":false,"excerpt":"Um artigo interessante publicado pelo SESCON de Campinas falando sobre as m\u00eddias digitais, um exemplo para todos os contabilistas, confira a mat\u00e9ria: Como sindicatos, escrit\u00f3rios e editoras est\u00e3o utilizando a internet em busca de divulga\u00e7\u00e3o Houve uma \u00e9poca em que conseguir informa\u00e7\u00f5es sobre o mundo cont\u00e1bil era extremamente dif\u00edcil. Os\u2026","rel":"","context":"Em &quot;Geral&quot;","block_context":{"text":"Geral","link":"https:\/\/cfcontabil.com\/cf\/category\/geral\/"},"img":{"alt_text":"","src":"https:\/\/i0.wp.com\/cfcontabil.com\/cf\/wp-content\/uploads\/2012\/10\/curtirCONTABILIDADE.jpg?resize=350%2C200","width":350,"height":200},"classes":[]},{"id":2357,"url":"https:\/\/cfcontabil.com\/cf\/aprovacao-do-refis-salvara-diversas-empresas-afirma-fecomercio-df\/","url_meta":{"origin":105,"position":1},"title":"\u201cAprova\u00e7\u00e3o do Refis salvar\u00e1 diversas empresas\u201d, afirma Fecom\u00e9rcio-DF","author":"Ab\u00edlio Gon\u00e7alves","date":"4 de novembro de 2020","format":false,"excerpt":"Projeto foi aprovado nesta ter\u00e7a-feira na CLDF e seguiu para san\u00e7\u00e3o do governador Ibaneis Rocha Muito aguardado pelo setor produtivo do Distrito Federal, o Programa de Incentivo \u00e0 Regulariza\u00e7\u00e3o Fiscal do Distrito Federal (Refis-DF) foi aprovado pela C\u00e2mara Legislativa na noite desta ter\u00e7a-feira (3\/11). Agora, o texto segue para an\u00e1lise\u2026","rel":"","context":"Em &quot;Departamento Fiscal&quot;","block_context":{"text":"Departamento Fiscal","link":"https:\/\/cfcontabil.com\/cf\/category\/df\/"},"img":{"alt_text":"","src":"https:\/\/i0.wp.com\/cfcontabil.com\/cf\/wp-content\/uploads\/2020\/11\/cldf-01-fb.jpg?fit=600%2C315&ssl=1&resize=350%2C200","width":350,"height":200,"srcset":"https:\/\/i0.wp.com\/cfcontabil.com\/cf\/wp-content\/uploads\/2020\/11\/cldf-01-fb.jpg?fit=600%2C315&ssl=1&resize=350%2C200 1x, https:\/\/i0.wp.com\/cfcontabil.com\/cf\/wp-content\/uploads\/2020\/11\/cldf-01-fb.jpg?fit=600%2C315&ssl=1&resize=525%2C300 1.5x"},"classes":[]},{"id":905,"url":"https:\/\/cfcontabil.com\/cf\/esocial-permitira-que-governo-federal-intensifique-fiscalizacoes\/","url_meta":{"origin":105,"position":2},"title":"eSocial permitir\u00e1 que Governo Federal intensifique fiscaliza\u00e7\u00f5es","author":"Ab\u00edlio Gon\u00e7alves","date":"28 de janeiro de 2017","format":false,"excerpt":"Helio Donin Jr. afirmou que Minist\u00e9rio do Trabalho s\u00f3 tem capacidade para fiscalizar 3% das empresas Unificar as informa\u00e7\u00f5es e cruzar a base de dados para poder identificar poss\u00edveis irregularidades e atuar com a fiscaliza\u00e7\u00e3o \u00e9 um dos objetivos do Governo Federal com a implementa\u00e7\u00e3o do eSocial. Foi o que\u2026","rel":"","context":"Em &quot;Departamento Pessoal&quot;","block_context":{"text":"Departamento Pessoal","link":"https:\/\/cfcontabil.com\/cf\/category\/dp\/"},"img":{"alt_text":"","src":"https:\/\/i0.wp.com\/cfcontabil.com\/cf\/wp-content\/uploads\/2016\/03\/E-social-1-1.jpg?fit=660%2C271&ssl=1&resize=350%2C200","width":350,"height":200,"srcset":"https:\/\/i0.wp.com\/cfcontabil.com\/cf\/wp-content\/uploads\/2016\/03\/E-social-1-1.jpg?fit=660%2C271&ssl=1&resize=350%2C200 1x, https:\/\/i0.wp.com\/cfcontabil.com\/cf\/wp-content\/uploads\/2016\/03\/E-social-1-1.jpg?fit=660%2C271&ssl=1&resize=525%2C300 1.5x"},"classes":[]},{"id":3006,"url":"https:\/\/cfcontabil.com\/cf\/contabil-summit-brasilia-2024-transformando-desafios-em-oportunidades\/","url_meta":{"origin":105,"position":3},"title":"Cont\u00e1bil Summit Bras\u00edlia 2024: Transformando Desafios em Oportunidades\u00a0","author":"Ab\u00edlio Gon\u00e7alves","date":"22 de julho de 2024","format":false,"excerpt":"No dia 17 de julho, o audit\u00f3rio Sicoob (SIG) foi palco de um evento imperd\u00edvel para empreendedores do setor cont\u00e1bil. Organizado pelo Conselho Regional de Contabilidade do Distrito Federal (CRCDF) e SICOOB Executive, o Cont\u00e1bil Summit Bras\u00edlia reuniu grandes nomes do setor para um dia repleto de palestras sobre gest\u00e3o,\u2026","rel":"","context":"Em &quot;Contabilidade em geral&quot;","block_context":{"text":"Contabilidade em geral","link":"https:\/\/cfcontabil.com\/cf\/category\/contabilidade-2\/"},"img":{"alt_text":"","src":"https:\/\/i0.wp.com\/cfcontabil.com\/cf\/wp-content\/uploads\/2024\/07\/Contabil-Summit-Brasilia.png?fit=1200%2C602&ssl=1&resize=350%2C200","width":350,"height":200,"srcset":"https:\/\/i0.wp.com\/cfcontabil.com\/cf\/wp-content\/uploads\/2024\/07\/Contabil-Summit-Brasilia.png?fit=1200%2C602&ssl=1&resize=350%2C200 1x, https:\/\/i0.wp.com\/cfcontabil.com\/cf\/wp-content\/uploads\/2024\/07\/Contabil-Summit-Brasilia.png?fit=1200%2C602&ssl=1&resize=525%2C300 1.5x, https:\/\/i0.wp.com\/cfcontabil.com\/cf\/wp-content\/uploads\/2024\/07\/Contabil-Summit-Brasilia.png?fit=1200%2C602&ssl=1&resize=700%2C400 2x, https:\/\/i0.wp.com\/cfcontabil.com\/cf\/wp-content\/uploads\/2024\/07\/Contabil-Summit-Brasilia.png?fit=1200%2C602&ssl=1&resize=1050%2C600 3x"},"classes":[]},{"id":1,"url":"https:\/\/cfcontabil.com\/cf\/seja-bem-vindo\/","url_meta":{"origin":105,"position":4},"title":"Seja Bem Vindo! Blog da CF Cont\u00e1bil","author":"Ab\u00edlio Gon\u00e7alves","date":"3 de fevereiro de 2012","format":false,"excerpt":"NOVO SITE! O mercado cont\u00e1bil vem passando por diversas mudan\u00e7as, sendo imprescind\u00edvel maior capacita\u00e7\u00e3o por parte dos profissionais que atuam nesse seguimento. A CF Cont\u00e1bil entendendo a necessidade de manter-se atualizada, busca constantemente se aperfei\u00e7oar, tornando-se parceira de seus clientes para gerar informa\u00e7\u00f5es mais detalhadas, precisas e que sejam mais\u2026","rel":"","context":"Em &quot;Geral&quot;","block_context":{"text":"Geral","link":"https:\/\/cfcontabil.com\/cf\/category\/geral\/"},"img":{"alt_text":"","src":"","width":0,"height":0},"classes":[]},{"id":1587,"url":"https:\/\/cfcontabil.com\/cf\/tecnologia-e-contabilidade\/","url_meta":{"origin":105,"position":5},"title":"Tecnologia e Contabilidade","author":"Ab\u00edlio Gon\u00e7alves","date":"16 de setembro de 2019","format":false,"excerpt":"Como surpreende o ritmo das inova\u00e7\u00f5es e a tend\u00eancia mundial com os r\u00e1pidos avan\u00e7os tecnol\u00f3gicos atualmente. \u00c9 um processo sem volta, que vislumbra um tempo novo surgindo. \u00c9 poss\u00edvel ressaltar que o impacto \u00e9 sentindo em todas as \u00e1reas de neg\u00f3cios e at\u00e9 da vida cotidiana. A evolu\u00e7\u00e3o \u00e9 um\u2026","rel":"","context":"Em &quot;Consultoria Empresarial&quot;","block_context":{"text":"Consultoria Empresarial","link":"https:\/\/cfcontabil.com\/cf\/category\/consultoria\/"},"img":{"alt_text":"","src":"https:\/\/i0.wp.com\/cfcontabil.com\/cf\/wp-content\/uploads\/2019\/09\/tecnologia-na-contabilidade-vantagens-1024x633.jpg?fit=1024%2C633&ssl=1&resize=350%2C200","width":350,"height":200,"srcset":"https:\/\/i0.wp.com\/cfcontabil.com\/cf\/wp-content\/uploads\/2019\/09\/tecnologia-na-contabilidade-vantagens-1024x633.jpg?fit=1024%2C633&ssl=1&resize=350%2C200 1x, https:\/\/i0.wp.com\/cfcontabil.com\/cf\/wp-content\/uploads\/2019\/09\/tecnologia-na-contabilidade-vantagens-1024x633.jpg?fit=1024%2C633&ssl=1&resize=525%2C300 1.5x, https:\/\/i0.wp.com\/cfcontabil.com\/cf\/wp-content\/uploads\/2019\/09\/tecnologia-na-contabilidade-vantagens-1024x633.jpg?fit=1024%2C633&ssl=1&resize=700%2C400 2x"},"classes":[]}],"jetpack_likes_enabled":true,"_links":{"self":[{"href":"https:\/\/cfcontabil.com\/cf\/wp-json\/wp\/v2\/posts\/105","targetHints":{"allow":["GET"]}}],"collection":[{"href":"https:\/\/cfcontabil.com\/cf\/wp-json\/wp\/v2\/posts"}],"about":[{"href":"https:\/\/cfcontabil.com\/cf\/wp-json\/wp\/v2\/types\/post"}],"author":[{"embeddable":true,"href":"https:\/\/cfcontabil.com\/cf\/wp-json\/wp\/v2\/users\/3"}],"replies":[{"embeddable":true,"href":"https:\/\/cfcontabil.com\/cf\/wp-json\/wp\/v2\/comments?post=105"}],"version-history":[{"count":0,"href":"https:\/\/cfcontabil.com\/cf\/wp-json\/wp\/v2\/posts\/105\/revisions"}],"wp:attachment":[{"href":"https:\/\/cfcontabil.com\/cf\/wp-json\/wp\/v2\/media?parent=105"}],"wp:term":[{"taxonomy":"category","embeddable":true,"href":"https:\/\/cfcontabil.com\/cf\/wp-json\/wp\/v2\/categories?post=105"},{"taxonomy":"post_tag","embeddable":true,"href":"https:\/\/cfcontabil.com\/cf\/wp-json\/wp\/v2\/tags?post=105"}],"curies":[{"name":"wp","href":"https:\/\/api.w.org\/{rel}","templated":true}]}}