{"id":1050,"date":"2017-03-11T06:00:39","date_gmt":"2017-03-11T09:00:39","guid":{"rendered":"http:\/\/cfcontabil.com\/cf\/?p=1050"},"modified":"2017-03-11T06:00:39","modified_gmt":"2017-03-11T09:00:39","slug":"imposto-de-renda-2017-mei-como-declarar-os-rendimentos","status":"publish","type":"post","link":"https:\/\/cfcontabil.com\/cf\/imposto-de-renda-2017-mei-como-declarar-os-rendimentos\/","title":{"rendered":"Imposto de Renda 2017: MEI, como declarar os rendimentos?"},"content":{"rendered":"<p style=\"text-align: justify;\">Com o in\u00edcio do per\u00edodo de entrega do do Imposto de Renda de 2017 &#8211; de 2 de mar\u00e7o a 28 de abril -, d\u00favidas come\u00e7am a surgir sobre o processo de declara\u00e7\u00e3o. Atrav\u00e9s do servi\u00e7o tira-d\u00favidas lan\u00e7ado por O GLOBO e Extra, leitores enviaram perguntas sobre como deve ser a rela\u00e7\u00e3o do rendimento de cidad\u00e3os que possuam titularidade de Microempreendedor Individual (MEI)<\/p>\n<p>Segundo Samir Nehme, advogado tribut\u00e1rio e vice-presidente operacional do Conselho Regional de Contabilidade do Rio de Janeiro, o fato de ser MEI n\u00e3o implica na declara\u00e7\u00e3o de imposto de renda &#8211; a n\u00e3o que a microempresa extrapole o limite de receita anual de R$ 60.000. Caso se mantenha dentro deste teto, a microempresa n\u00e3o precisa declarar sua renda. Apesar disso, o brasileiro que tem MEI deve prestar contas \u00e0 Receita Federal como pessoa f\u00edsica.<\/p>\n<p>Com a isen\u00e7\u00e3o da tributa\u00e7\u00e3o federal, o microempreendedor individual precisa, por outro lado, apresentar anualmente o valor de seu faturamento atrav\u00e9s da Declara\u00e7\u00e3o Anual do Simples Nacional (Dasn), que deve ser entregue no ultimo dia \u00fatil do m\u00eas maio do ano seguinte. A receita \u00e9 discriminada na Dasn, enquanto o lucro obtido deve constar na declara\u00e7\u00e3o de IR, sendo considerado como rendimento isento e n\u00e3o tribut\u00e1vel &#8211; desde que dentro do limite citado acima.<\/p>\n<p>Fonte:\u00a0Portal do Empreendedor de 03.03.2017<\/p>\n","protected":false},"excerpt":{"rendered":"<p>Com o in\u00edcio do per\u00edodo de entrega do do Imposto de Renda de 2017 &#8211; de 2 de mar\u00e7o a 28 de abril -, d\u00favidas come\u00e7am a surgir sobre o processo de declara\u00e7\u00e3o. Atrav\u00e9s do servi\u00e7o tira-d\u00favidas lan\u00e7ado por O GLOBO e Extra, leitores enviaram perguntas sobre como deve ser a rela\u00e7\u00e3o do rendimento de [&hellip;]<\/p>\n","protected":false},"author":3,"featured_media":1494,"comment_status":"open","ping_status":"open","sticky":false,"template":"","format":"standard","meta":{"jetpack_post_was_ever_published":false,"_jetpack_newsletter_access":"","_jetpack_dont_email_post_to_subs":false,"_jetpack_newsletter_tier_id":0,"_jetpack_memberships_contains_paywalled_content":false,"_jetpack_memberships_contains_paid_content":false,"footnotes":"","jetpack_publicize_message":"","jetpack_publicize_feature_enabled":true,"jetpack_social_post_already_shared":true,"jetpack_social_options":{"image_generator_settings":{"template":"highway","default_image_id":0,"font":"","enabled":false},"version":2}},"categories":[46],"tags":[21,106,280,454,108,229,115,257,258,111],"class_list":["post-1050","post","type-post","status-publish","format-standard","has-post-thumbnail","hentry","category-df","tag-contabilidade","tag-declaracao","tag-dirpf","tag-emprededor","tag-imposto","tag-ir","tag-irpf","tag-mei","tag-micro","tag-renda"],"jetpack_publicize_connections":[],"jetpack_featured_media_url":"https:\/\/i0.wp.com\/cfcontabil.com\/cf\/wp-content\/uploads\/2017\/02\/irpfrfb-1.jpg?fit=640%2C340&ssl=1","jetpack_sharing_enabled":true,"jetpack_shortlink":"https:\/\/wp.me\/p2wklX-gW","jetpack-related-posts":[{"id":1135,"url":"https:\/\/cfcontabil.com\/cf\/microempreendedor-individual-tambem-precisa-declarar-ir\/","url_meta":{"origin":1050,"position":0},"title":"Microempreendedor individual tamb\u00e9m precisa declarar IR","author":"Ab\u00edlio Gon\u00e7alves","date":"26 de abril de 2017","format":false,"excerpt":"Mesmo que n\u00e3o tenha emitido nota fiscal, profissional enquadrado como MEI tamb\u00e9m deve prestar contas Com o crescente saldo negativo de postos de trabalho, a sa\u00edda para muitos brasileiros foi virar um Microempreendedor Individual, o MEI. At\u00e9 a \u00faltima semana, o Pa\u00eds tinha 6,8 milh\u00f5es de pessoas registradas com atividade\u2026","rel":"","context":"Em &quot;Departamento Fiscal&quot;","block_context":{"text":"Departamento Fiscal","link":"https:\/\/cfcontabil.com\/cf\/category\/df\/"},"img":{"alt_text":"","src":"https:\/\/i0.wp.com\/cfcontabil.com\/cf\/wp-content\/uploads\/2017\/03\/mei-micro-empreendedor-individual-696x287-1.jpg?fit=696%2C287&ssl=1&resize=350%2C200","width":350,"height":200,"srcset":"https:\/\/i0.wp.com\/cfcontabil.com\/cf\/wp-content\/uploads\/2017\/03\/mei-micro-empreendedor-individual-696x287-1.jpg?fit=696%2C287&ssl=1&resize=350%2C200 1x, https:\/\/i0.wp.com\/cfcontabil.com\/cf\/wp-content\/uploads\/2017\/03\/mei-micro-empreendedor-individual-696x287-1.jpg?fit=696%2C287&ssl=1&resize=525%2C300 1.5x"},"classes":[]},{"id":3466,"url":"https:\/\/cfcontabil.com\/cf\/irpf-2026-isencao-de-r-5mil-nova-tabela\/","url_meta":{"origin":1050,"position":1},"title":"IR 2026: Isen\u00e7\u00e3o de R$ 5mil &#8211; Nova Tabela!","author":"Ab\u00edlio Gon\u00e7alves","date":"16 de janeiro de 2026","format":false,"excerpt":"Guia Completo da CF Cont\u00e1bil 1.0 Introdu\u00e7\u00e3o: Voc\u00ea Est\u00e1 Deixando Dinheiro na Mesa?Voc\u00ea sabe se tem direito \u00e0 isen\u00e7\u00e3o total do Imposto de Renda ou se est\u00e1 pagando um imposto que poderia economizar? A resposta pode definir se voc\u00ea receber\u00e1 uma restitui\u00e7\u00e3o maior ou se deixar\u00e1 um dinheiro valioso para\u2026","rel":"","context":"Em &quot;Imposto de Renda&quot;","block_context":{"text":"Imposto de Renda","link":"https:\/\/cfcontabil.com\/cf\/category\/imposto-de-renda\/"},"img":{"alt_text":"","src":"https:\/\/i0.wp.com\/cfcontabil.com\/cf\/wp-content\/uploads\/2026\/01\/IRPF26-NOVA-TABELA-scaled.png?fit=1200%2C670&ssl=1&resize=350%2C200","width":350,"height":200,"srcset":"https:\/\/i0.wp.com\/cfcontabil.com\/cf\/wp-content\/uploads\/2026\/01\/IRPF26-NOVA-TABELA-scaled.png?fit=1200%2C670&ssl=1&resize=350%2C200 1x, https:\/\/i0.wp.com\/cfcontabil.com\/cf\/wp-content\/uploads\/2026\/01\/IRPF26-NOVA-TABELA-scaled.png?fit=1200%2C670&ssl=1&resize=525%2C300 1.5x, https:\/\/i0.wp.com\/cfcontabil.com\/cf\/wp-content\/uploads\/2026\/01\/IRPF26-NOVA-TABELA-scaled.png?fit=1200%2C670&ssl=1&resize=700%2C400 2x, https:\/\/i0.wp.com\/cfcontabil.com\/cf\/wp-content\/uploads\/2026\/01\/IRPF26-NOVA-TABELA-scaled.png?fit=1200%2C670&ssl=1&resize=1050%2C600 3x"},"classes":[]},{"id":2748,"url":"https:\/\/cfcontabil.com\/cf\/imposto-de-renda-2022-prepare-seus-documentos-esta-semana\/","url_meta":{"origin":1050,"position":2},"title":"Imposto de Renda 2022: prepare seus documentos esta semana!","author":"Ab\u00edlio Gon\u00e7alves","date":"23 de fevereiro de 2022","format":false,"excerpt":"Separe seus documentos para fazer a declara\u00e7\u00e3o a partir de 2 de mar\u00e7o.","rel":"","context":"Em &quot;Imposto de Renda&quot;","block_context":{"text":"Imposto de Renda","link":"https:\/\/cfcontabil.com\/cf\/category\/imposto-de-renda\/"},"img":{"alt_text":"","src":"https:\/\/i0.wp.com\/cfcontabil.com\/cf\/wp-content\/uploads\/2022\/02\/Banner-na-imposto-de-renda-Miniatura-do-YouTube.png?fit=1200%2C675&ssl=1&resize=350%2C200","width":350,"height":200,"srcset":"https:\/\/i0.wp.com\/cfcontabil.com\/cf\/wp-content\/uploads\/2022\/02\/Banner-na-imposto-de-renda-Miniatura-do-YouTube.png?fit=1200%2C675&ssl=1&resize=350%2C200 1x, https:\/\/i0.wp.com\/cfcontabil.com\/cf\/wp-content\/uploads\/2022\/02\/Banner-na-imposto-de-renda-Miniatura-do-YouTube.png?fit=1200%2C675&ssl=1&resize=525%2C300 1.5x, https:\/\/i0.wp.com\/cfcontabil.com\/cf\/wp-content\/uploads\/2022\/02\/Banner-na-imposto-de-renda-Miniatura-do-YouTube.png?fit=1200%2C675&ssl=1&resize=700%2C400 2x, https:\/\/i0.wp.com\/cfcontabil.com\/cf\/wp-content\/uploads\/2022\/02\/Banner-na-imposto-de-renda-Miniatura-do-YouTube.png?fit=1200%2C675&ssl=1&resize=1050%2C600 3x"},"classes":[]},{"id":321,"url":"https:\/\/cfcontabil.com\/cf\/imposto-de-renda-pf-2013\/","url_meta":{"origin":1050,"position":3},"title":"Imposto de Renda PF 2013","author":"Ab\u00edlio Gon\u00e7alves","date":"20 de fevereiro de 2013","format":false,"excerpt":"Declara\u00e7\u00e3o de Ajuste do Imposto de Renda Pessoa F\u00edsica 2013 Se aproxima o dia da libera\u00e7\u00e3o do programa para elabora\u00e7\u00e3o da DIRPF 2013 (dispon\u00edvel em 25\/02 \u00e1s 8h) e o prazo para a entrega da declara\u00e7\u00e3o do exerc\u00edcio 2013 inicia em 01 de mar\u00e7o e encerra dia 30 de abril.\u2026","rel":"","context":"Em &quot;Geral&quot;","block_context":{"text":"Geral","link":"https:\/\/cfcontabil.com\/cf\/category\/geral\/"},"img":{"alt_text":"imposto de renda","src":"https:\/\/i0.wp.com\/mundoconectado.net\/wp-content\/uploads\/2013\/02\/entrega-do-imposto-de-renda.jpg?resize=350%2C200","width":350,"height":200,"srcset":"https:\/\/i0.wp.com\/mundoconectado.net\/wp-content\/uploads\/2013\/02\/entrega-do-imposto-de-renda.jpg?resize=350%2C200 1x, https:\/\/i0.wp.com\/mundoconectado.net\/wp-content\/uploads\/2013\/02\/entrega-do-imposto-de-renda.jpg?resize=525%2C300 1.5x"},"classes":[]},{"id":1234,"url":"https:\/\/cfcontabil.com\/cf\/contribuintes-devem-estar-atentos-aos-termos-do-ir\/","url_meta":{"origin":1050,"position":4},"title":"Contribuintes devem estar atentos aos termos do IR","author":"Ab\u00edlio Gon\u00e7alves","date":"8 de mar\u00e7o de 2017","format":false,"excerpt":"Na retifica\u00e7\u00e3o \u00e9 poss\u00edvel corrigir erros da declara\u00e7\u00e3o enviada Na hora de preencher a declara\u00e7\u00e3o de Imposto de Renda, a quantidade de termos cont\u00e1beis pode confundir quem deve informar os rendimentos \u00e0 Receita Federal. \u00c9 preciso estar atento a esses conceitos para evitar erros e multas por inconsist\u00eancias. Confira alguns\u2026","rel":"","context":"Em &quot;Departamento Fiscal&quot;","block_context":{"text":"Departamento Fiscal","link":"https:\/\/cfcontabil.com\/cf\/category\/df\/"},"img":{"alt_text":"","src":"https:\/\/i0.wp.com\/cfcontabil.com\/cf\/wp-content\/uploads\/2017\/03\/ir-2016-declaracao-retificadora_615x300.png?resize=350%2C200","width":350,"height":200,"srcset":"https:\/\/i0.wp.com\/cfcontabil.com\/cf\/wp-content\/uploads\/2017\/03\/ir-2016-declaracao-retificadora_615x300.png?resize=350%2C200 1x, https:\/\/i0.wp.com\/cfcontabil.com\/cf\/wp-content\/uploads\/2017\/03\/ir-2016-declaracao-retificadora_615x300.png?resize=525%2C300 1.5x"},"classes":[]},{"id":877,"url":"https:\/\/cfcontabil.com\/cf\/atraso-em-liberacao-de-programa-da-dirf-pode-comprometer-a-declaracao-de-imposto-de-renda\/","url_meta":{"origin":1050,"position":5},"title":"Atraso em libera\u00e7\u00e3o de programa da Dirf pode comprometer a declara\u00e7\u00e3o de imposto de renda","author":"Ab\u00edlio Gon\u00e7alves","date":"26 de janeiro de 2017","format":false,"excerpt":"CFC encaminhou\u00a0of\u00edcio para Receita solicitando a imediata disponibiliza\u00e7\u00e3o de programa de transmiss\u00e3o da DIRF O Conselho Federal de Contabilidade (CFC) enviou, nesta ter\u00e7a-feira (24), of\u00edcio ao secret\u00e1rio da Receita Federal, Jorge Rachid, pedindo a prorroga\u00e7\u00e3o do prazo de entrega da Declara\u00e7\u00e3o do Imposto de Renda Retido na Fonte (Dirf), previsto\u2026","rel":"","context":"Em &quot;Departamento Pessoal&quot;","block_context":{"text":"Departamento Pessoal","link":"https:\/\/cfcontabil.com\/cf\/category\/dp\/"},"img":{"alt_text":"","src":"https:\/\/i0.wp.com\/cfcontabil.com\/cf\/wp-content\/uploads\/2017\/01\/DIRF_698x57613-1.jpg?fit=1000%2C826&ssl=1&resize=350%2C200","width":350,"height":200,"srcset":"https:\/\/i0.wp.com\/cfcontabil.com\/cf\/wp-content\/uploads\/2017\/01\/DIRF_698x57613-1.jpg?fit=1000%2C826&ssl=1&resize=350%2C200 1x, https:\/\/i0.wp.com\/cfcontabil.com\/cf\/wp-content\/uploads\/2017\/01\/DIRF_698x57613-1.jpg?fit=1000%2C826&ssl=1&resize=525%2C300 1.5x, https:\/\/i0.wp.com\/cfcontabil.com\/cf\/wp-content\/uploads\/2017\/01\/DIRF_698x57613-1.jpg?fit=1000%2C826&ssl=1&resize=700%2C400 2x"},"classes":[]}],"jetpack_likes_enabled":true,"_links":{"self":[{"href":"https:\/\/cfcontabil.com\/cf\/wp-json\/wp\/v2\/posts\/1050","targetHints":{"allow":["GET"]}}],"collection":[{"href":"https:\/\/cfcontabil.com\/cf\/wp-json\/wp\/v2\/posts"}],"about":[{"href":"https:\/\/cfcontabil.com\/cf\/wp-json\/wp\/v2\/types\/post"}],"author":[{"embeddable":true,"href":"https:\/\/cfcontabil.com\/cf\/wp-json\/wp\/v2\/users\/3"}],"replies":[{"embeddable":true,"href":"https:\/\/cfcontabil.com\/cf\/wp-json\/wp\/v2\/comments?post=1050"}],"version-history":[{"count":0,"href":"https:\/\/cfcontabil.com\/cf\/wp-json\/wp\/v2\/posts\/1050\/revisions"}],"wp:featuredmedia":[{"embeddable":true,"href":"https:\/\/cfcontabil.com\/cf\/wp-json\/wp\/v2\/media\/1494"}],"wp:attachment":[{"href":"https:\/\/cfcontabil.com\/cf\/wp-json\/wp\/v2\/media?parent=1050"}],"wp:term":[{"taxonomy":"category","embeddable":true,"href":"https:\/\/cfcontabil.com\/cf\/wp-json\/wp\/v2\/categories?post=1050"},{"taxonomy":"post_tag","embeddable":true,"href":"https:\/\/cfcontabil.com\/cf\/wp-json\/wp\/v2\/tags?post=1050"}],"curies":[{"name":"wp","href":"https:\/\/api.w.org\/{rel}","templated":true}]}}