{"id":1057,"date":"2017-03-13T12:00:02","date_gmt":"2017-03-13T15:00:02","guid":{"rendered":"http:\/\/cfcontabil.com\/cf\/?p=1057"},"modified":"2017-03-13T12:00:02","modified_gmt":"2017-03-13T15:00:02","slug":"contribuicao-sindical-dos-trabalhadores-e-descontada-em-marco","status":"publish","type":"post","link":"https:\/\/cfcontabil.com\/cf\/contribuicao-sindical-dos-trabalhadores-e-descontada-em-marco\/","title":{"rendered":"Contribui\u00e7\u00e3o sindical dos trabalhadores \u00e9 descontada em mar\u00e7o"},"content":{"rendered":"<p style=\"text-align: justify;\">Pagamento <strong>\u00e9 obrigat\u00f3rio<\/strong> e equivale a um dia de trabalho do empregado.<\/p>\n<p style=\"text-align: justify;\">Mar\u00e7o \u00e9 o m\u00eas da contribui\u00e7\u00e3o sindical dos trabalhadores. Todos os empregados, sindicalizados ou n\u00e3o, s\u00e3o obrigados a contribuir com o equivalente a um dia de trabalho. O desconto \u00e9 feito pela empresa diretamente na folha de pagamento entregue em abril. A tributa\u00e7\u00e3o \u00e9 prevista nos artigos 578 e 591 da Consolida\u00e7\u00e3o das Leis do Trabalho (CLT).<\/p>\n<p style=\"text-align: justify;\">O recurso recolhido dos trabalhadores \u00e9 usado para duas finalidades. A principal \u00e9 a transfer\u00eancia \u00e0s institui\u00e7\u00f5es sindicais, que usam o dinheiro para manter suas atividades. Uma pequena parte \u00e9 destinada ao Minist\u00e9rio do Trabalho, que pode usar o recurso para atividades de relacionamento com os sindicatos ou depositar a quantia no Fundo de Amparo ao Trabalhador (FAT), de onde saem os pagamentos de Seguro-Desemprego e Abono Salarial.<\/p>\n<p style=\"text-align: justify;\">Os percentuais de distribui\u00e7\u00e3o da contribui\u00e7\u00e3o sindical s\u00e3o os seguintes: 60% para o sindicato da categoria profissional a que o trabalhador pertence; 15% para a federa\u00e7\u00e3o; 5% para confedera\u00e7\u00e3o, 10% para a central sindical e 10% para o Minist\u00e9rio do Trabalho. Quando a categoria n\u00e3o \u00e9 vinculada a nenhuma central, o percentual do Minist\u00e9rio passa para 20%.<\/p>\n<p>A partir desse ano, os servidores p\u00fablicos de prefeituras, estados e do governo federal tamb\u00e9m ser\u00e3o obrigados a contribuir. A nova regra vale tanto para funcion\u00e1rios concursados quanto comissionados. Os valores s\u00e3o os mesmos aplicados aos trabalhadores da iniciativa privada.<\/p>\n<p>Fonte: www.trabalho.gov.br<\/p>\n","protected":false},"excerpt":{"rendered":"<p>Pagamento \u00e9 obrigat\u00f3rio e equivale a um dia de trabalho do empregado. Mar\u00e7o \u00e9 o m\u00eas da contribui\u00e7\u00e3o sindical dos trabalhadores. Todos os empregados, sindicalizados ou n\u00e3o, s\u00e3o obrigados a contribuir com o equivalente a um dia de trabalho. O desconto \u00e9 feito pela empresa diretamente na folha de pagamento entregue em abril. A tributa\u00e7\u00e3o [&hellip;]<\/p>\n","protected":false},"author":3,"featured_media":1058,"comment_status":"open","ping_status":"open","sticky":false,"template":"","format":"standard","meta":{"jetpack_post_was_ever_published":false,"_jetpack_newsletter_access":"","_jetpack_dont_email_post_to_subs":false,"_jetpack_newsletter_tier_id":0,"_jetpack_memberships_contains_paywalled_content":false,"_jetpack_memberships_contains_paid_content":false,"footnotes":"","jetpack_publicize_message":"","jetpack_publicize_feature_enabled":true,"jetpack_social_post_already_shared":true,"jetpack_social_options":{"image_generator_settings":{"template":"highway","default_image_id":0,"font":"","enabled":false},"version":2}},"categories":[29],"tags":[289,192,456,366,395,457,165],"class_list":["post-1057","post","type-post","status-publish","format-standard","has-post-thumbnail","hentry","category-dp","tag-contribuicao","tag-empregado","tag-marco","tag-obrigacao","tag-sindical","tag-sindicato","tag-trabalhador"],"jetpack_publicize_connections":[],"jetpack_featured_media_url":"https:\/\/i0.wp.com\/cfcontabil.com\/cf\/wp-content\/uploads\/2017\/03\/contribuicao-sindical-1.png?fit=600%2C336&ssl=1","jetpack_sharing_enabled":true,"jetpack_shortlink":"https:\/\/wp.me\/p2wklX-h3","jetpack-related-posts":[{"id":1212,"url":"https:\/\/cfcontabil.com\/cf\/autonomos-e-profissionais-liberais-tem-ate-28-de-fevereiro-para-recolher-a-contribuicao-sindical\/","url_meta":{"origin":1057,"position":0},"title":"Aut\u00f4nomos e profissionais liberais t\u00eam at\u00e9 28 de fevereiro para recolher a contribui\u00e7\u00e3o sindical","author":"Ab\u00edlio Gon\u00e7alves","date":"17 de fevereiro de 2017","format":false,"excerpt":"Pagamento deve ser feito mesmo que o profissional n\u00e3o seja sindicalizado Todos os profissionais com registro de aut\u00f4nomos e profissionais liberais s\u00e3o obrigados a recolher a contribui\u00e7\u00e3o sindical anual. O prazo termina em 28 de fevereiro.\u00a0 O pagamento precisa ser feito mesmo que o trabalhador n\u00e3o seja filiado a nenhum\u2026","rel":"","context":"Em &quot;Departamento Pessoal&quot;","block_context":{"text":"Departamento Pessoal","link":"https:\/\/cfcontabil.com\/cf\/category\/dp\/"},"img":{"alt_text":"","src":"https:\/\/i0.wp.com\/cfcontabil.com\/cf\/wp-content\/uploads\/2017\/02\/profissionais-1.jpg?fit=650%2C400&ssl=1&resize=350%2C200","width":350,"height":200,"srcset":"https:\/\/i0.wp.com\/cfcontabil.com\/cf\/wp-content\/uploads\/2017\/02\/profissionais-1.jpg?fit=650%2C400&ssl=1&resize=350%2C200 1x, https:\/\/i0.wp.com\/cfcontabil.com\/cf\/wp-content\/uploads\/2017\/02\/profissionais-1.jpg?fit=650%2C400&ssl=1&resize=525%2C300 1.5x"},"classes":[]},{"id":1317,"url":"https:\/\/cfcontabil.com\/cf\/conhece-o-esocial-domestico-nos-podemos-ajudar\/","url_meta":{"origin":1057,"position":1},"title":"Conhece o eSocial Dom\u00e9stico? N\u00f3s podemos ajudar!","author":"Ab\u00edlio Gon\u00e7alves","date":"7 de junho de 2018","format":false,"excerpt":"Ativo desde 2015, o\u00a0e-Social \u00e9 um sistema que foi desenvolvido para minimizar os problemas de pagamentos de direitos aos trabalhadores dom\u00e9sticos, de forma que eles tenham garantido o pagamento de todos os seus direitos por lei. Um sistema que permite o empregador encaminhar informa\u00e7\u00f5es trabalhistas de forma mais pr\u00e1tica para\u2026","rel":"","context":"Em &quot;Departamento Pessoal&quot;","block_context":{"text":"Departamento Pessoal","link":"https:\/\/cfcontabil.com\/cf\/category\/dp\/"},"img":{"alt_text":"","src":"https:\/\/i0.wp.com\/cfcontabil.com\/cf\/wp-content\/uploads\/2018\/06\/esocial-domestico-1.jpg?fit=600%2C450&ssl=1&resize=350%2C200","width":350,"height":200,"srcset":"https:\/\/i0.wp.com\/cfcontabil.com\/cf\/wp-content\/uploads\/2018\/06\/esocial-domestico-1.jpg?fit=600%2C450&ssl=1&resize=350%2C200 1x, https:\/\/i0.wp.com\/cfcontabil.com\/cf\/wp-content\/uploads\/2018\/06\/esocial-domestico-1.jpg?fit=600%2C450&ssl=1&resize=525%2C300 1.5x"},"classes":[]},{"id":2224,"url":"https:\/\/cfcontabil.com\/cf\/fgts-e-ferias-de-domesticas-o-que-preciso-fazer-no-esocial\/","url_meta":{"origin":1057,"position":2},"title":"FGTS e F\u00e9rias de Dom\u00e9sticas: O que preciso fazer no eSocial?","author":"Ab\u00edlio Gon\u00e7alves","date":"5 de abril de 2020","format":false,"excerpt":"A MP 927\/2020 permite a todos os empregadores suspender o recolhimento de FGTS at\u00e9 maio. A MP 927\/2020 permitiu a suspens\u00e3o de recolhimento do Fundo de Garantia por Tempo de Servi\u00e7o,\u00a0FGTS,\u00a0por parte dos empregadores. Com a medida, fica suspensa a obrigatoriedade do recolhimento referente aos per\u00edodos de mar\u00e7o, abril e\u2026","rel":"","context":"Em &quot;Departamento Pessoal&quot;","block_context":{"text":"Departamento Pessoal","link":"https:\/\/cfcontabil.com\/cf\/category\/dp\/"},"img":{"alt_text":"","src":"https:\/\/i0.wp.com\/cfcontabil.com\/cf\/wp-content\/uploads\/2020\/04\/mp927.jpeg?fit=768%2C423&ssl=1&resize=350%2C200","width":350,"height":200,"srcset":"https:\/\/i0.wp.com\/cfcontabil.com\/cf\/wp-content\/uploads\/2020\/04\/mp927.jpeg?fit=768%2C423&ssl=1&resize=350%2C200 1x, https:\/\/i0.wp.com\/cfcontabil.com\/cf\/wp-content\/uploads\/2020\/04\/mp927.jpeg?fit=768%2C423&ssl=1&resize=525%2C300 1.5x, https:\/\/i0.wp.com\/cfcontabil.com\/cf\/wp-content\/uploads\/2020\/04\/mp927.jpeg?fit=768%2C423&ssl=1&resize=700%2C400 2x"},"classes":[]},{"id":1265,"url":"https:\/\/cfcontabil.com\/cf\/reforma-trabalhista-como-era-e-como-ficara\/","url_meta":{"origin":1057,"position":3},"title":"Reforma trabalhista: como era e como ficar\u00e1?","author":"Ab\u00edlio Gon\u00e7alves","date":"27 de julho de 2017","format":false,"excerpt":"Reforma trabalhista, uma das principais mudan\u00e7as ansiosamente aguardada por empres\u00e1rios e industriais, \u00a0foi\u00a0publicada no Di\u00e1rio Oficial da Uni\u00e3o, no dia\u00a014 de julho de 2017, sob forma de\u00a0Lei n\u00ba 13.467. Segundo o Executivo Nacional, as 100 mudan\u00e7as na Consolida\u00e7\u00e3o das Leis do Trabalho \u2013 CLT, que entrar\u00e3o em vigor em novembro\u2026","rel":"","context":"Em &quot;Departamento Pessoal&quot;","block_context":{"text":"Departamento Pessoal","link":"https:\/\/cfcontabil.com\/cf\/category\/dp\/"},"img":{"alt_text":"","src":"https:\/\/i0.wp.com\/cfcontabil.com\/cf\/wp-content\/uploads\/2017\/05\/carteira-de-trabalho-1.jpg?fit=590%2C302&ssl=1&resize=350%2C200","width":350,"height":200,"srcset":"https:\/\/i0.wp.com\/cfcontabil.com\/cf\/wp-content\/uploads\/2017\/05\/carteira-de-trabalho-1.jpg?fit=590%2C302&ssl=1&resize=350%2C200 1x, https:\/\/i0.wp.com\/cfcontabil.com\/cf\/wp-content\/uploads\/2017\/05\/carteira-de-trabalho-1.jpg?fit=590%2C302&ssl=1&resize=525%2C300 1.5x"},"classes":[]},{"id":1140,"url":"https:\/\/cfcontabil.com\/cf\/comissao-aprova-relatorio-da-reforma-trabalhista\/","url_meta":{"origin":1057,"position":4},"title":"Comiss\u00e3o aprova relat\u00f3rio da reforma trabalhista","author":"Ab\u00edlio Gon\u00e7alves","date":"27 de abril de 2017","format":false,"excerpt":"Projeto define as situa\u00e7\u00f5es nas quais acordos coletivos poder\u00e3o se sobrepor \u00e0 lei trabalhista. A comiss\u00e3o especial da C\u00e2mara destinada a analisar a reforma trabalhista aprovou nesta ter\u00e7a-feira (25) o parecer do relator Rog\u00e9rio Marinho (PSDB-RN) por 27 votos a favor e 10 contra. O projeto foi encaminhado ao Legislativo\u2026","rel":"","context":"Em &quot;Departamento Pessoal&quot;","block_context":{"text":"Departamento Pessoal","link":"https:\/\/cfcontabil.com\/cf\/category\/dp\/"},"img":{"alt_text":"","src":"https:\/\/i0.wp.com\/cfcontabil.com\/cf\/wp-content\/uploads\/2017\/01\/CTPStrabalho-1.jpg?fit=1200%2C781&ssl=1&resize=350%2C200","width":350,"height":200,"srcset":"https:\/\/i0.wp.com\/cfcontabil.com\/cf\/wp-content\/uploads\/2017\/01\/CTPStrabalho-1.jpg?fit=1200%2C781&ssl=1&resize=350%2C200 1x, https:\/\/i0.wp.com\/cfcontabil.com\/cf\/wp-content\/uploads\/2017\/01\/CTPStrabalho-1.jpg?fit=1200%2C781&ssl=1&resize=525%2C300 1.5x, https:\/\/i0.wp.com\/cfcontabil.com\/cf\/wp-content\/uploads\/2017\/01\/CTPStrabalho-1.jpg?fit=1200%2C781&ssl=1&resize=700%2C400 2x, https:\/\/i0.wp.com\/cfcontabil.com\/cf\/wp-content\/uploads\/2017\/01\/CTPStrabalho-1.jpg?fit=1200%2C781&ssl=1&resize=1050%2C600 3x"},"classes":[]},{"id":811,"url":"https:\/\/cfcontabil.com\/cf\/salario-de-contribuicao-e-salario-familia\/","url_meta":{"origin":1057,"position":5},"title":"SAL\u00c1RIO-DE-CONTRIBUI\u00c7\u00c3O E SAL\u00c1RIO-FAM\u00cdLIA","author":"Ab\u00edlio Gon\u00e7alves","date":"18 de janeiro de 2017","format":false,"excerpt":"Foi publicada no Di\u00e1rio Oficial da Uni\u00e3o desta segunda-feira, 16.01.2017, a\u00a0Portaria MF n\u00b0 008\/2017,\u00a0que estabelece a\u00a0nova tabela de sal\u00e1rio-de-contribui\u00e7\u00e3o do segurado empregado, empregado dom\u00e9stico e trabalhador avulso. Esta nova tabela dever\u00e1 ser utilizada para pagamento de remunera\u00e7\u00e3o\u00a0a partir de\u00a001.01.2017. Sal\u00e1rio-de-contribui\u00e7\u00e3o Al\u00edquota para fins de recolhimento ao INSS (%) at\u00e9 R$\u2026","rel":"","context":"Em &quot;Departamento Pessoal&quot;","block_context":{"text":"Departamento Pessoal","link":"https:\/\/cfcontabil.com\/cf\/category\/dp\/"},"img":{"alt_text":"","src":"https:\/\/i0.wp.com\/cfcontabil.com\/cf\/wp-content\/uploads\/2017\/01\/logo-inss-previdencia-social-1.png?fit=1000%2C604&ssl=1&resize=350%2C200","width":350,"height":200,"srcset":"https:\/\/i0.wp.com\/cfcontabil.com\/cf\/wp-content\/uploads\/2017\/01\/logo-inss-previdencia-social-1.png?fit=1000%2C604&ssl=1&resize=350%2C200 1x, https:\/\/i0.wp.com\/cfcontabil.com\/cf\/wp-content\/uploads\/2017\/01\/logo-inss-previdencia-social-1.png?fit=1000%2C604&ssl=1&resize=525%2C300 1.5x, https:\/\/i0.wp.com\/cfcontabil.com\/cf\/wp-content\/uploads\/2017\/01\/logo-inss-previdencia-social-1.png?fit=1000%2C604&ssl=1&resize=700%2C400 2x"},"classes":[]}],"jetpack_likes_enabled":true,"_links":{"self":[{"href":"https:\/\/cfcontabil.com\/cf\/wp-json\/wp\/v2\/posts\/1057","targetHints":{"allow":["GET"]}}],"collection":[{"href":"https:\/\/cfcontabil.com\/cf\/wp-json\/wp\/v2\/posts"}],"about":[{"href":"https:\/\/cfcontabil.com\/cf\/wp-json\/wp\/v2\/types\/post"}],"author":[{"embeddable":true,"href":"https:\/\/cfcontabil.com\/cf\/wp-json\/wp\/v2\/users\/3"}],"replies":[{"embeddable":true,"href":"https:\/\/cfcontabil.com\/cf\/wp-json\/wp\/v2\/comments?post=1057"}],"version-history":[{"count":0,"href":"https:\/\/cfcontabil.com\/cf\/wp-json\/wp\/v2\/posts\/1057\/revisions"}],"wp:featuredmedia":[{"embeddable":true,"href":"https:\/\/cfcontabil.com\/cf\/wp-json\/wp\/v2\/media\/1058"}],"wp:attachment":[{"href":"https:\/\/cfcontabil.com\/cf\/wp-json\/wp\/v2\/media?parent=1057"}],"wp:term":[{"taxonomy":"category","embeddable":true,"href":"https:\/\/cfcontabil.com\/cf\/wp-json\/wp\/v2\/categories?post=1057"},{"taxonomy":"post_tag","embeddable":true,"href":"https:\/\/cfcontabil.com\/cf\/wp-json\/wp\/v2\/tags?post=1057"}],"curies":[{"name":"wp","href":"https:\/\/api.w.org\/{rel}","templated":true}]}}