{"id":1061,"date":"2017-03-14T14:34:57","date_gmt":"2017-03-14T17:34:57","guid":{"rendered":"http:\/\/cfcontabil.com\/cf\/?p=1061"},"modified":"2017-03-14T14:34:57","modified_gmt":"2017-03-14T17:34:57","slug":"prova-para-peritos-contabeis-abrangera-todas-as-areas-de-atuacao","status":"publish","type":"post","link":"https:\/\/cfcontabil.com\/cf\/prova-para-peritos-contabeis-abrangera-todas-as-areas-de-atuacao\/","title":{"rendered":"Prova para peritos cont\u00e1beis abranger\u00e1 todas as \u00e1reas de atua\u00e7\u00e3o"},"content":{"rendered":"<p style=\"text-align: justify;\"><strong>Comiss\u00e3o organizadora da prova est\u00e1 reunida para definir as quest\u00f5es.<\/strong><\/p>\n<p>A Comiss\u00e3o Administradora do Exame de Qualidade T\u00e9cnica &#8211; Peritos Cont\u00e1beis (CAE-EQT-PC) reuniu-se nesta quinta (9) e sexta-feira (10), na sede do Conselho Federal de Contabilidade (CFC), em Bras\u00edlia, para elaborar e validar as quest\u00f5es do primeiro exame, que ser\u00e1 realizado em agosto. A aprova\u00e7\u00e3o no exame implicar\u00e1 o registro do aprovado no Cadastro Nacional de Peritos Cont\u00e1beis (CNPC), do CFC. O cadastro tem hoje mais de 3 mil inscritos.<\/p>\n<p>O CNPC foi criado em mar\u00e7o do ano passado \u00e0 luz no Novo C\u00f3digo de Processo Civil (CPC), que determina aos tribunais a cria\u00e7\u00e3o e manuten\u00e7\u00e3o de cadastros de peritos para auxiliar o juiz sempre que a prova do fato depender de comprova\u00e7\u00e3o t\u00e9cnica.<\/p>\n<p>O CFC se antecipou e criou o CNPC para auxiliar a Justi\u00e7a e a sociedade, oferecendo uma lista de peritos cont\u00e1beis identificados por \u00e1rea de atua\u00e7\u00e3o e localiza\u00e7\u00e3o geogr\u00e1fica. \u201cAntes o Sistema CFC\/CRCs n\u00e3o dispunha em sua base de dados de registro, a informa\u00e7\u00e3o de quais contadores exerciam a atividade pericial.<\/p>\n<p>Isso agora foi alcan\u00e7ado, em sistema simples, r\u00e1pido e dispon\u00edvel para consulta na rede mundial de computadores. No aspecto qualitativo, para atendimento ao Judici\u00e1rio e aos interessados, al\u00e9m da certifica\u00e7\u00e3o da situa\u00e7\u00e3o de regularidade para o exerc\u00edcio profissional, o cadastro permite a identifica\u00e7\u00e3o c\u00e9lere dos contatos do perito, que pode ser identificado em consultas por nome, n\u00famero de registro, por CRC de origem, por \u00e1rea geogr\u00e1fica e por \u00e1rea de especialidade de atua\u00e7\u00e3o\u201d, afirma a coordenadora da CAE-EQT-PC, Sandra Batista. Tamb\u00e9m integram a comiss\u00e3o, Adriel Mota Ziesemer, Jos\u00e9 Antonio de Fran\u00e7a e Paulo Cordeiro de Mello.<\/p>\n<p style=\"text-align: justify;\"><!--more--><\/p>\n<p>O novo CPC manteve o reconhecimento da import\u00e2ncia do trabalho desses profissionais na categoria de auxiliares da Justi\u00e7a. O papel do perito cont\u00e1bil tem recebido destaque no cen\u00e1rio nacional, como no caso do esc\u00e2ndalo da Petrobras, em que os valores desviados da estatal ficaram conhecidos depois que laudos periciais cont\u00e1beis financeiros foram produzidos. \u201cDadas a natureza e a complexidade da mat\u00e9ria, \u00e9 importante verificar que os procedimentos t\u00e9cnico-cient\u00edficos adotados pelos peritos criminais em exames, vistorias e investiga\u00e7\u00e3o, e o uso dos sistemas eletr\u00f4nicos de verifica\u00e7\u00e3o de dados, dentre outros, t\u00eam possibilitado, em cada fase da opera\u00e7\u00e3o, a certifica\u00e7\u00e3o da pr\u00e1tica criminosa e quantifica\u00e7\u00e3o dos valores desviados. Os laudos periciais servem para levar \u00e0 inst\u00e2ncia decis\u00f3ria elementos de prova necess\u00e1rios a subsidiar as decis\u00f5es judiciais\u201d, explica Sandra.<\/p>\n<p>Segundo dados da Associa\u00e7\u00e3o\u00a0\u00a0 Nacional dos Peritos Criminais Federais, na Opera\u00e7\u00e3o Lava-Jato est\u00e3o envolvidos mais de 100 peritos de diversas \u00e1reas de especialidade. Eles j\u00e1 elaboraram mais de mil laudos, que permitiram o bloqueio de bens estimados em R$ 2,4 bilh\u00f5es e a repatria\u00e7\u00e3o de mais de R$ 745,1 milh\u00f5es.<\/p>\n<p>O CNPC foi criado em mar\u00e7o de 2016, e para participar o contador deve estar devidamente registrado no Conselho Regional de Contabilidade (CRC) de sua jurisdi\u00e7\u00e3o e ser aprovado na EQT-PC. At\u00e9 dezembro de 2017, \u00e9 poss\u00edvel se inscrever apenas comprovando experi\u00eancia em pelo menos um trabalho pericial.<\/p>\n<p>A primeira prova do EQT-PC ocorrer\u00e1 no dia 25 de agosto. Contar\u00e1 com 50 quest\u00f5es objetivas e duas subjetivas. Ser\u00e3o cobrados conhecimentos em Normas Brasileiras de Contabilidade T\u00e9cnica, Profissionais e Interpreta\u00e7\u00f5es; legisla\u00e7\u00e3o sobre a profiss\u00e3o cont\u00e1bil; legisla\u00e7\u00e3o relacionada ao processo civil; l\u00edngua portuguesa e reda\u00e7\u00e3o. \u201cEstamos empenhados na elabora\u00e7\u00e3o de um banco de dados com um grande n\u00famero de quest\u00f5es para que sejam selecionadas para o exame, na forma prevista no edital publicado no \u00faltimo dia 2\u201d, afirma Sandra.<\/p>\n<p>As inscri\u00e7\u00f5es para o EQT-PC v\u00e3o de 15 de maio a 30 de junho, devem ser feitas no site do CFC (www.cfc.org.br) e custam R$ 150. Para conferir o edital, clique aqui. http:\/\/cfc.org.br\/exame-de-qualificacao-tecnica\/1o-exame-de-qualificacao-tecnica-para-pericia-contabil\/<\/p>\n<p>Fonte:\u00a0CFC de 10.03.2017<\/p>\n","protected":false},"excerpt":{"rendered":"<p>Comiss\u00e3o organizadora da prova est\u00e1 reunida para definir as quest\u00f5es. A Comiss\u00e3o Administradora do Exame de Qualidade T\u00e9cnica &#8211; Peritos Cont\u00e1beis (CAE-EQT-PC) reuniu-se nesta quinta (9) e sexta-feira (10), na sede do Conselho Federal de Contabilidade (CFC), em Bras\u00edlia, para elaborar e validar as quest\u00f5es do primeiro exame, que ser\u00e1 realizado em agosto. A aprova\u00e7\u00e3o [&hellip;]<\/p>\n","protected":false},"author":3,"featured_media":1062,"comment_status":"open","ping_status":"open","sticky":false,"template":"","format":"standard","meta":{"jetpack_post_was_ever_published":false,"_jetpack_newsletter_access":"","_jetpack_dont_email_post_to_subs":false,"_jetpack_newsletter_tier_id":0,"_jetpack_memberships_contains_paywalled_content":false,"_jetpack_memberships_contains_paid_content":false,"footnotes":"","jetpack_publicize_message":"Prova para peritos cont\u00e1beis abranger\u00e1 todas as \u00e1reas de atua\u00e7\u00e3o","jetpack_publicize_feature_enabled":true,"jetpack_social_post_already_shared":true,"jetpack_social_options":{"image_generator_settings":{"template":"highway","default_image_id":0,"font":"","enabled":false},"version":2}},"categories":[22],"tags":[458,320,459,321,61,21,71,211,460],"class_list":["post-1061","post","type-post","status-publish","format-standard","has-post-thumbnail","hentry","category-geral","tag-cadastro","tag-cfc","tag-cnpc","tag-conselho","tag-contabil","tag-contabilidade","tag-federal","tag-nacional","tag-perito"],"jetpack_publicize_connections":[],"jetpack_featured_media_url":"https:\/\/i0.wp.com\/cfcontabil.com\/cf\/wp-content\/uploads\/2017\/03\/perito-contabil-1.jpg?fit=424%2C283&ssl=1","jetpack_sharing_enabled":true,"jetpack_shortlink":"https:\/\/wp.me\/p2wklX-h7","jetpack-related-posts":[{"id":1238,"url":"https:\/\/cfcontabil.com\/cf\/resolucao-cfc-n-14452013-passara-por-mudancas\/","url_meta":{"origin":1061,"position":0},"title":"Resolu\u00e7\u00e3o CFC n\u00b0 1445\/2013 passar\u00e1 por mudan\u00e7as","author":"Ab\u00edlio Gon\u00e7alves","date":"26 de junho de 2017","format":false,"excerpt":"Integrantes da comiss\u00e3o constitu\u00edda para capacita\u00e7\u00e3o e acompanhamento dos procedimentos a serem observados pelos profissionais e organiza\u00e7\u00f5es cont\u00e1beis, para cumprimento das obriga\u00e7\u00f5es previstas na Resolu\u00e7\u00e3o CFC n\u00b0 1445\/2013, est\u00e3o reunidos na sede do CFC, em Bras\u00edlia (DF). A pauta prev\u00ea a discuss\u00e3o das mudan\u00e7as sugeridas na Resolu\u00e7\u00e3o que esteve em\u2026","rel":"","context":"Em &quot;Geral&quot;","block_context":{"text":"Geral","link":"https:\/\/cfcontabil.com\/cf\/category\/geral\/"},"img":{"alt_text":"","src":"https:\/\/i0.wp.com\/cfcontabil.com\/cf\/wp-content\/uploads\/2013\/01\/contabilidade-online-2.png?fit=500%2C325&ssl=1&resize=350%2C200","width":350,"height":200},"classes":[]},{"id":1094,"url":"https:\/\/cfcontabil.com\/cf\/grupo-finaliza-minuta-de-cinco-novas-normas-de-contabilidade-da-area-publica\/","url_meta":{"origin":1061,"position":1},"title":"Grupo finaliza minuta de cinco novas normas de contabilidade da \u00e1rea p\u00fablica","author":"Ab\u00edlio Gon\u00e7alves","date":"29 de mar\u00e7o de 2017","format":false,"excerpt":"Normas relativas ao patrim\u00f4nio devem entrar em audi\u00eancia p\u00fablica ainda este semestre O Grupo Assessor de Normas Brasileiras de Contabilidade Aplicadas ao Setor P\u00fablico (GA NBCASP), do Conselho Federal de Contabilidade (CFC), se reuniu nos dias 21 e 22 de mar\u00e7o, para dar continuidade ao processo de converg\u00eancia \u00e0s normas\u2026","rel":"","context":"Em &quot;Geral&quot;","block_context":{"text":"Geral","link":"https:\/\/cfcontabil.com\/cf\/category\/geral\/"},"img":{"alt_text":"","src":"https:\/\/i0.wp.com\/cfcontabil.com\/cf\/wp-content\/uploads\/2017\/03\/ci%C3%AAncias-cont%C3%A1beis-1.jpg?fit=856%2C415&ssl=1&resize=350%2C200","width":350,"height":200,"srcset":"https:\/\/i0.wp.com\/cfcontabil.com\/cf\/wp-content\/uploads\/2017\/03\/ci%C3%AAncias-cont%C3%A1beis-1.jpg?fit=856%2C415&ssl=1&resize=350%2C200 1x, https:\/\/i0.wp.com\/cfcontabil.com\/cf\/wp-content\/uploads\/2017\/03\/ci%C3%AAncias-cont%C3%A1beis-1.jpg?fit=856%2C415&ssl=1&resize=525%2C300 1.5x, https:\/\/i0.wp.com\/cfcontabil.com\/cf\/wp-content\/uploads\/2017\/03\/ci%C3%AAncias-cont%C3%A1beis-1.jpg?fit=856%2C415&ssl=1&resize=700%2C400 2x"},"classes":[]},{"id":611,"url":"https:\/\/cfcontabil.com\/cf\/x-convencao-de-contabildade-do-distrito-federal\/","url_meta":{"origin":1061,"position":2},"title":"X Conven\u00e7\u00e3o de Contabildade do Distrito Federal","author":"Ab\u00edlio Gon\u00e7alves","date":"10 de setembro de 2015","format":false,"excerpt":"\u201cCom a Contabilidade o Brasil se faz Transparente\u201d Com este tema que o Conselho Regional de Contabilidade do Distrito Federal (CRCDF) realizou a X Conven\u00e7\u00e3o de Contabilidade do Distrito Federal, \u00a0nos dias 20 e 21 de agosto\u00a0na sede da LBV, situada na SGAS 915 Sul. A Conven\u00e7\u00e3o de\u00a0Contabilidade \u00e9 um\u2026","rel":"","context":"Em &quot;Consultoria Empresarial&quot;","block_context":{"text":"Consultoria Empresarial","link":"https:\/\/cfcontabil.com\/cf\/category\/consultoria\/"},"img":{"alt_text":"","src":"https:\/\/i0.wp.com\/cfcontabil.com\/cf\/wp-content\/uploads\/2015\/09\/xconvencaocontabilidadedf-tema-2.png?fit=600%2C600&ssl=1&resize=350%2C200","width":350,"height":200,"srcset":"https:\/\/i0.wp.com\/cfcontabil.com\/cf\/wp-content\/uploads\/2015\/09\/xconvencaocontabilidadedf-tema-2.png?fit=600%2C600&ssl=1&resize=350%2C200 1x, https:\/\/i0.wp.com\/cfcontabil.com\/cf\/wp-content\/uploads\/2015\/09\/xconvencaocontabilidadedf-tema-2.png?fit=600%2C600&ssl=1&resize=525%2C300 1.5x"},"classes":[]},{"id":877,"url":"https:\/\/cfcontabil.com\/cf\/atraso-em-liberacao-de-programa-da-dirf-pode-comprometer-a-declaracao-de-imposto-de-renda\/","url_meta":{"origin":1061,"position":3},"title":"Atraso em libera\u00e7\u00e3o de programa da Dirf pode comprometer a declara\u00e7\u00e3o de imposto de renda","author":"Ab\u00edlio Gon\u00e7alves","date":"26 de janeiro de 2017","format":false,"excerpt":"CFC encaminhou\u00a0of\u00edcio para Receita solicitando a imediata disponibiliza\u00e7\u00e3o de programa de transmiss\u00e3o da DIRF O Conselho Federal de Contabilidade (CFC) enviou, nesta ter\u00e7a-feira (24), of\u00edcio ao secret\u00e1rio da Receita Federal, Jorge Rachid, pedindo a prorroga\u00e7\u00e3o do prazo de entrega da Declara\u00e7\u00e3o do Imposto de Renda Retido na Fonte (Dirf), previsto\u2026","rel":"","context":"Em &quot;Departamento Pessoal&quot;","block_context":{"text":"Departamento Pessoal","link":"https:\/\/cfcontabil.com\/cf\/category\/dp\/"},"img":{"alt_text":"","src":"https:\/\/i0.wp.com\/cfcontabil.com\/cf\/wp-content\/uploads\/2017\/01\/DIRF_698x57613-1.jpg?fit=1000%2C826&ssl=1&resize=350%2C200","width":350,"height":200,"srcset":"https:\/\/i0.wp.com\/cfcontabil.com\/cf\/wp-content\/uploads\/2017\/01\/DIRF_698x57613-1.jpg?fit=1000%2C826&ssl=1&resize=350%2C200 1x, https:\/\/i0.wp.com\/cfcontabil.com\/cf\/wp-content\/uploads\/2017\/01\/DIRF_698x57613-1.jpg?fit=1000%2C826&ssl=1&resize=525%2C300 1.5x, https:\/\/i0.wp.com\/cfcontabil.com\/cf\/wp-content\/uploads\/2017\/01\/DIRF_698x57613-1.jpg?fit=1000%2C826&ssl=1&resize=700%2C400 2x"},"classes":[]},{"id":873,"url":"https:\/\/cfcontabil.com\/cf\/declaracao-negativa-referente-ao-exercicio-de-2016\/","url_meta":{"origin":1061,"position":4},"title":"&#8220;Declara\u00e7\u00e3o Negativa&#8221; referente ao exerc\u00edcio de 2016","author":"Ab\u00edlio Gon\u00e7alves","date":"25 de janeiro de 2017","format":false,"excerpt":"O prazo para os profissionais e organiza\u00e7\u00f5es cont\u00e1beis \u00e9 at\u00e9 o dia 31.01.17 Conforme estabelecido na Lei no 9.613\/98 e regulamentado atrav\u00e9s da Resolu\u00e7\u00e3o CFC n.\u00b0 1.445\/2013,\u00a0profissionais e organiza\u00e7\u00f5es cont\u00e1beis\u00a0que prestem, mesmo que eventualmente, servi\u00e7os de assessoria, consultoria, contadoria, auditoria, aconselhamento ou assist\u00eancia que qualquer natureza, que\u00a0n\u00e3o efetuaram comunica\u00e7\u00e3o de\u2026","rel":"","context":"Em &quot;Consultoria Empresarial&quot;","block_context":{"text":"Consultoria Empresarial","link":"https:\/\/cfcontabil.com\/cf\/category\/consultoria\/"},"img":{"alt_text":"","src":"","width":0,"height":0},"classes":[]},{"id":865,"url":"https:\/\/cfcontabil.com\/cf\/1-exame-de-suficiencia-de-2017-boletos-podem-ser-pagos-ate-o-dia-26\/","url_meta":{"origin":1061,"position":5},"title":"1\u00b0 Exame de Sufici\u00eancia de 2017: boletos podem ser pagos at\u00e9 o dia 26","author":"Ab\u00edlio Gon\u00e7alves","date":"24 de janeiro de 2017","format":false,"excerpt":"Foi publicada no Di\u00e1rio Oficial da Uni\u00e3o (DOU), desta ter\u00e7a-feira (24), se\u00e7\u00e3o 3, p\u00e1g. 130, a retifica\u00e7\u00e3o do Edital do 1\u00b0 Exame de Sufici\u00eancia, que altera a data de pagamento do boleto. Os itens alterados no edital foram 2.2, 2.2.1 e 3.13. A data final para o pagamento, ap\u00f3s a\u2026","rel":"","context":"Em &quot;Geral&quot;","block_context":{"text":"Geral","link":"https:\/\/cfcontabil.com\/cf\/category\/geral\/"},"img":{"alt_text":"","src":"https:\/\/i0.wp.com\/cfcontabil.com\/cf\/wp-content\/uploads\/2017\/01\/exame_suficiencia_2016-1.jpg?fit=675%2C302&ssl=1&resize=350%2C200","width":350,"height":200,"srcset":"https:\/\/i0.wp.com\/cfcontabil.com\/cf\/wp-content\/uploads\/2017\/01\/exame_suficiencia_2016-1.jpg?fit=675%2C302&ssl=1&resize=350%2C200 1x, https:\/\/i0.wp.com\/cfcontabil.com\/cf\/wp-content\/uploads\/2017\/01\/exame_suficiencia_2016-1.jpg?fit=675%2C302&ssl=1&resize=525%2C300 1.5x"},"classes":[]}],"jetpack_likes_enabled":true,"_links":{"self":[{"href":"https:\/\/cfcontabil.com\/cf\/wp-json\/wp\/v2\/posts\/1061","targetHints":{"allow":["GET"]}}],"collection":[{"href":"https:\/\/cfcontabil.com\/cf\/wp-json\/wp\/v2\/posts"}],"about":[{"href":"https:\/\/cfcontabil.com\/cf\/wp-json\/wp\/v2\/types\/post"}],"author":[{"embeddable":true,"href":"https:\/\/cfcontabil.com\/cf\/wp-json\/wp\/v2\/users\/3"}],"replies":[{"embeddable":true,"href":"https:\/\/cfcontabil.com\/cf\/wp-json\/wp\/v2\/comments?post=1061"}],"version-history":[{"count":0,"href":"https:\/\/cfcontabil.com\/cf\/wp-json\/wp\/v2\/posts\/1061\/revisions"}],"wp:featuredmedia":[{"embeddable":true,"href":"https:\/\/cfcontabil.com\/cf\/wp-json\/wp\/v2\/media\/1062"}],"wp:attachment":[{"href":"https:\/\/cfcontabil.com\/cf\/wp-json\/wp\/v2\/media?parent=1061"}],"wp:term":[{"taxonomy":"category","embeddable":true,"href":"https:\/\/cfcontabil.com\/cf\/wp-json\/wp\/v2\/categories?post=1061"},{"taxonomy":"post_tag","embeddable":true,"href":"https:\/\/cfcontabil.com\/cf\/wp-json\/wp\/v2\/tags?post=1061"}],"curies":[{"name":"wp","href":"https:\/\/api.w.org\/{rel}","templated":true}]}}