{"id":1064,"date":"2017-03-15T05:00:41","date_gmt":"2017-03-15T08:00:41","guid":{"rendered":"http:\/\/cfcontabil.com\/cf\/?p=1064"},"modified":"2017-03-15T05:00:41","modified_gmt":"2017-03-15T08:00:41","slug":"receita-federal-regulamenta-transmissao-de-informacoes-relativas-ao-rerct","status":"publish","type":"post","link":"https:\/\/cfcontabil.com\/cf\/receita-federal-regulamenta-transmissao-de-informacoes-relativas-ao-rerct\/","title":{"rendered":"Receita Federal regulamenta transmiss\u00e3o de informa\u00e7\u00f5es relativas ao RERCT"},"content":{"rendered":"<p style=\"text-align: justify;\"><strong>Receita Federal lan\u00e7a Instru\u00e7\u00e3o Normativa (IN) RFB n\u00b0 1699\/2017 que disp\u00f5e sobre a obrigatoriedade de presta\u00e7\u00e3o de informa\u00e7\u00f5es na e-Financeira.<\/strong><\/p>\n<p>Foi publicada dia 10.03\u00a0no Di\u00e1rio Oficial da Uni\u00e3o a IN RFB n\u00b0 1699\/2017, que trata de informa\u00e7\u00f5es da e-Financeira referentes ao Regime Especial de Regulariza\u00e7\u00e3o Cambial e Tribut\u00e1ria (RERCT).<\/p>\n<p>A Lei n\u00b0 13.254, de 13 de janeiro de 2016, instituiu o Regime Especial de Regulariza\u00e7\u00e3o Cambial e Tribut\u00e1ria. Com base no art. 10 da mencionada lei, e no \u00e2mbito de suas compet\u00eancias, a Receita Federal regulamentou a mat\u00e9ria atrav\u00e9s da Instru\u00e7\u00e3o Normativa RFB n\u00b0 1627, de 11 de mar\u00e7o de 2016.<\/p>\n<p>Dentre as obriga\u00e7\u00f5es estabelecidas na mencionada norma administrativa, fora disciplinada hip\u00f3tese espec\u00edfica para o caso de regulariza\u00e7\u00e3o de ativos financeiros n\u00e3o repatriados de valor global superior a cem mil d\u00f3lares dos Estados Unidos da Am\u00e9rica, conforme art. 17 da referida Instru\u00e7\u00e3o Normativa.<\/p>\n<p>Tal obrigatoriedade imp\u00f4s ao declarante do RERCT solicitar e autorizar institui\u00e7\u00e3o financeira no exterior a enviar informa\u00e7\u00e3o sobre o saldo de cada ativo em 31 de dezembro de 2014 para institui\u00e7\u00e3o financeira autorizada a funcionar no Pa\u00eds, via Society for Worldwide Interbank Financial Telecommunication (SWIFT). Em seguida, essas informa\u00e7\u00f5es devem ser prestadas, por essa institui\u00e7\u00e3o financeira autorizada a funcionar no Pa\u00eds, em m\u00f3dulo espec\u00edfico da e-Financeira, obriga\u00e7\u00e3o acess\u00f3ria institu\u00edda pela Instru\u00e7\u00e3o Normativa RFB n\u00b0 1.571, de 2 de julho de 2015.<\/p>\n<p>Desta forma, na presente data, a Receita Federal regulamenta que as informa\u00e7\u00f5es relativas ao RERCT dever\u00e3o ser transmitidas no per\u00edodo de 2 de maio a 30 de junho de 2017.<\/p>\n<p style=\"text-align: justify;\">Fonte:\u00a0RFB de 10.03.2017<\/p>\n","protected":false},"excerpt":{"rendered":"<p>Receita Federal lan\u00e7a Instru\u00e7\u00e3o Normativa (IN) RFB n\u00b0 1699\/2017 que disp\u00f5e sobre a obrigatoriedade de presta\u00e7\u00e3o de informa\u00e7\u00f5es na e-Financeira. Foi publicada dia 10.03\u00a0no Di\u00e1rio Oficial da Uni\u00e3o a IN RFB n\u00b0 1699\/2017, que trata de informa\u00e7\u00f5es da e-Financeira referentes ao Regime Especial de Regulariza\u00e7\u00e3o Cambial e Tribut\u00e1ria (RERCT). A Lei n\u00b0 13.254, de 13 [&hellip;]<\/p>\n","protected":false},"author":3,"featured_media":1483,"comment_status":"open","ping_status":"open","sticky":false,"template":"","format":"standard","meta":{"jetpack_post_was_ever_published":false,"_jetpack_newsletter_access":"","_jetpack_dont_email_post_to_subs":false,"_jetpack_newsletter_tier_id":0,"_jetpack_memberships_contains_paywalled_content":false,"_jetpack_memberships_contains_paid_content":false,"footnotes":"","jetpack_publicize_message":"","jetpack_publicize_feature_enabled":true,"jetpack_social_post_already_shared":true,"jetpack_social_options":{"image_generator_settings":{"template":"highway","default_image_id":0,"font":"","enabled":false},"version":2}},"categories":[46],"tags":[461,462,406,408,283,296,297],"class_list":["post-1064","post","type-post","status-publish","format-standard","has-post-thumbnail","hentry","category-df","tag-cambial","tag-especial","tag-instrucao","tag-normativa","tag-regime","tag-regularizacao","tag-tributaria"],"jetpack_publicize_connections":[],"jetpack_featured_media_url":"https:\/\/i0.wp.com\/cfcontabil.com\/cf\/wp-content\/uploads\/2016\/03\/fiscaliza%C3%A7%C3%A3o-8-1.jpg?fit=825%2C367&ssl=1","jetpack_sharing_enabled":true,"jetpack_shortlink":"https:\/\/wp.me\/p2wklX-ha","jetpack-related-posts":[{"id":1327,"url":"https:\/\/cfcontabil.com\/cf\/receita-federal-regulamenta-prestacoes-de-informacoes-no-ambito-do-prt\/","url_meta":{"origin":1064,"position":0},"title":"Receita Federal regulamenta presta\u00e7\u00f5es de informa\u00e7\u00f5es no \u00e2mbito do PRT","author":"Ab\u00edlio Gon\u00e7alves","date":"12 de junho de 2018","format":false,"excerpt":"As informa\u00e7\u00f5es s\u00e3o necess\u00e1rias \u00e0 consolida\u00e7\u00e3o dos demais d\u00e9bitos Foi\u00a0publicada, no Di\u00e1rio Oficial da Uni\u00e3o desta\u00a0segunda-feira, dia 11 de junho, a\u00a0Instru\u00e7\u00e3o Normativa RFB n\u00ba 1.809, de 2018, que disp\u00f5e sobre a presta\u00e7\u00e3o das informa\u00e7\u00f5es necess\u00e1rias \u00e0 consolida\u00e7\u00e3o dos demais d\u00e9bitos ( n\u00e3o previdenci\u00e1rios) a serem regularizados na forma do Programa\u2026","rel":"","context":"Em &quot;Departamento Fiscal&quot;","block_context":{"text":"Departamento Fiscal","link":"https:\/\/cfcontabil.com\/cf\/category\/df\/"},"img":{"alt_text":"","src":"https:\/\/i0.wp.com\/cfcontabil.com\/cf\/wp-content\/uploads\/2017\/02\/receita-federal-1-1.png?fit=702%2C325&ssl=1&resize=350%2C200","width":350,"height":200,"srcset":"https:\/\/i0.wp.com\/cfcontabil.com\/cf\/wp-content\/uploads\/2017\/02\/receita-federal-1-1.png?fit=702%2C325&ssl=1&resize=350%2C200 1x, https:\/\/i0.wp.com\/cfcontabil.com\/cf\/wp-content\/uploads\/2017\/02\/receita-federal-1-1.png?fit=702%2C325&ssl=1&resize=525%2C300 1.5x, https:\/\/i0.wp.com\/cfcontabil.com\/cf\/wp-content\/uploads\/2017\/02\/receita-federal-1-1.png?fit=702%2C325&ssl=1&resize=700%2C400 2x"},"classes":[]},{"id":1213,"url":"https:\/\/cfcontabil.com\/cf\/receita-divulga-orientacoes-para-adesao-ao-programa-de-regularizacao-tributaria\/","url_meta":{"origin":1064,"position":1},"title":"Receita divulga orienta\u00e7\u00f5es para ades\u00e3o ao Programa de Regulariza\u00e7\u00e3o Tribut\u00e1ria","author":"Ab\u00edlio Gon\u00e7alves","date":"15 de fevereiro de 2017","format":false,"excerpt":"A op\u00e7\u00e3o pelo Programa ocorrer\u00e1 exclusivamente no Ambiente Virtual (e-CAC) Com o intuito de facilitar a compreens\u00e3o das regras do Programa, foi publicado no s\u00edtio da Receita Federal do Brasil, na internet, documento contendo informa\u00e7\u00f5es b\u00e1sicas ao contribuinte, bem como um passo a passo com o roteiro para a ades\u00e3o.\u2026","rel":"","context":"Em &quot;Departamento Fiscal&quot;","block_context":{"text":"Departamento Fiscal","link":"https:\/\/cfcontabil.com\/cf\/category\/df\/"},"img":{"alt_text":"","src":"https:\/\/i0.wp.com\/cfcontabil.com\/cf\/wp-content\/uploads\/2017\/01\/Moedas-1-real-1.jpg?fit=810%2C455&ssl=1&resize=350%2C200","width":350,"height":200,"srcset":"https:\/\/i0.wp.com\/cfcontabil.com\/cf\/wp-content\/uploads\/2017\/01\/Moedas-1-real-1.jpg?fit=810%2C455&ssl=1&resize=350%2C200 1x, https:\/\/i0.wp.com\/cfcontabil.com\/cf\/wp-content\/uploads\/2017\/01\/Moedas-1-real-1.jpg?fit=810%2C455&ssl=1&resize=525%2C300 1.5x, https:\/\/i0.wp.com\/cfcontabil.com\/cf\/wp-content\/uploads\/2017\/01\/Moedas-1-real-1.jpg?fit=810%2C455&ssl=1&resize=700%2C400 2x"},"classes":[]},{"id":1216,"url":"https:\/\/cfcontabil.com\/cf\/entenda-como-aderir-ao-programa-de-regularizacao-tributaria\/","url_meta":{"origin":1064,"position":2},"title":"Entenda como aderir ao Programa de Regulariza\u00e7\u00e3o Tribut\u00e1ria","author":"Ab\u00edlio Gon\u00e7alves","date":"21 de fevereiro de 2017","format":false,"excerpt":"A op\u00e7\u00e3o pelo Programa \u00e9 feita no site da Receita Federal Com o intuito de facilitar a compreens\u00e3o das regras do Programa, foi publicado no s\u00edtio da Receita Federal, na Internet, documento contendo informa\u00e7\u00f5es b\u00e1sicas ao contribuinte, bem como um passo a passo com o roteiro para a ades\u00e3o. A\u2026","rel":"","context":"Em &quot;Departamento Fiscal&quot;","block_context":{"text":"Departamento Fiscal","link":"https:\/\/cfcontabil.com\/cf\/category\/df\/"},"img":{"alt_text":"","src":"https:\/\/i0.wp.com\/cfcontabil.com\/cf\/wp-content\/uploads\/2017\/02\/receita-federal-1-1.png?fit=702%2C325&ssl=1&resize=350%2C200","width":350,"height":200,"srcset":"https:\/\/i0.wp.com\/cfcontabil.com\/cf\/wp-content\/uploads\/2017\/02\/receita-federal-1-1.png?fit=702%2C325&ssl=1&resize=350%2C200 1x, https:\/\/i0.wp.com\/cfcontabil.com\/cf\/wp-content\/uploads\/2017\/02\/receita-federal-1-1.png?fit=702%2C325&ssl=1&resize=525%2C300 1.5x, https:\/\/i0.wp.com\/cfcontabil.com\/cf\/wp-content\/uploads\/2017\/02\/receita-federal-1-1.png?fit=702%2C325&ssl=1&resize=700%2C400 2x"},"classes":[]},{"id":1195,"url":"https:\/\/cfcontabil.com\/cf\/receita-federal-regulamenta-o-programa-especial-de-regularizacao-tributaria-pert\/","url_meta":{"origin":1064,"position":3},"title":"Receita Federal regulamenta o Programa Especial de Regulariza\u00e7\u00e3o Tribut\u00e1ria (PERT)","author":"Ab\u00edlio Gon\u00e7alves","date":"22 de junho de 2017","format":false,"excerpt":"O PERT permite que quaisquer d\u00edvidas para com a Fazenda Nacional, vencidas at\u00e9 30 de abril de 2017, de pessoas f\u00edsicas ou jur\u00eddicas, sejam negociadas em condi\u00e7\u00f5es especiais Foi publicada hoje no Di\u00e1rio Oficial da Uni\u00e3o a Instru\u00e7\u00e3o Normativa RFB n\u00b0 1711\/2017 que trata da renegocia\u00e7\u00e3o de d\u00edvidas lan\u00e7ada pela\u2026","rel":"","context":"Em &quot;Departamento Fiscal&quot;","block_context":{"text":"Departamento Fiscal","link":"https:\/\/cfcontabil.com\/cf\/category\/df\/"},"img":{"alt_text":"","src":"https:\/\/i0.wp.com\/cfcontabil.com\/cf\/wp-content\/uploads\/2016\/03\/dinheiro-1.jpg?fit=661%2C351&ssl=1&resize=350%2C200","width":350,"height":200,"srcset":"https:\/\/i0.wp.com\/cfcontabil.com\/cf\/wp-content\/uploads\/2016\/03\/dinheiro-1.jpg?fit=661%2C351&ssl=1&resize=350%2C200 1x, https:\/\/i0.wp.com\/cfcontabil.com\/cf\/wp-content\/uploads\/2016\/03\/dinheiro-1.jpg?fit=661%2C351&ssl=1&resize=525%2C300 1.5x"},"classes":[]},{"id":1171,"url":"https:\/\/cfcontabil.com\/cf\/entrega-da-dctf-inativa-prorrogada-para-julho-de-2017\/","url_meta":{"origin":1064,"position":4},"title":"Entrega da DCTF Inativa prorrogada para Julho de 2017","author":"Ab\u00edlio Gon\u00e7alves","date":"24 de maio de 2017","format":false,"excerpt":"Confirmado a data de prorroga\u00e7\u00e3o da entrega da DCTF Inativa para dia 21 de Julho de 2017. Veja na \u00edntegra: SECRETARIA DA RECEITA FEDERAL DO BRASIL INSTRU\u00c7\u00c3O NORMATIVA N\u00ba 1.708, DE 22 DE MAIO DE 2017 D.O.U EM 23\/05\/2017 Altera a Instru\u00e7\u00e3o Normativa RFB n\u00ba 1.599, de 11 de dezembro\u2026","rel":"","context":"Em &quot;Departamento Fiscal&quot;","block_context":{"text":"Departamento Fiscal","link":"https:\/\/cfcontabil.com\/cf\/category\/df\/"},"img":{"alt_text":"","src":"https:\/\/i0.wp.com\/cfcontabil.com\/cf\/wp-content\/uploads\/2017\/02\/dctf-1.png?fit=800%2C500&ssl=1&resize=350%2C200","width":350,"height":200,"srcset":"https:\/\/i0.wp.com\/cfcontabil.com\/cf\/wp-content\/uploads\/2017\/02\/dctf-1.png?fit=800%2C500&ssl=1&resize=350%2C200 1x, https:\/\/i0.wp.com\/cfcontabil.com\/cf\/wp-content\/uploads\/2017\/02\/dctf-1.png?fit=800%2C500&ssl=1&resize=525%2C300 1.5x, https:\/\/i0.wp.com\/cfcontabil.com\/cf\/wp-content\/uploads\/2017\/02\/dctf-1.png?fit=800%2C500&ssl=1&resize=700%2C400 2x"},"classes":[]},{"id":917,"url":"https:\/\/cfcontabil.com\/cf\/receita-esclarece-duvidas-sobre-in-1-646-dctf-dspj\/","url_meta":{"origin":1064,"position":5},"title":"Receita esclarece d\u00favidas sobre IN 1.646 &#8211; DCTF \/ DSPJ","author":"Ab\u00edlio Gon\u00e7alves","date":"1 de fevereiro de 2017","format":false,"excerpt":"A Instru\u00e7\u00e3o Normativa RFB n\u00ba 1.646, de 30 de maio de 2016, realizou adequa\u00e7\u00f5es na Instru\u00e7\u00e3o Normativa RFB n\u00ba 1.599, de 11 de dezembro de 2015, que disp\u00f5e sobre a Declara\u00e7\u00e3o de D\u00e9bitos e Cr\u00e9ditos Tribut\u00e1rios Federais (DCTF), e na Instru\u00e7\u00e3o Normativa RFB n\u00ba 1.605, de 22 de dezembro de\u2026","rel":"","context":"Em &quot;Departamento Fiscal&quot;","block_context":{"text":"Departamento Fiscal","link":"https:\/\/cfcontabil.com\/cf\/category\/df\/"},"img":{"alt_text":"","src":"https:\/\/i0.wp.com\/cfcontabil.com\/cf\/wp-content\/uploads\/2017\/02\/dctf-1.png?fit=800%2C500&ssl=1&resize=350%2C200","width":350,"height":200,"srcset":"https:\/\/i0.wp.com\/cfcontabil.com\/cf\/wp-content\/uploads\/2017\/02\/dctf-1.png?fit=800%2C500&ssl=1&resize=350%2C200 1x, https:\/\/i0.wp.com\/cfcontabil.com\/cf\/wp-content\/uploads\/2017\/02\/dctf-1.png?fit=800%2C500&ssl=1&resize=525%2C300 1.5x, https:\/\/i0.wp.com\/cfcontabil.com\/cf\/wp-content\/uploads\/2017\/02\/dctf-1.png?fit=800%2C500&ssl=1&resize=700%2C400 2x"},"classes":[]}],"jetpack_likes_enabled":true,"_links":{"self":[{"href":"https:\/\/cfcontabil.com\/cf\/wp-json\/wp\/v2\/posts\/1064","targetHints":{"allow":["GET"]}}],"collection":[{"href":"https:\/\/cfcontabil.com\/cf\/wp-json\/wp\/v2\/posts"}],"about":[{"href":"https:\/\/cfcontabil.com\/cf\/wp-json\/wp\/v2\/types\/post"}],"author":[{"embeddable":true,"href":"https:\/\/cfcontabil.com\/cf\/wp-json\/wp\/v2\/users\/3"}],"replies":[{"embeddable":true,"href":"https:\/\/cfcontabil.com\/cf\/wp-json\/wp\/v2\/comments?post=1064"}],"version-history":[{"count":0,"href":"https:\/\/cfcontabil.com\/cf\/wp-json\/wp\/v2\/posts\/1064\/revisions"}],"wp:featuredmedia":[{"embeddable":true,"href":"https:\/\/cfcontabil.com\/cf\/wp-json\/wp\/v2\/media\/1483"}],"wp:attachment":[{"href":"https:\/\/cfcontabil.com\/cf\/wp-json\/wp\/v2\/media?parent=1064"}],"wp:term":[{"taxonomy":"category","embeddable":true,"href":"https:\/\/cfcontabil.com\/cf\/wp-json\/wp\/v2\/categories?post=1064"},{"taxonomy":"post_tag","embeddable":true,"href":"https:\/\/cfcontabil.com\/cf\/wp-json\/wp\/v2\/tags?post=1064"}],"curies":[{"name":"wp","href":"https:\/\/api.w.org\/{rel}","templated":true}]}}