{"id":1067,"date":"2017-03-20T12:30:16","date_gmt":"2017-03-20T15:30:16","guid":{"rendered":"http:\/\/cfcontabil.com\/cf\/?p=1067"},"modified":"2017-03-20T12:30:16","modified_gmt":"2017-03-20T15:30:16","slug":"receita-federal-analisa-as-informacoes-de-redes-sociais","status":"publish","type":"post","link":"https:\/\/cfcontabil.com\/cf\/receita-federal-analisa-as-informacoes-de-redes-sociais\/","title":{"rendered":"Receita Federal analisa as informa\u00e7\u00f5es de redes sociais"},"content":{"rendered":"<p style=\"text-align: justify;\"><strong>As informa\u00e7\u00f5es das redes sociais \u00e9 utilizada de forma rotineira na an\u00e1lise e sele\u00e7\u00e3o de contribuintes para fins de fiscaliza\u00e7\u00e3o.<\/strong><\/p>\n<p>A Receita Federal utiliza informa\u00e7\u00f5es de redes sociais de forma rotineira na an\u00e1lise e sele\u00e7\u00e3o de contribuintes para fins de fiscaliza\u00e7\u00e3o. Na execu\u00e7\u00e3o da fiscaliza\u00e7\u00e3o \u00e9 muito comum que o Auditor-Fiscal analise as redes sociais para identificar bens e poss\u00edveis interpostas pessoas (laranjas) nos relacionamentos do contribuinte fiscalizado. J\u00e1 na \u00e1rea de sele\u00e7\u00e3o e programa\u00e7\u00e3o da a\u00e7\u00e3o fiscal, a Receita Federal est\u00e1 utilizando modelos de intelig\u00eancia artificial que realizam buscas na internet e incluem essas informa\u00e7\u00f5es dentre os par\u00e2metros para sele\u00e7\u00e3o do contribuinte para fiscaliza\u00e7\u00e3o (malha).<\/p>\n<p style=\"text-align: justify;\"><a href=\"https:\/\/i0.wp.com\/cfcontabil.com\/cf\/wp-content\/uploads\/2017\/03\/redes-sociais-logos.jpg\"><img data-recalc-dims=\"1\" fetchpriority=\"high\" decoding=\"async\" data-attachment-id=\"1070\" data-permalink=\"https:\/\/cfcontabil.com\/cf\/redes-sociais-logos\/\" data-orig-file=\"https:\/\/i0.wp.com\/cfcontabil.com\/cf\/wp-content\/uploads\/2017\/03\/redes-sociais-logos-1.jpg?fit=1024%2C576&amp;ssl=1\" data-orig-size=\"1024,576\" data-comments-opened=\"1\" data-image-meta=\"{&quot;aperture&quot;:&quot;0&quot;,&quot;credit&quot;:&quot;&quot;,&quot;camera&quot;:&quot;&quot;,&quot;caption&quot;:&quot;&quot;,&quot;created_timestamp&quot;:&quot;0&quot;,&quot;copyright&quot;:&quot;&quot;,&quot;focal_length&quot;:&quot;0&quot;,&quot;iso&quot;:&quot;0&quot;,&quot;shutter_speed&quot;:&quot;0&quot;,&quot;title&quot;:&quot;&quot;,&quot;orientation&quot;:&quot;0&quot;}\" data-image-title=\"redes-sociais-logos\" data-image-description=\"\" data-image-caption=\"\" data-large-file=\"https:\/\/i0.wp.com\/cfcontabil.com\/cf\/wp-content\/uploads\/2017\/03\/redes-sociais-logos-1.jpg?fit=1024%2C576&amp;ssl=1\" class=\"aligncenter size-full wp-image-1070\" src=\"https:\/\/i0.wp.com\/cfcontabil.com\/cf\/wp-content\/uploads\/2017\/03\/redes-sociais-logos.jpg?resize=1024%2C576\" alt=\"\" width=\"1024\" height=\"576\" \/><\/a><\/p>\n<p>As informa\u00e7\u00f5es de redes sociais s\u00e3o ind\u00edcios que se somam aos diversos outros cruzamentos que os Auditores-Fiscais realizam, como informa\u00e7\u00f5es banc\u00e1rias, cart\u00f3rios, ve\u00edculos, declara\u00e7\u00f5es de fontes pagadoras, profissionais de sa\u00fade, alugu\u00e9is etc. Trata-se de cruzamento de informa\u00e7\u00f5es que se aperfei\u00e7oa a cada dia com a retroalimenta\u00e7\u00e3o dos sistemas com a experi\u00eancia dos Auditores-Fiscais, bem como com a pr\u00f3pria evolu\u00e7\u00e3o da tecnologia.<\/p>\n<p>Como informado, trata-se de mais um ind\u00edcio a compor o vasto conjunto de informa\u00e7\u00f5es que a Receita Federal disp\u00f5e para cruzamento, entretanto, (n\u00e3o usaria conjun\u00e7\u00e3o, ainda mais adversativa que passa a ideia de contraste e oposi\u00e7\u00e3o, terminaria o per\u00edodo e come\u00e7aria outro) Estima-se que as informa\u00e7\u00f5es de redes sociais j\u00e1 tenham contribu\u00eddo com subs\u00eddios para o lan\u00e7amento ou atribui\u00e7\u00e3o de responsabilidade tribut\u00e1ria a mais de 2.000 contribuintes, com valor sonegado na ordem de R$ 1 bilh\u00e3o de reais.<\/p>\n<p>A identifica\u00e7\u00e3o do real propriet\u00e1rio e dos bens s\u00e3o fundamentais para que os lan\u00e7amentos tribut\u00e1rios tenham a garantia de que ser\u00e3o pagos, pois estar\u00e3o garantidos com os patrim\u00f4nios bloqueados.<\/p>\n<p style=\"text-align: justify;\"><!--more--><\/p>\n<p style=\"text-align: justify;\"><a href=\"https:\/\/i0.wp.com\/cfcontabil.com\/cf\/wp-content\/uploads\/2017\/03\/redes-sociais.png\"><img data-recalc-dims=\"1\" decoding=\"async\" data-attachment-id=\"1068\" data-permalink=\"https:\/\/cfcontabil.com\/cf\/redes-sociais\/\" data-orig-file=\"https:\/\/i0.wp.com\/cfcontabil.com\/cf\/wp-content\/uploads\/2017\/03\/redes-sociais-1.png?fit=1280%2C585&amp;ssl=1\" data-orig-size=\"1280,585\" data-comments-opened=\"1\" data-image-meta=\"{&quot;aperture&quot;:&quot;0&quot;,&quot;credit&quot;:&quot;&quot;,&quot;camera&quot;:&quot;&quot;,&quot;caption&quot;:&quot;&quot;,&quot;created_timestamp&quot;:&quot;0&quot;,&quot;copyright&quot;:&quot;&quot;,&quot;focal_length&quot;:&quot;0&quot;,&quot;iso&quot;:&quot;0&quot;,&quot;shutter_speed&quot;:&quot;0&quot;,&quot;title&quot;:&quot;&quot;,&quot;orientation&quot;:&quot;0&quot;}\" data-image-title=\"redes sociais\" data-image-description=\"\" data-image-caption=\"\" data-large-file=\"https:\/\/i0.wp.com\/cfcontabil.com\/cf\/wp-content\/uploads\/2017\/03\/redes-sociais-1.png?fit=1024%2C468&amp;ssl=1\" class=\"aligncenter size-full wp-image-1068\" src=\"https:\/\/i0.wp.com\/cfcontabil.com\/cf\/wp-content\/uploads\/2017\/03\/redes-sociais.png?resize=1170%2C535\" alt=\"\" width=\"1170\" height=\"535\" \/><\/a><\/p>\n<p style=\"text-align: justify;\">A t\u00edtulo de exemplo, cita-se algumas situa\u00e7\u00f5es nas quais as redes sociais foram utilizadas na execu\u00e7\u00e3o das fiscaliza\u00e7\u00f5es:<\/p>\n<p>&#8211; Durante a fiscaliza\u00e7\u00e3o foi identificado que o propriet\u00e1rio registrado no contrato social era uma interposta pessoa (laranja), entretanto tanto o laranja como o suposto real propriet\u00e1rio negavam possuir qualquer v\u00ednculo. Em pesquisas nas redes sociais foram identificadas fotos do laranja com o real propriet\u00e1rio da empresa, demonstrando seu v\u00ednculo;<\/p>\n<p>&#8211; Caso em que filho de contribuinte fala sobre viagens caras e bens do pai que serviram de subs\u00eddio para fiscaliza\u00e7\u00e3o e garantia dos cr\u00e9ditos tribut\u00e1rios;<\/p>\n<p>&#8211; Pelas redes sociais os Auditores-Fiscais identificam amigos, com quem o contribuinte se relaciona, permitindo a inclus\u00e3o dos amigos nas pesquisas de grafo de relacionamentos, que facilitam a busca de laranjas e transfer\u00eancias patrimoniais;<\/p>\n<p>&#8211; Durante a fiscaliza\u00e7\u00e3o foi identificado que o propriet\u00e1rio registrado no contrato social era uma interposta pessoa (laranja). Em redes sociais, verificou-se que o laranja &#8220;dono de empresa&#8221; que faturava 100 milh\u00f5es por ano, postava fotos de &#8220;churrasco na laje&#8221;, demonstrado incompatibilidade de sua situa\u00e7\u00e3o de propriet\u00e1rio daquela empresa;<\/p>\n<p>&#8211; Situa\u00e7\u00e3o em que o contribuinte assume em redes sociais ser propriet\u00e1rio de empresa que n\u00e3o est\u00e1 em seu nome;<\/p>\n<p>&#8211; Situa\u00e7\u00e3o em que um motorista afirmando prestar servi\u00e7o para propriet\u00e1rio de empresa que n\u00e3o aparece no quadro societ\u00e1rio constante nos registros;<\/p>\n<p>&#8211; Caso de estrangeiro que tinha empresa em nome de laranja. Encontrado o nome da pessoa no site da fam\u00edlia que informava que o pai fez acordo com governo de seu pa\u00eds para n\u00e3o ser preso, mas que os bens estavam em nome da m\u00e3e. Com isso, bloqueou-se os bens que estavam registrados em nome da m\u00e3e;<\/p>\n<p>&#8211; V\u00eddeo encontrado no Youtube de festa de fim de ano da empresa em que o real propriet\u00e1rio se dirige aos funcion\u00e1rios, sendo que para Receita Federal ele se apresentava com vendedor da empresa. Esse v\u00eddeo passou a constar como um dos elementos de prova no processo de lan\u00e7amento do auto de infra\u00e7\u00e3o para caracterizar a pessoa com real propriet\u00e1rio da empresa.<\/p>\n","protected":false},"excerpt":{"rendered":"<p>As informa\u00e7\u00f5es das redes sociais \u00e9 utilizada de forma rotineira na an\u00e1lise e sele\u00e7\u00e3o de contribuintes para fins de fiscaliza\u00e7\u00e3o. A Receita Federal utiliza informa\u00e7\u00f5es de redes sociais de forma rotineira na an\u00e1lise e sele\u00e7\u00e3o de contribuintes para fins de fiscaliza\u00e7\u00e3o. Na execu\u00e7\u00e3o da fiscaliza\u00e7\u00e3o \u00e9 muito comum que o Auditor-Fiscal analise as redes sociais [&hellip;]<\/p>\n","protected":false},"author":3,"featured_media":1069,"comment_status":"open","ping_status":"open","sticky":false,"template":"","format":"standard","meta":{"jetpack_post_was_ever_published":false,"_jetpack_newsletter_access":"","_jetpack_dont_email_post_to_subs":false,"_jetpack_newsletter_tier_id":0,"_jetpack_memberships_contains_paywalled_content":false,"_jetpack_memberships_contains_paid_content":false,"footnotes":"","jetpack_publicize_message":"Receita Federal analisa as informa\u00e7\u00f5es de redes sociais","jetpack_publicize_feature_enabled":true,"jetpack_social_post_already_shared":true,"jetpack_social_options":{"image_generator_settings":{"template":"highway","default_image_id":0,"font":"","enabled":false},"version":2}},"categories":[46],"tags":[247,71,195,74,58,52,284],"class_list":["post-1067","post","type-post","status-publish","format-standard","has-post-thumbnail","hentry","category-df","tag-contribuinte","tag-federal","tag-fiscalizacao","tag-receita","tag-redes","tag-sociais","tag-tributario"],"jetpack_publicize_connections":[],"jetpack_featured_media_url":"https:\/\/i0.wp.com\/cfcontabil.com\/cf\/wp-content\/uploads\/2017\/03\/redessociais-facebook-youtube-1.jpg?fit=1730%2C982&ssl=1","jetpack_sharing_enabled":true,"jetpack_shortlink":"https:\/\/wp.me\/p2wklX-hd","jetpack-related-posts":[{"id":680,"url":"https:\/\/cfcontabil.com\/cf\/novas-ferramentas-utilizadas-pela-receita-federal-em-2016-na-fiscalizacao\/","url_meta":{"origin":1067,"position":0},"title":"Novas ferramentas utilizadas pela Receita Federal em 2016 na fiscaliza\u00e7\u00e3o","author":"Ab\u00edlio Gon\u00e7alves","date":"18 de mar\u00e7o de 2016","format":false,"excerpt":"O\u00a0Plano Anual da Fiscaliza\u00e7\u00e3o\u00a0da Secretaria da Receita Federal do Brasil para o ano-calend\u00e1rio de 2016 listou as novas estrat\u00e9gias de fiscaliza\u00e7\u00e3o que ser\u00e3o utilizadas em 2016. De acordo com o relat\u00f3rio, a Receita espera autuar em 2016 algo em torno de R$ 155,4 bilh\u00f5es e tem em vista 20 mil\u2026","rel":"","context":"Em &quot;Consultoria Empresarial&quot;","block_context":{"text":"Consultoria Empresarial","link":"https:\/\/cfcontabil.com\/cf\/category\/consultoria\/"},"img":{"alt_text":"","src":"https:\/\/i0.wp.com\/cfcontabil.com\/cf\/wp-content\/uploads\/2016\/03\/Receita-Federal-9-1.png?fit=825%2C367&ssl=1&resize=350%2C200","width":350,"height":200,"srcset":"https:\/\/i0.wp.com\/cfcontabil.com\/cf\/wp-content\/uploads\/2016\/03\/Receita-Federal-9-1.png?fit=825%2C367&ssl=1&resize=350%2C200 1x, https:\/\/i0.wp.com\/cfcontabil.com\/cf\/wp-content\/uploads\/2016\/03\/Receita-Federal-9-1.png?fit=825%2C367&ssl=1&resize=525%2C300 1.5x, https:\/\/i0.wp.com\/cfcontabil.com\/cf\/wp-content\/uploads\/2016\/03\/Receita-Federal-9-1.png?fit=825%2C367&ssl=1&resize=700%2C400 2x"},"classes":[]},{"id":1232,"url":"https:\/\/cfcontabil.com\/cf\/receita-vai-fiscalizar-143-mil-contribuintes-e-espera-recuperar-r-143-bilhoes\/","url_meta":{"origin":1067,"position":1},"title":"Receita vai fiscalizar 14,3 mil contribuintes e espera recuperar R$ 143 bilh\u00f5es","author":"Ab\u00edlio Gon\u00e7alves","date":"6 de mar\u00e7o de 2017","format":false,"excerpt":"Mais de 14,3 mil contribuintes est\u00e3o na mira da fiscaliza\u00e7\u00e3o da Receita Federal este ano. A expectativa do Fisco \u00e9 a recupera\u00e7\u00e3o de R$ 143,4 bilh\u00f5es referente a impostos, multas e juros. Em 2016, a Receita autuou contribuintes que passaram a dever R$ 121,6 bilh\u00f5es, abaixo da expectativa de R$\u2026","rel":"","context":"Em &quot;Departamento Fiscal&quot;","block_context":{"text":"Departamento Fiscal","link":"https:\/\/cfcontabil.com\/cf\/category\/df\/"},"img":{"alt_text":"","src":"https:\/\/i0.wp.com\/cfcontabil.com\/cf\/wp-content\/uploads\/2016\/04\/notebook-1.jpg?fit=627%2C400&ssl=1&resize=350%2C200","width":350,"height":200,"srcset":"https:\/\/i0.wp.com\/cfcontabil.com\/cf\/wp-content\/uploads\/2016\/04\/notebook-1.jpg?fit=627%2C400&ssl=1&resize=350%2C200 1x, https:\/\/i0.wp.com\/cfcontabil.com\/cf\/wp-content\/uploads\/2016\/04\/notebook-1.jpg?fit=627%2C400&ssl=1&resize=525%2C300 1.5x"},"classes":[]},{"id":195,"url":"https:\/\/cfcontabil.com\/cf\/receira-federal-alerta-proteja-se-de-falsos-fiscais\/","url_meta":{"origin":1067,"position":2},"title":"Receira Federal alerta: proteja-se de falsos fiscais!","author":"Vin\u00edcius Moizinho","date":"1 de novembro de 2012","format":false,"excerpt":"Servi\u00e7o de utilidade p\u00fablica, prezados.\u00a0Tome cuidado! Falsos fiscais abordam empresas em busca de dinheiro f\u00e1cil. Algumas vezes, eles usam o nome de servidores da Receita Federal da ativa. Outras vezes, dizem que s\u00e3o da Associa\u00e7\u00e3o de Auditores Fiscais. Ainda h\u00e1 aqueles que querem vender, falsamente, assinaturas ou an\u00fancios em revistas\u2026","rel":"","context":"Em &quot;Contabilidade em geral&quot;","block_context":{"text":"Contabilidade em geral","link":"https:\/\/cfcontabil.com\/cf\/category\/contabilidade-2\/"},"img":{"alt_text":"","src":"https:\/\/i0.wp.com\/www.evidenciagrupo.com.br\/nfe\/intranet\/fckeditor\/kcfinder\/upload\/images\/1333547553.jpg?resize=350%2C200","width":350,"height":200,"srcset":"https:\/\/i0.wp.com\/www.evidenciagrupo.com.br\/nfe\/intranet\/fckeditor\/kcfinder\/upload\/images\/1333547553.jpg?resize=350%2C200 1x, https:\/\/i0.wp.com\/www.evidenciagrupo.com.br\/nfe\/intranet\/fckeditor\/kcfinder\/upload\/images\/1333547553.jpg?resize=525%2C300 1.5x, https:\/\/i0.wp.com\/www.evidenciagrupo.com.br\/nfe\/intranet\/fckeditor\/kcfinder\/upload\/images\/1333547553.jpg?resize=700%2C400 2x"},"classes":[]},{"id":1215,"url":"https:\/\/cfcontabil.com\/cf\/receita-federal-vai-notificar-14-mil-empresas-suspeitas-de-sonegacao\/","url_meta":{"origin":1067,"position":3},"title":"Receita Federal vai notificar 14 mil empresas suspeitas de sonega\u00e7\u00e3o","author":"Ab\u00edlio Gon\u00e7alves","date":"17 de fevereiro de 2017","format":false,"excerpt":"Contribuintes prestaram informa\u00e7\u00f5es incorretas para n\u00e3o pagar al\u00edquota de 20% da contribui\u00e7\u00e3o patronal BRAS\u00cdLIA - A Receita Federal come\u00e7ou, nesta quarta-feira, a notificar 14 mil empresas que foram inclu\u00eddas na malha fina das pessoas jur\u00eddicas por suspeita de sonega\u00e7\u00e3o. De acordo com o Fisco, essa \u00e9 a primeira etapa de\u2026","rel":"","context":"Em &quot;Departamento Fiscal&quot;","block_context":{"text":"Departamento Fiscal","link":"https:\/\/cfcontabil.com\/cf\/category\/df\/"},"img":{"alt_text":"","src":"https:\/\/i0.wp.com\/ogimg.infoglobo.com.br\/economia\/19926885-a76-0ae\/FT1086A\/420\/dinheiro5.jpg?resize=350%2C200&ssl=1","width":350,"height":200,"srcset":"https:\/\/i0.wp.com\/ogimg.infoglobo.com.br\/economia\/19926885-a76-0ae\/FT1086A\/420\/dinheiro5.jpg?resize=350%2C200&ssl=1 1x, https:\/\/i0.wp.com\/ogimg.infoglobo.com.br\/economia\/19926885-a76-0ae\/FT1086A\/420\/dinheiro5.jpg?resize=525%2C300&ssl=1 1.5x"},"classes":[]},{"id":1109,"url":"https:\/\/cfcontabil.com\/cf\/receita-federal-e-fiscos-estaduais-iniciam-fiscalizacao-conjunta\/","url_meta":{"origin":1067,"position":4},"title":"Receita Federal e Fiscos Estaduais iniciam fiscaliza\u00e7\u00e3o conjunta","author":"Ab\u00edlio Gon\u00e7alves","date":"6 de abril de 2017","format":false,"excerpt":"A a\u00e7\u00e3o ter\u00e1 foco nas empresas notificadas pelo Alerta do Simples Nacional 3 de 2016. Expectativa \u00e9 de uma recupera\u00e7\u00e3o de R$ 130 milh\u00f5es em tributos sonegados. A Receita Federal, em conjunto com as Secretarias de Fazenda dos Estados do Tocantins, Piau\u00ed, Alagoas, Rio Grande do Norte, Sergipe, Minas Gerais,\u2026","rel":"","context":"Em &quot;Departamento Fiscal&quot;","block_context":{"text":"Departamento Fiscal","link":"https:\/\/cfcontabil.com\/cf\/category\/df\/"},"img":{"alt_text":"","src":"https:\/\/i0.wp.com\/cfcontabil.com\/cf\/wp-content\/uploads\/2017\/01\/simples-1.jpg?fit=520%2C271&ssl=1&resize=350%2C200","width":350,"height":200},"classes":[]},{"id":1216,"url":"https:\/\/cfcontabil.com\/cf\/entenda-como-aderir-ao-programa-de-regularizacao-tributaria\/","url_meta":{"origin":1067,"position":5},"title":"Entenda como aderir ao Programa de Regulariza\u00e7\u00e3o Tribut\u00e1ria","author":"Ab\u00edlio Gon\u00e7alves","date":"21 de fevereiro de 2017","format":false,"excerpt":"A op\u00e7\u00e3o pelo Programa \u00e9 feita no site da Receita Federal Com o intuito de facilitar a compreens\u00e3o das regras do Programa, foi publicado no s\u00edtio da Receita Federal, na Internet, documento contendo informa\u00e7\u00f5es b\u00e1sicas ao contribuinte, bem como um passo a passo com o roteiro para a ades\u00e3o. A\u2026","rel":"","context":"Em &quot;Departamento Fiscal&quot;","block_context":{"text":"Departamento Fiscal","link":"https:\/\/cfcontabil.com\/cf\/category\/df\/"},"img":{"alt_text":"","src":"https:\/\/i0.wp.com\/cfcontabil.com\/cf\/wp-content\/uploads\/2017\/02\/receita-federal-1-1.png?fit=702%2C325&ssl=1&resize=350%2C200","width":350,"height":200,"srcset":"https:\/\/i0.wp.com\/cfcontabil.com\/cf\/wp-content\/uploads\/2017\/02\/receita-federal-1-1.png?fit=702%2C325&ssl=1&resize=350%2C200 1x, https:\/\/i0.wp.com\/cfcontabil.com\/cf\/wp-content\/uploads\/2017\/02\/receita-federal-1-1.png?fit=702%2C325&ssl=1&resize=525%2C300 1.5x, https:\/\/i0.wp.com\/cfcontabil.com\/cf\/wp-content\/uploads\/2017\/02\/receita-federal-1-1.png?fit=702%2C325&ssl=1&resize=700%2C400 2x"},"classes":[]}],"jetpack_likes_enabled":true,"_links":{"self":[{"href":"https:\/\/cfcontabil.com\/cf\/wp-json\/wp\/v2\/posts\/1067","targetHints":{"allow":["GET"]}}],"collection":[{"href":"https:\/\/cfcontabil.com\/cf\/wp-json\/wp\/v2\/posts"}],"about":[{"href":"https:\/\/cfcontabil.com\/cf\/wp-json\/wp\/v2\/types\/post"}],"author":[{"embeddable":true,"href":"https:\/\/cfcontabil.com\/cf\/wp-json\/wp\/v2\/users\/3"}],"replies":[{"embeddable":true,"href":"https:\/\/cfcontabil.com\/cf\/wp-json\/wp\/v2\/comments?post=1067"}],"version-history":[{"count":0,"href":"https:\/\/cfcontabil.com\/cf\/wp-json\/wp\/v2\/posts\/1067\/revisions"}],"wp:featuredmedia":[{"embeddable":true,"href":"https:\/\/cfcontabil.com\/cf\/wp-json\/wp\/v2\/media\/1069"}],"wp:attachment":[{"href":"https:\/\/cfcontabil.com\/cf\/wp-json\/wp\/v2\/media?parent=1067"}],"wp:term":[{"taxonomy":"category","embeddable":true,"href":"https:\/\/cfcontabil.com\/cf\/wp-json\/wp\/v2\/categories?post=1067"},{"taxonomy":"post_tag","embeddable":true,"href":"https:\/\/cfcontabil.com\/cf\/wp-json\/wp\/v2\/tags?post=1067"}],"curies":[{"name":"wp","href":"https:\/\/api.w.org\/{rel}","templated":true}]}}