{"id":1072,"date":"2017-03-17T14:24:46","date_gmt":"2017-03-17T17:24:46","guid":{"rendered":"http:\/\/cfcontabil.com\/cf\/?p=1072"},"modified":"2017-03-17T14:24:46","modified_gmt":"2017-03-17T17:24:46","slug":"receita-federal-estabelece-a-obrigatoriedade-a-escrituracao-digital-de-retencoes-e-outras-informacoes-fiscais-efd-reinf","status":"publish","type":"post","link":"https:\/\/cfcontabil.com\/cf\/receita-federal-estabelece-a-obrigatoriedade-a-escrituracao-digital-de-retencoes-e-outras-informacoes-fiscais-efd-reinf\/","title":{"rendered":"Receita Federal estabelece a obrigatoriedade \u00e0 Escritura\u00e7\u00e3o Digital de Reten\u00e7\u00f5es e Outras Informa\u00e7\u00f5es Fiscais (EFD-Reinf)"},"content":{"rendered":"<p style=\"text-align: justify;\"><strong>EFD-Reinf tem informa\u00e7\u00f5es prestadas na Dirf e na GFIP.<\/strong><\/p>\n<p>Foi publicada hoje no Di\u00e1rio Ofical da Uni\u00e3o a IN RFB n\u00b0 1701 que estabelece a obrigatoriedade \u00e0 Escritura\u00e7\u00e3o Digital de Reten\u00e7\u00f5es e Outras Informa\u00e7\u00f5es Fiscais (EFD-Reinf).<\/p>\n<p>Com a institui\u00e7\u00e3o da EFD-Reinf, cuja obriga\u00e7\u00e3o de entrega dever\u00e1 ser cumprida a partir de janeiro de 2018, ser\u00e3o disponibilizadas, para o contribuinte, solu\u00e7\u00f5es modernas com possibilidade de integra\u00e7\u00e3o de seus sistemas de inform\u00e1tica diretamente com os servidores da Receita Federal sem a necessidade de intermedia\u00e7\u00e3o de Programas Geradores de Declara\u00e7\u00e3o.<\/p>\n<p>A EFD-Reinf tem informa\u00e7\u00f5es que hoje s\u00e3o exigidas na DIRF e na GFIP. As informa\u00e7\u00f5es da Contribui\u00e7\u00e3o Previdenci\u00e1ria sobre a Receita Bruta (CPRB), que hoje s\u00e3o prestadas pelos contribuintes na EFD-Contribui\u00e7\u00f5es, tamb\u00e9m passaram a ser prestadas na EFD-Reinf.<\/p>\n<p>Dentre as informa\u00e7\u00f5es que ser\u00e3o prestadas por meio dessa nova escritura\u00e7\u00e3o, destacam-se aquelas associadas:<\/p>\n<p>\u2022 a pagamentos a benefici\u00e1rios pessoas f\u00edsicas e jur\u00eddicas;<\/p>\n<p>\u2022 \u00e0s reten\u00e7\u00f5es de contribui\u00e7\u00e3o previdenci\u00e1ria sobre servi\u00e7os prestados com cess\u00e3o de m\u00e3o de obra;<\/p>\n<p>\u2022 \u00e0 renda de espet\u00e1culos desportivos;<\/p>\n<p>\u2022 aos recursos repassados a entidades desportivas a t\u00edtulo de patroc\u00ednios;<\/p>\n<p>\u2022 \u00e0 comercializa\u00e7\u00e3o de produ\u00e7\u00e3o rural por produtores rurais Pessoas Jur\u00eddicas e Agroind\u00fastrias;<\/p>\n<p>\u2022 \u00e0s empresas que se sujeitam \u00e0 Contribui\u00e7\u00e3o Previdenci\u00e1ria sobre a Receita Bruta (CPRB);<\/p>\n<p>Em paralelo com o eSocial, a EFD-Reinf ter\u00e1 como objetivo a substitui\u00e7\u00e3o de diversas obriga\u00e7\u00f5es acess\u00f3rias hoje impostas aos contribuintes e empregadores, como por exemplo a DIRF, a GFIP, a RAIS e o CAGED, essas duas \u00faltimas institu\u00eddas pelo Minist\u00e9rio do Trabalho.<\/p>\n<p style=\"text-align: justify;\">Fonte: RFB<\/p>\n","protected":false},"excerpt":{"rendered":"<p>EFD-Reinf tem informa\u00e7\u00f5es prestadas na Dirf e na GFIP. Foi publicada hoje no Di\u00e1rio Ofical da Uni\u00e3o a IN RFB n\u00b0 1701 que estabelece a obrigatoriedade \u00e0 Escritura\u00e7\u00e3o Digital de Reten\u00e7\u00f5es e Outras Informa\u00e7\u00f5es Fiscais (EFD-Reinf). Com a institui\u00e7\u00e3o da EFD-Reinf, cuja obriga\u00e7\u00e3o de entrega dever\u00e1 ser cumprida a partir de janeiro de 2018, ser\u00e3o [&hellip;]<\/p>\n","protected":false},"author":3,"featured_media":1495,"comment_status":"open","ping_status":"open","sticky":false,"template":"","format":"standard","meta":{"jetpack_post_was_ever_published":false,"_jetpack_newsletter_access":"","_jetpack_dont_email_post_to_subs":false,"_jetpack_newsletter_tier_id":0,"_jetpack_memberships_contains_paywalled_content":false,"_jetpack_memberships_contains_paid_content":false,"footnotes":"","jetpack_publicize_message":"Receita Federal estabelece a obrigatoriedade \u00e0 Escritura\u00e7\u00e3o Digital de Reten\u00e7\u00f5es e Outras Informa\u00e7\u00f5es Fiscais (EFD-Reinf)","jetpack_publicize_feature_enabled":true,"jetpack_social_post_already_shared":true,"jetpack_social_options":{"image_generator_settings":{"template":"highway","default_image_id":0,"font":"","enabled":false},"version":2}},"categories":[46],"tags":[339,34,71,463,74,464],"class_list":["post-1072","post","type-post","status-publish","format-standard","has-post-thumbnail","hentry","category-df","tag-dirf","tag-efd","tag-federal","tag-gfip","tag-receita","tag-reinf"],"jetpack_publicize_connections":[],"jetpack_featured_media_url":"https:\/\/i0.wp.com\/cfcontabil.com\/cf\/wp-content\/uploads\/2017\/02\/receita-federal-1-1.png?fit=702%2C325&ssl=1","jetpack_sharing_enabled":true,"jetpack_shortlink":"https:\/\/wp.me\/p2wklX-hi","jetpack-related-posts":[{"id":1414,"url":"https:\/\/cfcontabil.com\/cf\/portal-web-da-efd-reinf\/","url_meta":{"origin":1072,"position":0},"title":"Portal Web da EFD-REINF","author":"Ab\u00edlio Gon\u00e7alves","date":"30 de outubro de 2018","format":false,"excerpt":"Com a disponibiliza\u00e7\u00e3o de Portal Web para a EFD-REINF, ser\u00e1 necess\u00e1rio efetivar o novo perfil \"EFD-REINF-Geral\" para acesso por procura\u00e7\u00e3o. O Portal Web da EFD-REINF entra em produ\u00e7\u00e3o a partir do dia 29\/10\/2018 e estar\u00e1 dispon\u00edvel no Centro Virtual de Atendimento da Receita Federal do Brasil - e-CAC, no link:\u00a0https:\/\/cav.receita.fazenda.gov.br\/autenticacao\/login\/index\u2026","rel":"","context":"Em &quot;Departamento Fiscal&quot;","block_context":{"text":"Departamento Fiscal","link":"https:\/\/cfcontabil.com\/cf\/category\/df\/"},"img":{"alt_text":"","src":"https:\/\/i0.wp.com\/cfcontabil.com\/cf\/wp-content\/uploads\/2018\/10\/sped-1.png?fit=557%2C268&ssl=1&resize=350%2C200","width":350,"height":200,"srcset":"https:\/\/i0.wp.com\/cfcontabil.com\/cf\/wp-content\/uploads\/2018\/10\/sped-1.png?fit=557%2C268&ssl=1&resize=350%2C200 1x, https:\/\/i0.wp.com\/cfcontabil.com\/cf\/wp-content\/uploads\/2018\/10\/sped-1.png?fit=557%2C268&ssl=1&resize=525%2C300 1.5x"},"classes":[]},{"id":1380,"url":"https:\/\/cfcontabil.com\/cf\/dctfweb-entra-em-producao-e-substituira-a-gfip\/","url_meta":{"origin":1072,"position":1},"title":"DCTFWeb entra em produ\u00e7\u00e3o e substituir\u00e1 a GFIP","author":"Ab\u00edlio Gon\u00e7alves","date":"31 de agosto de 2018","format":false,"excerpt":"A exig\u00eancia da declara\u00e7\u00e3o se dar\u00e1 de forma gradual Est\u00e1 dispon\u00edvel, no s\u00edtio da Receita Federal na internet, a Declara\u00e7\u00e3o de D\u00e9bitos e Cr\u00e9ditos Tribut\u00e1rios Federais Previdenci\u00e1rios e de Outras Entidades e Fundos (DCTFWeb). A DCTFWeb \u00e9 a declara\u00e7\u00e3o que substituir\u00e1 a Guia de Recolhimento do FGTS e Informa\u00e7\u00f5es \u00e0\u2026","rel":"","context":"Em &quot;Departamento Pessoal&quot;","block_context":{"text":"Departamento Pessoal","link":"https:\/\/cfcontabil.com\/cf\/category\/dp\/"},"img":{"alt_text":"","src":"","width":0,"height":0},"classes":[]},{"id":67,"url":"https:\/\/cfcontabil.com\/cf\/prorrogacao-basta\/","url_meta":{"origin":1072,"position":2},"title":"Prorroga\u00e7\u00e3o basta?","author":"Vin\u00edcius Moizinho","date":"17 de julho de 2012","format":false,"excerpt":"Boas noites, prezados! Aqui estamos uma vez mais, agora trazendo um tema para reflex\u00e3o. Mais cedo publicamos em\u00a0nossa p\u00e1gina do Facebook\u00a0que foi adiado\u00a0de Julho de 2012 para Janeiro de 2013 o in\u00edcio do projeto da EFD Contribui\u00e7\u00f5es para as empresas do Lucro Presumido, com a entrega da Escritura\u00e7\u00e3o Fiscal Digital\u2026","rel":"","context":"Em &quot;Geral&quot;","block_context":{"text":"Geral","link":"https:\/\/cfcontabil.com\/cf\/category\/geral\/"},"img":{"alt_text":"","src":"https:\/\/i0.wp.com\/www.rhedesistemas.com.br\/site\/media\/k2\/items\/cache\/85b62d4a27ea43297eb1ab349b6e06c6_XL.jpg?resize=350%2C200","width":350,"height":200,"srcset":"https:\/\/i0.wp.com\/www.rhedesistemas.com.br\/site\/media\/k2\/items\/cache\/85b62d4a27ea43297eb1ab349b6e06c6_XL.jpg?resize=350%2C200 1x, https:\/\/i0.wp.com\/www.rhedesistemas.com.br\/site\/media\/k2\/items\/cache\/85b62d4a27ea43297eb1ab349b6e06c6_XL.jpg?resize=525%2C300 1.5x, https:\/\/i0.wp.com\/www.rhedesistemas.com.br\/site\/media\/k2\/items\/cache\/85b62d4a27ea43297eb1ab349b6e06c6_XL.jpg?resize=700%2C400 2x"},"classes":[]},{"id":2853,"url":"https:\/\/cfcontabil.com\/cf\/dirf-dasn-ecf-ecd-as-principais-declaracoes-anuais-para-empresas\/","url_meta":{"origin":1072,"position":3},"title":"DIRF, DASN, ECF, ECD: as principais declara\u00e7\u00f5es anuais para empresas","author":"Ab\u00edlio Gon\u00e7alves","date":"23 de fevereiro de 2023","format":false,"excerpt":"As empresas s\u00e3o obrigadas a fornecer v\u00e1rias declara\u00e7\u00f5es anuais ao governo para cumprir suas obriga\u00e7\u00f5es fiscais e cont\u00e1beis.","rel":"","context":"Em &quot;Geral&quot;","block_context":{"text":"Geral","link":"https:\/\/cfcontabil.com\/cf\/category\/geral\/"},"img":{"alt_text":"Free business woman with laptop","src":"https:\/\/i0.wp.com\/cfcontabil.com\/cf\/wp-content\/uploads\/2023\/02\/czNmcy1wcml2YXRlL3Jhd3BpeGVsX2ltYWdlcy93ZWJzaXRlX2NvbnRlbnQvbHIvbnMxODExLWltYWdlLWt3dnljbzN4LmpwZw.jpg?fit=1200%2C900&ssl=1&resize=350%2C200","width":350,"height":200,"srcset":"https:\/\/i0.wp.com\/cfcontabil.com\/cf\/wp-content\/uploads\/2023\/02\/czNmcy1wcml2YXRlL3Jhd3BpeGVsX2ltYWdlcy93ZWJzaXRlX2NvbnRlbnQvbHIvbnMxODExLWltYWdlLWt3dnljbzN4LmpwZw.jpg?fit=1200%2C900&ssl=1&resize=350%2C200 1x, https:\/\/i0.wp.com\/cfcontabil.com\/cf\/wp-content\/uploads\/2023\/02\/czNmcy1wcml2YXRlL3Jhd3BpeGVsX2ltYWdlcy93ZWJzaXRlX2NvbnRlbnQvbHIvbnMxODExLWltYWdlLWt3dnljbzN4LmpwZw.jpg?fit=1200%2C900&ssl=1&resize=525%2C300 1.5x, https:\/\/i0.wp.com\/cfcontabil.com\/cf\/wp-content\/uploads\/2023\/02\/czNmcy1wcml2YXRlL3Jhd3BpeGVsX2ltYWdlcy93ZWJzaXRlX2NvbnRlbnQvbHIvbnMxODExLWltYWdlLWt3dnljbzN4LmpwZw.jpg?fit=1200%2C900&ssl=1&resize=700%2C400 2x, https:\/\/i0.wp.com\/cfcontabil.com\/cf\/wp-content\/uploads\/2023\/02\/czNmcy1wcml2YXRlL3Jhd3BpeGVsX2ltYWdlcy93ZWJzaXRlX2NvbnRlbnQvbHIvbnMxODExLWltYWdlLWt3dnljbzN4LmpwZw.jpg?fit=1200%2C900&ssl=1&resize=1050%2C600 3x"},"classes":[]},{"id":2108,"url":"https:\/\/cfcontabil.com\/cf\/dirf-sem-erros-prepare-se-para-a-entrega\/","url_meta":{"origin":1072,"position":4},"title":"DIRF sem erros: prepare-se para a entrega","author":"Ab\u00edlio Gon\u00e7alves","date":"18 de fevereiro de 2020","format":false,"excerpt":"O prazo para entregar a DIRF referente ao ano-calend\u00e1rio 2019 \u00e9 dia 28 de fevereiro de 2020, a DIRF tem como objetivo informar os rendimentos pagos e\/ou reten\u00e7\u00f5es na fonte sob algumas circunst\u00e2ncias previstas na legisla\u00e7\u00e3o. O prazo para entregar a DIRF referente ao ano-calend\u00e1rio 2019 \u00e9 dia 28 de\u2026","rel":"","context":"Em &quot;Departamento Fiscal&quot;","block_context":{"text":"Departamento Fiscal","link":"https:\/\/cfcontabil.com\/cf\/category\/df\/"},"img":{"alt_text":"","src":"https:\/\/i0.wp.com\/cfcontabil.com\/cf\/wp-content\/uploads\/2019\/11\/dirf-imposto-renda.jpg?fit=609%2C503&ssl=1&resize=350%2C200","width":350,"height":200,"srcset":"https:\/\/i0.wp.com\/cfcontabil.com\/cf\/wp-content\/uploads\/2019\/11\/dirf-imposto-renda.jpg?fit=609%2C503&ssl=1&resize=350%2C200 1x, https:\/\/i0.wp.com\/cfcontabil.com\/cf\/wp-content\/uploads\/2019\/11\/dirf-imposto-renda.jpg?fit=609%2C503&ssl=1&resize=525%2C300 1.5x"},"classes":[]},{"id":1178,"url":"https:\/\/cfcontabil.com\/cf\/veja-as-obrigacoes-trabalhistas-a-serem-extintas-com-o-esocial\/","url_meta":{"origin":1072,"position":5},"title":"Veja as obriga\u00e7\u00f5es trabalhistas a serem extintas com o eSocial","author":"Ab\u00edlio Gon\u00e7alves","date":"13 de junho de 2017","format":false,"excerpt":"Com a implementa\u00e7\u00e3o, a transmiss\u00e3o das informa\u00e7\u00f5es ser\u00e1 feita de forma \u00fanica e centralizada Atualmente as informa\u00e7\u00f5es geradas pelos Departamentos Pessoais das empresas s\u00e3o transmitidas a diversos \u00f3rg\u00e3os diferentes, como a Caixa Econ\u00f4mica Federal (CEF), Instituto Nacional do Seguro Social (INSS), o Minist\u00e9rio da Previd\u00eancia (MPS), o Minist\u00e9rio do Trabalho\u2026","rel":"","context":"Em &quot;Departamento Pessoal&quot;","block_context":{"text":"Departamento Pessoal","link":"https:\/\/cfcontabil.com\/cf\/category\/dp\/"},"img":{"alt_text":"","src":"https:\/\/i0.wp.com\/cfcontabil.com\/cf\/wp-content\/uploads\/2016\/03\/E-social-1-1.jpg?fit=660%2C271&ssl=1&resize=350%2C200","width":350,"height":200,"srcset":"https:\/\/i0.wp.com\/cfcontabil.com\/cf\/wp-content\/uploads\/2016\/03\/E-social-1-1.jpg?fit=660%2C271&ssl=1&resize=350%2C200 1x, https:\/\/i0.wp.com\/cfcontabil.com\/cf\/wp-content\/uploads\/2016\/03\/E-social-1-1.jpg?fit=660%2C271&ssl=1&resize=525%2C300 1.5x"},"classes":[]}],"jetpack_likes_enabled":true,"_links":{"self":[{"href":"https:\/\/cfcontabil.com\/cf\/wp-json\/wp\/v2\/posts\/1072","targetHints":{"allow":["GET"]}}],"collection":[{"href":"https:\/\/cfcontabil.com\/cf\/wp-json\/wp\/v2\/posts"}],"about":[{"href":"https:\/\/cfcontabil.com\/cf\/wp-json\/wp\/v2\/types\/post"}],"author":[{"embeddable":true,"href":"https:\/\/cfcontabil.com\/cf\/wp-json\/wp\/v2\/users\/3"}],"replies":[{"embeddable":true,"href":"https:\/\/cfcontabil.com\/cf\/wp-json\/wp\/v2\/comments?post=1072"}],"version-history":[{"count":0,"href":"https:\/\/cfcontabil.com\/cf\/wp-json\/wp\/v2\/posts\/1072\/revisions"}],"wp:featuredmedia":[{"embeddable":true,"href":"https:\/\/cfcontabil.com\/cf\/wp-json\/wp\/v2\/media\/1495"}],"wp:attachment":[{"href":"https:\/\/cfcontabil.com\/cf\/wp-json\/wp\/v2\/media?parent=1072"}],"wp:term":[{"taxonomy":"category","embeddable":true,"href":"https:\/\/cfcontabil.com\/cf\/wp-json\/wp\/v2\/categories?post=1072"},{"taxonomy":"post_tag","embeddable":true,"href":"https:\/\/cfcontabil.com\/cf\/wp-json\/wp\/v2\/tags?post=1072"}],"curies":[{"name":"wp","href":"https:\/\/api.w.org\/{rel}","templated":true}]}}