{"id":1075,"date":"2017-03-21T13:51:04","date_gmt":"2017-03-21T16:51:04","guid":{"rendered":"http:\/\/cfcontabil.com\/cf\/?p=1075"},"modified":"2017-03-21T13:51:04","modified_gmt":"2017-03-21T16:51:04","slug":"receita-federal-lanca-video-do-imposto-de-renda-2017","status":"publish","type":"post","link":"https:\/\/cfcontabil.com\/cf\/receita-federal-lanca-video-do-imposto-de-renda-2017\/","title":{"rendered":"Receita Federal lan\u00e7a v\u00eddeo do Imposto de Renda 2017"},"content":{"rendered":"<p style=\"text-align: justify;\">A TV Receita acaba de lan\u00e7ar v\u00eddeo em anima\u00e7\u00e3o para a divulga\u00e7\u00e3o do IRPF 2017. As imagens apresentam as novidades da declara\u00e7\u00e3o deste ano, al\u00e9m de enfatizar de forma l\u00fadica e simplificada os pontos b\u00e1sicos da declara\u00e7\u00e3o de imposto de renda pessoa f\u00edsica. Com bom humor e de forma descontra\u00edda, o contribuinte \u00e9 lembrado de informa\u00e7\u00f5es essenciais, tais como: limite de isen\u00e7\u00e3o, atualiza\u00e7\u00e3o do Programa Gerador da Declara\u00e7\u00e3o IRPF, integra\u00e7\u00e3o da vers\u00e3o de transmiss\u00e3o da declara\u00e7\u00e3o e redu\u00e7\u00e3o da idade m\u00ednima para apresenta\u00e7\u00e3o de CPF para dependentes.<\/p>\n<p style=\"text-align: justify;\">A op\u00e7\u00e3o pelo uso de anima\u00e7\u00e3o e de linguagem did\u00e1tica, sucinta e din\u00e2mica resulta da grande aceita\u00e7\u00e3o e do sucesso que os v\u00eddeos da TV Receita nesse formato v\u00eam obtendo diante do p\u00fablico e nas redes sociais.<\/p>\n<p>Confira o v\u00eddeo no canal da Receita Federal no YouTube:<\/p>\n<p style=\"text-align: justify;\">[youtube_video]https:\/\/www.youtube.com\/watch?v=ES5NG45jR6A[\/youtube_video]<\/p>\n<p><strong>Mais de 4,2 milh\u00f5es de declara\u00e7\u00f5es do IRPF 2017 foram recebidas.<\/strong><\/p>\n<p>At\u00e9 as 17 horas de ontem\u00a0(20\/3), mais de 4.222.187 de declara\u00e7\u00f5es foram recebidas pelos sistemas da Receita. O prazo de entrega termina em 28 de abril e s\u00e3o esperadas 28,3 milh\u00f5es de declara\u00e7\u00f5es.<\/p>\n<p>Neste ano o programa Receitanet foi incorporado ao PGD IRPF 2017, n\u00e3o sendo mais necess\u00e1ria a sua instala\u00e7\u00e3o em separado.<\/p>\n<p style=\"text-align: justify;\">Todas as informa\u00e7\u00f5es sobre a declara\u00e7\u00e3o do IRPF 2017 est\u00e3o dispon\u00edveis <a class=\"external-link\" title=\"\" href=\"http:\/\/idg.receita.fazenda.gov.br\/interface\/cidadao\/irpf\/2017\" target=\"_self\" rel=\"noopener noreferrer\">aqui<\/a>.<\/p>\n<p style=\"text-align: justify;\">Fonte: RFB<\/p>\n","protected":false},"excerpt":{"rendered":"<p>A TV Receita acaba de lan\u00e7ar v\u00eddeo em anima\u00e7\u00e3o para a divulga\u00e7\u00e3o do IRPF 2017. As imagens apresentam as novidades da declara\u00e7\u00e3o deste ano, al\u00e9m de enfatizar de forma l\u00fadica e simplificada os pontos b\u00e1sicos da declara\u00e7\u00e3o de imposto de renda pessoa f\u00edsica. Com bom humor e de forma descontra\u00edda, o contribuinte \u00e9 lembrado de [&hellip;]<\/p>\n","protected":false},"author":3,"featured_media":1500,"comment_status":"open","ping_status":"open","sticky":false,"template":"","format":"standard","meta":{"jetpack_post_was_ever_published":false,"_jetpack_newsletter_access":"","_jetpack_dont_email_post_to_subs":false,"_jetpack_newsletter_tier_id":0,"_jetpack_memberships_contains_paywalled_content":false,"_jetpack_memberships_contains_paid_content":false,"footnotes":"","jetpack_publicize_message":"","jetpack_publicize_feature_enabled":true,"jetpack_social_post_already_shared":true,"jetpack_social_options":{"image_generator_settings":{"template":"highway","default_image_id":0,"font":"","enabled":false},"version":2}},"categories":[46],"tags":[347,71,107,108,229,115,110,367,74,111,465],"class_list":["post-1075","post","type-post","status-publish","format-standard","has-post-thumbnail","hentry","category-df","tag-347","tag-federal","tag-fisica","tag-imposto","tag-ir","tag-irpf","tag-pessoa","tag-pgd","tag-receita","tag-renda","tag-tv"],"jetpack_publicize_connections":[],"jetpack_featured_media_url":"https:\/\/i0.wp.com\/cfcontabil.com\/cf\/wp-content\/uploads\/2017\/02\/irpf2017-1.png?fit=490%2C247&ssl=1","jetpack_sharing_enabled":true,"jetpack_shortlink":"https:\/\/wp.me\/p2wklX-hl","jetpack-related-posts":[{"id":802,"url":"https:\/\/cfcontabil.com\/cf\/divulgado-o-cronograma-do-irpf-2017-pela-receita-federal\/","url_meta":{"origin":1075,"position":0},"title":"Divulgado o cronograma do IRPF 2017 pela Receita Federal","author":"Ab\u00edlio Gon\u00e7alves","date":"9 de janeiro de 2017","format":false,"excerpt":"\u00c9 importante saber que al\u00e9m da \u00a0Declara\u00e7\u00e3o de Ajuste Anual da Pessoa F\u00edsica, v\u00e1rios programas e aplicativos auxiliares que visam facilitar o cumprimento das obriga\u00e7\u00f5es tribut\u00e1rias por parte dos contribuintes. Fique atento as datas e n\u00e3o perca os prazos, na d\u00favida, busque um contador para ajudar: A Secretaria da Receita\u2026","rel":"","context":"Em &quot;Geral&quot;","block_context":{"text":"Geral","link":"https:\/\/cfcontabil.com\/cf\/category\/geral\/"},"img":{"alt_text":"","src":"https:\/\/i0.wp.com\/cfcontabil.com\/cf\/wp-content\/uploads\/2017\/01\/leao-imposto-renda-original1-1.jpeg?fit=620%2C349&ssl=1&resize=350%2C200","width":350,"height":200,"srcset":"https:\/\/i0.wp.com\/cfcontabil.com\/cf\/wp-content\/uploads\/2017\/01\/leao-imposto-renda-original1-1.jpeg?fit=620%2C349&ssl=1&resize=350%2C200 1x, https:\/\/i0.wp.com\/cfcontabil.com\/cf\/wp-content\/uploads\/2017\/01\/leao-imposto-renda-original1-1.jpeg?fit=620%2C349&ssl=1&resize=525%2C300 1.5x"},"classes":[]},{"id":1107,"url":"https:\/\/cfcontabil.com\/cf\/mais-de-78-milhoes-de-declaracoes-do-irpf-2017-foram-recebidas-pela-receita\/","url_meta":{"origin":1075,"position":1},"title":"Mais de 7,8 milh\u00f5es de declara\u00e7\u00f5es do IRPF 2017 foram recebidas pela Receita","author":"Ab\u00edlio Gon\u00e7alves","date":"5 de abril de 2017","format":false,"excerpt":"At\u00e9 as 17 horas hoje (3\/4), 7.832.321 declara\u00e7\u00f5es foram recebidas pelos sistemas da Receita. De acordo com o supervisor nacional do IR, auditor-fiscal Joaquim Adir, a expectativa \u00e9 de que 28,3 milh\u00f5es de contribuintes entreguem a declara\u00e7\u00e3o. O prazo de entrega da declara\u00e7\u00e3o vai at\u00e9 28 de abril. Neste ano\u2026","rel":"","context":"Em &quot;Departamento Fiscal&quot;","block_context":{"text":"Departamento Fiscal","link":"https:\/\/cfcontabil.com\/cf\/category\/df\/"},"img":{"alt_text":"","src":"https:\/\/i0.wp.com\/cfcontabil.com\/cf\/wp-content\/uploads\/2017\/02\/irpf2017-1.png?fit=490%2C247&ssl=1&resize=350%2C200","width":350,"height":200},"classes":[]},{"id":1224,"url":"https:\/\/cfcontabil.com\/cf\/confira-as-regras-da-declaracao-do-irpf-2017\/","url_meta":{"origin":1075,"position":2},"title":"Confira as regras da Declara\u00e7\u00e3o do IRPF 2017","author":"Ab\u00edlio Gon\u00e7alves","date":"23 de fevereiro de 2017","format":false,"excerpt":"O prazo de entrega vai de 2 de mar\u00e7o a 28 de abril de 2017 Na manh\u00e3 de hoje (22\/2), a Receita Federal anunciou em coletiva de imprensa as principais novidades e regras do Imposto de Renda das Pessoas F\u00edsicas para este ano. Entre as inova\u00e7\u00f5es est\u00e1 a atualiza\u00e7\u00e3o autom\u00e1tica\u2026","rel":"","context":"Em &quot;Departamento Fiscal&quot;","block_context":{"text":"Departamento Fiscal","link":"https:\/\/cfcontabil.com\/cf\/category\/df\/"},"img":{"alt_text":"","src":"","width":0,"height":0},"classes":[]},{"id":1118,"url":"https:\/\/cfcontabil.com\/cf\/receita-federal-registra-10-milhoes-de-declaracoes-do-irpf\/","url_meta":{"origin":1075,"position":3},"title":"Receita Federal registra 10 milh\u00f5es de declara\u00e7\u00f5es do IRPF","author":"Ab\u00edlio Gon\u00e7alves","date":"11 de abril de 2017","format":false,"excerpt":"Faltam 18 dias para o fim do prazo At\u00e9 as 17 horas desta segunda-feira,10 de abril, 10.002.889 de declara\u00e7\u00f5es foram recebidas pela Receita. A expectativa \u00e9 de que 28,3 milh\u00f5es de contribuintes entreguem a DIRPF 2017. O prazo de entrega termina em 28 de abril. Neste ano o programa Receitanet\u2026","rel":"","context":"Em &quot;Departamento Fiscal&quot;","block_context":{"text":"Departamento Fiscal","link":"https:\/\/cfcontabil.com\/cf\/category\/df\/"},"img":{"alt_text":"","src":"https:\/\/i0.wp.com\/cfcontabil.com\/cf\/wp-content\/uploads\/2017\/02\/irpfrfb-1.jpg?fit=640%2C340&ssl=1&resize=350%2C200","width":350,"height":200,"srcset":"https:\/\/i0.wp.com\/cfcontabil.com\/cf\/wp-content\/uploads\/2017\/02\/irpfrfb-1.jpg?fit=640%2C340&ssl=1&resize=350%2C200 1x, https:\/\/i0.wp.com\/cfcontabil.com\/cf\/wp-content\/uploads\/2017\/02\/irpfrfb-1.jpg?fit=640%2C340&ssl=1&resize=525%2C300 1.5x"},"classes":[]},{"id":1098,"url":"https:\/\/cfcontabil.com\/cf\/receita-federal-ja-recebeu-mais-de-59-milhoes-de-declaracoes-do-irpf-2017\/","url_meta":{"origin":1075,"position":4},"title":"Receita Federal j\u00e1 recebeu mais de 5,9 milh\u00f5es de declara\u00e7\u00f5es do IRPF 2017","author":"Ab\u00edlio Gon\u00e7alves","date":"30 de mar\u00e7o de 2017","format":false,"excerpt":"O prazo de entrega termina 28 de abril Hoje (27\/3) at\u00e9 as 17 horas, 5.978.202 declara\u00e7\u00f5es foram recebidas pelos sistemas da Receita. De acordo com o supervisor nacional do IR, auditor-fiscal Joaquim Adir, a expectativa \u00e9 de que 28,3 milh\u00f5es de contribuintes entreguem a declara\u00e7\u00e3o. O prazo de entrega da\u2026","rel":"","context":"Em &quot;Departamento Fiscal&quot;","block_context":{"text":"Departamento Fiscal","link":"https:\/\/cfcontabil.com\/cf\/category\/df\/"},"img":{"alt_text":"","src":"https:\/\/i0.wp.com\/cfcontabil.com\/cf\/wp-content\/uploads\/2017\/02\/irpfrfb-1.jpg?fit=640%2C340&ssl=1&resize=350%2C200","width":350,"height":200,"srcset":"https:\/\/i0.wp.com\/cfcontabil.com\/cf\/wp-content\/uploads\/2017\/02\/irpfrfb-1.jpg?fit=640%2C340&ssl=1&resize=350%2C200 1x, https:\/\/i0.wp.com\/cfcontabil.com\/cf\/wp-content\/uploads\/2017\/02\/irpfrfb-1.jpg?fit=640%2C340&ssl=1&resize=525%2C300 1.5x"},"classes":[]},{"id":1086,"url":"https:\/\/cfcontabil.com\/cf\/eceita-federal-recebeu-mais-de-5-milhoes-de-formularios-do-ir\/","url_meta":{"origin":1075,"position":5},"title":"Receita Federal recebeu mais de 5 milh\u00f5es de formul\u00e1rios do IR","author":"Ab\u00edlio Gon\u00e7alves","date":"24 de mar\u00e7o de 2017","format":false,"excerpt":"A Receita Federal informou que j\u00e1 recebeu, at\u00e9 a tarde de hoje (23\/03), mais de 5,15 milh\u00f5es de declara\u00e7\u00f5es do Imposto de Renda da Pessoa F\u00edsica (IRPF 2017). O montante representa cerca de 18,2% do total de 28,3 milh\u00f5es esperado pelo supervisor nacional do IR, Joaquim Adir. \u00a0O prazo de\u2026","rel":"","context":"Em &quot;Departamento Fiscal&quot;","block_context":{"text":"Departamento Fiscal","link":"https:\/\/cfcontabil.com\/cf\/category\/df\/"},"img":{"alt_text":"","src":"https:\/\/i0.wp.com\/cfcontabil.com\/cf\/wp-content\/uploads\/2017\/02\/irpfrfb-1.jpg?fit=640%2C340&ssl=1&resize=350%2C200","width":350,"height":200,"srcset":"https:\/\/i0.wp.com\/cfcontabil.com\/cf\/wp-content\/uploads\/2017\/02\/irpfrfb-1.jpg?fit=640%2C340&ssl=1&resize=350%2C200 1x, https:\/\/i0.wp.com\/cfcontabil.com\/cf\/wp-content\/uploads\/2017\/02\/irpfrfb-1.jpg?fit=640%2C340&ssl=1&resize=525%2C300 1.5x"},"classes":[]}],"jetpack_likes_enabled":true,"_links":{"self":[{"href":"https:\/\/cfcontabil.com\/cf\/wp-json\/wp\/v2\/posts\/1075","targetHints":{"allow":["GET"]}}],"collection":[{"href":"https:\/\/cfcontabil.com\/cf\/wp-json\/wp\/v2\/posts"}],"about":[{"href":"https:\/\/cfcontabil.com\/cf\/wp-json\/wp\/v2\/types\/post"}],"author":[{"embeddable":true,"href":"https:\/\/cfcontabil.com\/cf\/wp-json\/wp\/v2\/users\/3"}],"replies":[{"embeddable":true,"href":"https:\/\/cfcontabil.com\/cf\/wp-json\/wp\/v2\/comments?post=1075"}],"version-history":[{"count":0,"href":"https:\/\/cfcontabil.com\/cf\/wp-json\/wp\/v2\/posts\/1075\/revisions"}],"wp:featuredmedia":[{"embeddable":true,"href":"https:\/\/cfcontabil.com\/cf\/wp-json\/wp\/v2\/media\/1500"}],"wp:attachment":[{"href":"https:\/\/cfcontabil.com\/cf\/wp-json\/wp\/v2\/media?parent=1075"}],"wp:term":[{"taxonomy":"category","embeddable":true,"href":"https:\/\/cfcontabil.com\/cf\/wp-json\/wp\/v2\/categories?post=1075"},{"taxonomy":"post_tag","embeddable":true,"href":"https:\/\/cfcontabil.com\/cf\/wp-json\/wp\/v2\/tags?post=1075"}],"curies":[{"name":"wp","href":"https:\/\/api.w.org\/{rel}","templated":true}]}}