{"id":1080,"date":"2017-03-22T14:16:02","date_gmt":"2017-03-22T17:16:02","guid":{"rendered":"http:\/\/cfcontabil.com\/cf\/?p=1080"},"modified":"2017-03-22T14:16:02","modified_gmt":"2017-03-22T17:16:02","slug":"mei-pais-tem-67-milhoes-de-microempreendedores","status":"publish","type":"post","link":"https:\/\/cfcontabil.com\/cf\/mei-pais-tem-67-milhoes-de-microempreendedores\/","title":{"rendered":"MEI: pa\u00eds tem 6,7 milh\u00f5es de microempreendedores"},"content":{"rendered":"<p style=\"text-align: justify;\">Desde 2012, a cada ano, cerca de um milh\u00e3o de pessoas se registram no Portal do Empreendedor como microempreendedor individual.<\/p>\n<p>At\u00e9 fevereiro, o pa\u00eds tinha 6,7 milh\u00f5es de pessoas registradas com a atividade de microempresa individual (MEI). A cada ano, cerca de um milh\u00e3o de pessoas se registram no Portal do Empreendedor para criar a pr\u00f3pria empresa de um jeito simples.<\/p>\n<p style=\"text-align: justify;\">Fonte:\u00a0Portal do Empreendedor de 20.03.2017<\/p>\n","protected":false},"excerpt":{"rendered":"<p>Desde 2012, a cada ano, cerca de um milh\u00e3o de pessoas se registram no Portal do Empreendedor como microempreendedor individual. At\u00e9 fevereiro, o pa\u00eds tinha 6,7 milh\u00f5es de pessoas registradas com a atividade de microempresa individual (MEI). A cada ano, cerca de um milh\u00e3o de pessoas se registram no Portal do Empreendedor para criar a [&hellip;]<\/p>\n","protected":false},"author":3,"featured_media":1504,"comment_status":"open","ping_status":"open","sticky":false,"template":"","format":"standard","meta":{"jetpack_post_was_ever_published":false,"_jetpack_newsletter_access":"","_jetpack_dont_email_post_to_subs":false,"_jetpack_newsletter_tier_id":0,"_jetpack_memberships_contains_paywalled_content":false,"_jetpack_memberships_contains_paid_content":false,"footnotes":"","jetpack_publicize_message":"","jetpack_publicize_feature_enabled":true,"jetpack_social_post_already_shared":true,"jetpack_social_options":{"image_generator_settings":{"template":"highway","default_image_id":0,"font":"","enabled":false},"version":2}},"categories":[22],"tags":[168,303,256,257,258],"class_list":["post-1080","post","type-post","status-publish","format-standard","has-post-thumbnail","hentry","category-geral","tag-empreendedor","tag-empresa","tag-individual","tag-mei","tag-micro"],"jetpack_publicize_connections":[],"jetpack_featured_media_url":"https:\/\/i0.wp.com\/cfcontabil.com\/cf\/wp-content\/uploads\/2017\/03\/mei-micro-empreendedor-individual-696x287-1.jpg?fit=696%2C287&ssl=1","jetpack_sharing_enabled":true,"jetpack_shortlink":"https:\/\/wp.me\/p2wklX-hq","jetpack-related-posts":[{"id":1135,"url":"https:\/\/cfcontabil.com\/cf\/microempreendedor-individual-tambem-precisa-declarar-ir\/","url_meta":{"origin":1080,"position":0},"title":"Microempreendedor individual tamb\u00e9m precisa declarar IR","author":"Ab\u00edlio Gon\u00e7alves","date":"26 de abril de 2017","format":false,"excerpt":"Mesmo que n\u00e3o tenha emitido nota fiscal, profissional enquadrado como MEI tamb\u00e9m deve prestar contas Com o crescente saldo negativo de postos de trabalho, a sa\u00edda para muitos brasileiros foi virar um Microempreendedor Individual, o MEI. At\u00e9 a \u00faltima semana, o Pa\u00eds tinha 6,8 milh\u00f5es de pessoas registradas com atividade\u2026","rel":"","context":"Em &quot;Departamento Fiscal&quot;","block_context":{"text":"Departamento Fiscal","link":"https:\/\/cfcontabil.com\/cf\/category\/df\/"},"img":{"alt_text":"","src":"https:\/\/i0.wp.com\/cfcontabil.com\/cf\/wp-content\/uploads\/2017\/03\/mei-micro-empreendedor-individual-696x287-1.jpg?fit=696%2C287&ssl=1&resize=350%2C200","width":350,"height":200,"srcset":"https:\/\/i0.wp.com\/cfcontabil.com\/cf\/wp-content\/uploads\/2017\/03\/mei-micro-empreendedor-individual-696x287-1.jpg?fit=696%2C287&ssl=1&resize=350%2C200 1x, https:\/\/i0.wp.com\/cfcontabil.com\/cf\/wp-content\/uploads\/2017\/03\/mei-micro-empreendedor-individual-696x287-1.jpg?fit=696%2C287&ssl=1&resize=525%2C300 1.5x"},"classes":[]},{"id":2664,"url":"https:\/\/cfcontabil.com\/cf\/mei-confira-quais-profissionais-nao-podem-abrir-registro-na-categoria\/","url_meta":{"origin":1080,"position":1},"title":"MEI: confira quais profissionais n\u00e3o podem abrir registro na categoria","author":"Ab\u00edlio Gon\u00e7alves","date":"19 de novembro de 2021","format":false,"excerpt":"A categoria est\u00e1 em evid\u00eancia e cerca de 80% das empresas abertas em 2021 foram como Microempreendedor Individual, mas nem todos podem aderir ao regime. O Microempreendedor Individual\u00a0(MEI)\u00a0\u00e9 um regime tribut\u00e1rio que permite que o pequeno empres\u00e1rio formalize seu neg\u00f3cio e usufrua de diversos benef\u00edcios e direitos contribuindo mensalmente com\u2026","rel":"","context":"Em &quot;Departamento Fiscal&quot;","block_context":{"text":"Departamento Fiscal","link":"https:\/\/cfcontabil.com\/cf\/category\/df\/"},"img":{"alt_text":"","src":"https:\/\/i0.wp.com\/cfcontabil.com\/cf\/wp-content\/uploads\/2019\/12\/mei.jpg?fit=600%2C310&ssl=1&resize=350%2C200","width":350,"height":200,"srcset":"https:\/\/i0.wp.com\/cfcontabil.com\/cf\/wp-content\/uploads\/2019\/12\/mei.jpg?fit=600%2C310&ssl=1&resize=350%2C200 1x, https:\/\/i0.wp.com\/cfcontabil.com\/cf\/wp-content\/uploads\/2019\/12\/mei.jpg?fit=600%2C310&ssl=1&resize=525%2C300 1.5x"},"classes":[]},{"id":1174,"url":"https:\/\/cfcontabil.com\/cf\/prazo-para-entrega-da-declaracao-anual-do-mei-termina-quarta-feira-31\/","url_meta":{"origin":1080,"position":2},"title":"Prazo para entrega da declara\u00e7\u00e3o anual do MEI termina quarta-feira (31)","author":"Ab\u00edlio Gon\u00e7alves","date":"31 de maio de 2017","format":false,"excerpt":"Procurar ajuda de um empres\u00e1rio cont\u00e1bil pode facilitar, destaca o presidente da Fenacon.\u00a0Microempreendedor Individual que enviar o documento ap\u00f3s a data paga multa m\u00ednima de R$ 50. O prazo para entrega da Declara\u00e7\u00e3o Anual Simplificada para o Microempreendedor Individual 2017 (DASN-SIMEI) termina na quarta-feira (31). Todos os MEIs com registro\u2026","rel":"","context":"Em &quot;Departamento Fiscal&quot;","block_context":{"text":"Departamento Fiscal","link":"https:\/\/cfcontabil.com\/cf\/category\/df\/"},"img":{"alt_text":"","src":"https:\/\/i0.wp.com\/cfcontabil.com\/cf\/wp-content\/uploads\/2017\/03\/mei-micro-empreendedor-individual-696x287-1.jpg?fit=696%2C287&ssl=1&resize=350%2C200","width":350,"height":200,"srcset":"https:\/\/i0.wp.com\/cfcontabil.com\/cf\/wp-content\/uploads\/2017\/03\/mei-micro-empreendedor-individual-696x287-1.jpg?fit=696%2C287&ssl=1&resize=350%2C200 1x, https:\/\/i0.wp.com\/cfcontabil.com\/cf\/wp-content\/uploads\/2017\/03\/mei-micro-empreendedor-individual-696x287-1.jpg?fit=696%2C287&ssl=1&resize=525%2C300 1.5x"},"classes":[]},{"id":1236,"url":"https:\/\/cfcontabil.com\/cf\/mei-deve-prestar-contas-a-receita-federal-atraves-da-declaracao-anual-do-simples-nacional\/","url_meta":{"origin":1080,"position":3},"title":"MEI deve prestar contas \u00e0 Receita Federal atrav\u00e9s da Declara\u00e7\u00e3o Anual do Simples Nacional","author":"Ab\u00edlio Gon\u00e7alves","date":"7 de mar\u00e7o de 2017","format":false,"excerpt":"Documento \u00e9 feito de forma gratuita nos postos de atendimento do Sebrae e \u00e9 obriga\u00e7\u00e3o do empres\u00e1rio para que seus direitos sejam assegurados. O Microempreendedor Individual (MEI) j\u00e1 pode procurar um dos postos de atendimento do Sebrae em Alagoas ou uma das Salas do Empreendedor no estado para realizar a\u2026","rel":"","context":"Em &quot;Departamento Fiscal&quot;","block_context":{"text":"Departamento Fiscal","link":"https:\/\/cfcontabil.com\/cf\/category\/df\/"},"img":{"alt_text":"","src":"https:\/\/i0.wp.com\/cfcontabil.com\/cf\/wp-content\/uploads\/2017\/03\/mei-micro-empreendedor-individual-696x287-1.jpg?fit=696%2C287&ssl=1&resize=350%2C200","width":350,"height":200,"srcset":"https:\/\/i0.wp.com\/cfcontabil.com\/cf\/wp-content\/uploads\/2017\/03\/mei-micro-empreendedor-individual-696x287-1.jpg?fit=696%2C287&ssl=1&resize=350%2C200 1x, https:\/\/i0.wp.com\/cfcontabil.com\/cf\/wp-content\/uploads\/2017\/03\/mei-micro-empreendedor-individual-696x287-1.jpg?fit=696%2C287&ssl=1&resize=525%2C300 1.5x"},"classes":[]},{"id":2396,"url":"https:\/\/cfcontabil.com\/cf\/mei-precisa-ficar-atento-as-obrigacoes-de-inicio-de-ano\/","url_meta":{"origin":1080,"position":4},"title":"MEI precisa ficar atento \u00e0s obriga\u00e7\u00f5es de in\u00edcio de ano","author":"Ab\u00edlio Gon\u00e7alves","date":"8 de janeiro de 2021","format":false,"excerpt":"A cada final de ano o governo federal informa quais ocupa\u00e7\u00f5es poder\u00e3o recolher impostos como MEI O prazo para a declara\u00e7\u00e3o anual de rendimento do MEI (DASN-SIMEI) j\u00e1 come\u00e7ou e vai at\u00e9 o dia 31 de maio de 2021. O Microempreendedor Individual tamb\u00e9m deve observar as mudan\u00e7as no Portal do\u2026","rel":"","context":"Em &quot;Consultoria Empresarial&quot;","block_context":{"text":"Consultoria Empresarial","link":"https:\/\/cfcontabil.com\/cf\/category\/consultoria\/"},"img":{"alt_text":"","src":"https:\/\/i0.wp.com\/cfcontabil.com\/cf\/wp-content\/uploads\/2020\/04\/MEI-1200x675-1.png?fit=1200%2C675&ssl=1&resize=350%2C200","width":350,"height":200,"srcset":"https:\/\/i0.wp.com\/cfcontabil.com\/cf\/wp-content\/uploads\/2020\/04\/MEI-1200x675-1.png?fit=1200%2C675&ssl=1&resize=350%2C200 1x, https:\/\/i0.wp.com\/cfcontabil.com\/cf\/wp-content\/uploads\/2020\/04\/MEI-1200x675-1.png?fit=1200%2C675&ssl=1&resize=525%2C300 1.5x, https:\/\/i0.wp.com\/cfcontabil.com\/cf\/wp-content\/uploads\/2020\/04\/MEI-1200x675-1.png?fit=1200%2C675&ssl=1&resize=700%2C400 2x, https:\/\/i0.wp.com\/cfcontabil.com\/cf\/wp-content\/uploads\/2020\/04\/MEI-1200x675-1.png?fit=1200%2C675&ssl=1&resize=1050%2C600 3x"},"classes":[]},{"id":2404,"url":"https:\/\/cfcontabil.com\/cf\/mei-que-ultrapassou-limite-de-faturamento-em-2020-deve-mudar-de-categoria\/","url_meta":{"origin":1080,"position":5},"title":"MEI que ultrapassou limite de faturamento em 2020 deve mudar de categoria","author":"Ab\u00edlio Gon\u00e7alves","date":"18 de janeiro de 2021","format":false,"excerpt":"Vale procurar um contador a fim de fazer a migra\u00e7\u00e3o e evitar recolhimentos retroativos Fonte: Estad\u00e3o Conte\u00fado O microempreendedor individual (MEI) que em 2020 excedeu o limite de faturamento em at\u00e9 20%, n\u00e3o ultrapassando R$ 97,2 mil, deve ficar atento para a mudan\u00e7a de categoria, se encaixando em microempresa. Vale\u2026","rel":"","context":"Em &quot;Consultoria Empresarial&quot;","block_context":{"text":"Consultoria Empresarial","link":"https:\/\/cfcontabil.com\/cf\/category\/consultoria\/"},"img":{"alt_text":"","src":"https:\/\/i0.wp.com\/cfcontabil.com\/cf\/wp-content\/uploads\/2021\/01\/faturamento-1280x720-1.jpg?fit=1200%2C675&ssl=1&resize=350%2C200","width":350,"height":200,"srcset":"https:\/\/i0.wp.com\/cfcontabil.com\/cf\/wp-content\/uploads\/2021\/01\/faturamento-1280x720-1.jpg?fit=1200%2C675&ssl=1&resize=350%2C200 1x, https:\/\/i0.wp.com\/cfcontabil.com\/cf\/wp-content\/uploads\/2021\/01\/faturamento-1280x720-1.jpg?fit=1200%2C675&ssl=1&resize=525%2C300 1.5x, https:\/\/i0.wp.com\/cfcontabil.com\/cf\/wp-content\/uploads\/2021\/01\/faturamento-1280x720-1.jpg?fit=1200%2C675&ssl=1&resize=700%2C400 2x, https:\/\/i0.wp.com\/cfcontabil.com\/cf\/wp-content\/uploads\/2021\/01\/faturamento-1280x720-1.jpg?fit=1200%2C675&ssl=1&resize=1050%2C600 3x"},"classes":[]}],"jetpack_likes_enabled":true,"_links":{"self":[{"href":"https:\/\/cfcontabil.com\/cf\/wp-json\/wp\/v2\/posts\/1080","targetHints":{"allow":["GET"]}}],"collection":[{"href":"https:\/\/cfcontabil.com\/cf\/wp-json\/wp\/v2\/posts"}],"about":[{"href":"https:\/\/cfcontabil.com\/cf\/wp-json\/wp\/v2\/types\/post"}],"author":[{"embeddable":true,"href":"https:\/\/cfcontabil.com\/cf\/wp-json\/wp\/v2\/users\/3"}],"replies":[{"embeddable":true,"href":"https:\/\/cfcontabil.com\/cf\/wp-json\/wp\/v2\/comments?post=1080"}],"version-history":[{"count":0,"href":"https:\/\/cfcontabil.com\/cf\/wp-json\/wp\/v2\/posts\/1080\/revisions"}],"wp:featuredmedia":[{"embeddable":true,"href":"https:\/\/cfcontabil.com\/cf\/wp-json\/wp\/v2\/media\/1504"}],"wp:attachment":[{"href":"https:\/\/cfcontabil.com\/cf\/wp-json\/wp\/v2\/media?parent=1080"}],"wp:term":[{"taxonomy":"category","embeddable":true,"href":"https:\/\/cfcontabil.com\/cf\/wp-json\/wp\/v2\/categories?post=1080"},{"taxonomy":"post_tag","embeddable":true,"href":"https:\/\/cfcontabil.com\/cf\/wp-json\/wp\/v2\/tags?post=1080"}],"curies":[{"name":"wp","href":"https:\/\/api.w.org\/{rel}","templated":true}]}}