{"id":1089,"date":"2017-03-27T10:03:01","date_gmt":"2017-03-27T13:03:01","guid":{"rendered":"http:\/\/cfcontabil.com\/cf\/?p=1089"},"modified":"2017-03-27T10:03:01","modified_gmt":"2017-03-27T13:03:01","slug":"declaracao-do-imposto-de-renda-aumenta-procura-por-contador","status":"publish","type":"post","link":"https:\/\/cfcontabil.com\/cf\/declaracao-do-imposto-de-renda-aumenta-procura-por-contador\/","title":{"rendered":"Declara\u00e7\u00e3o do Imposto de Renda aumenta procura por contador"},"content":{"rendered":"<div class=\"details margin-bottom-10\"><\/div>\n<div id=\"HOTWordsTxt\" class=\"js-body-news body-news clearfix margin-bottom-25\">\n<div>\n<div class=\"news__image center\">\n<figure><img data-recalc-dims=\"1\" decoding=\"async\" class=\"aligncenter\" title=\"Luis Nova\/Esp. CB\/D.A Press\" src=\"https:\/\/i0.wp.com\/imgsapp2.correiobraziliense.com.br\/app\/noticia_127983242361\/2017\/03\/26\/583631\/20170325203120230669a.jpg?w=1170\" alt=\"Luis Nova\/Esp. CB\/D.A Press\" \/><figcaption class=\"content-desc-gallery\">Abilio e seu pai, C\u00e2ndido Fernandes, tocam uma empresa familiar que preencher\u00e1 mais de 700 declara\u00e7\u00f5es<\/figcaption><\/figure>\n<\/div>\n<\/div>\n<\/div>\n<div style=\"text-align: justify;\">Se o per\u00edodo que antecede o prazo final de entrega da declara\u00e7\u00e3o anual de Imposto de Renda \u00e9 de apreens\u00e3o para os contribuintes, para os contadores \u00e9 tempo de muito trabalho, mas tamb\u00e9m de bom faturamento. \u00c9 nesta \u00e9poca do ano que os escrit\u00f3rios de contabilidade s\u00e3o mais procurados e a ajuda desses profissionais, muitas vezes, \u00e9 fundamental para evitar as garras do Le\u00e3o.<\/div>\n<div><\/div>\n<div style=\"text-align: justify;\">O movimento \u00e9 t\u00e3o grande que, muitas vezes, a atividade vira neg\u00f3cio de fam\u00edlia.<\/div>\n<p><!--more--><\/p>\n<div>Dois dos quatro filhos de C\u00e2ndido Fernandes foram estudar ci\u00eancias cont\u00e1beis depois que o ex-banc\u00e1rio saiu do BRB em um plano de demiss\u00e3o volunt\u00e1ria e, com o dinheiro, abriu a CF Cont\u00e1bil. Ano passado, a empresa fez cerca de 400 declara\u00e7\u00f5es de IR para clientes regulares e para quem chegou de \u00faltima hora. \u201cAcho que vamos ultrapassar 700 este ano\u201d, estima Ab\u00edlio Gon\u00e7alves, 37 anos, um dos filhos de Fernandes.<\/div>\n<div><\/div>\n<div>Definitivamente, esse tempo de entrega de presta\u00e7\u00e3o de contas fiscais \u00e9 um per\u00edodo de bonan\u00e7a no escrit\u00f3rio, que h\u00e1 cerca de 20 anos fica bem no centro do Guar\u00e1 I. Contador h\u00e1 mais de 15 anos, Gon\u00e7alves explica que todo m\u00eas de fevereiro, antes mesmo da Receita Federal baixar o programa gerador da declara\u00e7\u00e3o de IR, o escrit\u00f3rio come\u00e7a a contactar os clientes, instando-os a separar a documenta\u00e7\u00e3o necess\u00e1ria e fazendo o agendamento.<\/div>\n<div><\/div>\n<div>O per\u00edodo tamb\u00e9m \u00e9 de aumentar a clientela. \u201cMuita gente nos procura por indica\u00e7\u00e3o, porque n\u00e3o sabe nada de Imposto de Renda, porque a Receita tem regras novas, caiu na malha fina, n\u00e3o sabe o que \u00e9 necess\u00e1rio ou, simplesmente, tem pregui\u00e7a de aprender a fazer o formul\u00e1rio\u201d, explica ele.<\/div>\n<div><\/div>\n<div>O especialista destaca que a equipe est\u00e1 sempre disposta a \u201cvirar a noite\u201d quando se aproxima o fim do prazo, \u201cporque muita gente deixa, mesmo, para a \u00faltima hora\u201d, diz. Os retardat\u00e1rios d\u00e3o mais trabalho, porque o rascunho da declara\u00e7\u00e3o precisa ser avaliado pelo cliente antes de encaminhar ao Fisco.<\/div>\n<p><em>Fonte:\u00a0<a href=\"http:\/\/www.correiobraziliense.com.br\/app\/noticia\/economia\/ir2017\/2017\/03\/26\/interna-ir2017,583631\/vale-a-pena-contratar-contador-para-declarar-imposto-de-renda.shtml\">postado em 26\/03\/2017<\/a> &#8211;\u00a0<a href=\"mailto:iconescb@gmail.com\"><span class=\"autor_casa\">Correio Braziliense<\/span><\/a><\/em><\/p>\n","protected":false},"excerpt":{"rendered":"<p>Abilio e seu pai, C\u00e2ndido Fernandes, tocam uma empresa familiar que preencher\u00e1 mais de 700 declara\u00e7\u00f5es Se o per\u00edodo que antecede o prazo final de entrega da declara\u00e7\u00e3o anual de Imposto de Renda \u00e9 de apreens\u00e3o para os contribuintes, para os contadores \u00e9 tempo de muito trabalho, mas tamb\u00e9m de bom faturamento. \u00c9 nesta \u00e9poca [&hellip;]<\/p>\n","protected":false},"author":3,"featured_media":1500,"comment_status":"open","ping_status":"open","sticky":false,"template":"","format":"standard","meta":{"jetpack_post_was_ever_published":false,"_jetpack_newsletter_access":"","_jetpack_dont_email_post_to_subs":false,"_jetpack_newsletter_tier_id":0,"_jetpack_memberships_contains_paywalled_content":false,"_jetpack_memberships_contains_paid_content":false,"footnotes":"","jetpack_publicize_message":"#IRPF: Recorrer a profissionais nesta \u00e9poca do ano pode ser fundamental para contribuinte n\u00e3o cair na #malhafina","jetpack_publicize_feature_enabled":true,"jetpack_social_post_already_shared":true,"jetpack_social_options":{"image_generator_settings":{"template":"highway","default_image_id":0,"font":"","enabled":false},"version":2}},"categories":[46],"tags":[61,247,106,280,303,350,108,229,115,111],"class_list":["post-1089","post","type-post","status-publish","format-standard","has-post-thumbnail","hentry","category-df","tag-contabil","tag-contribuinte","tag-declaracao","tag-dirpf","tag-empresa","tag-entrega","tag-imposto","tag-ir","tag-irpf","tag-renda"],"jetpack_publicize_connections":[],"jetpack_featured_media_url":"https:\/\/i0.wp.com\/cfcontabil.com\/cf\/wp-content\/uploads\/2017\/02\/irpf2017-1.png?fit=490%2C247&ssl=1","jetpack_sharing_enabled":true,"jetpack_shortlink":"https:\/\/wp.me\/p2wklX-hz","jetpack-related-posts":[{"id":1132,"url":"https:\/\/cfcontabil.com\/cf\/ajuda-profissional-evita-problemas-com-o-leao\/","url_meta":{"origin":1089,"position":0},"title":"Ajuda profissional evita problemas com o Le\u00e3o","author":"Ab\u00edlio Gon\u00e7alves","date":"20 de abril de 2017","format":false,"excerpt":"Quem se sente inseguro para declarar o IR ou tem grande patrim\u00f4nio, por exemplo, pode recorrer a um contador. Quem entregou o documento com algum erro ou informa\u00e7\u00e3o incompleta pode enviar uma declara\u00e7\u00e3o retificadora at\u00e9 o dia 28 de abril. A cada ano, a Receita Federal vem aprimorando o programa\u2026","rel":"","context":"Em &quot;Departamento Fiscal&quot;","block_context":{"text":"Departamento Fiscal","link":"https:\/\/cfcontabil.com\/cf\/category\/df\/"},"img":{"alt_text":"","src":"https:\/\/i0.wp.com\/cfcontabil.com\/cf\/wp-content\/uploads\/2016\/05\/Imposto_Renda_IR_Prazo-1.jpg?fit=620%2C412&ssl=1&resize=350%2C200","width":350,"height":200,"srcset":"https:\/\/i0.wp.com\/cfcontabil.com\/cf\/wp-content\/uploads\/2016\/05\/Imposto_Renda_IR_Prazo-1.jpg?fit=620%2C412&ssl=1&resize=350%2C200 1x, https:\/\/i0.wp.com\/cfcontabil.com\/cf\/wp-content\/uploads\/2016\/05\/Imposto_Renda_IR_Prazo-1.jpg?fit=620%2C412&ssl=1&resize=525%2C300 1.5x"},"classes":[]},{"id":709,"url":"https:\/\/cfcontabil.com\/cf\/patroes-devem-redobrar-a-atencao-para-deduzir-o-imposto-de-renda-dos-domesticos\/","url_meta":{"origin":1089,"position":1},"title":"Patr\u00f5es devem redobrar a aten\u00e7\u00e3o para deduzir o Imposto de Renda dos dom\u00e9sticos","author":"Ab\u00edlio Gon\u00e7alves","date":"30 de mar\u00e7o de 2016","format":false,"excerpt":"Sob pol\u00eamica, o benef\u00edcio que o contribuinte tem ao lan\u00e7ar na declara\u00e7\u00e3o do Imposto de Renda os gastos com empregado dom\u00e9stico \u00e9 limitado. Para obter o desconto que pode levar \u00e0 redu\u00e7\u00e3o do IR a pagar ou ao aumento da restitui\u00e7\u00e3o, \u00e9 preciso ter muito cuidado no preenchimento dos dados\u2026","rel":"","context":"Em &quot;Geral&quot;","block_context":{"text":"Geral","link":"https:\/\/cfcontabil.com\/cf\/category\/geral\/"},"img":{"alt_text":"","src":"https:\/\/i0.wp.com\/cfcontabil.com\/cf\/wp-content\/uploads\/2016\/03\/domestica-1.jpeg?fit=600%2C315&ssl=1&resize=350%2C200","width":350,"height":200,"srcset":"https:\/\/i0.wp.com\/cfcontabil.com\/cf\/wp-content\/uploads\/2016\/03\/domestica-1.jpeg?fit=600%2C315&ssl=1&resize=350%2C200 1x, https:\/\/i0.wp.com\/cfcontabil.com\/cf\/wp-content\/uploads\/2016\/03\/domestica-1.jpeg?fit=600%2C315&ssl=1&resize=525%2C300 1.5x"},"classes":[]},{"id":466,"url":"https:\/\/cfcontabil.com\/cf\/imposto-de-renda-2014-1o-de-marco-a-30-de-abril\/","url_meta":{"origin":1089,"position":2},"title":"Imposto de Renda 2014 ~ Regras e Esclarecimentos","author":"Vin\u00edcius Moizinho","date":"20 de fevereiro de 2014","format":false,"excerpt":"Boa tarde, prezados. Como deve ser de seu conhecimento, estamos em \u00e9poca de elabora\u00e7\u00e3o das Declara\u00e7\u00f5es de Imposto de Renda - Pessoa F\u00edsica 2014, per\u00edodo compreendido entre 06\u00a0de Mar\u00e7o e 30 de Abril, de acordo com os rendimentos referentes ao ano-calend\u00e1rio 2013. Est\u00e1 com d\u00favidas? Quer saber mais a respeito?\u2026","rel":"","context":"Em &quot;Departamento Fiscal&quot;","block_context":{"text":"Departamento Fiscal","link":"https:\/\/cfcontabil.com\/cf\/category\/df\/"},"img":{"alt_text":"","src":"https:\/\/i0.wp.com\/cfcontabil.com\/cf\/wp-content\/uploads\/2013\/10\/IMPOSTO-597x245-2.jpg?fit=597%2C245&ssl=1&resize=350%2C200","width":350,"height":200,"srcset":"https:\/\/i0.wp.com\/cfcontabil.com\/cf\/wp-content\/uploads\/2013\/10\/IMPOSTO-597x245-2.jpg?fit=597%2C245&ssl=1&resize=350%2C200 1x, https:\/\/i0.wp.com\/cfcontabil.com\/cf\/wp-content\/uploads\/2013\/10\/IMPOSTO-597x245-2.jpg?fit=597%2C245&ssl=1&resize=525%2C300 1.5x"},"classes":[]},{"id":2748,"url":"https:\/\/cfcontabil.com\/cf\/imposto-de-renda-2022-prepare-seus-documentos-esta-semana\/","url_meta":{"origin":1089,"position":3},"title":"Imposto de Renda 2022: prepare seus documentos esta semana!","author":"Ab\u00edlio Gon\u00e7alves","date":"23 de fevereiro de 2022","format":false,"excerpt":"Separe seus documentos para fazer a declara\u00e7\u00e3o a partir de 2 de mar\u00e7o.","rel":"","context":"Em &quot;Imposto de Renda&quot;","block_context":{"text":"Imposto de Renda","link":"https:\/\/cfcontabil.com\/cf\/category\/imposto-de-renda\/"},"img":{"alt_text":"","src":"https:\/\/i0.wp.com\/cfcontabil.com\/cf\/wp-content\/uploads\/2022\/02\/Banner-na-imposto-de-renda-Miniatura-do-YouTube.png?fit=1200%2C675&ssl=1&resize=350%2C200","width":350,"height":200,"srcset":"https:\/\/i0.wp.com\/cfcontabil.com\/cf\/wp-content\/uploads\/2022\/02\/Banner-na-imposto-de-renda-Miniatura-do-YouTube.png?fit=1200%2C675&ssl=1&resize=350%2C200 1x, https:\/\/i0.wp.com\/cfcontabil.com\/cf\/wp-content\/uploads\/2022\/02\/Banner-na-imposto-de-renda-Miniatura-do-YouTube.png?fit=1200%2C675&ssl=1&resize=525%2C300 1.5x, https:\/\/i0.wp.com\/cfcontabil.com\/cf\/wp-content\/uploads\/2022\/02\/Banner-na-imposto-de-renda-Miniatura-do-YouTube.png?fit=1200%2C675&ssl=1&resize=700%2C400 2x, https:\/\/i0.wp.com\/cfcontabil.com\/cf\/wp-content\/uploads\/2022\/02\/Banner-na-imposto-de-renda-Miniatura-do-YouTube.png?fit=1200%2C675&ssl=1&resize=1050%2C600 3x"},"classes":[]},{"id":1206,"url":"https:\/\/cfcontabil.com\/cf\/nao-entregou-a-declaracao-de-irpf-2016-saiba-o-risco-da-malha-fina\/","url_meta":{"origin":1089,"position":4},"title":"N\u00e3o entregou a Declara\u00e7\u00e3o de IRPF 2016? Saiba o risco da Malha Fina","author":"Ab\u00edlio Gon\u00e7alves","date":"3 de maio de 2016","format":false,"excerpt":"O prazo para envio terminou \u00e0s 23h59 de sexta-feira (29). Multa m\u00ednima \u00e9 de R$ 165,74, mas pode atingir 20% do imposto devido. A Receita Federal recebeu 27.960.663 declara\u00e7\u00f5es do IR, segundo balan\u00e7o divulgado na madrugada deste s\u00e1bado (30). A estimativa \u00e9 que 239 mil contribuintes tenham perdido o prazo\u2026","rel":"","context":"Em &quot;Geral&quot;","block_context":{"text":"Geral","link":"https:\/\/cfcontabil.com\/cf\/category\/geral\/"},"img":{"alt_text":"","src":"https:\/\/i0.wp.com\/cfcontabil.com\/cf\/wp-content\/uploads\/2016\/05\/Imposto_Renda_IR_Prazo-1.jpg?fit=620%2C412&ssl=1&resize=350%2C200","width":350,"height":200,"srcset":"https:\/\/i0.wp.com\/cfcontabil.com\/cf\/wp-content\/uploads\/2016\/05\/Imposto_Renda_IR_Prazo-1.jpg?fit=620%2C412&ssl=1&resize=350%2C200 1x, https:\/\/i0.wp.com\/cfcontabil.com\/cf\/wp-content\/uploads\/2016\/05\/Imposto_Renda_IR_Prazo-1.jpg?fit=620%2C412&ssl=1&resize=525%2C300 1.5x"},"classes":[]},{"id":3466,"url":"https:\/\/cfcontabil.com\/cf\/irpf-2026-isencao-de-r-5mil-nova-tabela\/","url_meta":{"origin":1089,"position":5},"title":"IR 2026: Isen\u00e7\u00e3o de R$ 5mil &#8211; Nova Tabela!","author":"Ab\u00edlio Gon\u00e7alves","date":"16 de janeiro de 2026","format":false,"excerpt":"Guia Completo da CF Cont\u00e1bil 1.0 Introdu\u00e7\u00e3o: Voc\u00ea Est\u00e1 Deixando Dinheiro na Mesa?Voc\u00ea sabe se tem direito \u00e0 isen\u00e7\u00e3o total do Imposto de Renda ou se est\u00e1 pagando um imposto que poderia economizar? A resposta pode definir se voc\u00ea receber\u00e1 uma restitui\u00e7\u00e3o maior ou se deixar\u00e1 um dinheiro valioso para\u2026","rel":"","context":"Em &quot;Imposto de Renda&quot;","block_context":{"text":"Imposto de Renda","link":"https:\/\/cfcontabil.com\/cf\/category\/imposto-de-renda\/"},"img":{"alt_text":"","src":"https:\/\/i0.wp.com\/cfcontabil.com\/cf\/wp-content\/uploads\/2026\/01\/IRPF26-NOVA-TABELA-scaled.png?fit=1200%2C670&ssl=1&resize=350%2C200","width":350,"height":200,"srcset":"https:\/\/i0.wp.com\/cfcontabil.com\/cf\/wp-content\/uploads\/2026\/01\/IRPF26-NOVA-TABELA-scaled.png?fit=1200%2C670&ssl=1&resize=350%2C200 1x, https:\/\/i0.wp.com\/cfcontabil.com\/cf\/wp-content\/uploads\/2026\/01\/IRPF26-NOVA-TABELA-scaled.png?fit=1200%2C670&ssl=1&resize=525%2C300 1.5x, https:\/\/i0.wp.com\/cfcontabil.com\/cf\/wp-content\/uploads\/2026\/01\/IRPF26-NOVA-TABELA-scaled.png?fit=1200%2C670&ssl=1&resize=700%2C400 2x, https:\/\/i0.wp.com\/cfcontabil.com\/cf\/wp-content\/uploads\/2026\/01\/IRPF26-NOVA-TABELA-scaled.png?fit=1200%2C670&ssl=1&resize=1050%2C600 3x"},"classes":[]}],"jetpack_likes_enabled":true,"_links":{"self":[{"href":"https:\/\/cfcontabil.com\/cf\/wp-json\/wp\/v2\/posts\/1089","targetHints":{"allow":["GET"]}}],"collection":[{"href":"https:\/\/cfcontabil.com\/cf\/wp-json\/wp\/v2\/posts"}],"about":[{"href":"https:\/\/cfcontabil.com\/cf\/wp-json\/wp\/v2\/types\/post"}],"author":[{"embeddable":true,"href":"https:\/\/cfcontabil.com\/cf\/wp-json\/wp\/v2\/users\/3"}],"replies":[{"embeddable":true,"href":"https:\/\/cfcontabil.com\/cf\/wp-json\/wp\/v2\/comments?post=1089"}],"version-history":[{"count":0,"href":"https:\/\/cfcontabil.com\/cf\/wp-json\/wp\/v2\/posts\/1089\/revisions"}],"wp:featuredmedia":[{"embeddable":true,"href":"https:\/\/cfcontabil.com\/cf\/wp-json\/wp\/v2\/media\/1500"}],"wp:attachment":[{"href":"https:\/\/cfcontabil.com\/cf\/wp-json\/wp\/v2\/media?parent=1089"}],"wp:term":[{"taxonomy":"category","embeddable":true,"href":"https:\/\/cfcontabil.com\/cf\/wp-json\/wp\/v2\/categories?post=1089"},{"taxonomy":"post_tag","embeddable":true,"href":"https:\/\/cfcontabil.com\/cf\/wp-json\/wp\/v2\/tags?post=1089"}],"curies":[{"name":"wp","href":"https:\/\/api.w.org\/{rel}","templated":true}]}}