{"id":1091,"date":"2017-03-28T12:52:38","date_gmt":"2017-03-28T15:52:38","guid":{"rendered":"http:\/\/cfcontabil.com\/cf\/?p=1091"},"modified":"2017-03-28T12:52:38","modified_gmt":"2017-03-28T15:52:38","slug":"quando-a-contabilidade-alcanca-a-diretoria-das-empresas","status":"publish","type":"post","link":"https:\/\/cfcontabil.com\/cf\/quando-a-contabilidade-alcanca-a-diretoria-das-empresas\/","title":{"rendered":"Quando a contabilidade alcan\u00e7a a diretoria das empresas"},"content":{"rendered":"<p style=\"text-align: justify;\">Durante s\u00e9culos a contabilidade foi encarada por muitos executivos como sendo um \u201cmal necess\u00e1rio\u201d para atender a reguladores e \u00e0s autoridades fiscais. Para muitos, a contabilidade n\u00e3o merecia considera\u00e7\u00e3o por ser uma ci\u00eancia que sempre olhava para a empresa pelo \u201cretrovisor\u201d, privilegiando o passado ao inv\u00e9s do futuro.<\/p>\n<p style=\"text-align: justify;\">Estes, infelizmente, se esqueceram de que a ra\u00e7a humana se diferencia das outras criaturas exatamente por ter a capacidade de olhar e aprender com o passado, e que os fen\u00f4menos cient\u00edficos s\u00f3 podem ser inferidos para o futuro a partir das conclus\u00f5es obtidas da sua observa\u00e7\u00e3o no passado.<\/p>\n<p style=\"text-align: justify;\">Em outras palavras, ainda que esta concep\u00e7\u00e3o fosse correta, a contabilidade n\u00e3o deveria jamais ser desconsiderada pelo gestor de uma empresa. Ao contr\u00e1rio, como o objetivo desta ci\u00eancia \u00e9 refletir o efeito das transa\u00e7\u00f5es realizadas no per\u00edodo sobre o patrim\u00f4nio da empresa, domin\u00e1-la \u00e9 de fundamental import\u00e2ncia para aqueles que almejam administrar o seu neg\u00f3cio n\u00e3o apenas de maneira eficiente, mas tamb\u00e9m eficaz!<\/p>\n<p><!--more--><\/p>\n<p><a href=\"https:\/\/i0.wp.com\/cfcontabil.com\/cf\/wp-content\/uploads\/2016\/04\/notebook.jpg\"><img data-recalc-dims=\"1\" fetchpriority=\"high\" decoding=\"async\" data-attachment-id=\"731\" data-permalink=\"https:\/\/cfcontabil.com\/cf\/quase-metade-dos-domicilios-brasileiros-tem-computador\/\" data-orig-file=\"https:\/\/i0.wp.com\/cfcontabil.com\/cf\/wp-content\/uploads\/2016\/04\/notebook-1.jpg?fit=627%2C400&amp;ssl=1\" data-orig-size=\"627,400\" data-comments-opened=\"1\" data-image-meta=\"{&quot;aperture&quot;:&quot;0&quot;,&quot;credit&quot;:&quot;USP Imagens&quot;,&quot;camera&quot;:&quot;&quot;,&quot;caption&quot;:&quot;Quase metade dos domic\\u00edlios brasileiros tem computador&quot;,&quot;created_timestamp&quot;:&quot;0&quot;,&quot;copyright&quot;:&quot;&quot;,&quot;focal_length&quot;:&quot;0&quot;,&quot;iso&quot;:&quot;0&quot;,&quot;shutter_speed&quot;:&quot;0&quot;,&quot;title&quot;:&quot;Quase metade dos domic\\u00edlios brasileiros tem computador&quot;,&quot;orientation&quot;:&quot;0&quot;}\" data-image-title=\"Quase metade dos domic\u00edlios brasileiros tem computador\" data-image-description=\"\" data-image-caption=\"&lt;p&gt;Quase metade dos domic\u00edlios brasileiros tem computador&lt;\/p&gt;\n\" data-large-file=\"https:\/\/i0.wp.com\/cfcontabil.com\/cf\/wp-content\/uploads\/2016\/04\/notebook-1.jpg?fit=627%2C400&amp;ssl=1\" class=\"size-full wp-image-731\" src=\"https:\/\/i0.wp.com\/cfcontabil.com\/cf\/wp-content\/uploads\/2016\/04\/notebook.jpg?resize=627%2C400\" alt=\"\" width=\"627\" height=\"400\" \/><\/a><\/p>\n<p>Se no passado, este dom\u00ednio dos princ\u00edpios que norteiam a contabilidade j\u00e1 era importante, tal conhecimento alcan\u00e7ou novo patamar de relev\u00e2ncia a partir da introdu\u00e7\u00e3o do IFRS (International Financial Reporting Standards) no Brasil, a partir de 2010.<\/p>\n<p>Em primeiro lugar, porque o IFRS \u00e9 um padr\u00e3o internacional. Ou seja, sua aplica\u00e7\u00e3o representa o uso das melhores pr\u00e1ticas cont\u00e1beis em vigor. O fato de ser uma norma internacional implica, ainda, que n\u00e3o h\u00e1 espa\u00e7o para interfer\u00eancia de interesses econ\u00f4micos ou pol\u00edticos sobre a forma de contabiliza\u00e7\u00e3o das transa\u00e7\u00f5es uma vez que todo um \u201cdue process\u201d tem que ser observado para garantir que a norma estabelecida seja aplic\u00e1vel em qualquer lugar do mundo, sem possibilidade de introdu\u00e7\u00e3o de mecanismos que venham a proteger interesses de grupos ou pa\u00edses espec\u00edficos.<\/p>\n<p>Adicionalmente, o car\u00e1ter principiol\u00f3gico do IFRS naturalmente conduz tanto o profissional cont\u00e1bil quanto a alta administra\u00e7\u00e3o a procurar conhecer profundamente a opera\u00e7\u00e3o antes de formalizar o seu registro. Tomar decis\u00e3o sem conhecer o IFRS \u00e9 o equivalente a lan\u00e7ar uma flecha e cruzar os dedos torcendo para que ela atinja o alvo.<\/p>\n<p>No mundo inteiro a atividade cont\u00e1bil \u00e9 altamente valorizada exatamente por ser considerada como elemento essencial para a gest\u00e3o. N\u00e3o cabe, e n\u00e3o \u00e9 do interesse do contador tomar decis\u00f5es estrat\u00e9gicas, mas o gestor que o faz sem ter como fundamento a informa\u00e7\u00e3o cont\u00e1bil corre o risco de fazer investimentos que n\u00e3o ir\u00e3o gerar caixa suficiente para trazer o retorno almejado e, muitas vezes, assumir d\u00edvidas que n\u00e3o ter\u00e1 condi\u00e7\u00f5es de quitar.<\/p>\n<p>Muitos dir\u00e3o: \u201ceu n\u00e3o preciso da contabilidade \u2013 utilizo a proje\u00e7\u00e3o do fluxo de caixa e indicadores derivados desta metodologia para basear minhas decis\u00f5es!\u201d. De modo algum estes instrumentos devem ser desconsiderados, muito pelo contr\u00e1rio: s\u00e3o ferramentas de gest\u00e3o extremamente poderosas.<\/p>\n<p>Ocorre que os fluxos de caixa nada mais s\u00e3o do que a realiza\u00e7\u00e3o financeira dos eventos j\u00e1 registrados nos demonstrativos cont\u00e1beis, com uma diferen\u00e7a b\u00e1sica: os fluxos de caixa projetados dependem do uso de premissas que podem ou n\u00e3o se confirmarem; j\u00e1 os registros cont\u00e1beis se baseiam em transa\u00e7\u00f5es concretas atestadas por auditores independentes. O Gestor inteligente, ent\u00e3o, ir\u00e1 procurar utilizar a vis\u00e3o de retorno dada por estes instrumentos, mas complementar an\u00e1lise com a vis\u00e3o cont\u00e1bil a fim de atestar a confiabilidade do modelo.<\/p>\n<p>Para faz\u00ea-lo, no entanto, \u00e9 necess\u00e1rio um conhecimento cont\u00e1bil mais profundo de IFRS do que o geralmente observado entre os gestores atuais. Quando este conhecimento n\u00e3o est\u00e1 presente, o gestor \u00e9 obrigado a transferir a interpreta\u00e7\u00e3o dos fundamentos decis\u00f3rios a terceiros que n\u00e3o necessariamente chegam \u00e0s mesmas conclus\u00f5es que ele chegaria sem tal interfer\u00eancia.<\/p>\n<p>Considerando-se o cen\u00e1rio atual em que gestores tem cada vez mais sido chamados, por reguladores de mercado e outros \u00f3rg\u00e3os de controle extremamente mais informados e aparelhados, a responder por suas decis\u00f5es o risco de \u201cn\u00e3o saber\u201d pode ser muito grande.<\/p>\n<p>No IFRS, a ess\u00eancia da transa\u00e7\u00e3o deve sempre prevalecer sobre a forma. O efeito desta caracter\u00edstica fundamental do novo ambiente cont\u00e1bil \u00e9 que tal como um bom advogado, tanto o profissional cont\u00e1bil quanto o gestor da empresa sempre precisa saber explicar com total seguran\u00e7a as decis\u00f5es tomadas e arcar com a responsabilidade de seu efeito sobre o neg\u00f3cio e sobre a sociedade.<\/p>\n<p>Foi-se o tempo em que a contabilidade era tratada como um conjunto mec\u00e2nico de d\u00e9bitos e cr\u00e9ditos com o objetivo de gerar demonstrativos. Conhecer contabilidade no mundo moderno parte essencial do curr\u00edculo de um bom gestor. E como o IFRS \u00e9 uma norma em constante evolu\u00e7\u00e3o, este conhecimento n\u00e3o pode ser visto como mais um certificado ou diploma para ser pendurado na parede, mas como uma cont\u00ednua busca de manter-se atualizado a respeito do que est\u00e1 por vir.<\/p>\n<p>Por exemplo, os gestores que ainda n\u00e3o se prepararam para as mudan\u00e7as que a entrada em vigor do IFRS9, prevista para janeiro de 2018, ir\u00e1 trazer para sua empresa e para a precifica\u00e7\u00e3o de seus ativos, como resultado de um enfoque completamente novo para o reconhecimento, mensura\u00e7\u00e3o e baixa dos instrumentos financeiros (empr\u00e9stimos, receb\u00edveis, t\u00edtulos mobili\u00e1rios, investimentos, derivativos, etc.) ter\u00e3o muito a explicar aos seus acionistas e conselhos ao longo dos pr\u00f3ximos meses.<\/p>\n<p>Gestores, est\u00e1 na hora de voltar \u00e0s salas de aula!<\/p>\n<p>Fonte: CFC<\/p>\n","protected":false},"excerpt":{"rendered":"<p>Durante s\u00e9culos a contabilidade foi encarada por muitos executivos como sendo um \u201cmal necess\u00e1rio\u201d para atender a reguladores e \u00e0s autoridades fiscais. Para muitos, a contabilidade n\u00e3o merecia considera\u00e7\u00e3o por ser uma ci\u00eancia que sempre olhava para a empresa pelo \u201cretrovisor\u201d, privilegiando o passado ao inv\u00e9s do futuro. Estes, infelizmente, se esqueceram de que a [&hellip;]<\/p>\n","protected":false},"author":3,"featured_media":1092,"comment_status":"open","ping_status":"open","sticky":false,"template":"","format":"standard","meta":{"jetpack_post_was_ever_published":false,"_jetpack_newsletter_access":"","_jetpack_dont_email_post_to_subs":false,"_jetpack_newsletter_tier_id":0,"_jetpack_memberships_contains_paywalled_content":false,"_jetpack_memberships_contains_paid_content":false,"footnotes":"","jetpack_publicize_message":"","jetpack_publicize_feature_enabled":true,"jetpack_social_post_already_shared":true,"jetpack_social_options":{"image_generator_settings":{"template":"highway","default_image_id":0,"font":"","enabled":false},"version":2}},"categories":[22],"tags":[61,21,471,168,303,169,472,473],"class_list":["post-1091","post","type-post","status-publish","format-standard","has-post-thumbnail","hentry","category-geral","tag-contabil","tag-contabilidade","tag-diretoria","tag-empreendedor","tag-empresa","tag-empresario","tag-gestao","tag-resultados"],"jetpack_publicize_connections":[],"jetpack_featured_media_url":"https:\/\/i0.wp.com\/cfcontabil.com\/cf\/wp-content\/uploads\/2017\/03\/placa-diretoria-D_NQ_NP_14395-MLB209863706_6078-F-1.jpg?fit=1200%2C266&ssl=1","jetpack_sharing_enabled":true,"jetpack_shortlink":"https:\/\/wp.me\/p2wklX-hB","jetpack-related-posts":[{"id":3435,"url":"https:\/\/cfcontabil.com\/cf\/da-automacao-a-inteligencia-o-futuro-da-contabilidade-ja-comecou\/","url_meta":{"origin":1091,"position":0},"title":"Da Automa\u00e7\u00e3o \u00e0 Intelig\u00eancia: O Futuro da Contabilidade j\u00e1 Come\u00e7ou","author":"Ab\u00edlio Gon\u00e7alves","date":"10 de setembro de 2025","format":false,"excerpt":"Na \u00faltima edi\u00e7\u00e3o do Conta Azul Con 2025, participei da palestra conduzida por Rodrigo Bogoni e Dercio Bolais, representantes da Thomson Reuters e da Dom\u00ednio. O tema n\u00e3o poderia ser mais atual: como os servi\u00e7os digitais e embarcados est\u00e3o transformando a contabilidade em uma verdadeira consultoria estrat\u00e9gica para empresas de\u2026","rel":"","context":"Em &quot;Geral&quot;","block_context":{"text":"Geral","link":"https:\/\/cfcontabil.com\/cf\/category\/geral\/"},"img":{"alt_text":"","src":"https:\/\/i0.wp.com\/cfcontabil.com\/cf\/wp-content\/uploads\/2025\/09\/conta-azul-con25.png?fit=992%2C388&ssl=1&resize=350%2C200","width":350,"height":200,"srcset":"https:\/\/i0.wp.com\/cfcontabil.com\/cf\/wp-content\/uploads\/2025\/09\/conta-azul-con25.png?fit=992%2C388&ssl=1&resize=350%2C200 1x, https:\/\/i0.wp.com\/cfcontabil.com\/cf\/wp-content\/uploads\/2025\/09\/conta-azul-con25.png?fit=992%2C388&ssl=1&resize=525%2C300 1.5x, https:\/\/i0.wp.com\/cfcontabil.com\/cf\/wp-content\/uploads\/2025\/09\/conta-azul-con25.png?fit=992%2C388&ssl=1&resize=700%2C400 2x"},"classes":[]},{"id":3006,"url":"https:\/\/cfcontabil.com\/cf\/contabil-summit-brasilia-2024-transformando-desafios-em-oportunidades\/","url_meta":{"origin":1091,"position":1},"title":"Cont\u00e1bil Summit Bras\u00edlia 2024: Transformando Desafios em Oportunidades\u00a0","author":"Ab\u00edlio Gon\u00e7alves","date":"22 de julho de 2024","format":false,"excerpt":"No dia 17 de julho, o audit\u00f3rio Sicoob (SIG) foi palco de um evento imperd\u00edvel para empreendedores do setor cont\u00e1bil. Organizado pelo Conselho Regional de Contabilidade do Distrito Federal (CRCDF) e SICOOB Executive, o Cont\u00e1bil Summit Bras\u00edlia reuniu grandes nomes do setor para um dia repleto de palestras sobre gest\u00e3o,\u2026","rel":"","context":"Em &quot;Contabilidade em geral&quot;","block_context":{"text":"Contabilidade em geral","link":"https:\/\/cfcontabil.com\/cf\/category\/contabilidade-2\/"},"img":{"alt_text":"","src":"https:\/\/i0.wp.com\/cfcontabil.com\/cf\/wp-content\/uploads\/2024\/07\/Contabil-Summit-Brasilia.png?fit=1200%2C602&ssl=1&resize=350%2C200","width":350,"height":200,"srcset":"https:\/\/i0.wp.com\/cfcontabil.com\/cf\/wp-content\/uploads\/2024\/07\/Contabil-Summit-Brasilia.png?fit=1200%2C602&ssl=1&resize=350%2C200 1x, https:\/\/i0.wp.com\/cfcontabil.com\/cf\/wp-content\/uploads\/2024\/07\/Contabil-Summit-Brasilia.png?fit=1200%2C602&ssl=1&resize=525%2C300 1.5x, https:\/\/i0.wp.com\/cfcontabil.com\/cf\/wp-content\/uploads\/2024\/07\/Contabil-Summit-Brasilia.png?fit=1200%2C602&ssl=1&resize=700%2C400 2x, https:\/\/i0.wp.com\/cfcontabil.com\/cf\/wp-content\/uploads\/2024\/07\/Contabil-Summit-Brasilia.png?fit=1200%2C602&ssl=1&resize=1050%2C600 3x"},"classes":[]},{"id":367,"url":"https:\/\/cfcontabil.com\/cf\/o-contador-na-era-tecnologica\/","url_meta":{"origin":1091,"position":2},"title":"O Contador na Era Tecnol\u00f3gica","author":"Vin\u00edcius Moizinho","date":"18 de setembro de 2013","format":false,"excerpt":"Bom dia, prezados! \u00c9 fato que a internacionaliza\u00e7\u00e3o das normas cont\u00e1beis deu ao contador outro perfil. A ultrapassada imagem que vinculada ao contador brasileiro, como sendo o guarda-livros de caneta atr\u00e1s da orelha, n\u00e3o passa hoje de folclore e caricatura. A abertura dos mercados globais tornou a Contabilidade a quarta\u2026","rel":"","context":"Em &quot;Consultoria Empresarial&quot;","block_context":{"text":"Consultoria Empresarial","link":"https:\/\/cfcontabil.com\/cf\/category\/consultoria\/"},"img":{"alt_text":"","src":"https:\/\/i0.wp.com\/www.serkat.com.br\/img\/topo\/servicos.jpg?resize=350%2C200","width":350,"height":200},"classes":[]},{"id":1267,"url":"https:\/\/cfcontabil.com\/cf\/termina-em-31-de-julho-prazo-de-entrega-da-escrituracao-contabil-fiscal\/","url_meta":{"origin":1091,"position":3},"title":"Termina em 31 de julho prazo de entrega da Escritura\u00e7\u00e3o Cont\u00e1bil Fiscal","author":"Ab\u00edlio Gon\u00e7alves","date":"28 de julho de 2017","format":false,"excerpt":"Diretor da Fenacon recomenda que n\u00e3o seja deixada para o \u00faltimo dia Empresas que n\u00e3o enviarem as informa\u00e7\u00f5es \u00e0 Receita Federal at\u00e9 a data final ficar\u00e3o impedidas de emitir certid\u00e3o negativa de d\u00e9bitos e ter\u00e3o de pagar multa O prazo de entrega da Escritura\u00e7\u00e3o Cont\u00e1bil Fiscal (ECF) termina no \u00faltimo\u2026","rel":"","context":"Em &quot;Departamento Fiscal&quot;","block_context":{"text":"Departamento Fiscal","link":"https:\/\/cfcontabil.com\/cf\/category\/df\/"},"img":{"alt_text":"","src":"https:\/\/i0.wp.com\/cfcontabil.com\/cf\/wp-content\/uploads\/2017\/07\/ecf-1406658540-1-1.jpg?fit=800%2C588&ssl=1&resize=350%2C200","width":350,"height":200,"srcset":"https:\/\/i0.wp.com\/cfcontabil.com\/cf\/wp-content\/uploads\/2017\/07\/ecf-1406658540-1-1.jpg?fit=800%2C588&ssl=1&resize=350%2C200 1x, https:\/\/i0.wp.com\/cfcontabil.com\/cf\/wp-content\/uploads\/2017\/07\/ecf-1406658540-1-1.jpg?fit=800%2C588&ssl=1&resize=525%2C300 1.5x, https:\/\/i0.wp.com\/cfcontabil.com\/cf\/wp-content\/uploads\/2017\/07\/ecf-1406658540-1-1.jpg?fit=800%2C588&ssl=1&resize=700%2C400 2x"},"classes":[]},{"id":563,"url":"https:\/\/cfcontabil.com\/cf\/como-ter-uma-boa-contabilidade-na-sua-empresa\/","url_meta":{"origin":1091,"position":4},"title":"Como ter uma boa contabilidade na sua empresa","author":"Vin\u00edcius Moizinho","date":"17 de novembro de 2014","format":"aside","excerpt":"\u00c9 importante encarar a contabilidade como uma ferramenta que contribui para o gerenciamento do neg\u00f3cio, independente do tamanho ou ramo de atividade da empresa. Pensar dessa forma traz muitas vantagens corporativas, principalmente quanto \u00e0 transpar\u00eancia das transa\u00e7\u00f5es e a real apura\u00e7\u00e3o do lucro ou preju\u00edzo. A primeira dica e a\u2026","rel":"","context":"Em &quot;Geral&quot;","block_context":{"text":"Geral","link":"https:\/\/cfcontabil.com\/cf\/category\/geral\/"},"img":{"alt_text":"","src":"","width":0,"height":0},"classes":[]},{"id":1830,"url":"https:\/\/cfcontabil.com\/cf\/o-futuro-do-profissional-de-contabilidade-e-a-inteligencia-artificial\/","url_meta":{"origin":1091,"position":5},"title":"O futuro do Profissional de Contabilidade e a Intelig\u00eancia Artificial","author":"Ab\u00edlio Gon\u00e7alves","date":"30 de outubro de 2019","format":false,"excerpt":"Vivemos num tempo de grande avan\u00e7o tecnol\u00f3gico. Esse avan\u00e7o atingiu praticamente todas as \u00e1reas do conhecimento humano e em velocidade exponencial. Como ficam o contabilista e a Contabilidade nesse contexto? Vivemos num tempo de grande avan\u00e7o tecnol\u00f3gico. Esse avan\u00e7o atingiu praticamente todas as \u00e1reas do conhecimento humano e em velocidade\u2026","rel":"","context":"Em &quot;Contabilidade em geral&quot;","block_context":{"text":"Contabilidade em geral","link":"https:\/\/cfcontabil.com\/cf\/category\/contabilidade-2\/"},"img":{"alt_text":"","src":"https:\/\/i0.wp.com\/cfcontabil.com\/cf\/wp-content\/uploads\/2019\/10\/servi%C3%A7o_software.jpg?fit=701%2C438&ssl=1&resize=350%2C200","width":350,"height":200,"srcset":"https:\/\/i0.wp.com\/cfcontabil.com\/cf\/wp-content\/uploads\/2019\/10\/servi%C3%A7o_software.jpg?fit=701%2C438&ssl=1&resize=350%2C200 1x, https:\/\/i0.wp.com\/cfcontabil.com\/cf\/wp-content\/uploads\/2019\/10\/servi%C3%A7o_software.jpg?fit=701%2C438&ssl=1&resize=525%2C300 1.5x, https:\/\/i0.wp.com\/cfcontabil.com\/cf\/wp-content\/uploads\/2019\/10\/servi%C3%A7o_software.jpg?fit=701%2C438&ssl=1&resize=700%2C400 2x"},"classes":[]}],"jetpack_likes_enabled":true,"_links":{"self":[{"href":"https:\/\/cfcontabil.com\/cf\/wp-json\/wp\/v2\/posts\/1091","targetHints":{"allow":["GET"]}}],"collection":[{"href":"https:\/\/cfcontabil.com\/cf\/wp-json\/wp\/v2\/posts"}],"about":[{"href":"https:\/\/cfcontabil.com\/cf\/wp-json\/wp\/v2\/types\/post"}],"author":[{"embeddable":true,"href":"https:\/\/cfcontabil.com\/cf\/wp-json\/wp\/v2\/users\/3"}],"replies":[{"embeddable":true,"href":"https:\/\/cfcontabil.com\/cf\/wp-json\/wp\/v2\/comments?post=1091"}],"version-history":[{"count":0,"href":"https:\/\/cfcontabil.com\/cf\/wp-json\/wp\/v2\/posts\/1091\/revisions"}],"wp:featuredmedia":[{"embeddable":true,"href":"https:\/\/cfcontabil.com\/cf\/wp-json\/wp\/v2\/media\/1092"}],"wp:attachment":[{"href":"https:\/\/cfcontabil.com\/cf\/wp-json\/wp\/v2\/media?parent=1091"}],"wp:term":[{"taxonomy":"category","embeddable":true,"href":"https:\/\/cfcontabil.com\/cf\/wp-json\/wp\/v2\/categories?post=1091"},{"taxonomy":"post_tag","embeddable":true,"href":"https:\/\/cfcontabil.com\/cf\/wp-json\/wp\/v2\/tags?post=1091"}],"curies":[{"name":"wp","href":"https:\/\/api.w.org\/{rel}","templated":true}]}}