{"id":1094,"date":"2017-03-29T05:00:01","date_gmt":"2017-03-29T08:00:01","guid":{"rendered":"http:\/\/cfcontabil.com\/cf\/?p=1094"},"modified":"2017-03-29T05:00:01","modified_gmt":"2017-03-29T08:00:01","slug":"grupo-finaliza-minuta-de-cinco-novas-normas-de-contabilidade-da-area-publica","status":"publish","type":"post","link":"https:\/\/cfcontabil.com\/cf\/grupo-finaliza-minuta-de-cinco-novas-normas-de-contabilidade-da-area-publica\/","title":{"rendered":"Grupo finaliza minuta de cinco novas normas de contabilidade da \u00e1rea p\u00fablica"},"content":{"rendered":"<p style=\"text-align: center;\"><strong>Normas relativas ao patrim\u00f4nio devem entrar em audi\u00eancia p\u00fablica ainda este semestre<\/strong><\/p>\n<p style=\"text-align: justify;\">\nO Grupo Assessor de Normas Brasileiras de Contabilidade Aplicadas ao Setor P\u00fablico (GA NBCASP), do Conselho Federal de Contabilidade (CFC), se reuniu nos dias 21 e 22 de mar\u00e7o, para dar continuidade ao processo de converg\u00eancia \u00e0s normas internacionais voltadas ao setor, as Ipsas na sigla em ingl\u00eas. A reuni\u00e3o, a segunda do ano, ocorreu na sede o CFC em Bras\u00edlia. O grupo analisou e aprovou as minutas de normas que tratam de propriedades para investimentos, de patrim\u00f4nio imobilizado, de patrim\u00f4nio intang\u00edvel, de redu\u00e7\u00e3o ao valor recuper\u00e1vel de ativos geradores de caixa e de redu\u00e7\u00e3o ao valor recuper\u00e1vel de ativos n\u00e3o geradores de caixa.<\/p>\n<p>As minutas aprovadas correspondem \u00e0 etapa que antecede a audi\u00eancia p\u00fablica. Nela o grupo colhe a opini\u00e3o e o subs\u00eddio das partes interessadas no teor das normas, em especial dos entes da federa\u00e7\u00e3o e demais \u00f3rg\u00e3os p\u00fablicos usu\u00e1rios desses normativos. \u201c\u00c9 um momento plural e muito rico. Os entes da federa\u00e7\u00e3o oferecem suas contribui\u00e7\u00f5es e o grupo analisa, acatamos as que est\u00e3o em acordo com a Estrutura Conceitual e consolidamos o texto final\u201d, explica o vice-presidente t\u00e9cnico do CFC e coordenador do GA NBCASP, Zulmir Breda.<\/p>\n<p>Os textos aprovados pelo GA seguem para aprecia\u00e7\u00e3o da C\u00e2mara T\u00e9cnica e, caso aprovados, v\u00e3o ao Plen\u00e1rio do CFC para in\u00edcio do prazo de consulta p\u00fablica. \u201cTivemos dois dias de debates intensos e produtivos onde foi poss\u00edvel fazer um ajuste fino no texto das minutas buscando dar maior clareza e objetividade ao teor das normas visando facilitar a sua compreens\u00e3o aos usu\u00e1rios\u201d, afirmou a Coordenadora Operacional do GA e Sub-Secret\u00e1ria de Contabilidade da Secretaria do Tesouro Nacional, Gildenora Milhomem.<\/p>\n<p style=\"text-align: left;\"><!--more--><\/p>\n<p style=\"text-align: left;\">\nDurante a reuni\u00e3o foram abordados temas debatidos na \u00faltima reuni\u00e3o do Board da IFAC para o Setor P\u00fablico (IPSASB), ocorrida em Toronto, Canad\u00e1, entre os dias 07 e 10 deste m\u00eas. O representante do Brasil no Colegiado e Coordenador de Normas Cont\u00e1beis Aplic\u00e1veis \u00e0 Federa\u00e7\u00e3o da Secretaria do Tesouro Nacional, Leonardo do Nascimento, fez um breve relato dos temas que foram objeto da reuni\u00e3o. Ele informou que a entidade est\u00e1 preparando duas novas normas, uma sobre leasing outra sobre benef\u00edcios sociais, que devem entrar em audi\u00eancia p\u00fablica ainda este ano. \u201cA participa\u00e7\u00e3o nesse organismo internacional da profiss\u00e3o permite termos a possibilidade de opinar sobre as normas que est\u00e3o sendo elaboradas ou revisadas pelo IPSASB, levando tamb\u00e9m contribui\u00e7\u00f5es em rela\u00e7\u00e3o \u00e0 realidade brasileira, destacou Leonardo.\u201d<\/p>\n<p>Os coordenadores dos subgrupos de dissemina\u00e7\u00e3o, governan\u00e7a e custos, fizeram um relato de suas atividades desde a \u00faltima reuni\u00e3o do GA, destacando a avalia\u00e7\u00e3o do evento realizado em Salvador (BA), no m\u00eas passado, e que abrigou a primeira edi\u00e7\u00e3o, deste ano, do Encontro de Gestores P\u00fablicos (EGP) e da Semana Cont\u00e1bil e Fiscal dos Estados e Munic\u00edpios (Secofem).\u00a0 A pr\u00f3xima edi\u00e7\u00e3o do evento ocorrer\u00e1 em Bras\u00edlia (DF), em abril.<\/p>\n<p>O andamento e conte\u00fado dos projetos de lei que tratam de finan\u00e7as p\u00fablicas e do Conselho de Gest\u00e3o Fiscal, em tramita\u00e7\u00e3o no Congresso Nacional, tamb\u00e9m foram objetos de an\u00e1lise dos integrantes GA NBCASP. \u201cA reuni\u00e3o foi muito produtiva e estamos cumprindo com a programa\u00e7\u00e3o estabelecida para este ano\u201d, destacou Breda. \u201cTemos um grupo assessor altamente qualificado o que tem possibilitado a execu\u00e7\u00e3o de um trabalho t\u00e9cnico de alto padr\u00e3o de qualidade, fruto do conhecimento e experi\u00eancia profissional dos membros do grupo\u201d, concluiu o vice-presidente. A pr\u00f3xima reuni\u00e3o do GA ocorrer\u00e1 no final do m\u00eas de maio.<\/p>\n<p>Fonte: CFC<\/p>\n","protected":false},"excerpt":{"rendered":"<p>Normas relativas ao patrim\u00f4nio devem entrar em audi\u00eancia p\u00fablica ainda este semestre O Grupo Assessor de Normas Brasileiras de Contabilidade Aplicadas ao Setor P\u00fablico (GA NBCASP), do Conselho Federal de Contabilidade (CFC), se reuniu nos dias 21 e 22 de mar\u00e7o, para dar continuidade ao processo de converg\u00eancia \u00e0s normas internacionais voltadas ao setor, as [&hellip;]<\/p>\n","protected":false},"author":3,"featured_media":1095,"comment_status":"open","ping_status":"open","sticky":false,"template":"","format":"standard","meta":{"jetpack_post_was_ever_published":false,"_jetpack_newsletter_access":"","_jetpack_dont_email_post_to_subs":false,"_jetpack_newsletter_tier_id":0,"_jetpack_memberships_contains_paywalled_content":false,"_jetpack_memberships_contains_paid_content":false,"footnotes":"","jetpack_publicize_message":"","jetpack_publicize_feature_enabled":true,"jetpack_social_post_already_shared":true,"jetpack_social_options":{"image_generator_settings":{"template":"highway","default_image_id":0,"font":"","enabled":false},"version":2}},"categories":[22],"tags":[321,21,71,474,475,476,477],"class_list":["post-1094","post","type-post","status-publish","format-standard","has-post-thumbnail","hentry","category-geral","tag-conselho","tag-contabilidade","tag-federal","tag-minutas","tag-normas","tag-patrimonio","tag-publica"],"jetpack_publicize_connections":[],"jetpack_featured_media_url":"https:\/\/i0.wp.com\/cfcontabil.com\/cf\/wp-content\/uploads\/2017\/03\/ci%C3%AAncias-cont%C3%A1beis-1.jpg?fit=856%2C415&ssl=1","jetpack_sharing_enabled":true,"jetpack_shortlink":"https:\/\/wp.me\/p2wklX-hE","jetpack-related-posts":[{"id":865,"url":"https:\/\/cfcontabil.com\/cf\/1-exame-de-suficiencia-de-2017-boletos-podem-ser-pagos-ate-o-dia-26\/","url_meta":{"origin":1094,"position":0},"title":"1\u00b0 Exame de Sufici\u00eancia de 2017: boletos podem ser pagos at\u00e9 o dia 26","author":"Ab\u00edlio Gon\u00e7alves","date":"24 de janeiro de 2017","format":false,"excerpt":"Foi publicada no Di\u00e1rio Oficial da Uni\u00e3o (DOU), desta ter\u00e7a-feira (24), se\u00e7\u00e3o 3, p\u00e1g. 130, a retifica\u00e7\u00e3o do Edital do 1\u00b0 Exame de Sufici\u00eancia, que altera a data de pagamento do boleto. Os itens alterados no edital foram 2.2, 2.2.1 e 3.13. A data final para o pagamento, ap\u00f3s a\u2026","rel":"","context":"Em &quot;Geral&quot;","block_context":{"text":"Geral","link":"https:\/\/cfcontabil.com\/cf\/category\/geral\/"},"img":{"alt_text":"","src":"https:\/\/i0.wp.com\/cfcontabil.com\/cf\/wp-content\/uploads\/2017\/01\/exame_suficiencia_2016-1.jpg?fit=675%2C302&ssl=1&resize=350%2C200","width":350,"height":200,"srcset":"https:\/\/i0.wp.com\/cfcontabil.com\/cf\/wp-content\/uploads\/2017\/01\/exame_suficiencia_2016-1.jpg?fit=675%2C302&ssl=1&resize=350%2C200 1x, https:\/\/i0.wp.com\/cfcontabil.com\/cf\/wp-content\/uploads\/2017\/01\/exame_suficiencia_2016-1.jpg?fit=675%2C302&ssl=1&resize=525%2C300 1.5x"},"classes":[]},{"id":3045,"url":"https:\/\/cfcontabil.com\/cf\/a-importancia-da-contabilidade-no-terceiro-setor-sustentabilidade-e-transparencia-para-associacoes-e-ongs\/","url_meta":{"origin":1094,"position":1},"title":"A Import\u00e2ncia da Contabilidade no Terceiro Setor: Sustentabilidade e Transpar\u00eancia para Associa\u00e7\u00f5es e ONGs","author":"Ab\u00edlio Gon\u00e7alves","date":"9 de dezembro de 2024","format":false,"excerpt":"A contabilidade no terceiro setor desempenha um papel crucial para garantir a integridade e a efici\u00eancia de organiza\u00e7\u00f5es sem fins lucrativos. Associa\u00e7\u00f5es e ONGs, que frequentemente dependem de doa\u00e7\u00f5es e parcerias, precisam de uma base cont\u00e1bil s\u00f3lida para gerenciar recursos, prestar contas e assegurar sua sustentabilidade. Vamos explorar os pilares\u2026","rel":"","context":"Em &quot;Geral&quot;","block_context":{"text":"Geral","link":"https:\/\/cfcontabil.com\/cf\/category\/geral\/"},"img":{"alt_text":"","src":"https:\/\/i0.wp.com\/cfcontabil.com\/cf\/wp-content\/uploads\/2024\/12\/DALL%C2%B7E-2024-12-09-11.02.42-3setor.webp?fit=1200%2C686&ssl=1&resize=350%2C200","width":350,"height":200,"srcset":"https:\/\/i0.wp.com\/cfcontabil.com\/cf\/wp-content\/uploads\/2024\/12\/DALL%C2%B7E-2024-12-09-11.02.42-3setor.webp?fit=1200%2C686&ssl=1&resize=350%2C200 1x, https:\/\/i0.wp.com\/cfcontabil.com\/cf\/wp-content\/uploads\/2024\/12\/DALL%C2%B7E-2024-12-09-11.02.42-3setor.webp?fit=1200%2C686&ssl=1&resize=525%2C300 1.5x, https:\/\/i0.wp.com\/cfcontabil.com\/cf\/wp-content\/uploads\/2024\/12\/DALL%C2%B7E-2024-12-09-11.02.42-3setor.webp?fit=1200%2C686&ssl=1&resize=700%2C400 2x, https:\/\/i0.wp.com\/cfcontabil.com\/cf\/wp-content\/uploads\/2024\/12\/DALL%C2%B7E-2024-12-09-11.02.42-3setor.webp?fit=1200%2C686&ssl=1&resize=1050%2C600 3x"},"classes":[]},{"id":1061,"url":"https:\/\/cfcontabil.com\/cf\/prova-para-peritos-contabeis-abrangera-todas-as-areas-de-atuacao\/","url_meta":{"origin":1094,"position":2},"title":"Prova para peritos cont\u00e1beis abranger\u00e1 todas as \u00e1reas de atua\u00e7\u00e3o","author":"Ab\u00edlio Gon\u00e7alves","date":"14 de mar\u00e7o de 2017","format":false,"excerpt":"Comiss\u00e3o organizadora da prova est\u00e1 reunida para definir as quest\u00f5es. A Comiss\u00e3o Administradora do Exame de Qualidade T\u00e9cnica - Peritos Cont\u00e1beis (CAE-EQT-PC) reuniu-se nesta quinta (9) e sexta-feira (10), na sede do Conselho Federal de Contabilidade (CFC), em Bras\u00edlia, para elaborar e validar as quest\u00f5es do primeiro exame, que ser\u00e1\u2026","rel":"","context":"Em &quot;Geral&quot;","block_context":{"text":"Geral","link":"https:\/\/cfcontabil.com\/cf\/category\/geral\/"},"img":{"alt_text":"","src":"https:\/\/i0.wp.com\/cfcontabil.com\/cf\/wp-content\/uploads\/2017\/03\/perito-contabil-1.jpg?fit=424%2C283&ssl=1&resize=350%2C200","width":350,"height":200},"classes":[]},{"id":1091,"url":"https:\/\/cfcontabil.com\/cf\/quando-a-contabilidade-alcanca-a-diretoria-das-empresas\/","url_meta":{"origin":1094,"position":3},"title":"Quando a contabilidade alcan\u00e7a a diretoria das empresas","author":"Ab\u00edlio Gon\u00e7alves","date":"28 de mar\u00e7o de 2017","format":false,"excerpt":"Durante s\u00e9culos a contabilidade foi encarada por muitos executivos como sendo um \u201cmal necess\u00e1rio\u201d para atender a reguladores e \u00e0s autoridades fiscais. Para muitos, a contabilidade n\u00e3o merecia considera\u00e7\u00e3o por ser uma ci\u00eancia que sempre olhava para a empresa pelo \u201cretrovisor\u201d, privilegiando o passado ao inv\u00e9s do futuro. Estes, infelizmente,\u2026","rel":"","context":"Em &quot;Geral&quot;","block_context":{"text":"Geral","link":"https:\/\/cfcontabil.com\/cf\/category\/geral\/"},"img":{"alt_text":"","src":"https:\/\/i0.wp.com\/cfcontabil.com\/cf\/wp-content\/uploads\/2017\/03\/placa-diretoria-D_NQ_NP_14395-MLB209863706_6078-F-1.jpg?fit=1200%2C266&ssl=1&resize=350%2C200","width":350,"height":200,"srcset":"https:\/\/i0.wp.com\/cfcontabil.com\/cf\/wp-content\/uploads\/2017\/03\/placa-diretoria-D_NQ_NP_14395-MLB209863706_6078-F-1.jpg?fit=1200%2C266&ssl=1&resize=350%2C200 1x, https:\/\/i0.wp.com\/cfcontabil.com\/cf\/wp-content\/uploads\/2017\/03\/placa-diretoria-D_NQ_NP_14395-MLB209863706_6078-F-1.jpg?fit=1200%2C266&ssl=1&resize=525%2C300 1.5x, https:\/\/i0.wp.com\/cfcontabil.com\/cf\/wp-content\/uploads\/2017\/03\/placa-diretoria-D_NQ_NP_14395-MLB209863706_6078-F-1.jpg?fit=1200%2C266&ssl=1&resize=700%2C400 2x, https:\/\/i0.wp.com\/cfcontabil.com\/cf\/wp-content\/uploads\/2017\/03\/placa-diretoria-D_NQ_NP_14395-MLB209863706_6078-F-1.jpg?fit=1200%2C266&ssl=1&resize=1050%2C600 3x"},"classes":[]},{"id":1238,"url":"https:\/\/cfcontabil.com\/cf\/resolucao-cfc-n-14452013-passara-por-mudancas\/","url_meta":{"origin":1094,"position":4},"title":"Resolu\u00e7\u00e3o CFC n\u00b0 1445\/2013 passar\u00e1 por mudan\u00e7as","author":"Ab\u00edlio Gon\u00e7alves","date":"26 de junho de 2017","format":false,"excerpt":"Integrantes da comiss\u00e3o constitu\u00edda para capacita\u00e7\u00e3o e acompanhamento dos procedimentos a serem observados pelos profissionais e organiza\u00e7\u00f5es cont\u00e1beis, para cumprimento das obriga\u00e7\u00f5es previstas na Resolu\u00e7\u00e3o CFC n\u00b0 1445\/2013, est\u00e3o reunidos na sede do CFC, em Bras\u00edlia (DF). A pauta prev\u00ea a discuss\u00e3o das mudan\u00e7as sugeridas na Resolu\u00e7\u00e3o que esteve em\u2026","rel":"","context":"Em &quot;Geral&quot;","block_context":{"text":"Geral","link":"https:\/\/cfcontabil.com\/cf\/category\/geral\/"},"img":{"alt_text":"","src":"https:\/\/i0.wp.com\/cfcontabil.com\/cf\/wp-content\/uploads\/2013\/01\/contabilidade-online-2.png?fit=500%2C325&ssl=1&resize=350%2C200","width":350,"height":200},"classes":[]},{"id":2006,"url":"https:\/\/cfcontabil.com\/cf\/zorra-e-alvo-de-nota-de-repudio-do-conselho-federal-de-contabilidade\/","url_meta":{"origin":1094,"position":5},"title":"&#8216;Zorra&#8217; \u00e9 alvo de nota de rep\u00fadio do Conselho Federal de Contabilidade","author":"Ab\u00edlio Gon\u00e7alves","date":"11 de dezembro de 2019","format":false,"excerpt":"Esquete de humor\u00edstico da Globo mostrou contador vencendo o 'Trof\u00e9u N\u00e3o Fede e Nem Cheira' O\u00a0Conselho Federal\u00a0de\u00a0Contabilidade\u00a0divulgou uma nota de rep\u00fadio ao\u00a0Zorra, programa de\u00a0humor\u00a0da\u00a0Globo, nesta ter\u00e7a-feira, 10. O motivo foi uma\u00a0esquete\u00a0exibida no \u00faltimo s\u00e1bado, 7, em que o\u00a0\"Trof\u00e9u N\u00e3o Fede e Nem Cheira\"\u00a0\u00e9 entregue a um contador, interpretado por\u00a0Welder Rodrigues.\u2026","rel":"","context":"Em &quot;Geral&quot;","block_context":{"text":"Geral","link":"https:\/\/cfcontabil.com\/cf\/category\/geral\/"},"img":{"alt_text":"","src":"https:\/\/i0.wp.com\/cfcontabil.com\/cf\/wp-content\/uploads\/2019\/12\/CFC.png?fit=500%2C250&ssl=1&resize=350%2C200","width":350,"height":200},"classes":[]}],"jetpack_likes_enabled":true,"_links":{"self":[{"href":"https:\/\/cfcontabil.com\/cf\/wp-json\/wp\/v2\/posts\/1094","targetHints":{"allow":["GET"]}}],"collection":[{"href":"https:\/\/cfcontabil.com\/cf\/wp-json\/wp\/v2\/posts"}],"about":[{"href":"https:\/\/cfcontabil.com\/cf\/wp-json\/wp\/v2\/types\/post"}],"author":[{"embeddable":true,"href":"https:\/\/cfcontabil.com\/cf\/wp-json\/wp\/v2\/users\/3"}],"replies":[{"embeddable":true,"href":"https:\/\/cfcontabil.com\/cf\/wp-json\/wp\/v2\/comments?post=1094"}],"version-history":[{"count":0,"href":"https:\/\/cfcontabil.com\/cf\/wp-json\/wp\/v2\/posts\/1094\/revisions"}],"wp:featuredmedia":[{"embeddable":true,"href":"https:\/\/cfcontabil.com\/cf\/wp-json\/wp\/v2\/media\/1095"}],"wp:attachment":[{"href":"https:\/\/cfcontabil.com\/cf\/wp-json\/wp\/v2\/media?parent=1094"}],"wp:term":[{"taxonomy":"category","embeddable":true,"href":"https:\/\/cfcontabil.com\/cf\/wp-json\/wp\/v2\/categories?post=1094"},{"taxonomy":"post_tag","embeddable":true,"href":"https:\/\/cfcontabil.com\/cf\/wp-json\/wp\/v2\/tags?post=1094"}],"curies":[{"name":"wp","href":"https:\/\/api.w.org\/{rel}","templated":true}]}}